{"id":155681,"date":"2026-03-13T10:09:17","date_gmt":"2026-03-13T13:09:17","guid":{"rendered":"https:\/\/www.blogsoestado.com\/danielmatos\/?p=155681"},"modified":"2026-03-13T10:09:21","modified_gmt":"2026-03-13T13:09:21","slug":"orleans-brandao-oficializa-pre-candidatura-ao-governo-do-maranhao-impulsionado-pelo-crescimento-nas-pesquisas","status":"publish","type":"post","link":"https:\/\/www.blogsoestado.com\/danielmatos\/orleans-brandao-oficializa-pre-candidatura-ao-governo-do-maranhao-impulsionado-pelo-crescimento-nas-pesquisas\/","title":{"rendered":"Orleans Brand\u00e3o oficializa pr\u00e9-candidatura ao Governo do Maranh\u00e3o impulsionado pelo crescimento nas pesquisas"},"content":{"rendered":"\n<figure class=\"wp-block-image aligncenter size-full\"><img fetchpriority=\"high\" decoding=\"async\" width=\"417\" height=\"591\" src=\"https:\/\/www.blogsoestado.com\/danielmatos\/wp-content\/uploads\/sites\/2\/2026\/03\/1005204507.jpg\" alt=\"\" class=\"wp-image-155682\" srcset=\"https:\/\/www.blogsoestado.com\/danielmatos\/wp-content\/uploads\/sites\/2\/2026\/03\/1005204507.jpg 417w, https:\/\/www.blogsoestado.com\/danielmatos\/wp-content\/uploads\/sites\/2\/2026\/03\/1005204507-212x300.jpg 212w\" sizes=\"(max-width: 417px) 100vw, 417px\" \/><figcaption class=\"wp-element-caption\">Orleans Brand\u00e3o \u00e9 o pr\u00e9-candidato que mais cresceu em pontos percentuais no pa\u00eds em inten\u00e7\u00f5es de voto, segundo o instituto Paran\u00e1 Pesquisas<\/figcaption><\/figure>\n\n\n\n<p>Com um momento de forte acelera\u00e7\u00e3o pol\u00edtica, Orleans Brand\u00e3o (MDB) lan\u00e7a a pr\u00e9-candidatura ao Governo do Maranh\u00e3o, neste s\u00e1bado (14), no Multicenter Sebrae S\u00e3o Lu\u00eds, a partir das 17h. A ascens\u00e3o \u00e9 comprovada pelo Instituto Paran\u00e1 Pesquisas, que registrou uma subida nas inten\u00e7\u00f5es de voto de 16,9% (fevereiro de 2025) para 30,3% (mar\u00e7o de 2026).<\/p>\n\n\n\n<p>O pr\u00e9-candidato \u00e9 o que mais cresceu em pontos percentuais no pa\u00eds, em pesquisas realizadas pelo Instituto. Nas simula\u00e7\u00f5es de segundo turno, Orleans tamb\u00e9m demonstra for\u00e7a.<\/p>\n\n\n\n<p>O ato deste s\u00e1bado vai reunir lideran\u00e7as de todo o estado e oficializar um projeto que praticamente dobrou de tamanho em apenas um ano e que aponta para um favoritismo do candidato tamb\u00e9m na percep\u00e7\u00e3o da popula\u00e7\u00e3o.<\/p>\n","protected":false},"excerpt":{"rendered":"<p>Com um momento de forte acelera\u00e7\u00e3o pol\u00edtica, Orleans Brand\u00e3o (MDB) lan\u00e7a a pr\u00e9-candidatura ao Governo do Maranh\u00e3o, neste s\u00e1bado (14), [&hellip;]<\/p>\n","protected":false},"author":2,"featured_media":0,"comment_status":"open","ping_status":"open","sticky":false,"template":"","format":"standard","meta":{"site-sidebar-layout":"default","site-content-layout":"","ast-site-content-layout":"default","site-content-style":"default","site-sidebar-style":"default","ast-global-header-display":"","ast-banner-title-visibility":"","ast-main-header-display":"","ast-hfb-above-header-display":"","ast-hfb-below-header-display":"","ast-hfb-mobile-header-display":"","site-post-title":"","ast-breadcrumbs-content":"","ast-featured-img":"","footer-sml-layout":"","ast-disable-related-posts":"","theme-transparent-header-meta":"","adv-header-id-meta":"","stick-header-meta":"","header-above-stick-meta":"","header-main-stick-meta":"","header-below-stick-meta":"","astra-migrate-meta-layouts":"default","ast-page-background-enabled":"default","ast-page-background-meta":{"desktop":{"background-color":"var(--ast-global-color-5)","background-image":"","background-repeat":"repeat","background-position":"center center","background-size":"auto","background-attachment":"scroll","background-type":"","background-media":"","overlay-type":"","overlay-color":"","overlay-opacity":"","overlay-gradient":""},"tablet":{"background-color":"","background-image":"","background-repeat":"repeat","background-position":"center center","background-size":"auto","background-attachment":"scroll","background-type":"","background-media":"","overlay-type":"","overlay-color":"","overlay-opacity":"","overlay-gradient":""},"mobile":{"background-color":"","background-image":"","background-repeat":"repeat","background-position":"center center","background-size":"auto","background-attachment":"scroll","background-type":"","background-media":"","overlay-type":"","overlay-color":"","overlay-opacity":"","overlay-gradient":""}},"ast-content-background-meta":{"desktop":{"background-color":"var(--ast-global-color-4)","background-image":"","background-repeat":"repeat","background-position":"center center","background-size":"auto","background-attachment":"scroll","background-type":"","background-media":"","overlay-type":"","overlay-color":"","overlay-opacity":"","overlay-gradient":""},"tablet":{"background-color":"var(--ast-global-color-4)","background-image":"","background-repeat":"repeat","background-position":"center center","background-size":"auto","background-attachment":"scroll","background-type":"","background-media":"","overlay-type":"","overlay-color":"","overlay-opacity":"","overlay-gradient":""},"mobile":{"background-color":"var(--ast-global-color-4)","background-image":"","background-repeat":"repeat","background-position":"center center","background-size":"auto","background-attachment":"scroll","background-type":"","background-media":"","overlay-type":"","overlay-color":"","overlay-opacity":"","overlay-gradient":""}},"footnotes":""},"categories":[1],"tags":[],"class_list":["post-155681","post","type-post","status-publish","format-standard","hentry","category-sem-categoria"],"yoast_head":"<!-- This site is optimized with the Yoast SEO plugin v26.6 - https:\/\/yoast.com\/wordpress\/plugins\/seo\/ -->\n<title>Orleans Brand\u00e3o oficializa pr\u00e9-candidatura ao Governo do Maranh\u00e3o impulsionado pelo crescimento nas pesquisas - Daniel Matos<\/title>\n<meta name=\"robots\" content=\"index, follow, max-snippet:-1, max-image-preview:large, max-video-preview:-1\" \/>\n<link rel=\"canonical\" href=\"https:\/\/www.blogsoestado.com\/danielmatos\/orleans-brandao-oficializa-pre-candidatura-ao-governo-do-maranhao-impulsionado-pelo-crescimento-nas-pesquisas\/\" \/>\n<meta property=\"og:locale\" content=\"pt_BR\" \/>\n<meta property=\"og:type\" content=\"article\" \/>\n<meta property=\"og:title\" content=\"Orleans Brand\u00e3o oficializa pr\u00e9-candidatura ao Governo do Maranh\u00e3o impulsionado pelo crescimento nas pesquisas - Daniel Matos\" \/>\n<meta property=\"og:description\" content=\"Com um momento de forte acelera\u00e7\u00e3o pol\u00edtica, Orleans Brand\u00e3o (MDB) lan\u00e7a a pr\u00e9-candidatura ao Governo do Maranh\u00e3o, neste s\u00e1bado (14), [&hellip;]\" \/>\n<meta property=\"og:url\" content=\"https:\/\/www.blogsoestado.com\/danielmatos\/orleans-brandao-oficializa-pre-candidatura-ao-governo-do-maranhao-impulsionado-pelo-crescimento-nas-pesquisas\/\" \/>\n<meta property=\"og:site_name\" content=\"Daniel Matos\" \/>\n<meta property=\"article:published_time\" content=\"2026-03-13T13:09:17+00:00\" \/>\n<meta property=\"article:modified_time\" content=\"2026-03-13T13:09:21+00:00\" \/>\n<meta property=\"og:image\" content=\"https:\/\/www.blogsoestado.com\/danielmatos\/wp-content\/uploads\/sites\/2\/2026\/03\/1005204507.jpg\" \/>\n\t<meta property=\"og:image:width\" content=\"417\" \/>\n\t<meta property=\"og:image:height\" content=\"591\" \/>\n\t<meta property=\"og:image:type\" content=\"image\/jpeg\" \/>\n<meta name=\"author\" content=\"Daniel Matos\" \/>\n<meta name=\"twitter:card\" content=\"summary_large_image\" \/>\n<meta name=\"twitter:label1\" content=\"Escrito por\" \/>\n\t<meta name=\"twitter:data1\" content=\"Daniel Matos\" \/>\n\t<meta name=\"twitter:label2\" content=\"Est. tempo de leitura\" \/>\n\t<meta name=\"twitter:data2\" content=\"1 minuto\" \/>\n<script type=\"application\/ld+json\" class=\"yoast-schema-graph\">{\"@context\":\"https:\/\/schema.org\",\"@graph\":[{\"@type\":\"WebPage\",\"@id\":\"https:\/\/www.blogsoestado.com\/danielmatos\/orleans-brandao-oficializa-pre-candidatura-ao-governo-do-maranhao-impulsionado-pelo-crescimento-nas-pesquisas\/\",\"url\":\"https:\/\/www.blogsoestado.com\/danielmatos\/orleans-brandao-oficializa-pre-candidatura-ao-governo-do-maranhao-impulsionado-pelo-crescimento-nas-pesquisas\/\",\"name\":\"Orleans Brand\u00e3o oficializa pr\u00e9-candidatura ao Governo do Maranh\u00e3o impulsionado pelo crescimento nas pesquisas - Daniel Matos\",\"isPartOf\":{\"@id\":\"https:\/\/www.blogsoestado.com\/danielmatos\/#website\"},\"primaryImageOfPage\":{\"@id\":\"https:\/\/www.blogsoestado.com\/danielmatos\/orleans-brandao-oficializa-pre-candidatura-ao-governo-do-maranhao-impulsionado-pelo-crescimento-nas-pesquisas\/#primaryimage\"},\"image\":{\"@id\":\"https:\/\/www.blogsoestado.com\/danielmatos\/orleans-brandao-oficializa-pre-candidatura-ao-governo-do-maranhao-impulsionado-pelo-crescimento-nas-pesquisas\/#primaryimage\"},\"thumbnailUrl\":\"https:\/\/www.blogsoestado.com\/danielmatos\/wp-content\/uploads\/sites\/2\/2026\/03\/1005204507.jpg\",\"datePublished\":\"2026-03-13T13:09:17+00:00\",\"dateModified\":\"2026-03-13T13:09:21+00:00\",\"author\":{\"@id\":\"https:\/\/www.blogsoestado.com\/danielmatos\/#\/schema\/person\/9a209d407cd45631f131e1285b661bb0\"},\"breadcrumb\":{\"@id\":\"https:\/\/www.blogsoestado.com\/danielmatos\/orleans-brandao-oficializa-pre-candidatura-ao-governo-do-maranhao-impulsionado-pelo-crescimento-nas-pesquisas\/#breadcrumb\"},\"inLanguage\":\"pt-BR\",\"potentialAction\":[{\"@type\":\"ReadAction\",\"target\":[\"https:\/\/www.blogsoestado.com\/danielmatos\/orleans-brandao-oficializa-pre-candidatura-ao-governo-do-maranhao-impulsionado-pelo-crescimento-nas-pesquisas\/\"]}]},{\"@type\":\"ImageObject\",\"inLanguage\":\"pt-BR\",\"@id\":\"https:\/\/www.blogsoestado.com\/danielmatos\/orleans-brandao-oficializa-pre-candidatura-ao-governo-do-maranhao-impulsionado-pelo-crescimento-nas-pesquisas\/#primaryimage\",\"url\":\"https:\/\/www.blogsoestado.com\/danielmatos\/wp-content\/uploads\/sites\/2\/2026\/03\/1005204507.jpg\",\"contentUrl\":\"https:\/\/www.blogsoestado.com\/danielmatos\/wp-content\/uploads\/sites\/2\/2026\/03\/1005204507.jpg\",\"width\":417,\"height\":591},{\"@type\":\"BreadcrumbList\",\"@id\":\"https:\/\/www.blogsoestado.com\/danielmatos\/orleans-brandao-oficializa-pre-candidatura-ao-governo-do-maranhao-impulsionado-pelo-crescimento-nas-pesquisas\/#breadcrumb\",\"itemListElement\":[{\"@type\":\"ListItem\",\"position\":1,\"name\":\"In\u00edcio\",\"item\":\"https:\/\/www.blogsoestado.com\/danielmatos\/\"},{\"@type\":\"ListItem\",\"position\":2,\"name\":\"Orleans Brand\u00e3o oficializa pr\u00e9-candidatura ao Governo do Maranh\u00e3o impulsionado pelo crescimento nas pesquisas\"}]},{\"@type\":\"WebSite\",\"@id\":\"https:\/\/www.blogsoestado.com\/danielmatos\/#website\",\"url\":\"https:\/\/www.blogsoestado.com\/danielmatos\/\",\"name\":\"Daniel Matos\",\"description\":\"\",\"potentialAction\":[{\"@type\":\"SearchAction\",\"target\":{\"@type\":\"EntryPoint\",\"urlTemplate\":\"https:\/\/www.blogsoestado.com\/danielmatos\/?s={search_term_string}\"},\"query-input\":{\"@type\":\"PropertyValueSpecification\",\"valueRequired\":true,\"valueName\":\"search_term_string\"}}],\"inLanguage\":\"pt-BR\"},{\"@type\":\"Person\",\"@id\":\"https:\/\/www.blogsoestado.com\/danielmatos\/#\/schema\/person\/9a209d407cd45631f131e1285b661bb0\",\"name\":\"Daniel Matos\",\"image\":{\"@type\":\"ImageObject\",\"inLanguage\":\"pt-BR\",\"@id\":\"https:\/\/www.blogsoestado.com\/danielmatos\/#\/schema\/person\/image\/\",\"url\":\"https:\/\/secure.gravatar.com\/avatar\/2f26c36ee355da19a257f0dfef43952a2588b324ca35d6719e859fe338ac0392?s=96&d=mm&r=g\",\"contentUrl\":\"https:\/\/secure.gravatar.com\/avatar\/2f26c36ee355da19a257f0dfef43952a2588b324ca35d6719e859fe338ac0392?s=96&d=mm&r=g\",\"caption\":\"Daniel Matos\"},\"url\":\"https:\/\/www.blogsoestado.com\/danielmatos\/author\/danielmatos\/\"}]}<\/script>\n<!-- \/ Yoast SEO plugin. -->","yoast_head_json":{"title":"Orleans Brand\u00e3o oficializa pr\u00e9-candidatura ao Governo do Maranh\u00e3o impulsionado pelo crescimento nas pesquisas - Daniel Matos","robots":{"index":"index","follow":"follow","max-snippet":"max-snippet:-1","max-image-preview":"max-image-preview:large","max-video-preview":"max-video-preview:-1"},"canonical":"https:\/\/www.blogsoestado.com\/danielmatos\/orleans-brandao-oficializa-pre-candidatura-ao-governo-do-maranhao-impulsionado-pelo-crescimento-nas-pesquisas\/","og_locale":"pt_BR","og_type":"article","og_title":"Orleans Brand\u00e3o oficializa pr\u00e9-candidatura ao Governo do Maranh\u00e3o impulsionado pelo crescimento nas pesquisas - Daniel Matos","og_description":"Com um momento de forte acelera\u00e7\u00e3o pol\u00edtica, Orleans Brand\u00e3o (MDB) lan\u00e7a a pr\u00e9-candidatura ao Governo do Maranh\u00e3o, neste s\u00e1bado (14), [&hellip;]","og_url":"https:\/\/www.blogsoestado.com\/danielmatos\/orleans-brandao-oficializa-pre-candidatura-ao-governo-do-maranhao-impulsionado-pelo-crescimento-nas-pesquisas\/","og_site_name":"Daniel Matos","article_published_time":"2026-03-13T13:09:17+00:00","article_modified_time":"2026-03-13T13:09:21+00:00","og_image":[{"width":417,"height":591,"url":"https:\/\/www.blogsoestado.com\/danielmatos\/wp-content\/uploads\/sites\/2\/2026\/03\/1005204507.jpg","type":"image\/jpeg"}],"author":"Daniel Matos","twitter_card":"summary_large_image","twitter_misc":{"Escrito por":"Daniel Matos","Est. tempo de leitura":"1 minuto"},"schema":{"@context":"https:\/\/schema.org","@graph":[{"@type":"WebPage","@id":"https:\/\/www.blogsoestado.com\/danielmatos\/orleans-brandao-oficializa-pre-candidatura-ao-governo-do-maranhao-impulsionado-pelo-crescimento-nas-pesquisas\/","url":"https:\/\/www.blogsoestado.com\/danielmatos\/orleans-brandao-oficializa-pre-candidatura-ao-governo-do-maranhao-impulsionado-pelo-crescimento-nas-pesquisas\/","name":"Orleans Brand\u00e3o oficializa pr\u00e9-candidatura ao Governo do Maranh\u00e3o impulsionado pelo crescimento nas pesquisas - Daniel Matos","isPartOf":{"@id":"https:\/\/www.blogsoestado.com\/danielmatos\/#website"},"primaryImageOfPage":{"@id":"https:\/\/www.blogsoestado.com\/danielmatos\/orleans-brandao-oficializa-pre-candidatura-ao-governo-do-maranhao-impulsionado-pelo-crescimento-nas-pesquisas\/#primaryimage"},"image":{"@id":"https:\/\/www.blogsoestado.com\/danielmatos\/orleans-brandao-oficializa-pre-candidatura-ao-governo-do-maranhao-impulsionado-pelo-crescimento-nas-pesquisas\/#primaryimage"},"thumbnailUrl":"https:\/\/www.blogsoestado.com\/danielmatos\/wp-content\/uploads\/sites\/2\/2026\/03\/1005204507.jpg","datePublished":"2026-03-13T13:09:17+00:00","dateModified":"2026-03-13T13:09:21+00:00","author":{"@id":"https:\/\/www.blogsoestado.com\/danielmatos\/#\/schema\/person\/9a209d407cd45631f131e1285b661bb0"},"breadcrumb":{"@id":"https:\/\/www.blogsoestado.com\/danielmatos\/orleans-brandao-oficializa-pre-candidatura-ao-governo-do-maranhao-impulsionado-pelo-crescimento-nas-pesquisas\/#breadcrumb"},"inLanguage":"pt-BR","potentialAction":[{"@type":"ReadAction","target":["https:\/\/www.blogsoestado.com\/danielmatos\/orleans-brandao-oficializa-pre-candidatura-ao-governo-do-maranhao-impulsionado-pelo-crescimento-nas-pesquisas\/"]}]},{"@type":"ImageObject","inLanguage":"pt-BR","@id":"https:\/\/www.blogsoestado.com\/danielmatos\/orleans-brandao-oficializa-pre-candidatura-ao-governo-do-maranhao-impulsionado-pelo-crescimento-nas-pesquisas\/#primaryimage","url":"https:\/\/www.blogsoestado.com\/danielmatos\/wp-content\/uploads\/sites\/2\/2026\/03\/1005204507.jpg","contentUrl":"https:\/\/www.blogsoestado.com\/danielmatos\/wp-content\/uploads\/sites\/2\/2026\/03\/1005204507.jpg","width":417,"height":591},{"@type":"BreadcrumbList","@id":"https:\/\/www.blogsoestado.com\/danielmatos\/orleans-brandao-oficializa-pre-candidatura-ao-governo-do-maranhao-impulsionado-pelo-crescimento-nas-pesquisas\/#breadcrumb","itemListElement":[{"@type":"ListItem","position":1,"name":"In\u00edcio","item":"https:\/\/www.blogsoestado.com\/danielmatos\/"},{"@type":"ListItem","position":2,"name":"Orleans Brand\u00e3o oficializa pr\u00e9-candidatura ao Governo do Maranh\u00e3o impulsionado pelo crescimento nas pesquisas"}]},{"@type":"WebSite","@id":"https:\/\/www.blogsoestado.com\/danielmatos\/#website","url":"https:\/\/www.blogsoestado.com\/danielmatos\/","name":"Daniel Matos","description":"","potentialAction":[{"@type":"SearchAction","target":{"@type":"EntryPoint","urlTemplate":"https:\/\/www.blogsoestado.com\/danielmatos\/?s={search_term_string}"},"query-input":{"@type":"PropertyValueSpecification","valueRequired":true,"valueName":"search_term_string"}}],"inLanguage":"pt-BR"},{"@type":"Person","@id":"https:\/\/www.blogsoestado.com\/danielmatos\/#\/schema\/person\/9a209d407cd45631f131e1285b661bb0","name":"Daniel Matos","image":{"@type":"ImageObject","inLanguage":"pt-BR","@id":"https:\/\/www.blogsoestado.com\/danielmatos\/#\/schema\/person\/image\/","url":"https:\/\/secure.gravatar.com\/avatar\/2f26c36ee355da19a257f0dfef43952a2588b324ca35d6719e859fe338ac0392?s=96&d=mm&r=g","contentUrl":"https:\/\/secure.gravatar.com\/avatar\/2f26c36ee355da19a257f0dfef43952a2588b324ca35d6719e859fe338ac0392?s=96&d=mm&r=g","caption":"Daniel Matos"},"url":"https:\/\/www.blogsoestado.com\/danielmatos\/author\/danielmatos\/"}]}},"jetpack_featured_media_url":"","_links":{"self":[{"href":"https:\/\/www.blogsoestado.com\/danielmatos\/wp-json\/wp\/v2\/posts\/155681","targetHints":{"allow":["GET"]}}],"collection":[{"href":"https:\/\/www.blogsoestado.com\/danielmatos\/wp-json\/wp\/v2\/posts"}],"about":[{"href":"https:\/\/www.blogsoestado.com\/danielmatos\/wp-json\/wp\/v2\/types\/post"}],"author":[{"embeddable":true,"href":"https:\/\/www.blogsoestado.com\/danielmatos\/wp-json\/wp\/v2\/users\/2"}],"replies":[{"embeddable":true,"href":"https:\/\/www.blogsoestado.com\/danielmatos\/wp-json\/wp\/v2\/comments?post=155681"}],"version-history":[{"count":1,"href":"https:\/\/www.blogsoestado.com\/danielmatos\/wp-json\/wp\/v2\/posts\/155681\/revisions"}],"predecessor-version":[{"id":155683,"href":"https:\/\/www.blogsoestado.com\/danielmatos\/wp-json\/wp\/v2\/posts\/155681\/revisions\/155683"}],"wp:attachment":[{"href":"https:\/\/www.blogsoestado.com\/danielmatos\/wp-json\/wp\/v2\/media?parent=155681"}],"wp:term":[{"taxonomy":"category","embeddable":true,"href":"https:\/\/www.blogsoestado.com\/danielmatos\/wp-json\/wp\/v2\/categories?post=155681"},{"taxonomy":"post_tag","embeddable":true,"href":"https:\/\/www.blogsoestado.com\/danielmatos\/wp-json\/wp\/v2\/tags?post=155681"}],"curies":[{"name":"wp","href":"https:\/\/api.w.org\/{rel}","templated":true}]}}