{"id":155684,"date":"2026-03-13T10:49:56","date_gmt":"2026-03-13T13:49:56","guid":{"rendered":"https:\/\/www.blogsoestado.com\/danielmatos\/?p=155684"},"modified":"2026-03-13T10:50:02","modified_gmt":"2026-03-13T13:50:02","slug":"estande-da-famem-fortalece-presenca-dos-municipios-na-primeira-edicao-da-expoturismo","status":"publish","type":"post","link":"https:\/\/www.blogsoestado.com\/danielmatos\/estande-da-famem-fortalece-presenca-dos-municipios-na-primeira-edicao-da-expoturismo\/","title":{"rendered":"Estande da FAMEM fortalece presen\u00e7a dos munic\u00edpios na primeira edi\u00e7\u00e3o da Expoturismo"},"content":{"rendered":"\n<figure class=\"wp-block-image aligncenter size-large\"><img fetchpriority=\"high\" decoding=\"async\" width=\"1024\" height=\"723\" src=\"https:\/\/www.blogsoestado.com\/danielmatos\/wp-content\/uploads\/sites\/2\/2026\/03\/1005204912-1024x723.jpg\" alt=\"\" class=\"wp-image-155685\" srcset=\"https:\/\/www.blogsoestado.com\/danielmatos\/wp-content\/uploads\/sites\/2\/2026\/03\/1005204912-1024x723.jpg 1024w, https:\/\/www.blogsoestado.com\/danielmatos\/wp-content\/uploads\/sites\/2\/2026\/03\/1005204912-300x212.jpg 300w, https:\/\/www.blogsoestado.com\/danielmatos\/wp-content\/uploads\/sites\/2\/2026\/03\/1005204912-768x542.jpg 768w, https:\/\/www.blogsoestado.com\/danielmatos\/wp-content\/uploads\/sites\/2\/2026\/03\/1005204912-1536x1085.jpg 1536w, https:\/\/www.blogsoestado.com\/danielmatos\/wp-content\/uploads\/sites\/2\/2026\/03\/1005204912.jpg 1600w\" sizes=\"(max-width: 1024px) 100vw, 1024px\" \/><\/figure>\n\n\n\n<p>A Federa\u00e7\u00e3o dos Munic\u00edpios do Estado do Maranh\u00e3o (FAMEM) marca presen\u00e7a na primeira edi\u00e7\u00e3o da Expoturismo com um estande especialmente planejado para fortalecer a participa\u00e7\u00e3o dos munic\u00edpios maranhenses no evento. Realizada pela Secretaria de Estado do Turismo (Setur-MA), de 12 a 14 de mar\u00e7o, no Centro de Promo\u00e7\u00e3o do Artesanato Maranhense (Ceprama), em S\u00e3o Lu\u00eds, a feira re\u00fane representantes do setor para promover destinos, fomentar neg\u00f3cios e incentivar o desenvolvimento do turismo no estado.<\/p>\n\n\n\n<p>Posicionado de forma estrat\u00e9gica, de frente para os dez polos tur\u00edsticos maranhenses, o estande da FAMEM funciona como ponto de apoio e vitrine para os 76 munic\u00edpios presentes na feira. O espa\u00e7o apresenta v\u00eddeos tur\u00edsticos das diversas regi\u00f5es do estado, al\u00e9m de oferecer suporte t\u00e9cnico aos gestores municipais e promover a integra\u00e7\u00e3o entre o municipalismo e as pol\u00edticas de desenvolvimento do turismo.<\/p>\n\n\n\n<p>Durante o evento, visitaram o estande da entidade os prefeitos e prefeitas Dr. Tanios Lima (Anapurus), Ant\u00f4nio Coelho (S\u00edtio Novo), Heliezer do Povo (Peri-Mirim), Renato Santos (Colinas), Lacerda (S\u00e3o Jo\u00e3o do S\u00f3ter), F\u00e1tima Dantas (Samba\u00edba), Simplesmente Maria (Arari), Viriato Cardoso (Tut\u00f3ia), Dr. Guilherme (Primeira Cruz), Luciana Leoc\u00e1dio (Buriti Bravo), Z\u00e9 Martins (Bequim\u00e3o) e Isaac Cirino (Lu\u00eds Domingues). Alguns gestores destacaram a import\u00e2ncia da iniciativa para a promo\u00e7\u00e3o dos munic\u00edpios e o fortalecimento do turismo maranhense.<\/p>\n\n\n\n<p>A prefeita de S\u00e3o Jo\u00e3o do Soter, Lacerda, ressaltou a relev\u00e2ncia do evento para o fortalecimento do turismo regional.<\/p>\n\n\n\n<p>\u201cEste \u00e9 um evento de grande import\u00e2ncia para a constru\u00e7\u00e3o de um turismo cada vez mais forte em nosso estado. Quero agradecer \u00e0 equipe da Secretaria de Turismo e \u00e0 FAMEM, que tem apoiado intensamente as pol\u00edticas voltadas para o desenvolvimento do Maranh\u00e3o. Em nossa regi\u00e3o temos o Alto do S\u00e3o Francisco, com forte potencial para o turismo religioso, e estamos trabalhando na recupera\u00e7\u00e3o da estrada vicinal que d\u00e1 acesso ao santu\u00e1rio, al\u00e9m da forma\u00e7\u00e3o de guias e outras melhorias para impulsionar o turismo no munic\u00edpio\u201d, destacou.<\/p>\n\n\n\n<figure class=\"wp-block-image aligncenter size-large\"><img decoding=\"async\" width=\"1024\" height=\"684\" src=\"https:\/\/www.blogsoestado.com\/danielmatos\/wp-content\/uploads\/sites\/2\/2026\/03\/1005204915-1024x684.jpg\" alt=\"\" class=\"wp-image-155686\" srcset=\"https:\/\/www.blogsoestado.com\/danielmatos\/wp-content\/uploads\/sites\/2\/2026\/03\/1005204915-1024x684.jpg 1024w, https:\/\/www.blogsoestado.com\/danielmatos\/wp-content\/uploads\/sites\/2\/2026\/03\/1005204915-300x200.jpg 300w, https:\/\/www.blogsoestado.com\/danielmatos\/wp-content\/uploads\/sites\/2\/2026\/03\/1005204915-768x513.jpg 768w, https:\/\/www.blogsoestado.com\/danielmatos\/wp-content\/uploads\/sites\/2\/2026\/03\/1005204915-1536x1025.jpg 1536w, https:\/\/www.blogsoestado.com\/danielmatos\/wp-content\/uploads\/sites\/2\/2026\/03\/1005204915.jpg 1600w\" sizes=\"(max-width: 1024px) 100vw, 1024px\" \/><\/figure>\n\n\n\n<p>O prefeito de Peri Mirim, Heliezer do Povo, tamb\u00e9m enfatizou o papel do evento na inclus\u00e3o de novos destinos no mapa tur\u00edstico maranhense.<\/p>\n\n\n\n<p>\u201cEstamos aqui na Expoturismo, uma importante iniciativa do Governo do Maranh\u00e3o, por meio da Secretaria de Turismo. Peri-Mirim tamb\u00e9m quer integrar essa rota tur\u00edstica, e estamos trabalhando para isso, com o apoio do governador Carlos Brand\u00e3o\u201d, afirmou.<\/p>\n\n\n\n<p>A prefeita de Arari, Simplesmente Maria, destacou a tradi\u00e7\u00e3o cultural e tur\u00edstica do munic\u00edpio.<\/p>\n\n\n\n<p>\u201cEste evento est\u00e1 muito bonito e bem organizado, todos est\u00e3o de parab\u00e9ns. Em Arari temos o tradicional Festival da Melancia, que acontece \u00e0s margens do rio Mearim e envolve toda a comunidade ribeirinha. \u00c9 uma grande tradi\u00e7\u00e3o do nosso estado, e todos est\u00e3o convidados a visitar o munic\u00edpio no m\u00eas de setembro para conhecer essa festa\u201d, convidou.<\/p>\n\n\n\n<p>O prefeito de Bequim\u00e3o, Z\u00e9 Martins, ressaltou a import\u00e2ncia da feira para a divulga\u00e7\u00e3o dos atrativos locais.<\/p>\n\n\n\n<p>\u201cBequim\u00e3o participa da Expoturismo divulgando nosso artesanato e nossos pontos tur\u00edsticos. \u00c9 uma oportunidade de mostrar aos visitantes as belezas naturais do nosso munic\u00edpio e apresentar um pouco mais do potencial tur\u00edstico que temos\u201d, afirmou.<\/p>\n\n\n\n<p>Para o prefeito de Anapurus, Dr. Tanios, a participa\u00e7\u00e3o das prefeituras fortalece a inser\u00e7\u00e3o dos munic\u00edpios no cen\u00e1rio tur\u00edstico estadual.<\/p>\n\n\n\n<figure class=\"wp-block-image aligncenter size-large\"><img decoding=\"async\" width=\"1024\" height=\"724\" src=\"https:\/\/www.blogsoestado.com\/danielmatos\/wp-content\/uploads\/sites\/2\/2026\/03\/1005204919-1024x724.jpg\" alt=\"\" class=\"wp-image-155687\" srcset=\"https:\/\/www.blogsoestado.com\/danielmatos\/wp-content\/uploads\/sites\/2\/2026\/03\/1005204919-1024x724.jpg 1024w, https:\/\/www.blogsoestado.com\/danielmatos\/wp-content\/uploads\/sites\/2\/2026\/03\/1005204919-300x212.jpg 300w, https:\/\/www.blogsoestado.com\/danielmatos\/wp-content\/uploads\/sites\/2\/2026\/03\/1005204919-768x543.jpg 768w, https:\/\/www.blogsoestado.com\/danielmatos\/wp-content\/uploads\/sites\/2\/2026\/03\/1005204919-1536x1087.jpg 1536w, https:\/\/www.blogsoestado.com\/danielmatos\/wp-content\/uploads\/sites\/2\/2026\/03\/1005204919.jpg 1600w\" sizes=\"(max-width: 1024px) 100vw, 1024px\" \/><\/figure>\n\n\n\n<p>\u201cEstamos participando deste evento t\u00e3o importante, onde todos os polos regionais de turismo apresentam seus trabalhos. \u00c9 uma experi\u00eancia muito proveitosa que nos ajuda a fortalecer o turismo e buscar a inclus\u00e3o do nosso munic\u00edpio no mapa tur\u00edstico\u201d, disse.<\/p>\n\n\n\n<p>A prefeita de Samba\u00edba, F\u00e1tima Dantas, destacou a valoriza\u00e7\u00e3o da produ\u00e7\u00e3o local e do artesanato.<\/p>\n\n\n\n<p>\u201cEste evento \u00e9 muito importante para divulgar o trabalho artesanal e os produtos da nossa regi\u00e3o. Trouxemos para apresentar aqui o artesanato com palha de coco, al\u00e9m do doce de buriti e a cacha\u00e7a produzida em nosso munic\u00edpio\u201d, destacou.<\/p>\n\n\n\n<p>Respons\u00e1vel pela organiza\u00e7\u00e3o do estande da FAMEM no evento, a assessora da presid\u00eancia da entidade, Geysa Azevedo, ressaltou o papel da Federa\u00e7\u00e3o como ponto de apoio aos munic\u00edpios durante a Expoturismo.<\/p>\n\n\n\n<p>\u201cO estande da FAMEM est\u00e1 em uma posi\u00e7\u00e3o estrat\u00e9gica, de frente para os dez polos tur\u00edsticos que re\u00fanem 76 munic\u00edpios. Nosso principal papel aqui \u00e9 servir como ponto focal de apoio aos gestores municipais, oferecendo suporte log\u00edstico, inclusive em quest\u00f5es de transporte para grupos culturais que se apresentam no evento, al\u00e9m de estarmos \u00e0 disposi\u00e7\u00e3o para qualquer necessidade dos munic\u00edpios\u201d, explicou.<\/p>\n\n\n\n<p>Ela tamb\u00e9m destacou a exposi\u00e7\u00e3o audiovisual organizada pela Federa\u00e7\u00e3o.<\/p>\n\n\n\n<p>\u201cReunimos no estande diversos v\u00eddeos que mostram os atrativos tur\u00edsticos dos munic\u00edpios. Temos recebido visitas de prefeitos e tamb\u00e9m do p\u00fablico, que pode conhecer lugares que muitas vezes ainda n\u00e3o conhecia. \u00c9 uma forma de valorizar e divulgar a beleza e o potencial tur\u00edstico do Maranh\u00e3o\u201d, acrescentou.<\/p>\n\n\n\n<figure class=\"wp-block-image aligncenter size-large\"><img loading=\"lazy\" decoding=\"async\" width=\"1024\" height=\"684\" src=\"https:\/\/www.blogsoestado.com\/danielmatos\/wp-content\/uploads\/sites\/2\/2026\/03\/1005204920-1024x684.jpg\" alt=\"\" class=\"wp-image-155688\" srcset=\"https:\/\/www.blogsoestado.com\/danielmatos\/wp-content\/uploads\/sites\/2\/2026\/03\/1005204920-1024x684.jpg 1024w, https:\/\/www.blogsoestado.com\/danielmatos\/wp-content\/uploads\/sites\/2\/2026\/03\/1005204920-300x200.jpg 300w, https:\/\/www.blogsoestado.com\/danielmatos\/wp-content\/uploads\/sites\/2\/2026\/03\/1005204920-768x513.jpg 768w, https:\/\/www.blogsoestado.com\/danielmatos\/wp-content\/uploads\/sites\/2\/2026\/03\/1005204920-1536x1025.jpg 1536w, https:\/\/www.blogsoestado.com\/danielmatos\/wp-content\/uploads\/sites\/2\/2026\/03\/1005204920.jpg 1600w\" sizes=\"(max-width: 1024px) 100vw, 1024px\" \/><\/figure>\n\n\n\n<p>A Expoturismo conta com ampla programa\u00e7\u00e3o, incluindo exposi\u00e7\u00f5es de produtos e servi\u00e7os tur\u00edsticos, rodadas de neg\u00f3cios, palestras, apresenta\u00e7\u00f5es culturais, experi\u00eancias gastron\u00f4micas e debates sobre o fortalecimento da cadeia produtiva do turismo no estado.<\/p>\n\n\n\n<p>Para a FAMEM, a participa\u00e7\u00e3o no evento refor\u00e7a o compromisso da entidade em apoiar os munic\u00edpios maranhenses na promo\u00e7\u00e3o de seus destinos e na constru\u00e7\u00e3o de pol\u00edticas que contribuam para o desenvolvimento do turismo como vetor de crescimento econ\u00f4mico e gera\u00e7\u00e3o de oportunidades em todo o Maranh\u00e3o.<\/p>\n","protected":false},"excerpt":{"rendered":"<p>A Federa\u00e7\u00e3o dos Munic\u00edpios do Estado do Maranh\u00e3o (FAMEM) marca presen\u00e7a na primeira edi\u00e7\u00e3o da Expoturismo com um estande especialmente [&hellip;]<\/p>\n","protected":false},"author":2,"featured_media":0,"comment_status":"open","ping_status":"open","sticky":false,"template":"","format":"standard","meta":{"site-sidebar-layout":"default","site-content-layout":"","ast-site-content-layout":"default","site-content-style":"default","site-sidebar-style":"default","ast-global-header-display":"","ast-banner-title-visibility":"","ast-main-header-display":"","ast-hfb-above-header-display":"","ast-hfb-below-header-display":"","ast-hfb-mobile-header-display":"","site-post-title":"","ast-breadcrumbs-content":"","ast-featured-img":"","footer-sml-layout":"","ast-disable-related-posts":"","theme-transparent-header-meta":"","adv-header-id-meta":"","stick-header-meta":"","header-above-stick-meta":"","header-main-stick-meta":"","header-below-stick-meta":"","astra-migrate-meta-layouts":"default","ast-page-background-enabled":"default","ast-page-background-meta":{"desktop":{"background-color":"var(--ast-global-color-5)","background-image":"","background-repeat":"repeat","background-position":"center center","background-size":"auto","background-attachment":"scroll","background-type":"","background-media":"","overlay-type":"","overlay-color":"","overlay-opacity":"","overlay-gradient":""},"tablet":{"background-color":"","background-image":"","background-repeat":"repeat","background-position":"center center","background-size":"auto","background-attachment":"scroll","background-type":"","background-media":"","overlay-type":"","overlay-color":"","overlay-opacity":"","overlay-gradient":""},"mobile":{"background-color":"","background-image":"","background-repeat":"repeat","background-position":"center center","background-size":"auto","background-attachment":"scroll","background-type":"","background-media":"","overlay-type":"","overlay-color":"","overlay-opacity":"","overlay-gradient":""}},"ast-content-background-meta":{"desktop":{"background-color":"var(--ast-global-color-4)","background-image":"","background-repeat":"repeat","background-position":"center center","background-size":"auto","background-attachment":"scroll","background-type":"","background-media":"","overlay-type":"","overlay-color":"","overlay-opacity":"","overlay-gradient":""},"tablet":{"background-color":"var(--ast-global-color-4)","background-image":"","background-repeat":"repeat","background-position":"center center","background-size":"auto","background-attachment":"scroll","background-type":"","background-media":"","overlay-type":"","overlay-color":"","overlay-opacity":"","overlay-gradient":""},"mobile":{"background-color":"var(--ast-global-color-4)","background-image":"","background-repeat":"repeat","background-position":"center center","background-size":"auto","background-attachment":"scroll","background-type":"","background-media":"","overlay-type":"","overlay-color":"","overlay-opacity":"","overlay-gradient":""}},"footnotes":""},"categories":[1],"tags":[],"class_list":["post-155684","post","type-post","status-publish","format-standard","hentry","category-sem-categoria"],"yoast_head":"<!-- This site is optimized with the Yoast SEO plugin v26.6 - https:\/\/yoast.com\/wordpress\/plugins\/seo\/ -->\n<title>Estande da FAMEM fortalece presen\u00e7a dos munic\u00edpios na primeira edi\u00e7\u00e3o da Expoturismo - Daniel Matos<\/title>\n<meta name=\"robots\" content=\"index, follow, max-snippet:-1, max-image-preview:large, max-video-preview:-1\" \/>\n<link rel=\"canonical\" href=\"https:\/\/www.blogsoestado.com\/danielmatos\/estande-da-famem-fortalece-presenca-dos-municipios-na-primeira-edicao-da-expoturismo\/\" \/>\n<meta property=\"og:locale\" content=\"pt_BR\" \/>\n<meta property=\"og:type\" content=\"article\" \/>\n<meta property=\"og:title\" content=\"Estande da FAMEM fortalece presen\u00e7a dos munic\u00edpios na primeira edi\u00e7\u00e3o da Expoturismo - Daniel Matos\" \/>\n<meta property=\"og:description\" content=\"A Federa\u00e7\u00e3o dos Munic\u00edpios do Estado do Maranh\u00e3o (FAMEM) marca presen\u00e7a na primeira edi\u00e7\u00e3o da Expoturismo com um estande especialmente [&hellip;]\" \/>\n<meta property=\"og:url\" content=\"https:\/\/www.blogsoestado.com\/danielmatos\/estande-da-famem-fortalece-presenca-dos-municipios-na-primeira-edicao-da-expoturismo\/\" \/>\n<meta property=\"og:site_name\" content=\"Daniel Matos\" \/>\n<meta property=\"article:published_time\" content=\"2026-03-13T13:49:56+00:00\" \/>\n<meta property=\"article:modified_time\" content=\"2026-03-13T13:50:02+00:00\" \/>\n<meta property=\"og:image\" content=\"https:\/\/www.blogsoestado.com\/danielmatos\/wp-content\/uploads\/sites\/2\/2026\/03\/1005204912.jpg\" \/>\n\t<meta property=\"og:image:width\" content=\"1600\" \/>\n\t<meta property=\"og:image:height\" content=\"1130\" \/>\n\t<meta property=\"og:image:type\" content=\"image\/jpeg\" \/>\n<meta name=\"author\" content=\"Daniel Matos\" \/>\n<meta name=\"twitter:card\" content=\"summary_large_image\" \/>\n<meta name=\"twitter:label1\" content=\"Escrito por\" \/>\n\t<meta name=\"twitter:data1\" content=\"Daniel Matos\" \/>\n\t<meta name=\"twitter:label2\" content=\"Est. tempo de leitura\" \/>\n\t<meta name=\"twitter:data2\" content=\"6 minutos\" \/>\n<script type=\"application\/ld+json\" class=\"yoast-schema-graph\">{\"@context\":\"https:\/\/schema.org\",\"@graph\":[{\"@type\":\"WebPage\",\"@id\":\"https:\/\/www.blogsoestado.com\/danielmatos\/estande-da-famem-fortalece-presenca-dos-municipios-na-primeira-edicao-da-expoturismo\/\",\"url\":\"https:\/\/www.blogsoestado.com\/danielmatos\/estande-da-famem-fortalece-presenca-dos-municipios-na-primeira-edicao-da-expoturismo\/\",\"name\":\"Estande da FAMEM fortalece presen\u00e7a dos munic\u00edpios na primeira edi\u00e7\u00e3o da Expoturismo - Daniel Matos\",\"isPartOf\":{\"@id\":\"https:\/\/www.blogsoestado.com\/danielmatos\/#website\"},\"primaryImageOfPage\":{\"@id\":\"https:\/\/www.blogsoestado.com\/danielmatos\/estande-da-famem-fortalece-presenca-dos-municipios-na-primeira-edicao-da-expoturismo\/#primaryimage\"},\"image\":{\"@id\":\"https:\/\/www.blogsoestado.com\/danielmatos\/estande-da-famem-fortalece-presenca-dos-municipios-na-primeira-edicao-da-expoturismo\/#primaryimage\"},\"thumbnailUrl\":\"https:\/\/www.blogsoestado.com\/danielmatos\/wp-content\/uploads\/sites\/2\/2026\/03\/1005204912-1024x723.jpg\",\"datePublished\":\"2026-03-13T13:49:56+00:00\",\"dateModified\":\"2026-03-13T13:50:02+00:00\",\"author\":{\"@id\":\"https:\/\/www.blogsoestado.com\/danielmatos\/#\/schema\/person\/9a209d407cd45631f131e1285b661bb0\"},\"breadcrumb\":{\"@id\":\"https:\/\/www.blogsoestado.com\/danielmatos\/estande-da-famem-fortalece-presenca-dos-municipios-na-primeira-edicao-da-expoturismo\/#breadcrumb\"},\"inLanguage\":\"pt-BR\",\"potentialAction\":[{\"@type\":\"ReadAction\",\"target\":[\"https:\/\/www.blogsoestado.com\/danielmatos\/estande-da-famem-fortalece-presenca-dos-municipios-na-primeira-edicao-da-expoturismo\/\"]}]},{\"@type\":\"ImageObject\",\"inLanguage\":\"pt-BR\",\"@id\":\"https:\/\/www.blogsoestado.com\/danielmatos\/estande-da-famem-fortalece-presenca-dos-municipios-na-primeira-edicao-da-expoturismo\/#primaryimage\",\"url\":\"https:\/\/www.blogsoestado.com\/danielmatos\/wp-content\/uploads\/sites\/2\/2026\/03\/1005204912.jpg\",\"contentUrl\":\"https:\/\/www.blogsoestado.com\/danielmatos\/wp-content\/uploads\/sites\/2\/2026\/03\/1005204912.jpg\",\"width\":1600,\"height\":1130},{\"@type\":\"BreadcrumbList\",\"@id\":\"https:\/\/www.blogsoestado.com\/danielmatos\/estande-da-famem-fortalece-presenca-dos-municipios-na-primeira-edicao-da-expoturismo\/#breadcrumb\",\"itemListElement\":[{\"@type\":\"ListItem\",\"position\":1,\"name\":\"In\u00edcio\",\"item\":\"https:\/\/www.blogsoestado.com\/danielmatos\/\"},{\"@type\":\"ListItem\",\"position\":2,\"name\":\"Estande da FAMEM fortalece presen\u00e7a dos munic\u00edpios na primeira edi\u00e7\u00e3o da Expoturismo\"}]},{\"@type\":\"WebSite\",\"@id\":\"https:\/\/www.blogsoestado.com\/danielmatos\/#website\",\"url\":\"https:\/\/www.blogsoestado.com\/danielmatos\/\",\"name\":\"Daniel Matos\",\"description\":\"\",\"potentialAction\":[{\"@type\":\"SearchAction\",\"target\":{\"@type\":\"EntryPoint\",\"urlTemplate\":\"https:\/\/www.blogsoestado.com\/danielmatos\/?s={search_term_string}\"},\"query-input\":{\"@type\":\"PropertyValueSpecification\",\"valueRequired\":true,\"valueName\":\"search_term_string\"}}],\"inLanguage\":\"pt-BR\"},{\"@type\":\"Person\",\"@id\":\"https:\/\/www.blogsoestado.com\/danielmatos\/#\/schema\/person\/9a209d407cd45631f131e1285b661bb0\",\"name\":\"Daniel Matos\",\"image\":{\"@type\":\"ImageObject\",\"inLanguage\":\"pt-BR\",\"@id\":\"https:\/\/www.blogsoestado.com\/danielmatos\/#\/schema\/person\/image\/\",\"url\":\"https:\/\/secure.gravatar.com\/avatar\/2f26c36ee355da19a257f0dfef43952a2588b324ca35d6719e859fe338ac0392?s=96&d=mm&r=g\",\"contentUrl\":\"https:\/\/secure.gravatar.com\/avatar\/2f26c36ee355da19a257f0dfef43952a2588b324ca35d6719e859fe338ac0392?s=96&d=mm&r=g\",\"caption\":\"Daniel Matos\"},\"url\":\"https:\/\/www.blogsoestado.com\/danielmatos\/author\/danielmatos\/\"}]}<\/script>\n<!-- \/ Yoast SEO plugin. -->","yoast_head_json":{"title":"Estande da FAMEM fortalece presen\u00e7a dos munic\u00edpios na primeira edi\u00e7\u00e3o da Expoturismo - Daniel Matos","robots":{"index":"index","follow":"follow","max-snippet":"max-snippet:-1","max-image-preview":"max-image-preview:large","max-video-preview":"max-video-preview:-1"},"canonical":"https:\/\/www.blogsoestado.com\/danielmatos\/estande-da-famem-fortalece-presenca-dos-municipios-na-primeira-edicao-da-expoturismo\/","og_locale":"pt_BR","og_type":"article","og_title":"Estande da FAMEM fortalece presen\u00e7a dos munic\u00edpios na primeira edi\u00e7\u00e3o da Expoturismo - Daniel Matos","og_description":"A Federa\u00e7\u00e3o dos Munic\u00edpios do Estado do Maranh\u00e3o (FAMEM) marca presen\u00e7a na primeira edi\u00e7\u00e3o da Expoturismo com um estande especialmente [&hellip;]","og_url":"https:\/\/www.blogsoestado.com\/danielmatos\/estande-da-famem-fortalece-presenca-dos-municipios-na-primeira-edicao-da-expoturismo\/","og_site_name":"Daniel Matos","article_published_time":"2026-03-13T13:49:56+00:00","article_modified_time":"2026-03-13T13:50:02+00:00","og_image":[{"width":1600,"height":1130,"url":"https:\/\/www.blogsoestado.com\/danielmatos\/wp-content\/uploads\/sites\/2\/2026\/03\/1005204912.jpg","type":"image\/jpeg"}],"author":"Daniel Matos","twitter_card":"summary_large_image","twitter_misc":{"Escrito por":"Daniel Matos","Est. tempo de leitura":"6 minutos"},"schema":{"@context":"https:\/\/schema.org","@graph":[{"@type":"WebPage","@id":"https:\/\/www.blogsoestado.com\/danielmatos\/estande-da-famem-fortalece-presenca-dos-municipios-na-primeira-edicao-da-expoturismo\/","url":"https:\/\/www.blogsoestado.com\/danielmatos\/estande-da-famem-fortalece-presenca-dos-municipios-na-primeira-edicao-da-expoturismo\/","name":"Estande da FAMEM fortalece presen\u00e7a dos munic\u00edpios na primeira edi\u00e7\u00e3o da Expoturismo - Daniel Matos","isPartOf":{"@id":"https:\/\/www.blogsoestado.com\/danielmatos\/#website"},"primaryImageOfPage":{"@id":"https:\/\/www.blogsoestado.com\/danielmatos\/estande-da-famem-fortalece-presenca-dos-municipios-na-primeira-edicao-da-expoturismo\/#primaryimage"},"image":{"@id":"https:\/\/www.blogsoestado.com\/danielmatos\/estande-da-famem-fortalece-presenca-dos-municipios-na-primeira-edicao-da-expoturismo\/#primaryimage"},"thumbnailUrl":"https:\/\/www.blogsoestado.com\/danielmatos\/wp-content\/uploads\/sites\/2\/2026\/03\/1005204912-1024x723.jpg","datePublished":"2026-03-13T13:49:56+00:00","dateModified":"2026-03-13T13:50:02+00:00","author":{"@id":"https:\/\/www.blogsoestado.com\/danielmatos\/#\/schema\/person\/9a209d407cd45631f131e1285b661bb0"},"breadcrumb":{"@id":"https:\/\/www.blogsoestado.com\/danielmatos\/estande-da-famem-fortalece-presenca-dos-municipios-na-primeira-edicao-da-expoturismo\/#breadcrumb"},"inLanguage":"pt-BR","potentialAction":[{"@type":"ReadAction","target":["https:\/\/www.blogsoestado.com\/danielmatos\/estande-da-famem-fortalece-presenca-dos-municipios-na-primeira-edicao-da-expoturismo\/"]}]},{"@type":"ImageObject","inLanguage":"pt-BR","@id":"https:\/\/www.blogsoestado.com\/danielmatos\/estande-da-famem-fortalece-presenca-dos-municipios-na-primeira-edicao-da-expoturismo\/#primaryimage","url":"https:\/\/www.blogsoestado.com\/danielmatos\/wp-content\/uploads\/sites\/2\/2026\/03\/1005204912.jpg","contentUrl":"https:\/\/www.blogsoestado.com\/danielmatos\/wp-content\/uploads\/sites\/2\/2026\/03\/1005204912.jpg","width":1600,"height":1130},{"@type":"BreadcrumbList","@id":"https:\/\/www.blogsoestado.com\/danielmatos\/estande-da-famem-fortalece-presenca-dos-municipios-na-primeira-edicao-da-expoturismo\/#breadcrumb","itemListElement":[{"@type":"ListItem","position":1,"name":"In\u00edcio","item":"https:\/\/www.blogsoestado.com\/danielmatos\/"},{"@type":"ListItem","position":2,"name":"Estande da FAMEM fortalece presen\u00e7a dos munic\u00edpios na primeira edi\u00e7\u00e3o da Expoturismo"}]},{"@type":"WebSite","@id":"https:\/\/www.blogsoestado.com\/danielmatos\/#website","url":"https:\/\/www.blogsoestado.com\/danielmatos\/","name":"Daniel Matos","description":"","potentialAction":[{"@type":"SearchAction","target":{"@type":"EntryPoint","urlTemplate":"https:\/\/www.blogsoestado.com\/danielmatos\/?s={search_term_string}"},"query-input":{"@type":"PropertyValueSpecification","valueRequired":true,"valueName":"search_term_string"}}],"inLanguage":"pt-BR"},{"@type":"Person","@id":"https:\/\/www.blogsoestado.com\/danielmatos\/#\/schema\/person\/9a209d407cd45631f131e1285b661bb0","name":"Daniel Matos","image":{"@type":"ImageObject","inLanguage":"pt-BR","@id":"https:\/\/www.blogsoestado.com\/danielmatos\/#\/schema\/person\/image\/","url":"https:\/\/secure.gravatar.com\/avatar\/2f26c36ee355da19a257f0dfef43952a2588b324ca35d6719e859fe338ac0392?s=96&d=mm&r=g","contentUrl":"https:\/\/secure.gravatar.com\/avatar\/2f26c36ee355da19a257f0dfef43952a2588b324ca35d6719e859fe338ac0392?s=96&d=mm&r=g","caption":"Daniel Matos"},"url":"https:\/\/www.blogsoestado.com\/danielmatos\/author\/danielmatos\/"}]}},"jetpack_featured_media_url":"","_links":{"self":[{"href":"https:\/\/www.blogsoestado.com\/danielmatos\/wp-json\/wp\/v2\/posts\/155684","targetHints":{"allow":["GET"]}}],"collection":[{"href":"https:\/\/www.blogsoestado.com\/danielmatos\/wp-json\/wp\/v2\/posts"}],"about":[{"href":"https:\/\/www.blogsoestado.com\/danielmatos\/wp-json\/wp\/v2\/types\/post"}],"author":[{"embeddable":true,"href":"https:\/\/www.blogsoestado.com\/danielmatos\/wp-json\/wp\/v2\/users\/2"}],"replies":[{"embeddable":true,"href":"https:\/\/www.blogsoestado.com\/danielmatos\/wp-json\/wp\/v2\/comments?post=155684"}],"version-history":[{"count":1,"href":"https:\/\/www.blogsoestado.com\/danielmatos\/wp-json\/wp\/v2\/posts\/155684\/revisions"}],"predecessor-version":[{"id":155689,"href":"https:\/\/www.blogsoestado.com\/danielmatos\/wp-json\/wp\/v2\/posts\/155684\/revisions\/155689"}],"wp:attachment":[{"href":"https:\/\/www.blogsoestado.com\/danielmatos\/wp-json\/wp\/v2\/media?parent=155684"}],"wp:term":[{"taxonomy":"category","embeddable":true,"href":"https:\/\/www.blogsoestado.com\/danielmatos\/wp-json\/wp\/v2\/categories?post=155684"},{"taxonomy":"post_tag","embeddable":true,"href":"https:\/\/www.blogsoestado.com\/danielmatos\/wp-json\/wp\/v2\/tags?post=155684"}],"curies":[{"name":"wp","href":"https:\/\/api.w.org\/{rel}","templated":true}]}}