{"id":155698,"date":"2026-03-13T16:18:36","date_gmt":"2026-03-13T19:18:36","guid":{"rendered":"https:\/\/www.blogsoestado.com\/danielmatos\/?p=155698"},"modified":"2026-03-13T16:18:44","modified_gmt":"2026-03-13T19:18:44","slug":"circo-americano-segue-temporada-em-sao-luis-e-mantem-programacao-neste-fim-de-semana","status":"publish","type":"post","link":"https:\/\/www.blogsoestado.com\/danielmatos\/circo-americano-segue-temporada-em-sao-luis-e-mantem-programacao-neste-fim-de-semana\/","title":{"rendered":"Circo Americano segue temporada em S\u00e3o Lu\u00eds e mant\u00e9m programa\u00e7\u00e3o neste fim de semana"},"content":{"rendered":"\n<p><em><strong><mark style=\"color:#cf2e2e\" class=\"has-inline-color\">Espet\u00e1culo internacional instalado na \u00e1rea externa do Shopping da Ilha continua encantando o p\u00fablico com apresenta\u00e7\u00f5es que unem tradi\u00e7\u00e3o circense, tecnologia e performances radicais<\/mark><\/strong><\/em><\/p>\n\n\n\n<figure class=\"wp-block-image aligncenter size-large\"><img fetchpriority=\"high\" decoding=\"async\" width=\"684\" height=\"1024\" src=\"https:\/\/www.blogsoestado.com\/danielmatos\/wp-content\/uploads\/sites\/2\/2026\/03\/1005207140-684x1024.jpg\" alt=\"\" class=\"wp-image-155699\" srcset=\"https:\/\/www.blogsoestado.com\/danielmatos\/wp-content\/uploads\/sites\/2\/2026\/03\/1005207140-684x1024.jpg 684w, https:\/\/www.blogsoestado.com\/danielmatos\/wp-content\/uploads\/sites\/2\/2026\/03\/1005207140-200x300.jpg 200w, https:\/\/www.blogsoestado.com\/danielmatos\/wp-content\/uploads\/sites\/2\/2026\/03\/1005207140-768x1150.jpg 768w, https:\/\/www.blogsoestado.com\/danielmatos\/wp-content\/uploads\/sites\/2\/2026\/03\/1005207140-1026x1536.jpg 1026w, https:\/\/www.blogsoestado.com\/danielmatos\/wp-content\/uploads\/sites\/2\/2026\/03\/1005207140-1368x2048.jpg 1368w, https:\/\/www.blogsoestado.com\/danielmatos\/wp-content\/uploads\/sites\/2\/2026\/03\/1005207140.jpg 1710w\" sizes=\"(max-width: 684px) 100vw, 684px\" \/><\/figure>\n\n\n\n<p>Ap\u00f3s semanas de apresenta\u00e7\u00f5es em S\u00e3o Lu\u00eds, o Circo Americano segue conquistando o p\u00fablico e mantendo a temporada na \u00e1rea externa do Shopping da Ilha como uma das principais op\u00e7\u00f5es de lazer para toda a fam\u00edlia na cidade. O espet\u00e1culo continua com sua programa\u00e7\u00e3o regular neste fim de semana, reunindo n\u00fameros que t\u00eam impressionado crian\u00e7as e adultos.<\/p>\n\n\n\n<p>Debaixo da Grande Tenda, o p\u00fablico acompanha uma sequ\u00eancia de atra\u00e7\u00f5es que combinam acrobacias a\u00e9reas, performances radicais, personagens interativos e trilha sonora envolvente, criando uma experi\u00eancia circense moderna e din\u00e2mica.<\/p>\n\n\n\n<p>A produ\u00e7\u00e3o internacional tamb\u00e9m chama aten\u00e7\u00e3o pela dimens\u00e3o da estrutura. O Circo Americano re\u00fane cerca de 800 toneladas de equipamentos, transportados em aproximadamente 40 carretas, al\u00e9m de uma equipe formada por cerca de 200 profissionais, entre artistas e t\u00e9cnicos de diferentes partes do mundo.<\/p>\n\n\n\n<p>Quem j\u00e1 assistiu ao espet\u00e1culo destaca a experi\u00eancia vivida no picadeiro. A professora Marina Costa, que visitou o circo com a fam\u00edlia, contou que o momento se tornou inesquec\u00edvel para as crian\u00e7as.<\/p>\n\n\n\n<p>&#8220;Foi uma experi\u00eancia muito bonita. A estrutura \u00e9 impressionante e os n\u00fameros s\u00e3o emocionantes. As crian\u00e7as ficaram encantadas do come\u00e7o ao fim&#8221;, relatou.<\/p>\n\n\n\n<figure class=\"wp-block-image aligncenter size-large\"><img decoding=\"async\" width=\"684\" height=\"1024\" src=\"https:\/\/www.blogsoestado.com\/danielmatos\/wp-content\/uploads\/sites\/2\/2026\/03\/1005207142-684x1024.jpg\" alt=\"\" class=\"wp-image-155700\" srcset=\"https:\/\/www.blogsoestado.com\/danielmatos\/wp-content\/uploads\/sites\/2\/2026\/03\/1005207142-684x1024.jpg 684w, https:\/\/www.blogsoestado.com\/danielmatos\/wp-content\/uploads\/sites\/2\/2026\/03\/1005207142-200x300.jpg 200w, https:\/\/www.blogsoestado.com\/danielmatos\/wp-content\/uploads\/sites\/2\/2026\/03\/1005207142-768x1150.jpg 768w, https:\/\/www.blogsoestado.com\/danielmatos\/wp-content\/uploads\/sites\/2\/2026\/03\/1005207142-1026x1536.jpg 1026w, https:\/\/www.blogsoestado.com\/danielmatos\/wp-content\/uploads\/sites\/2\/2026\/03\/1005207142-1368x2048.jpg 1368w, https:\/\/www.blogsoestado.com\/danielmatos\/wp-content\/uploads\/sites\/2\/2026\/03\/1005207142.jpg 1710w\" sizes=\"(max-width: 684px) 100vw, 684px\" \/><\/figure>\n\n\n\n<p>O diretor do espet\u00e1culo, Robert, tamb\u00e9m ressaltou a receptividade do p\u00fablico maranhense durante a temporada.<\/p>\n\n\n\n<p>&#8220;S\u00e3o Lu\u00eds tem nos recebido com muito carinho. O p\u00fablico participa, vibra e isso torna cada apresenta\u00e7\u00e3o ainda mais especial. \u00c9 gratificante ver fam\u00edlias inteiras vivendo essa experi\u00eancia juntos&#8221;, destacou.<\/p>\n\n\n\n<p>Al\u00e9m das apresenta\u00e7\u00f5es no picadeiro, o espa\u00e7o conta com pra\u00e7a de alimenta\u00e7\u00e3o, estrutura confort\u00e1vel e \u00e1reas preparadas para receber o p\u00fablico, tornando o passeio ainda mais completo.<\/p>\n\n\n\n<p><strong>SERVI\u00c7O<\/strong><\/p>\n\n\n\n<p>Circo Americano em S\u00e3o Lu\u00eds<\/p>\n\n\n\n<p>Local: Espa\u00e7o Reserva \/ \u00c1rea externa do Shopping da Ilha<\/p>\n\n\n\n<p>Sess\u00f5es:<\/p>\n\n\n\n<ul class=\"wp-block-list\">\n<li>Segunda a sexta-feira: 20h30<\/li>\n\n\n\n<li>S\u00e1bados, domingos e feriados: 15h30 | 18h | 20h30<\/li>\n<\/ul>\n\n\n\n<p>Vendas online e informa\u00e7\u00f5es:<\/p>\n\n\n\n<p>www.circoamericano.com.br<\/p>\n\n\n\n<p>Dura\u00e7\u00e3o do espet\u00e1culo: 1h50<\/p>\n\n\n\n<p>Port\u00f5es abrem 50 minutos antes da sess\u00e3o<\/p>\n\n\n\n<p>O espet\u00e1culo inicia pontualmente no hor\u00e1rio indicado no ingresso<\/p>\n\n\n\n<p>Crian\u00e7as de 2 a 11 anos pagam meia-entrada<\/p>\n\n\n\n<p>Instagram: <a href=\"http:\/\/@CircoAmericano\">@CircoAmericano<\/a><\/p>\n","protected":false},"excerpt":{"rendered":"<p>Espet\u00e1culo internacional instalado na \u00e1rea externa do Shopping da Ilha continua encantando o p\u00fablico com apresenta\u00e7\u00f5es que unem tradi\u00e7\u00e3o circense, [&hellip;]<\/p>\n","protected":false},"author":2,"featured_media":0,"comment_status":"open","ping_status":"open","sticky":false,"template":"","format":"standard","meta":{"site-sidebar-layout":"default","site-content-layout":"","ast-site-content-layout":"default","site-content-style":"default","site-sidebar-style":"default","ast-global-header-display":"","ast-banner-title-visibility":"","ast-main-header-display":"","ast-hfb-above-header-display":"","ast-hfb-below-header-display":"","ast-hfb-mobile-header-display":"","site-post-title":"","ast-breadcrumbs-content":"","ast-featured-img":"","footer-sml-layout":"","ast-disable-related-posts":"","theme-transparent-header-meta":"","adv-header-id-meta":"","stick-header-meta":"","header-above-stick-meta":"","header-main-stick-meta":"","header-below-stick-meta":"","astra-migrate-meta-layouts":"default","ast-page-background-enabled":"default","ast-page-background-meta":{"desktop":{"background-color":"var(--ast-global-color-5)","background-image":"","background-repeat":"repeat","background-position":"center center","background-size":"auto","background-attachment":"scroll","background-type":"","background-media":"","overlay-type":"","overlay-color":"","overlay-opacity":"","overlay-gradient":""},"tablet":{"background-color":"","background-image":"","background-repeat":"repeat","background-position":"center center","background-size":"auto","background-attachment":"scroll","background-type":"","background-media":"","overlay-type":"","overlay-color":"","overlay-opacity":"","overlay-gradient":""},"mobile":{"background-color":"","background-image":"","background-repeat":"repeat","background-position":"center center","background-size":"auto","background-attachment":"scroll","background-type":"","background-media":"","overlay-type":"","overlay-color":"","overlay-opacity":"","overlay-gradient":""}},"ast-content-background-meta":{"desktop":{"background-color":"var(--ast-global-color-4)","background-image":"","background-repeat":"repeat","background-position":"center center","background-size":"auto","background-attachment":"scroll","background-type":"","background-media":"","overlay-type":"","overlay-color":"","overlay-opacity":"","overlay-gradient":""},"tablet":{"background-color":"var(--ast-global-color-4)","background-image":"","background-repeat":"repeat","background-position":"center center","background-size":"auto","background-attachment":"scroll","background-type":"","background-media":"","overlay-type":"","overlay-color":"","overlay-opacity":"","overlay-gradient":""},"mobile":{"background-color":"var(--ast-global-color-4)","background-image":"","background-repeat":"repeat","background-position":"center center","background-size":"auto","background-attachment":"scroll","background-type":"","background-media":"","overlay-type":"","overlay-color":"","overlay-opacity":"","overlay-gradient":""}},"footnotes":""},"categories":[1],"tags":[],"class_list":["post-155698","post","type-post","status-publish","format-standard","hentry","category-sem-categoria"],"yoast_head":"<!-- This site is optimized with the Yoast SEO plugin v26.6 - https:\/\/yoast.com\/wordpress\/plugins\/seo\/ -->\n<title>Circo Americano segue temporada em S\u00e3o Lu\u00eds e mant\u00e9m programa\u00e7\u00e3o neste fim de semana - Daniel Matos<\/title>\n<meta name=\"robots\" content=\"index, follow, max-snippet:-1, max-image-preview:large, max-video-preview:-1\" \/>\n<link rel=\"canonical\" href=\"https:\/\/www.blogsoestado.com\/danielmatos\/circo-americano-segue-temporada-em-sao-luis-e-mantem-programacao-neste-fim-de-semana\/\" \/>\n<meta property=\"og:locale\" content=\"pt_BR\" \/>\n<meta property=\"og:type\" content=\"article\" \/>\n<meta property=\"og:title\" content=\"Circo Americano segue temporada em S\u00e3o Lu\u00eds e mant\u00e9m programa\u00e7\u00e3o neste fim de semana - Daniel Matos\" \/>\n<meta property=\"og:description\" content=\"Espet\u00e1culo internacional instalado na \u00e1rea externa do Shopping da Ilha continua encantando o p\u00fablico com apresenta\u00e7\u00f5es que unem tradi\u00e7\u00e3o circense, [&hellip;]\" \/>\n<meta property=\"og:url\" content=\"https:\/\/www.blogsoestado.com\/danielmatos\/circo-americano-segue-temporada-em-sao-luis-e-mantem-programacao-neste-fim-de-semana\/\" \/>\n<meta property=\"og:site_name\" content=\"Daniel Matos\" \/>\n<meta property=\"article:published_time\" content=\"2026-03-13T19:18:36+00:00\" \/>\n<meta property=\"article:modified_time\" content=\"2026-03-13T19:18:44+00:00\" \/>\n<meta property=\"og:image\" content=\"https:\/\/www.blogsoestado.com\/danielmatos\/wp-content\/uploads\/sites\/2\/2026\/03\/1005207140.jpg\" \/>\n\t<meta property=\"og:image:width\" content=\"1710\" \/>\n\t<meta property=\"og:image:height\" content=\"2560\" \/>\n\t<meta property=\"og:image:type\" content=\"image\/jpeg\" \/>\n<meta name=\"author\" content=\"Daniel Matos\" \/>\n<meta name=\"twitter:card\" content=\"summary_large_image\" \/>\n<meta name=\"twitter:label1\" content=\"Escrito por\" \/>\n\t<meta name=\"twitter:data1\" content=\"Daniel Matos\" \/>\n\t<meta name=\"twitter:label2\" content=\"Est. tempo de leitura\" \/>\n\t<meta name=\"twitter:data2\" content=\"3 minutos\" \/>\n<script type=\"application\/ld+json\" class=\"yoast-schema-graph\">{\"@context\":\"https:\/\/schema.org\",\"@graph\":[{\"@type\":\"WebPage\",\"@id\":\"https:\/\/www.blogsoestado.com\/danielmatos\/circo-americano-segue-temporada-em-sao-luis-e-mantem-programacao-neste-fim-de-semana\/\",\"url\":\"https:\/\/www.blogsoestado.com\/danielmatos\/circo-americano-segue-temporada-em-sao-luis-e-mantem-programacao-neste-fim-de-semana\/\",\"name\":\"Circo Americano segue temporada em S\u00e3o Lu\u00eds e mant\u00e9m programa\u00e7\u00e3o neste fim de semana - Daniel Matos\",\"isPartOf\":{\"@id\":\"https:\/\/www.blogsoestado.com\/danielmatos\/#website\"},\"primaryImageOfPage\":{\"@id\":\"https:\/\/www.blogsoestado.com\/danielmatos\/circo-americano-segue-temporada-em-sao-luis-e-mantem-programacao-neste-fim-de-semana\/#primaryimage\"},\"image\":{\"@id\":\"https:\/\/www.blogsoestado.com\/danielmatos\/circo-americano-segue-temporada-em-sao-luis-e-mantem-programacao-neste-fim-de-semana\/#primaryimage\"},\"thumbnailUrl\":\"https:\/\/www.blogsoestado.com\/danielmatos\/wp-content\/uploads\/sites\/2\/2026\/03\/1005207140-684x1024.jpg\",\"datePublished\":\"2026-03-13T19:18:36+00:00\",\"dateModified\":\"2026-03-13T19:18:44+00:00\",\"author\":{\"@id\":\"https:\/\/www.blogsoestado.com\/danielmatos\/#\/schema\/person\/9a209d407cd45631f131e1285b661bb0\"},\"breadcrumb\":{\"@id\":\"https:\/\/www.blogsoestado.com\/danielmatos\/circo-americano-segue-temporada-em-sao-luis-e-mantem-programacao-neste-fim-de-semana\/#breadcrumb\"},\"inLanguage\":\"pt-BR\",\"potentialAction\":[{\"@type\":\"ReadAction\",\"target\":[\"https:\/\/www.blogsoestado.com\/danielmatos\/circo-americano-segue-temporada-em-sao-luis-e-mantem-programacao-neste-fim-de-semana\/\"]}]},{\"@type\":\"ImageObject\",\"inLanguage\":\"pt-BR\",\"@id\":\"https:\/\/www.blogsoestado.com\/danielmatos\/circo-americano-segue-temporada-em-sao-luis-e-mantem-programacao-neste-fim-de-semana\/#primaryimage\",\"url\":\"https:\/\/www.blogsoestado.com\/danielmatos\/wp-content\/uploads\/sites\/2\/2026\/03\/1005207140.jpg\",\"contentUrl\":\"https:\/\/www.blogsoestado.com\/danielmatos\/wp-content\/uploads\/sites\/2\/2026\/03\/1005207140.jpg\",\"width\":1710,\"height\":2560},{\"@type\":\"BreadcrumbList\",\"@id\":\"https:\/\/www.blogsoestado.com\/danielmatos\/circo-americano-segue-temporada-em-sao-luis-e-mantem-programacao-neste-fim-de-semana\/#breadcrumb\",\"itemListElement\":[{\"@type\":\"ListItem\",\"position\":1,\"name\":\"In\u00edcio\",\"item\":\"https:\/\/www.blogsoestado.com\/danielmatos\/\"},{\"@type\":\"ListItem\",\"position\":2,\"name\":\"Circo Americano segue temporada em S\u00e3o Lu\u00eds e mant\u00e9m programa\u00e7\u00e3o neste fim de semana\"}]},{\"@type\":\"WebSite\",\"@id\":\"https:\/\/www.blogsoestado.com\/danielmatos\/#website\",\"url\":\"https:\/\/www.blogsoestado.com\/danielmatos\/\",\"name\":\"Daniel Matos\",\"description\":\"\",\"potentialAction\":[{\"@type\":\"SearchAction\",\"target\":{\"@type\":\"EntryPoint\",\"urlTemplate\":\"https:\/\/www.blogsoestado.com\/danielmatos\/?s={search_term_string}\"},\"query-input\":{\"@type\":\"PropertyValueSpecification\",\"valueRequired\":true,\"valueName\":\"search_term_string\"}}],\"inLanguage\":\"pt-BR\"},{\"@type\":\"Person\",\"@id\":\"https:\/\/www.blogsoestado.com\/danielmatos\/#\/schema\/person\/9a209d407cd45631f131e1285b661bb0\",\"name\":\"Daniel Matos\",\"image\":{\"@type\":\"ImageObject\",\"inLanguage\":\"pt-BR\",\"@id\":\"https:\/\/www.blogsoestado.com\/danielmatos\/#\/schema\/person\/image\/\",\"url\":\"https:\/\/secure.gravatar.com\/avatar\/2f26c36ee355da19a257f0dfef43952a2588b324ca35d6719e859fe338ac0392?s=96&d=mm&r=g\",\"contentUrl\":\"https:\/\/secure.gravatar.com\/avatar\/2f26c36ee355da19a257f0dfef43952a2588b324ca35d6719e859fe338ac0392?s=96&d=mm&r=g\",\"caption\":\"Daniel Matos\"},\"url\":\"https:\/\/www.blogsoestado.com\/danielmatos\/author\/danielmatos\/\"}]}<\/script>\n<!-- \/ Yoast SEO plugin. -->","yoast_head_json":{"title":"Circo Americano segue temporada em S\u00e3o Lu\u00eds e mant\u00e9m programa\u00e7\u00e3o neste fim de semana - Daniel Matos","robots":{"index":"index","follow":"follow","max-snippet":"max-snippet:-1","max-image-preview":"max-image-preview:large","max-video-preview":"max-video-preview:-1"},"canonical":"https:\/\/www.blogsoestado.com\/danielmatos\/circo-americano-segue-temporada-em-sao-luis-e-mantem-programacao-neste-fim-de-semana\/","og_locale":"pt_BR","og_type":"article","og_title":"Circo Americano segue temporada em S\u00e3o Lu\u00eds e mant\u00e9m programa\u00e7\u00e3o neste fim de semana - Daniel Matos","og_description":"Espet\u00e1culo internacional instalado na \u00e1rea externa do Shopping da Ilha continua encantando o p\u00fablico com apresenta\u00e7\u00f5es que unem tradi\u00e7\u00e3o circense, [&hellip;]","og_url":"https:\/\/www.blogsoestado.com\/danielmatos\/circo-americano-segue-temporada-em-sao-luis-e-mantem-programacao-neste-fim-de-semana\/","og_site_name":"Daniel Matos","article_published_time":"2026-03-13T19:18:36+00:00","article_modified_time":"2026-03-13T19:18:44+00:00","og_image":[{"width":1710,"height":2560,"url":"https:\/\/www.blogsoestado.com\/danielmatos\/wp-content\/uploads\/sites\/2\/2026\/03\/1005207140.jpg","type":"image\/jpeg"}],"author":"Daniel Matos","twitter_card":"summary_large_image","twitter_misc":{"Escrito por":"Daniel Matos","Est. tempo de leitura":"3 minutos"},"schema":{"@context":"https:\/\/schema.org","@graph":[{"@type":"WebPage","@id":"https:\/\/www.blogsoestado.com\/danielmatos\/circo-americano-segue-temporada-em-sao-luis-e-mantem-programacao-neste-fim-de-semana\/","url":"https:\/\/www.blogsoestado.com\/danielmatos\/circo-americano-segue-temporada-em-sao-luis-e-mantem-programacao-neste-fim-de-semana\/","name":"Circo Americano segue temporada em S\u00e3o Lu\u00eds e mant\u00e9m programa\u00e7\u00e3o neste fim de semana - Daniel Matos","isPartOf":{"@id":"https:\/\/www.blogsoestado.com\/danielmatos\/#website"},"primaryImageOfPage":{"@id":"https:\/\/www.blogsoestado.com\/danielmatos\/circo-americano-segue-temporada-em-sao-luis-e-mantem-programacao-neste-fim-de-semana\/#primaryimage"},"image":{"@id":"https:\/\/www.blogsoestado.com\/danielmatos\/circo-americano-segue-temporada-em-sao-luis-e-mantem-programacao-neste-fim-de-semana\/#primaryimage"},"thumbnailUrl":"https:\/\/www.blogsoestado.com\/danielmatos\/wp-content\/uploads\/sites\/2\/2026\/03\/1005207140-684x1024.jpg","datePublished":"2026-03-13T19:18:36+00:00","dateModified":"2026-03-13T19:18:44+00:00","author":{"@id":"https:\/\/www.blogsoestado.com\/danielmatos\/#\/schema\/person\/9a209d407cd45631f131e1285b661bb0"},"breadcrumb":{"@id":"https:\/\/www.blogsoestado.com\/danielmatos\/circo-americano-segue-temporada-em-sao-luis-e-mantem-programacao-neste-fim-de-semana\/#breadcrumb"},"inLanguage":"pt-BR","potentialAction":[{"@type":"ReadAction","target":["https:\/\/www.blogsoestado.com\/danielmatos\/circo-americano-segue-temporada-em-sao-luis-e-mantem-programacao-neste-fim-de-semana\/"]}]},{"@type":"ImageObject","inLanguage":"pt-BR","@id":"https:\/\/www.blogsoestado.com\/danielmatos\/circo-americano-segue-temporada-em-sao-luis-e-mantem-programacao-neste-fim-de-semana\/#primaryimage","url":"https:\/\/www.blogsoestado.com\/danielmatos\/wp-content\/uploads\/sites\/2\/2026\/03\/1005207140.jpg","contentUrl":"https:\/\/www.blogsoestado.com\/danielmatos\/wp-content\/uploads\/sites\/2\/2026\/03\/1005207140.jpg","width":1710,"height":2560},{"@type":"BreadcrumbList","@id":"https:\/\/www.blogsoestado.com\/danielmatos\/circo-americano-segue-temporada-em-sao-luis-e-mantem-programacao-neste-fim-de-semana\/#breadcrumb","itemListElement":[{"@type":"ListItem","position":1,"name":"In\u00edcio","item":"https:\/\/www.blogsoestado.com\/danielmatos\/"},{"@type":"ListItem","position":2,"name":"Circo Americano segue temporada em S\u00e3o Lu\u00eds e mant\u00e9m programa\u00e7\u00e3o neste fim de semana"}]},{"@type":"WebSite","@id":"https:\/\/www.blogsoestado.com\/danielmatos\/#website","url":"https:\/\/www.blogsoestado.com\/danielmatos\/","name":"Daniel Matos","description":"","potentialAction":[{"@type":"SearchAction","target":{"@type":"EntryPoint","urlTemplate":"https:\/\/www.blogsoestado.com\/danielmatos\/?s={search_term_string}"},"query-input":{"@type":"PropertyValueSpecification","valueRequired":true,"valueName":"search_term_string"}}],"inLanguage":"pt-BR"},{"@type":"Person","@id":"https:\/\/www.blogsoestado.com\/danielmatos\/#\/schema\/person\/9a209d407cd45631f131e1285b661bb0","name":"Daniel Matos","image":{"@type":"ImageObject","inLanguage":"pt-BR","@id":"https:\/\/www.blogsoestado.com\/danielmatos\/#\/schema\/person\/image\/","url":"https:\/\/secure.gravatar.com\/avatar\/2f26c36ee355da19a257f0dfef43952a2588b324ca35d6719e859fe338ac0392?s=96&d=mm&r=g","contentUrl":"https:\/\/secure.gravatar.com\/avatar\/2f26c36ee355da19a257f0dfef43952a2588b324ca35d6719e859fe338ac0392?s=96&d=mm&r=g","caption":"Daniel Matos"},"url":"https:\/\/www.blogsoestado.com\/danielmatos\/author\/danielmatos\/"}]}},"jetpack_featured_media_url":"","_links":{"self":[{"href":"https:\/\/www.blogsoestado.com\/danielmatos\/wp-json\/wp\/v2\/posts\/155698","targetHints":{"allow":["GET"]}}],"collection":[{"href":"https:\/\/www.blogsoestado.com\/danielmatos\/wp-json\/wp\/v2\/posts"}],"about":[{"href":"https:\/\/www.blogsoestado.com\/danielmatos\/wp-json\/wp\/v2\/types\/post"}],"author":[{"embeddable":true,"href":"https:\/\/www.blogsoestado.com\/danielmatos\/wp-json\/wp\/v2\/users\/2"}],"replies":[{"embeddable":true,"href":"https:\/\/www.blogsoestado.com\/danielmatos\/wp-json\/wp\/v2\/comments?post=155698"}],"version-history":[{"count":1,"href":"https:\/\/www.blogsoestado.com\/danielmatos\/wp-json\/wp\/v2\/posts\/155698\/revisions"}],"predecessor-version":[{"id":155701,"href":"https:\/\/www.blogsoestado.com\/danielmatos\/wp-json\/wp\/v2\/posts\/155698\/revisions\/155701"}],"wp:attachment":[{"href":"https:\/\/www.blogsoestado.com\/danielmatos\/wp-json\/wp\/v2\/media?parent=155698"}],"wp:term":[{"taxonomy":"category","embeddable":true,"href":"https:\/\/www.blogsoestado.com\/danielmatos\/wp-json\/wp\/v2\/categories?post=155698"},{"taxonomy":"post_tag","embeddable":true,"href":"https:\/\/www.blogsoestado.com\/danielmatos\/wp-json\/wp\/v2\/tags?post=155698"}],"curies":[{"name":"wp","href":"https:\/\/api.w.org\/{rel}","templated":true}]}}