{"id":155702,"date":"2026-03-13T17:02:30","date_gmt":"2026-03-13T20:02:30","guid":{"rendered":"https:\/\/www.blogsoestado.com\/danielmatos\/?p=155702"},"modified":"2026-03-13T17:02:36","modified_gmt":"2026-03-13T20:02:36","slug":"mpf-obtem-condenacao-da-caixa-e-construtoras-por-danos-ambientais-no-residencial-mato-grosso-em-sao-luis","status":"publish","type":"post","link":"https:\/\/www.blogsoestado.com\/danielmatos\/mpf-obtem-condenacao-da-caixa-e-construtoras-por-danos-ambientais-no-residencial-mato-grosso-em-sao-luis\/","title":{"rendered":"MPF obt\u00e9m condena\u00e7\u00e3o da Caixa e construtoras por danos ambientais no Residencial Mato Grosso, em S\u00e3o Lu\u00eds"},"content":{"rendered":"\n<p><strong><mark style=\"color:#cf2e2e\" class=\"has-inline-color\">Justi\u00e7a Federal determinou o pagamento de R$ 1 milh\u00e3o por danos morais coletivos e a recupera\u00e7\u00e3o de \u00e1rea de manguezal<\/mark><\/strong><\/p>\n\n\n\n<figure class=\"wp-block-image aligncenter size-large\"><img fetchpriority=\"high\" decoding=\"async\" width=\"1024\" height=\"731\" src=\"https:\/\/www.blogsoestado.com\/danielmatos\/wp-content\/uploads\/sites\/2\/2026\/03\/1005207515-1024x731.webp\" alt=\"\" class=\"wp-image-155703\" srcset=\"https:\/\/www.blogsoestado.com\/danielmatos\/wp-content\/uploads\/sites\/2\/2026\/03\/1005207515-1024x731.webp 1024w, https:\/\/www.blogsoestado.com\/danielmatos\/wp-content\/uploads\/sites\/2\/2026\/03\/1005207515-300x214.webp 300w, https:\/\/www.blogsoestado.com\/danielmatos\/wp-content\/uploads\/sites\/2\/2026\/03\/1005207515-768x548.webp 768w, https:\/\/www.blogsoestado.com\/danielmatos\/wp-content\/uploads\/sites\/2\/2026\/03\/1005207515-1536x1096.webp 1536w, https:\/\/www.blogsoestado.com\/danielmatos\/wp-content\/uploads\/sites\/2\/2026\/03\/1005207515.webp 1600w\" sizes=\"(max-width: 1024px) 100vw, 1024px\" \/><figcaption class=\"wp-element-caption\">Danos ambientais constatados na constru\u00e7\u00e3o do Residencial Mato Grosso, em S\u00e3o Lu\u00eds, motivaram condena\u00e7\u00e3o judicial<\/figcaption><\/figure>\n\n\n\n<p>O Minist\u00e9rio P\u00fablico Federal (MPF) obteve a condena\u00e7\u00e3o da Caixa Econ\u00f4mica Federal (CEF) e de tr\u00eas construtoras por danos ambientais causados durante a constru\u00e7\u00e3o do Residencial Mato Grosso, empreendimento do Programa Minha Casa, Minha Vida, em S\u00e3o Lu\u00eds (MA). A senten\u00e7a da Justi\u00e7a Federal determinou \u00e0 institui\u00e7\u00e3o financeira e \u00e0s empresas o pagamento de R$ 1 milh\u00e3o por danos morais coletivos e a ado\u00e7\u00e3o de medidas para recuperar as \u00e1reas degradadas por falhas na drenagem pluvial das obras.<\/p>\n\n\n\n<p>A a\u00e7\u00e3o civil p\u00fablica foi proposta pelo MPF com base em relat\u00f3rios e informa\u00e7\u00f5es obtidas em vistorias t\u00e9cnicas realizadas pela Secretaria Municipal de Meio Ambiente de S\u00e3o Lu\u00eds (Semmam) e pela Superintend\u00eancia do Patrim\u00f4nio da Uni\u00e3o (SPU). Os documentos confirmaram a ocorr\u00eancia de danos ambientais na regi\u00e3o onde o conjunto habitacional foi constru\u00eddo. As obras foram realizadas pelas empresas LN Incorpora\u00e7\u00f5es Imobili\u00e1rias, GDR Constru\u00e7\u00f5es e K2 Incorpora\u00e7\u00f5es e Constru\u00e7\u00f5es.<\/p>\n\n\n\n<p>De acordo com os relat\u00f3rios t\u00e9cnicos, o terreno escolhido para a constru\u00e7\u00e3o do Residencial Mato Grosso fica pr\u00f3ximo a \u00e1reas de manguezal e das margens dos rios Tajipuru e Tibiri, na zona rural de S\u00e3o Lu\u00eds. Segundo o C\u00f3digo Florestal Brasileiro (Lei n\u00ba 12.651\/2012), as margens de rios e cursos d\u2019\u00e1gua s\u00e3o consideradas \u00c1reas de Preserva\u00e7\u00e3o Permanente (APP).<\/p>\n\n\n\n<p>As an\u00e1lises apontaram que as construtoras realizaram terraplanagem sem o controle adequado e n\u00e3o executaram corretamente o sistema de drenagem da \u00e1rea, ocasionando os danos ambientais. As obras provocaram carreamento de sedimentos nos per\u00edodos chuvosos, assoreamento das margens dos rios e soterramento de \u00e1reas de mangue, com morte de vegeta\u00e7\u00e3o nativa e esp\u00e9cies t\u00edpicas deste ecossistema.<\/p>\n\n\n\n<p><strong>A\u00e7\u00e3o<\/strong>&nbsp;\u2013 Logo no in\u00edcio do processo, o MPF pediu uma medida de urg\u00eancia para conter os danos. A Justi\u00e7a acolheu o pedido e determinou que as empresas instalassem barreiras de conten\u00e7\u00e3o de sedimentos, retirassem res\u00edduos de constru\u00e7\u00e3o e removessem a terra levada para o mangue e para as margens dos rios. Mesmo com essas medidas, novas vistorias, realizadas em 2024 pela Semmam, confirmaram que os impactos ambientais ainda persistiam na \u00e1rea.<\/p>\n\n\n\n<p>No curso da a\u00e7\u00e3o, a Caixa alegou que atuava apenas como agente financeiro e que n\u00e3o tinha responsabilidade pela obra. J\u00e1 as construtoras afirmaram que os danos teriam sido causados por chuvas intensas, al\u00e9m de epis\u00f3dios de vandalismo e invas\u00f5es no canteiro de obras, e que parte das empresas j\u00e1 havia deixado o empreendimento quando a situa\u00e7\u00e3o se agravou.<\/p>\n\n\n\n<p>Na decis\u00e3o, por\u00e9m, o juiz entendeu que a Caixa n\u00e3o atua apenas como institui\u00e7\u00e3o financeira nesse tipo de projeto, mas como agente respons\u00e1vel pela execu\u00e7\u00e3o do programa habitacional, o que inclui a contrata\u00e7\u00e3o das construtoras e o acompanhamento da obra. Por isso, reconheceu que a institui\u00e7\u00e3o tamb\u00e9m tem responsabilidade pelos danos ambientais. O magistrado rejeitou, ainda, os argumentos apresentados pelas empresas e destacou que chuvas fortes s\u00e3o previs\u00edveis na regi\u00e3o e n\u00e3o afastam a responsabilidade pelos impactos causados.<\/p>\n\n\n\n<p><strong>Condena\u00e7\u00e3o<\/strong>&nbsp;\u2013 Na senten\u00e7a, a Justi\u00e7a condenou a Caixa e as tr\u00eas construtoras a executarem o Plano de Recupera\u00e7\u00e3o de \u00c1reas Degradadas (PRAD), com a retirada de sedimentos do mangue, o replantio de vegeta\u00e7\u00e3o nativa, a estabiliza\u00e7\u00e3o do solo e a conclus\u00e3o do sistema de drenagem. O prazo definido \u00e9 de 180 dias para a realiza\u00e7\u00e3o das obras estruturais e de at\u00e9 24 meses para a recupera\u00e7\u00e3o ambiental completa da \u00e1rea. Tamb\u00e9m foi determinado o pagamento de indeniza\u00e7\u00e3o pelos preju\u00edzos ambientais durante o per\u00edodo em que o ecossistema permaneceu degradado. Ainda cabe recurso contra a decis\u00e3o.<\/p>\n","protected":false},"excerpt":{"rendered":"<p>Justi\u00e7a Federal determinou o pagamento de R$ 1 milh\u00e3o por danos morais coletivos e a recupera\u00e7\u00e3o de \u00e1rea de manguezal [&hellip;]<\/p>\n","protected":false},"author":2,"featured_media":0,"comment_status":"open","ping_status":"open","sticky":false,"template":"","format":"standard","meta":{"site-sidebar-layout":"default","site-content-layout":"","ast-site-content-layout":"default","site-content-style":"default","site-sidebar-style":"default","ast-global-header-display":"","ast-banner-title-visibility":"","ast-main-header-display":"","ast-hfb-above-header-display":"","ast-hfb-below-header-display":"","ast-hfb-mobile-header-display":"","site-post-title":"","ast-breadcrumbs-content":"","ast-featured-img":"","footer-sml-layout":"","ast-disable-related-posts":"","theme-transparent-header-meta":"","adv-header-id-meta":"","stick-header-meta":"","header-above-stick-meta":"","header-main-stick-meta":"","header-below-stick-meta":"","astra-migrate-meta-layouts":"default","ast-page-background-enabled":"default","ast-page-background-meta":{"desktop":{"background-color":"var(--ast-global-color-5)","background-image":"","background-repeat":"repeat","background-position":"center center","background-size":"auto","background-attachment":"scroll","background-type":"","background-media":"","overlay-type":"","overlay-color":"","overlay-opacity":"","overlay-gradient":""},"tablet":{"background-color":"","background-image":"","background-repeat":"repeat","background-position":"center center","background-size":"auto","background-attachment":"scroll","background-type":"","background-media":"","overlay-type":"","overlay-color":"","overlay-opacity":"","overlay-gradient":""},"mobile":{"background-color":"","background-image":"","background-repeat":"repeat","background-position":"center center","background-size":"auto","background-attachment":"scroll","background-type":"","background-media":"","overlay-type":"","overlay-color":"","overlay-opacity":"","overlay-gradient":""}},"ast-content-background-meta":{"desktop":{"background-color":"var(--ast-global-color-4)","background-image":"","background-repeat":"repeat","background-position":"center center","background-size":"auto","background-attachment":"scroll","background-type":"","background-media":"","overlay-type":"","overlay-color":"","overlay-opacity":"","overlay-gradient":""},"tablet":{"background-color":"var(--ast-global-color-4)","background-image":"","background-repeat":"repeat","background-position":"center center","background-size":"auto","background-attachment":"scroll","background-type":"","background-media":"","overlay-type":"","overlay-color":"","overlay-opacity":"","overlay-gradient":""},"mobile":{"background-color":"var(--ast-global-color-4)","background-image":"","background-repeat":"repeat","background-position":"center center","background-size":"auto","background-attachment":"scroll","background-type":"","background-media":"","overlay-type":"","overlay-color":"","overlay-opacity":"","overlay-gradient":""}},"footnotes":""},"categories":[1],"tags":[],"class_list":["post-155702","post","type-post","status-publish","format-standard","hentry","category-sem-categoria"],"yoast_head":"<!-- This site is optimized with the Yoast SEO plugin v26.6 - https:\/\/yoast.com\/wordpress\/plugins\/seo\/ -->\n<title>MPF obt\u00e9m condena\u00e7\u00e3o da Caixa e construtoras por danos ambientais no Residencial Mato Grosso, em S\u00e3o Lu\u00eds - Daniel Matos<\/title>\n<meta name=\"robots\" content=\"index, follow, max-snippet:-1, max-image-preview:large, max-video-preview:-1\" \/>\n<link rel=\"canonical\" href=\"https:\/\/www.blogsoestado.com\/danielmatos\/mpf-obtem-condenacao-da-caixa-e-construtoras-por-danos-ambientais-no-residencial-mato-grosso-em-sao-luis\/\" \/>\n<meta property=\"og:locale\" content=\"pt_BR\" \/>\n<meta property=\"og:type\" content=\"article\" \/>\n<meta property=\"og:title\" content=\"MPF obt\u00e9m condena\u00e7\u00e3o da Caixa e construtoras por danos ambientais no Residencial Mato Grosso, em S\u00e3o Lu\u00eds - Daniel Matos\" \/>\n<meta property=\"og:description\" content=\"Justi\u00e7a Federal determinou o pagamento de R$ 1 milh\u00e3o por danos morais coletivos e a recupera\u00e7\u00e3o de \u00e1rea de manguezal [&hellip;]\" \/>\n<meta property=\"og:url\" content=\"https:\/\/www.blogsoestado.com\/danielmatos\/mpf-obtem-condenacao-da-caixa-e-construtoras-por-danos-ambientais-no-residencial-mato-grosso-em-sao-luis\/\" \/>\n<meta property=\"og:site_name\" content=\"Daniel Matos\" \/>\n<meta property=\"article:published_time\" content=\"2026-03-13T20:02:30+00:00\" \/>\n<meta property=\"article:modified_time\" content=\"2026-03-13T20:02:36+00:00\" \/>\n<meta property=\"og:image\" content=\"https:\/\/www.blogsoestado.com\/danielmatos\/wp-content\/uploads\/sites\/2\/2026\/03\/1005207515.webp\" \/>\n\t<meta property=\"og:image:width\" content=\"1600\" \/>\n\t<meta property=\"og:image:height\" content=\"1142\" \/>\n\t<meta property=\"og:image:type\" content=\"image\/webp\" \/>\n<meta name=\"author\" content=\"Daniel Matos\" \/>\n<meta name=\"twitter:card\" content=\"summary_large_image\" \/>\n<meta name=\"twitter:label1\" content=\"Escrito por\" \/>\n\t<meta name=\"twitter:data1\" content=\"Daniel Matos\" \/>\n\t<meta name=\"twitter:label2\" content=\"Est. tempo de leitura\" \/>\n\t<meta name=\"twitter:data2\" content=\"4 minutos\" \/>\n<script type=\"application\/ld+json\" class=\"yoast-schema-graph\">{\"@context\":\"https:\/\/schema.org\",\"@graph\":[{\"@type\":\"WebPage\",\"@id\":\"https:\/\/www.blogsoestado.com\/danielmatos\/mpf-obtem-condenacao-da-caixa-e-construtoras-por-danos-ambientais-no-residencial-mato-grosso-em-sao-luis\/\",\"url\":\"https:\/\/www.blogsoestado.com\/danielmatos\/mpf-obtem-condenacao-da-caixa-e-construtoras-por-danos-ambientais-no-residencial-mato-grosso-em-sao-luis\/\",\"name\":\"MPF obt\u00e9m condena\u00e7\u00e3o da Caixa e construtoras por danos ambientais no Residencial Mato Grosso, em S\u00e3o Lu\u00eds - Daniel Matos\",\"isPartOf\":{\"@id\":\"https:\/\/www.blogsoestado.com\/danielmatos\/#website\"},\"primaryImageOfPage\":{\"@id\":\"https:\/\/www.blogsoestado.com\/danielmatos\/mpf-obtem-condenacao-da-caixa-e-construtoras-por-danos-ambientais-no-residencial-mato-grosso-em-sao-luis\/#primaryimage\"},\"image\":{\"@id\":\"https:\/\/www.blogsoestado.com\/danielmatos\/mpf-obtem-condenacao-da-caixa-e-construtoras-por-danos-ambientais-no-residencial-mato-grosso-em-sao-luis\/#primaryimage\"},\"thumbnailUrl\":\"https:\/\/www.blogsoestado.com\/danielmatos\/wp-content\/uploads\/sites\/2\/2026\/03\/1005207515-1024x731.webp\",\"datePublished\":\"2026-03-13T20:02:30+00:00\",\"dateModified\":\"2026-03-13T20:02:36+00:00\",\"author\":{\"@id\":\"https:\/\/www.blogsoestado.com\/danielmatos\/#\/schema\/person\/9a209d407cd45631f131e1285b661bb0\"},\"breadcrumb\":{\"@id\":\"https:\/\/www.blogsoestado.com\/danielmatos\/mpf-obtem-condenacao-da-caixa-e-construtoras-por-danos-ambientais-no-residencial-mato-grosso-em-sao-luis\/#breadcrumb\"},\"inLanguage\":\"pt-BR\",\"potentialAction\":[{\"@type\":\"ReadAction\",\"target\":[\"https:\/\/www.blogsoestado.com\/danielmatos\/mpf-obtem-condenacao-da-caixa-e-construtoras-por-danos-ambientais-no-residencial-mato-grosso-em-sao-luis\/\"]}]},{\"@type\":\"ImageObject\",\"inLanguage\":\"pt-BR\",\"@id\":\"https:\/\/www.blogsoestado.com\/danielmatos\/mpf-obtem-condenacao-da-caixa-e-construtoras-por-danos-ambientais-no-residencial-mato-grosso-em-sao-luis\/#primaryimage\",\"url\":\"https:\/\/www.blogsoestado.com\/danielmatos\/wp-content\/uploads\/sites\/2\/2026\/03\/1005207515.webp\",\"contentUrl\":\"https:\/\/www.blogsoestado.com\/danielmatos\/wp-content\/uploads\/sites\/2\/2026\/03\/1005207515.webp\",\"width\":1600,\"height\":1142},{\"@type\":\"BreadcrumbList\",\"@id\":\"https:\/\/www.blogsoestado.com\/danielmatos\/mpf-obtem-condenacao-da-caixa-e-construtoras-por-danos-ambientais-no-residencial-mato-grosso-em-sao-luis\/#breadcrumb\",\"itemListElement\":[{\"@type\":\"ListItem\",\"position\":1,\"name\":\"In\u00edcio\",\"item\":\"https:\/\/www.blogsoestado.com\/danielmatos\/\"},{\"@type\":\"ListItem\",\"position\":2,\"name\":\"MPF obt\u00e9m condena\u00e7\u00e3o da Caixa e construtoras por danos ambientais no Residencial Mato Grosso, em S\u00e3o Lu\u00eds\"}]},{\"@type\":\"WebSite\",\"@id\":\"https:\/\/www.blogsoestado.com\/danielmatos\/#website\",\"url\":\"https:\/\/www.blogsoestado.com\/danielmatos\/\",\"name\":\"Daniel Matos\",\"description\":\"\",\"potentialAction\":[{\"@type\":\"SearchAction\",\"target\":{\"@type\":\"EntryPoint\",\"urlTemplate\":\"https:\/\/www.blogsoestado.com\/danielmatos\/?s={search_term_string}\"},\"query-input\":{\"@type\":\"PropertyValueSpecification\",\"valueRequired\":true,\"valueName\":\"search_term_string\"}}],\"inLanguage\":\"pt-BR\"},{\"@type\":\"Person\",\"@id\":\"https:\/\/www.blogsoestado.com\/danielmatos\/#\/schema\/person\/9a209d407cd45631f131e1285b661bb0\",\"name\":\"Daniel Matos\",\"image\":{\"@type\":\"ImageObject\",\"inLanguage\":\"pt-BR\",\"@id\":\"https:\/\/www.blogsoestado.com\/danielmatos\/#\/schema\/person\/image\/\",\"url\":\"https:\/\/secure.gravatar.com\/avatar\/2f26c36ee355da19a257f0dfef43952a2588b324ca35d6719e859fe338ac0392?s=96&d=mm&r=g\",\"contentUrl\":\"https:\/\/secure.gravatar.com\/avatar\/2f26c36ee355da19a257f0dfef43952a2588b324ca35d6719e859fe338ac0392?s=96&d=mm&r=g\",\"caption\":\"Daniel Matos\"},\"url\":\"https:\/\/www.blogsoestado.com\/danielmatos\/author\/danielmatos\/\"}]}<\/script>\n<!-- \/ Yoast SEO plugin. -->","yoast_head_json":{"title":"MPF obt\u00e9m condena\u00e7\u00e3o da Caixa e construtoras por danos ambientais no Residencial Mato Grosso, em S\u00e3o Lu\u00eds - Daniel Matos","robots":{"index":"index","follow":"follow","max-snippet":"max-snippet:-1","max-image-preview":"max-image-preview:large","max-video-preview":"max-video-preview:-1"},"canonical":"https:\/\/www.blogsoestado.com\/danielmatos\/mpf-obtem-condenacao-da-caixa-e-construtoras-por-danos-ambientais-no-residencial-mato-grosso-em-sao-luis\/","og_locale":"pt_BR","og_type":"article","og_title":"MPF obt\u00e9m condena\u00e7\u00e3o da Caixa e construtoras por danos ambientais no Residencial Mato Grosso, em S\u00e3o Lu\u00eds - Daniel Matos","og_description":"Justi\u00e7a Federal determinou o pagamento de R$ 1 milh\u00e3o por danos morais coletivos e a recupera\u00e7\u00e3o de \u00e1rea de manguezal [&hellip;]","og_url":"https:\/\/www.blogsoestado.com\/danielmatos\/mpf-obtem-condenacao-da-caixa-e-construtoras-por-danos-ambientais-no-residencial-mato-grosso-em-sao-luis\/","og_site_name":"Daniel Matos","article_published_time":"2026-03-13T20:02:30+00:00","article_modified_time":"2026-03-13T20:02:36+00:00","og_image":[{"width":1600,"height":1142,"url":"https:\/\/www.blogsoestado.com\/danielmatos\/wp-content\/uploads\/sites\/2\/2026\/03\/1005207515.webp","type":"image\/webp"}],"author":"Daniel Matos","twitter_card":"summary_large_image","twitter_misc":{"Escrito por":"Daniel Matos","Est. tempo de leitura":"4 minutos"},"schema":{"@context":"https:\/\/schema.org","@graph":[{"@type":"WebPage","@id":"https:\/\/www.blogsoestado.com\/danielmatos\/mpf-obtem-condenacao-da-caixa-e-construtoras-por-danos-ambientais-no-residencial-mato-grosso-em-sao-luis\/","url":"https:\/\/www.blogsoestado.com\/danielmatos\/mpf-obtem-condenacao-da-caixa-e-construtoras-por-danos-ambientais-no-residencial-mato-grosso-em-sao-luis\/","name":"MPF obt\u00e9m condena\u00e7\u00e3o da Caixa e construtoras por danos ambientais no Residencial Mato Grosso, em S\u00e3o Lu\u00eds - Daniel Matos","isPartOf":{"@id":"https:\/\/www.blogsoestado.com\/danielmatos\/#website"},"primaryImageOfPage":{"@id":"https:\/\/www.blogsoestado.com\/danielmatos\/mpf-obtem-condenacao-da-caixa-e-construtoras-por-danos-ambientais-no-residencial-mato-grosso-em-sao-luis\/#primaryimage"},"image":{"@id":"https:\/\/www.blogsoestado.com\/danielmatos\/mpf-obtem-condenacao-da-caixa-e-construtoras-por-danos-ambientais-no-residencial-mato-grosso-em-sao-luis\/#primaryimage"},"thumbnailUrl":"https:\/\/www.blogsoestado.com\/danielmatos\/wp-content\/uploads\/sites\/2\/2026\/03\/1005207515-1024x731.webp","datePublished":"2026-03-13T20:02:30+00:00","dateModified":"2026-03-13T20:02:36+00:00","author":{"@id":"https:\/\/www.blogsoestado.com\/danielmatos\/#\/schema\/person\/9a209d407cd45631f131e1285b661bb0"},"breadcrumb":{"@id":"https:\/\/www.blogsoestado.com\/danielmatos\/mpf-obtem-condenacao-da-caixa-e-construtoras-por-danos-ambientais-no-residencial-mato-grosso-em-sao-luis\/#breadcrumb"},"inLanguage":"pt-BR","potentialAction":[{"@type":"ReadAction","target":["https:\/\/www.blogsoestado.com\/danielmatos\/mpf-obtem-condenacao-da-caixa-e-construtoras-por-danos-ambientais-no-residencial-mato-grosso-em-sao-luis\/"]}]},{"@type":"ImageObject","inLanguage":"pt-BR","@id":"https:\/\/www.blogsoestado.com\/danielmatos\/mpf-obtem-condenacao-da-caixa-e-construtoras-por-danos-ambientais-no-residencial-mato-grosso-em-sao-luis\/#primaryimage","url":"https:\/\/www.blogsoestado.com\/danielmatos\/wp-content\/uploads\/sites\/2\/2026\/03\/1005207515.webp","contentUrl":"https:\/\/www.blogsoestado.com\/danielmatos\/wp-content\/uploads\/sites\/2\/2026\/03\/1005207515.webp","width":1600,"height":1142},{"@type":"BreadcrumbList","@id":"https:\/\/www.blogsoestado.com\/danielmatos\/mpf-obtem-condenacao-da-caixa-e-construtoras-por-danos-ambientais-no-residencial-mato-grosso-em-sao-luis\/#breadcrumb","itemListElement":[{"@type":"ListItem","position":1,"name":"In\u00edcio","item":"https:\/\/www.blogsoestado.com\/danielmatos\/"},{"@type":"ListItem","position":2,"name":"MPF obt\u00e9m condena\u00e7\u00e3o da Caixa e construtoras por danos ambientais no Residencial Mato Grosso, em S\u00e3o Lu\u00eds"}]},{"@type":"WebSite","@id":"https:\/\/www.blogsoestado.com\/danielmatos\/#website","url":"https:\/\/www.blogsoestado.com\/danielmatos\/","name":"Daniel Matos","description":"","potentialAction":[{"@type":"SearchAction","target":{"@type":"EntryPoint","urlTemplate":"https:\/\/www.blogsoestado.com\/danielmatos\/?s={search_term_string}"},"query-input":{"@type":"PropertyValueSpecification","valueRequired":true,"valueName":"search_term_string"}}],"inLanguage":"pt-BR"},{"@type":"Person","@id":"https:\/\/www.blogsoestado.com\/danielmatos\/#\/schema\/person\/9a209d407cd45631f131e1285b661bb0","name":"Daniel Matos","image":{"@type":"ImageObject","inLanguage":"pt-BR","@id":"https:\/\/www.blogsoestado.com\/danielmatos\/#\/schema\/person\/image\/","url":"https:\/\/secure.gravatar.com\/avatar\/2f26c36ee355da19a257f0dfef43952a2588b324ca35d6719e859fe338ac0392?s=96&d=mm&r=g","contentUrl":"https:\/\/secure.gravatar.com\/avatar\/2f26c36ee355da19a257f0dfef43952a2588b324ca35d6719e859fe338ac0392?s=96&d=mm&r=g","caption":"Daniel Matos"},"url":"https:\/\/www.blogsoestado.com\/danielmatos\/author\/danielmatos\/"}]}},"jetpack_featured_media_url":"","_links":{"self":[{"href":"https:\/\/www.blogsoestado.com\/danielmatos\/wp-json\/wp\/v2\/posts\/155702","targetHints":{"allow":["GET"]}}],"collection":[{"href":"https:\/\/www.blogsoestado.com\/danielmatos\/wp-json\/wp\/v2\/posts"}],"about":[{"href":"https:\/\/www.blogsoestado.com\/danielmatos\/wp-json\/wp\/v2\/types\/post"}],"author":[{"embeddable":true,"href":"https:\/\/www.blogsoestado.com\/danielmatos\/wp-json\/wp\/v2\/users\/2"}],"replies":[{"embeddable":true,"href":"https:\/\/www.blogsoestado.com\/danielmatos\/wp-json\/wp\/v2\/comments?post=155702"}],"version-history":[{"count":1,"href":"https:\/\/www.blogsoestado.com\/danielmatos\/wp-json\/wp\/v2\/posts\/155702\/revisions"}],"predecessor-version":[{"id":155704,"href":"https:\/\/www.blogsoestado.com\/danielmatos\/wp-json\/wp\/v2\/posts\/155702\/revisions\/155704"}],"wp:attachment":[{"href":"https:\/\/www.blogsoestado.com\/danielmatos\/wp-json\/wp\/v2\/media?parent=155702"}],"wp:term":[{"taxonomy":"category","embeddable":true,"href":"https:\/\/www.blogsoestado.com\/danielmatos\/wp-json\/wp\/v2\/categories?post=155702"},{"taxonomy":"post_tag","embeddable":true,"href":"https:\/\/www.blogsoestado.com\/danielmatos\/wp-json\/wp\/v2\/tags?post=155702"}],"curies":[{"name":"wp","href":"https:\/\/api.w.org\/{rel}","templated":true}]}}