{"id":155705,"date":"2026-03-13T17:31:54","date_gmt":"2026-03-13T20:31:54","guid":{"rendered":"https:\/\/www.blogsoestado.com\/danielmatos\/?p=155705"},"modified":"2026-03-13T17:32:01","modified_gmt":"2026-03-13T20:32:01","slug":"hu-ufma-realiza-195-atendimentos-durante-acao-pelo-dia-mundial-do-rim","status":"publish","type":"post","link":"https:\/\/www.blogsoestado.com\/danielmatos\/hu-ufma-realiza-195-atendimentos-durante-acao-pelo-dia-mundial-do-rim\/","title":{"rendered":"HU-UFMA realiza 195 atendimentos durante a\u00e7\u00e3o pelo Dia Mundial do Rim"},"content":{"rendered":"\n<p><strong><mark style=\"color:#cf2e2e\" class=\"has-inline-color\">Campanha incluiu atendimentos e atividades educativas voltadas \u00e0 popula\u00e7\u00e3o em situa\u00e7\u00e3o de rua, pacientes e acompanhantes<\/mark><\/strong><\/p>\n\n\n\n<figure class=\"wp-block-image aligncenter size-full\"><img fetchpriority=\"high\" decoding=\"async\" width=\"768\" height=\"345\" src=\"https:\/\/www.blogsoestado.com\/danielmatos\/wp-content\/uploads\/sites\/2\/2026\/03\/1005207660.jpg\" alt=\"\" class=\"wp-image-155706\" srcset=\"https:\/\/www.blogsoestado.com\/danielmatos\/wp-content\/uploads\/sites\/2\/2026\/03\/1005207660.jpg 768w, https:\/\/www.blogsoestado.com\/danielmatos\/wp-content\/uploads\/sites\/2\/2026\/03\/1005207660-300x135.jpg 300w\" sizes=\"(max-width: 768px) 100vw, 768px\" \/><figcaption class=\"wp-element-caption\">O nefrologista e vice-presidente da SBN-MA, Natalino Salgado Filho, com profissionais de sa\u00fade do HU-UFMA e estudantes que participaram da campanha alusiva ao Dia Mundial do Rim<\/figcaption><\/figure>\n\n\n\n<p><strong>S\u00e3o Lu\u00eds-MA &#8211;&nbsp;<\/strong>O Hospital Universit\u00e1rio da UFMA (HU-UFMA), gerido pela Empresa Brasileira de Servi\u00e7os Hospitalares (Ebserh) realizou, nesta quinta-feira (12) e sexta-feira (13), uma a\u00e7\u00e3o educativa em alus\u00e3o ao Dia Mundial do Rim. Ao todo, foram realizados 195 atendimentos. Neste ano, o tema da campanha foi \u201cCuidar de pessoas e proteger o planeta\u201d. A iniciativa teve como p\u00fablico-alvo pessoas em situa\u00e7\u00e3o de rua no primeiro dia e pacientes e acompanhantes no segundo.<\/p>\n\n\n\n<p>O hospital contou com a parceria da Sociedade Brasileira de Nefrologia (SBN) e de sua regional no&nbsp;Maranh\u00e3o&nbsp;(SBN-MA), al\u00e9m da Secretaria Municipal da Crian\u00e7a e Assist\u00eancia Social (Semcas). Entre os servi\u00e7os oferecidos estavam aferi\u00e7\u00e3o da press\u00e3o arterial, testes de glicemia capilar, medidas antropom\u00e9tricas e teste de creatinina point-of-care, al\u00e9m de orienta\u00e7\u00f5es educativas sobre sa\u00fade renal conduzidas por equipe multiprofissional.<\/p>\n\n\n\n<figure class=\"wp-block-image aligncenter size-full\"><img decoding=\"async\" width=\"768\" height=\"345\" src=\"https:\/\/www.blogsoestado.com\/danielmatos\/wp-content\/uploads\/sites\/2\/2026\/03\/1005207679.jpg\" alt=\"\" class=\"wp-image-155707\" srcset=\"https:\/\/www.blogsoestado.com\/danielmatos\/wp-content\/uploads\/sites\/2\/2026\/03\/1005207679.jpg 768w, https:\/\/www.blogsoestado.com\/danielmatos\/wp-content\/uploads\/sites\/2\/2026\/03\/1005207679-300x135.jpg 300w\" sizes=\"(max-width: 768px) 100vw, 768px\" \/><\/figure>\n\n\n\n<p>No dia 12, a atividade ocorreu no Centro de Refer\u00eancia Especializado para Popula\u00e7\u00e3o em Situa\u00e7\u00e3o de Rua (Centro POP), no bairro Diamante, unidade vinculada \u00e0 Semcas. No local, foram atendidas 103 pessoas, das quais somente 27 aceitaram realizar o teste de creatinina. Entre os examinados, apenas um apresentou altera\u00e7\u00e3o no resultado.<\/p>\n\n\n\n<p>&nbsp;J\u00e1 na sexta-feira (13), a a\u00e7\u00e3o foi realizada na \u00e1rea de Marca\u00e7\u00e3o de Consultas do HU-UFMA, alcan\u00e7ando 92 pessoas. Nesse grupo, foram detectadas altera\u00e7\u00f5es em 10 pacientes.<\/p>\n\n\n\n<p><strong>Preven\u00e7\u00e3o e conscientiza\u00e7\u00e3o<\/strong><\/p>\n\n\n\n<p>A campanha do Dia Mundial do Rim tem como objetivo disseminar informa\u00e7\u00f5es sobre as doen\u00e7as renais, promovendo a preven\u00e7\u00e3o, o diagn\u00f3stico precoce e o tratamento adequado<strong>.&nbsp;<\/strong>O tema destaca a import\u00e2ncia de pol\u00edticas de sa\u00fade inclusivas e equitativas, que assegurem acesso universal ao diagn\u00f3stico e \u00e0 terapia renal substitutiva.<\/p>\n\n\n\n<figure class=\"wp-block-image aligncenter size-full\"><img decoding=\"async\" width=\"768\" height=\"576\" src=\"https:\/\/www.blogsoestado.com\/danielmatos\/wp-content\/uploads\/sites\/2\/2026\/03\/1005207670.jpg\" alt=\"\" class=\"wp-image-155708\" srcset=\"https:\/\/www.blogsoestado.com\/danielmatos\/wp-content\/uploads\/sites\/2\/2026\/03\/1005207670.jpg 768w, https:\/\/www.blogsoestado.com\/danielmatos\/wp-content\/uploads\/sites\/2\/2026\/03\/1005207670-300x225.jpg 300w\" sizes=\"(max-width: 768px) 100vw, 768px\" \/><\/figure>\n\n\n\n<p>K\u00e1tia Cristina Silva Dourado, 61 anos, foi atendida durante a a\u00e7\u00e3o no Centro POP. Ela contou que descobriu recentemente que possui pedra nos rins e agradeceu pela oportunidade de receber o atendimento.<\/p>\n\n\n\n<p>\u201cFoi maravilhoso. Eu estava precisando muito. Ter acesso aos hospitais na nossa situa\u00e7\u00e3o n\u00e3o \u00e9 f\u00e1cil. Sou hipertensa e fumo, sei que s\u00e3o fatores que prejudicam, por isso vou ter mais cuidado, porque sei que problema nos rins \u00e9 s\u00e9rio\u201d, afirmou.<\/p>\n\n\n\n<p><strong>Import\u00e2ncia do diagn\u00f3stico precoce<\/strong><\/p>\n\n\n\n<p>O nefrologista e vice-presidente da SBN-MA, Natalino Salgado Filho, destacou que a mobiliza\u00e7\u00e3o em torno da causa j\u00e1 ocorre h\u00e1 duas d\u00e9cadas. \u201c\u00c9 um momento importante para esclarecer, divulgar, conscientizar e educar a popula\u00e7\u00e3o sobre a doen\u00e7a renal. Sabemos que cerca de 10% da popula\u00e7\u00e3o mundial tem doen\u00e7a renal. No Brasil, s\u00e3o aproximadamente 20 milh\u00f5es de pessoas, mas apenas 10% sabem que t\u00eam a doen\u00e7a. Hoje, temos quase 180 mil pacientes em hemodi\u00e1lise e h\u00e1 filas tanto para iniciar a hemodi\u00e1lise quanto para transplante. Por isso, as pol\u00edticas p\u00fablicas s\u00e3o t\u00e3o importantes\u201d, ressaltou.<\/p>\n\n\n\n<figure class=\"wp-block-image aligncenter size-full\"><img loading=\"lazy\" decoding=\"async\" width=\"768\" height=\"345\" src=\"https:\/\/www.blogsoestado.com\/danielmatos\/wp-content\/uploads\/sites\/2\/2026\/03\/1005207674.jpg\" alt=\"\" class=\"wp-image-155709\" srcset=\"https:\/\/www.blogsoestado.com\/danielmatos\/wp-content\/uploads\/sites\/2\/2026\/03\/1005207674.jpg 768w, https:\/\/www.blogsoestado.com\/danielmatos\/wp-content\/uploads\/sites\/2\/2026\/03\/1005207674-300x135.jpg 300w\" sizes=\"(max-width: 768px) 100vw, 768px\" \/><\/figure>\n\n\n\n<p>O gerente de Aten\u00e7\u00e3o \u00e0 Sa\u00fade do HU-UFMA, Dyego Brito \u2014 que tamb\u00e9m \u00e9 presidente da SBN-MA \u2014 destacou a import\u00e2ncia do diagn\u00f3stico precoce para retardar a progress\u00e3o da doen\u00e7a e atuar sobre os principais fatores de risco, como hipertens\u00e3o e diabetes.<\/p>\n\n\n\n<p>\u201cO grande problema da doen\u00e7a renal cr\u00f4nica \u00e9 que ela \u00e9 assintom\u00e1tica em boa parte de sua evolu\u00e7\u00e3o. Cerca de 90% das pessoas desconhecem que t\u00eam problema renal, e isso precisa ser diagnosticado precocemente para evitar complica\u00e7\u00f5es \u201c, explicou.<\/p>\n\n\n\n<p>Segundo ele, no est\u00e1gio mais avan\u00e7ado da doen\u00e7a, os rins deixam de exercer fun\u00e7\u00f5es essenciais, como filtrar o sangue, controlar a press\u00e3o arterial e eliminar o excesso de \u00e1gua do organismo, levando ao ac\u00famulo de toxinas no sangue e ao surgimento de complica\u00e7\u00f5es graves, como anemia e problemas \u00f3sseos, entre outros.<\/p>\n\n\n\n<figure class=\"wp-block-image aligncenter size-full\"><img loading=\"lazy\" decoding=\"async\" width=\"768\" height=\"345\" src=\"https:\/\/www.blogsoestado.com\/danielmatos\/wp-content\/uploads\/sites\/2\/2026\/03\/1005207790.jpg\" alt=\"\" class=\"wp-image-155711\" srcset=\"https:\/\/www.blogsoestado.com\/danielmatos\/wp-content\/uploads\/sites\/2\/2026\/03\/1005207790.jpg 768w, https:\/\/www.blogsoestado.com\/danielmatos\/wp-content\/uploads\/sites\/2\/2026\/03\/1005207790-300x135.jpg 300w\" sizes=\"(max-width: 768px) 100vw, 768px\" \/><\/figure>\n\n\n\n<p><strong>Fatores de risco e exames simples<\/strong><\/p>\n\n\n\n<p>Outros fatores tamb\u00e9m exigem aten\u00e7\u00e3o, como hist\u00f3rico familiar de doen\u00e7a renal, doen\u00e7as cardiovasculares, idade avan\u00e7ada e o uso frequente de medicamentos sem prescri\u00e7\u00e3o m\u00e9dica \u2014 especialmente anti-inflamat\u00f3rios.<\/p>\n\n\n\n<p>\u201cCom essa a\u00e7\u00e3o, conseguimos identificar pessoas com fatores de risco, orient\u00e1-las e direcion\u00e1-las para acompanhamento nos servi\u00e7os de sa\u00fade, al\u00e9m de alcan\u00e7ar pessoas em maior vulnerabilidade social\u201d, afirmou.<\/p>\n\n\n\n<p>De acordo com o especialista, exames simples podem ajudar na detec\u00e7\u00e3o precoce da doen\u00e7a. \u201cUm simples exame de creatinina no sangue e a investiga\u00e7\u00e3o da presen\u00e7a de sangue ou prote\u00edna na urina fazem a diferen\u00e7a. Precisamos realizar essa identifica\u00e7\u00e3o o mais cedo poss\u00edvel para evitar que a doen\u00e7a progrida e que o paciente precise, no futuro, de terapia renal substitutiva, como di\u00e1lise ou transplante.\u201d<\/p>\n\n\n\n<figure class=\"wp-block-image aligncenter size-full\"><img loading=\"lazy\" decoding=\"async\" width=\"768\" height=\"345\" src=\"https:\/\/www.blogsoestado.com\/danielmatos\/wp-content\/uploads\/sites\/2\/2026\/03\/1005207657.jpg\" alt=\"\" class=\"wp-image-155710\" srcset=\"https:\/\/www.blogsoestado.com\/danielmatos\/wp-content\/uploads\/sites\/2\/2026\/03\/1005207657.jpg 768w, https:\/\/www.blogsoestado.com\/danielmatos\/wp-content\/uploads\/sites\/2\/2026\/03\/1005207657-300x135.jpg 300w\" sizes=\"(max-width: 768px) 100vw, 768px\" \/><\/figure>\n\n\n\n<p><strong>Sobre a&nbsp;Ebserh&nbsp;<\/strong><\/p>\n\n\n\n<p>O HU-UFMA&nbsp;faz&nbsp;parte da&nbsp;Rede da Empresa Brasileira de Servi\u00e7os Hospitalares (Rede&nbsp;Ebserh) desde 2013.\u202fVinculada ao&nbsp;Minist\u00e9rio da Educa\u00e7\u00e3o&nbsp;(MEC), a&nbsp;Ebserh&nbsp;foi criada em 2011 e, atualmente, administra 45 hospitais universit\u00e1rios federais, apoiando e impulsionando suas atividades por meio de uma gest\u00e3o de excel\u00eancia. Como hospitais vinculados a universidades federais, essas unidades t\u00eam caracter\u00edsticas espec\u00edficas: atendem pacientes do Sistema \u00danico de Sa\u00fade (SUS) ao mesmo tempo&nbsp;que apoiam a forma\u00e7\u00e3o de profissionais de sa\u00fade e o desenvolvimento de pesquisas e inova\u00e7\u00e3o.\u202f&nbsp;<\/p>\n\n\n\n<p><\/p>\n","protected":false},"excerpt":{"rendered":"<p>Campanha incluiu atendimentos e atividades educativas voltadas \u00e0 popula\u00e7\u00e3o em situa\u00e7\u00e3o de rua, pacientes e acompanhantes S\u00e3o Lu\u00eds-MA &#8211;&nbsp;O Hospital [&hellip;]<\/p>\n","protected":false},"author":2,"featured_media":0,"comment_status":"open","ping_status":"open","sticky":false,"template":"","format":"standard","meta":{"site-sidebar-layout":"default","site-content-layout":"","ast-site-content-layout":"default","site-content-style":"default","site-sidebar-style":"default","ast-global-header-display":"","ast-banner-title-visibility":"","ast-main-header-display":"","ast-hfb-above-header-display":"","ast-hfb-below-header-display":"","ast-hfb-mobile-header-display":"","site-post-title":"","ast-breadcrumbs-content":"","ast-featured-img":"","footer-sml-layout":"","ast-disable-related-posts":"","theme-transparent-header-meta":"","adv-header-id-meta":"","stick-header-meta":"","header-above-stick-meta":"","header-main-stick-meta":"","header-below-stick-meta":"","astra-migrate-meta-layouts":"default","ast-page-background-enabled":"default","ast-page-background-meta":{"desktop":{"background-color":"var(--ast-global-color-5)","background-image":"","background-repeat":"repeat","background-position":"center center","background-size":"auto","background-attachment":"scroll","background-type":"","background-media":"","overlay-type":"","overlay-color":"","overlay-opacity":"","overlay-gradient":""},"tablet":{"background-color":"","background-image":"","background-repeat":"repeat","background-position":"center center","background-size":"auto","background-attachment":"scroll","background-type":"","background-media":"","overlay-type":"","overlay-color":"","overlay-opacity":"","overlay-gradient":""},"mobile":{"background-color":"","background-image":"","background-repeat":"repeat","background-position":"center center","background-size":"auto","background-attachment":"scroll","background-type":"","background-media":"","overlay-type":"","overlay-color":"","overlay-opacity":"","overlay-gradient":""}},"ast-content-background-meta":{"desktop":{"background-color":"var(--ast-global-color-4)","background-image":"","background-repeat":"repeat","background-position":"center center","background-size":"auto","background-attachment":"scroll","background-type":"","background-media":"","overlay-type":"","overlay-color":"","overlay-opacity":"","overlay-gradient":""},"tablet":{"background-color":"var(--ast-global-color-4)","background-image":"","background-repeat":"repeat","background-position":"center center","background-size":"auto","background-attachment":"scroll","background-type":"","background-media":"","overlay-type":"","overlay-color":"","overlay-opacity":"","overlay-gradient":""},"mobile":{"background-color":"var(--ast-global-color-4)","background-image":"","background-repeat":"repeat","background-position":"center center","background-size":"auto","background-attachment":"scroll","background-type":"","background-media":"","overlay-type":"","overlay-color":"","overlay-opacity":"","overlay-gradient":""}},"footnotes":""},"categories":[1],"tags":[],"class_list":["post-155705","post","type-post","status-publish","format-standard","hentry","category-sem-categoria"],"yoast_head":"<!-- This site is optimized with the Yoast SEO plugin v26.6 - https:\/\/yoast.com\/wordpress\/plugins\/seo\/ -->\n<title>HU-UFMA realiza 195 atendimentos durante a\u00e7\u00e3o pelo Dia Mundial do Rim - Daniel Matos<\/title>\n<meta name=\"robots\" content=\"index, follow, max-snippet:-1, max-image-preview:large, max-video-preview:-1\" \/>\n<link rel=\"canonical\" href=\"https:\/\/www.blogsoestado.com\/danielmatos\/hu-ufma-realiza-195-atendimentos-durante-acao-pelo-dia-mundial-do-rim\/\" \/>\n<meta property=\"og:locale\" content=\"pt_BR\" \/>\n<meta property=\"og:type\" content=\"article\" \/>\n<meta property=\"og:title\" content=\"HU-UFMA realiza 195 atendimentos durante a\u00e7\u00e3o pelo Dia Mundial do Rim - Daniel Matos\" \/>\n<meta property=\"og:description\" content=\"Campanha incluiu atendimentos e atividades educativas voltadas \u00e0 popula\u00e7\u00e3o em situa\u00e7\u00e3o de rua, pacientes e acompanhantes S\u00e3o Lu\u00eds-MA &#8211;&nbsp;O Hospital [&hellip;]\" \/>\n<meta property=\"og:url\" content=\"https:\/\/www.blogsoestado.com\/danielmatos\/hu-ufma-realiza-195-atendimentos-durante-acao-pelo-dia-mundial-do-rim\/\" \/>\n<meta property=\"og:site_name\" content=\"Daniel Matos\" \/>\n<meta property=\"article:published_time\" content=\"2026-03-13T20:31:54+00:00\" \/>\n<meta property=\"article:modified_time\" content=\"2026-03-13T20:32:01+00:00\" \/>\n<meta property=\"og:image\" content=\"https:\/\/www.blogsoestado.com\/danielmatos\/wp-content\/uploads\/sites\/2\/2026\/03\/1005207660.jpg\" \/>\n\t<meta property=\"og:image:width\" content=\"768\" \/>\n\t<meta property=\"og:image:height\" content=\"345\" \/>\n\t<meta property=\"og:image:type\" content=\"image\/jpeg\" \/>\n<meta name=\"author\" content=\"Daniel Matos\" \/>\n<meta name=\"twitter:card\" content=\"summary_large_image\" \/>\n<meta name=\"twitter:label1\" content=\"Escrito por\" \/>\n\t<meta name=\"twitter:data1\" content=\"Daniel Matos\" \/>\n\t<meta name=\"twitter:label2\" content=\"Est. tempo de leitura\" \/>\n\t<meta name=\"twitter:data2\" content=\"6 minutos\" \/>\n<script type=\"application\/ld+json\" class=\"yoast-schema-graph\">{\"@context\":\"https:\/\/schema.org\",\"@graph\":[{\"@type\":\"WebPage\",\"@id\":\"https:\/\/www.blogsoestado.com\/danielmatos\/hu-ufma-realiza-195-atendimentos-durante-acao-pelo-dia-mundial-do-rim\/\",\"url\":\"https:\/\/www.blogsoestado.com\/danielmatos\/hu-ufma-realiza-195-atendimentos-durante-acao-pelo-dia-mundial-do-rim\/\",\"name\":\"HU-UFMA realiza 195 atendimentos durante a\u00e7\u00e3o pelo Dia Mundial do Rim - Daniel Matos\",\"isPartOf\":{\"@id\":\"https:\/\/www.blogsoestado.com\/danielmatos\/#website\"},\"primaryImageOfPage\":{\"@id\":\"https:\/\/www.blogsoestado.com\/danielmatos\/hu-ufma-realiza-195-atendimentos-durante-acao-pelo-dia-mundial-do-rim\/#primaryimage\"},\"image\":{\"@id\":\"https:\/\/www.blogsoestado.com\/danielmatos\/hu-ufma-realiza-195-atendimentos-durante-acao-pelo-dia-mundial-do-rim\/#primaryimage\"},\"thumbnailUrl\":\"https:\/\/www.blogsoestado.com\/danielmatos\/wp-content\/uploads\/sites\/2\/2026\/03\/1005207660.jpg\",\"datePublished\":\"2026-03-13T20:31:54+00:00\",\"dateModified\":\"2026-03-13T20:32:01+00:00\",\"author\":{\"@id\":\"https:\/\/www.blogsoestado.com\/danielmatos\/#\/schema\/person\/9a209d407cd45631f131e1285b661bb0\"},\"breadcrumb\":{\"@id\":\"https:\/\/www.blogsoestado.com\/danielmatos\/hu-ufma-realiza-195-atendimentos-durante-acao-pelo-dia-mundial-do-rim\/#breadcrumb\"},\"inLanguage\":\"pt-BR\",\"potentialAction\":[{\"@type\":\"ReadAction\",\"target\":[\"https:\/\/www.blogsoestado.com\/danielmatos\/hu-ufma-realiza-195-atendimentos-durante-acao-pelo-dia-mundial-do-rim\/\"]}]},{\"@type\":\"ImageObject\",\"inLanguage\":\"pt-BR\",\"@id\":\"https:\/\/www.blogsoestado.com\/danielmatos\/hu-ufma-realiza-195-atendimentos-durante-acao-pelo-dia-mundial-do-rim\/#primaryimage\",\"url\":\"https:\/\/www.blogsoestado.com\/danielmatos\/wp-content\/uploads\/sites\/2\/2026\/03\/1005207660.jpg\",\"contentUrl\":\"https:\/\/www.blogsoestado.com\/danielmatos\/wp-content\/uploads\/sites\/2\/2026\/03\/1005207660.jpg\",\"width\":768,\"height\":345},{\"@type\":\"BreadcrumbList\",\"@id\":\"https:\/\/www.blogsoestado.com\/danielmatos\/hu-ufma-realiza-195-atendimentos-durante-acao-pelo-dia-mundial-do-rim\/#breadcrumb\",\"itemListElement\":[{\"@type\":\"ListItem\",\"position\":1,\"name\":\"In\u00edcio\",\"item\":\"https:\/\/www.blogsoestado.com\/danielmatos\/\"},{\"@type\":\"ListItem\",\"position\":2,\"name\":\"HU-UFMA realiza 195 atendimentos durante a\u00e7\u00e3o pelo Dia Mundial do Rim\"}]},{\"@type\":\"WebSite\",\"@id\":\"https:\/\/www.blogsoestado.com\/danielmatos\/#website\",\"url\":\"https:\/\/www.blogsoestado.com\/danielmatos\/\",\"name\":\"Daniel Matos\",\"description\":\"\",\"potentialAction\":[{\"@type\":\"SearchAction\",\"target\":{\"@type\":\"EntryPoint\",\"urlTemplate\":\"https:\/\/www.blogsoestado.com\/danielmatos\/?s={search_term_string}\"},\"query-input\":{\"@type\":\"PropertyValueSpecification\",\"valueRequired\":true,\"valueName\":\"search_term_string\"}}],\"inLanguage\":\"pt-BR\"},{\"@type\":\"Person\",\"@id\":\"https:\/\/www.blogsoestado.com\/danielmatos\/#\/schema\/person\/9a209d407cd45631f131e1285b661bb0\",\"name\":\"Daniel Matos\",\"image\":{\"@type\":\"ImageObject\",\"inLanguage\":\"pt-BR\",\"@id\":\"https:\/\/www.blogsoestado.com\/danielmatos\/#\/schema\/person\/image\/\",\"url\":\"https:\/\/secure.gravatar.com\/avatar\/2f26c36ee355da19a257f0dfef43952a2588b324ca35d6719e859fe338ac0392?s=96&d=mm&r=g\",\"contentUrl\":\"https:\/\/secure.gravatar.com\/avatar\/2f26c36ee355da19a257f0dfef43952a2588b324ca35d6719e859fe338ac0392?s=96&d=mm&r=g\",\"caption\":\"Daniel Matos\"},\"url\":\"https:\/\/www.blogsoestado.com\/danielmatos\/author\/danielmatos\/\"}]}<\/script>\n<!-- \/ Yoast SEO plugin. -->","yoast_head_json":{"title":"HU-UFMA realiza 195 atendimentos durante a\u00e7\u00e3o pelo Dia Mundial do Rim - Daniel Matos","robots":{"index":"index","follow":"follow","max-snippet":"max-snippet:-1","max-image-preview":"max-image-preview:large","max-video-preview":"max-video-preview:-1"},"canonical":"https:\/\/www.blogsoestado.com\/danielmatos\/hu-ufma-realiza-195-atendimentos-durante-acao-pelo-dia-mundial-do-rim\/","og_locale":"pt_BR","og_type":"article","og_title":"HU-UFMA realiza 195 atendimentos durante a\u00e7\u00e3o pelo Dia Mundial do Rim - Daniel Matos","og_description":"Campanha incluiu atendimentos e atividades educativas voltadas \u00e0 popula\u00e7\u00e3o em situa\u00e7\u00e3o de rua, pacientes e acompanhantes S\u00e3o Lu\u00eds-MA &#8211;&nbsp;O Hospital [&hellip;]","og_url":"https:\/\/www.blogsoestado.com\/danielmatos\/hu-ufma-realiza-195-atendimentos-durante-acao-pelo-dia-mundial-do-rim\/","og_site_name":"Daniel Matos","article_published_time":"2026-03-13T20:31:54+00:00","article_modified_time":"2026-03-13T20:32:01+00:00","og_image":[{"width":768,"height":345,"url":"https:\/\/www.blogsoestado.com\/danielmatos\/wp-content\/uploads\/sites\/2\/2026\/03\/1005207660.jpg","type":"image\/jpeg"}],"author":"Daniel Matos","twitter_card":"summary_large_image","twitter_misc":{"Escrito por":"Daniel Matos","Est. tempo de leitura":"6 minutos"},"schema":{"@context":"https:\/\/schema.org","@graph":[{"@type":"WebPage","@id":"https:\/\/www.blogsoestado.com\/danielmatos\/hu-ufma-realiza-195-atendimentos-durante-acao-pelo-dia-mundial-do-rim\/","url":"https:\/\/www.blogsoestado.com\/danielmatos\/hu-ufma-realiza-195-atendimentos-durante-acao-pelo-dia-mundial-do-rim\/","name":"HU-UFMA realiza 195 atendimentos durante a\u00e7\u00e3o pelo Dia Mundial do Rim - Daniel Matos","isPartOf":{"@id":"https:\/\/www.blogsoestado.com\/danielmatos\/#website"},"primaryImageOfPage":{"@id":"https:\/\/www.blogsoestado.com\/danielmatos\/hu-ufma-realiza-195-atendimentos-durante-acao-pelo-dia-mundial-do-rim\/#primaryimage"},"image":{"@id":"https:\/\/www.blogsoestado.com\/danielmatos\/hu-ufma-realiza-195-atendimentos-durante-acao-pelo-dia-mundial-do-rim\/#primaryimage"},"thumbnailUrl":"https:\/\/www.blogsoestado.com\/danielmatos\/wp-content\/uploads\/sites\/2\/2026\/03\/1005207660.jpg","datePublished":"2026-03-13T20:31:54+00:00","dateModified":"2026-03-13T20:32:01+00:00","author":{"@id":"https:\/\/www.blogsoestado.com\/danielmatos\/#\/schema\/person\/9a209d407cd45631f131e1285b661bb0"},"breadcrumb":{"@id":"https:\/\/www.blogsoestado.com\/danielmatos\/hu-ufma-realiza-195-atendimentos-durante-acao-pelo-dia-mundial-do-rim\/#breadcrumb"},"inLanguage":"pt-BR","potentialAction":[{"@type":"ReadAction","target":["https:\/\/www.blogsoestado.com\/danielmatos\/hu-ufma-realiza-195-atendimentos-durante-acao-pelo-dia-mundial-do-rim\/"]}]},{"@type":"ImageObject","inLanguage":"pt-BR","@id":"https:\/\/www.blogsoestado.com\/danielmatos\/hu-ufma-realiza-195-atendimentos-durante-acao-pelo-dia-mundial-do-rim\/#primaryimage","url":"https:\/\/www.blogsoestado.com\/danielmatos\/wp-content\/uploads\/sites\/2\/2026\/03\/1005207660.jpg","contentUrl":"https:\/\/www.blogsoestado.com\/danielmatos\/wp-content\/uploads\/sites\/2\/2026\/03\/1005207660.jpg","width":768,"height":345},{"@type":"BreadcrumbList","@id":"https:\/\/www.blogsoestado.com\/danielmatos\/hu-ufma-realiza-195-atendimentos-durante-acao-pelo-dia-mundial-do-rim\/#breadcrumb","itemListElement":[{"@type":"ListItem","position":1,"name":"In\u00edcio","item":"https:\/\/www.blogsoestado.com\/danielmatos\/"},{"@type":"ListItem","position":2,"name":"HU-UFMA realiza 195 atendimentos durante a\u00e7\u00e3o pelo Dia Mundial do Rim"}]},{"@type":"WebSite","@id":"https:\/\/www.blogsoestado.com\/danielmatos\/#website","url":"https:\/\/www.blogsoestado.com\/danielmatos\/","name":"Daniel Matos","description":"","potentialAction":[{"@type":"SearchAction","target":{"@type":"EntryPoint","urlTemplate":"https:\/\/www.blogsoestado.com\/danielmatos\/?s={search_term_string}"},"query-input":{"@type":"PropertyValueSpecification","valueRequired":true,"valueName":"search_term_string"}}],"inLanguage":"pt-BR"},{"@type":"Person","@id":"https:\/\/www.blogsoestado.com\/danielmatos\/#\/schema\/person\/9a209d407cd45631f131e1285b661bb0","name":"Daniel Matos","image":{"@type":"ImageObject","inLanguage":"pt-BR","@id":"https:\/\/www.blogsoestado.com\/danielmatos\/#\/schema\/person\/image\/","url":"https:\/\/secure.gravatar.com\/avatar\/2f26c36ee355da19a257f0dfef43952a2588b324ca35d6719e859fe338ac0392?s=96&d=mm&r=g","contentUrl":"https:\/\/secure.gravatar.com\/avatar\/2f26c36ee355da19a257f0dfef43952a2588b324ca35d6719e859fe338ac0392?s=96&d=mm&r=g","caption":"Daniel Matos"},"url":"https:\/\/www.blogsoestado.com\/danielmatos\/author\/danielmatos\/"}]}},"jetpack_featured_media_url":"","_links":{"self":[{"href":"https:\/\/www.blogsoestado.com\/danielmatos\/wp-json\/wp\/v2\/posts\/155705","targetHints":{"allow":["GET"]}}],"collection":[{"href":"https:\/\/www.blogsoestado.com\/danielmatos\/wp-json\/wp\/v2\/posts"}],"about":[{"href":"https:\/\/www.blogsoestado.com\/danielmatos\/wp-json\/wp\/v2\/types\/post"}],"author":[{"embeddable":true,"href":"https:\/\/www.blogsoestado.com\/danielmatos\/wp-json\/wp\/v2\/users\/2"}],"replies":[{"embeddable":true,"href":"https:\/\/www.blogsoestado.com\/danielmatos\/wp-json\/wp\/v2\/comments?post=155705"}],"version-history":[{"count":1,"href":"https:\/\/www.blogsoestado.com\/danielmatos\/wp-json\/wp\/v2\/posts\/155705\/revisions"}],"predecessor-version":[{"id":155712,"href":"https:\/\/www.blogsoestado.com\/danielmatos\/wp-json\/wp\/v2\/posts\/155705\/revisions\/155712"}],"wp:attachment":[{"href":"https:\/\/www.blogsoestado.com\/danielmatos\/wp-json\/wp\/v2\/media?parent=155705"}],"wp:term":[{"taxonomy":"category","embeddable":true,"href":"https:\/\/www.blogsoestado.com\/danielmatos\/wp-json\/wp\/v2\/categories?post=155705"},{"taxonomy":"post_tag","embeddable":true,"href":"https:\/\/www.blogsoestado.com\/danielmatos\/wp-json\/wp\/v2\/tags?post=155705"}],"curies":[{"name":"wp","href":"https:\/\/api.w.org\/{rel}","templated":true}]}}