{"id":155717,"date":"2026-03-14T03:22:38","date_gmt":"2026-03-14T06:22:38","guid":{"rendered":"https:\/\/www.blogsoestado.com\/danielmatos\/?p=155717"},"modified":"2026-03-14T03:22:43","modified_gmt":"2026-03-14T06:22:43","slug":"segov-entrega-as-reformas-da-delegacia-de-policia-civil-e-do-iema-pleno-em-ze-doca","status":"publish","type":"post","link":"https:\/\/www.blogsoestado.com\/danielmatos\/segov-entrega-as-reformas-da-delegacia-de-policia-civil-e-do-iema-pleno-em-ze-doca\/","title":{"rendered":"Segov entrega as reformas da Delegacia de Pol\u00edcia Civil e do Iema Pleno em Z\u00e9 Doca"},"content":{"rendered":"\n<figure class=\"wp-block-image aligncenter size-large\"><img fetchpriority=\"high\" decoding=\"async\" width=\"1024\" height=\"683\" src=\"https:\/\/www.blogsoestado.com\/danielmatos\/wp-content\/uploads\/sites\/2\/2026\/03\/1005210163-1024x683.jpg\" alt=\"\" class=\"wp-image-155718\" srcset=\"https:\/\/www.blogsoestado.com\/danielmatos\/wp-content\/uploads\/sites\/2\/2026\/03\/1005210163-1024x683.jpg 1024w, https:\/\/www.blogsoestado.com\/danielmatos\/wp-content\/uploads\/sites\/2\/2026\/03\/1005210163-300x200.jpg 300w, https:\/\/www.blogsoestado.com\/danielmatos\/wp-content\/uploads\/sites\/2\/2026\/03\/1005210163-768x512.jpg 768w, https:\/\/www.blogsoestado.com\/danielmatos\/wp-content\/uploads\/sites\/2\/2026\/03\/1005210163.jpg 1413w\" sizes=\"(max-width: 1024px) 100vw, 1024px\" \/><figcaption class=\"wp-element-caption\">Delegacia de Pol\u00edcia Civil de Z\u00e9 Doca foi inaugurada pela Secretaria de Estado de Governo (Segov)<\/figcaption><\/figure>\n\n\n\n<p>O Governo do Maranh\u00e3o segue com agenda municipalista e, nesta quinta-feira (12), inaugurou obras em Z\u00e9 Doca. No munic\u00edpio, por meio da Secretaria de Estado de Governo (Segov), foram entregues as reformas da Delegacia de Pol\u00edcia Civil e do Instituto de Educa\u00e7\u00e3o, Ci\u00eancia e Tecnologia (Iema Pleno). \u00a0<\/p>\n\n\n\n<p>Ainda na cidade, aconteceu mais uma edi\u00e7\u00e3o do \u2018Festival Conecta\u2019, que garantiu a distribui\u00e7\u00e3o de tablets para alunos da rede estadual de ensino como parte das a\u00e7\u00f5es do programa Educa\u00e7\u00e3o de Verdade. Tamb\u00e9m foram entregues equipamentos para os agentes comunit\u00e1rios de sa\u00fade. O governador Carlos Brand\u00e3o participou das solenidades.<\/p>\n\n\n\n<p>As a\u00e7\u00f5es realizadas em Z\u00e9 Doca s\u00e3o resultantes dos encontros que o governador Carlos Brand\u00e3o tem realizado com os prefeitos das cidades maranhenses para receber as demandas da popula\u00e7\u00e3o e alinhar os investimentos do Governo do Maranh\u00e3o.<\/p>\n\n\n\n<p>Durante o cumprimento das agendas institucionais no munic\u00edpio, Brand\u00e3o destacou o impacto positivo das entregas. \u201cInauguramos a reforma da delegacia, que h\u00e1 mais de 30 anos n\u00e3o passava por melhorias. Agora, est\u00e1 toda requalificada, com novos computadores e ar-condicionado, garantindo melhores condi\u00e7\u00f5es de trabalho para delegados e escriv\u00e3es atenderem a popula\u00e7\u00e3o&#8221;, ressaltou o governador.<\/p>\n\n\n\n<p>\u201cTamb\u00e9m entregamos um novo pr\u00e9dio do Iema, um equipamento fundamental para a educa\u00e7\u00e3o. Estamos ampliando o ensino em tempo integral e promovendo uma verdadeira revolu\u00e7\u00e3o na educa\u00e7\u00e3o, com a entrega de tablets aos alunos e chromebooks para os professores&#8221;, acrescentou Brand\u00e3o.<\/p>\n\n\n\n<p>O governador aproveitou a ocasi\u00e3o e anunciou novos investimentos para o munic\u00edpio, como a pavimenta\u00e7\u00e3o de ruas, conclus\u00e3o da reforma de uma escola da rede estadual, envio de duas patrulhas agr\u00edcolas para apoiar a agricultura familiar e a constru\u00e7\u00e3o de uma escola t\u00e9cnica para capacita\u00e7\u00e3o de jovens.<\/p>\n\n\n\n<p>A prefeita de Z\u00e9 Doca, Flavinha Cunha, afirmou que a parceria que o Governo do Maranh\u00e3o tem mantido com os munic\u00edpios est\u00e1 sendo fundamental para garantir o desenvolvimento das cidades, levando benef\u00edcios para a popula\u00e7\u00e3o.<\/p>\n\n\n\n<p>\u201cHoje, \u00e9 um dia especial para Z\u00e9 Doca. Recebemos um grande investimento na educa\u00e7\u00e3o com o novo pr\u00e9dio do Iema e tamb\u00e9m novos ve\u00edculos e tablets para os alunos. A palavra \u00e9 gratid\u00e3o ao governador Carlos Brand\u00e3o por olhar com aten\u00e7\u00e3o para o nosso munic\u00edpio&#8221;, disse a gestora municipal.<\/p>\n\n\n\n<p><strong><u>Entregas de obras<br><\/u><\/strong><br>A agenda em Z\u00e9 Doca teve in\u00edcio com a entrega de obras. A primeira delas foi a reforma da Delegacia de Pol\u00edcia Civil, localizada no bairro Alto dos Carneiros. A obra integra um amplo programa de moderniza\u00e7\u00e3o das instala\u00e7\u00f5es dos pr\u00e9dios do Sistema de Seguran\u00e7a P\u00fablica do Estado do Maranh\u00e3o, garantindo melhores condi\u00e7\u00f5es de trabalho para os servidores e um atendimento adequado \u00e0 popula\u00e7\u00e3o.<\/p>\n\n\n\n<p>\u201cA reforma garante uma estrutura melhor tanto para os servidores quanto para a popula\u00e7\u00e3o, assegurando um atendimento mais digno. Antes, enfrent\u00e1vamos problemas estruturais, como goteiras e mofo. Agora temos um ambiente mais adequado e seguro para trabalhar e atender a popula\u00e7\u00e3o&#8221;, observou o delegado regional Saulo Rezende.<\/p>\n\n\n\n<p>Para Paula Rezende, delegada Especial da Mulher de Z\u00e9 Doca, \u201ca reforma trouxe um acolhimento mais humano para as v\u00edtimas, com instala\u00e7\u00f5es mais adequadas. A cria\u00e7\u00e3o da sala infantil permite que as m\u00e3es sejam atendidas com mais tranquilidade enquanto as crian\u00e7as aguardam em um espa\u00e7o apropriado\u201d.<\/p>\n\n\n\n<p>Em seguida, aconteceu a entrega da reforma do Iema Pleno de Z\u00e9 Doca. A unidade de ensino integral da rede estadual passou por servi\u00e7os diversos, como revis\u00e3o de cobertura, pintura geral, instala\u00e7\u00e3o de piso t\u00e1til, restaura\u00e7\u00e3o de portas e janelas, reparo em aparelhos de ar-condicionado, revis\u00e3o el\u00e9trica, hidr\u00e1ulica e sanit\u00e1ria, entre outras interven\u00e7\u00f5es que garantem mais conforto e melhores condi\u00e7\u00f5es de ensino-aprendizagem para alunos e professores.<\/p>\n\n\n\n<p><strong><u>Festival Conecta &#8211; Programa Educa\u00e7\u00e3o de Verdade, Eixo T\u00f4 Conectado<br><\/u><\/strong><br>Para fortalecer as a\u00e7\u00f5es educacionais no estado, tamb\u00e9m foi realizado o \u2018Festival T\u00f4 Conectado\u2019 para a entrega de 11.030 tablets a estudantes da Unidade Regional de Educa\u00e7\u00e3o (URE) Z\u00e9 Doca, que soma 18 munic\u00edpios. O programa tamb\u00e9m inclui a entrega de chromebooks para os professores.<\/p>\n\n\n\n<p>&#8220;Com o novo Iema, ganhamos laborat\u00f3rios, biblioteca e equipamentos que melhoram muito o aprendizado. O tablet do programa \u2018T\u00f4 Conectado\u2019 garante mais oportunidades para estudantes que n\u00e3o t\u00eam tantos recursos\u201d, afirmou Yago Costa, aluno do Iema.<\/p>\n\n\n\n<p>As entregas fazem parte do T\u00f4 Conectado, eixo do macroprograma Educa\u00e7\u00e3o de Verdade, do Governo do Maranh\u00e3o, para garantir a inclus\u00e3o digital dos alunos, democratizando o acesso \u00e0 internet e a recursos educacionais de qualidade; a aprendizagem personalizada, permitindo que os alunos estudem no pr\u00f3prio ritmo; engajamento, tornando as aulas mais din\u00e2micas e interativas; prepara\u00e7\u00e3o para o futuro, desenvolvendo habilidades digitais essenciais para o mercado de trabalho; redu\u00e7\u00e3o de desigualdades com a amplia\u00e7\u00e3o de oportunidades para estudantes da rede p\u00fablica.<\/p>\n\n\n\n<p>Cada tablet vem com um chip de internet, com franquia de 20 GB mensais, garantindo conectividade cont\u00ednua aos estudantes. Os dispositivos permitem o acesso a uma ampla gama de recursos pedag\u00f3gicos digitais, como v\u00eddeos educativos, livros digitais, plataformas de ensino a dist\u00e2ncia (EAD) e aplicativos. Destaque para o aplicativo Elefante Letrado, uma plataforma de leitura digital para a qual os professores da rede receber\u00e3o capacita\u00e7\u00e3o espec\u00edfica.<\/p>\n\n\n\n<p><strong><u>Benef\u00edcios para os agentes comunit\u00e1rios de sa\u00fade<br><\/u><\/strong><br>Ainda em Z\u00e9 Doca, o governador Carlos Brand\u00e3o entregou 107 tabletes, al\u00e9m de fardamentos aos Agentes Comunit\u00e1rios de Sa\u00fade (ACS). A a\u00e7\u00e3o, coordenada pela Secretaria de Estado da Sa\u00fade (SES), integra o Programa Cuidar de Todos \u2013 Aten\u00e7\u00e3o Prim\u00e1ria. Os kits entregues incluem bolsa, camisa e colete, al\u00e9m de tablet para uso em campo. O equipamento digital permitir\u00e1 o registro em tempo real das informa\u00e7\u00f5es, a atualiza\u00e7\u00e3o cadastral e o monitoramento mais preciso das condi\u00e7\u00f5es de sa\u00fade nas comunidades.<\/p>\n\n\n\n<p>O Maranh\u00e3o conta com 16.303 agentes comunit\u00e1rios de sa\u00fade e 2.200 agentes de combate \u00e0s endemias, distribu\u00eddos em 2.675 equipes de Estrat\u00e9gia Sa\u00fade da Fam\u00edlia e 1.872 equipes de Sa\u00fade Bucal. Esses profissionais atuam diretamente na promo\u00e7\u00e3o da sa\u00fade, preven\u00e7\u00e3o de agravos e orienta\u00e7\u00e3o cidad\u00e3 nas comunidades.<\/p>\n\n\n\n<p>\u201cReceber esse fardamento \u00e9 um reconhecimento importante ao trabalho dos agentes de sa\u00fade em Z\u00e9 Doca&#8221;, disse Jo\u00e3o Lima, agente comunit\u00e1rio de sa\u00fade.<\/p>\n\n\n\n<p><strong><u>Coopera Maranh\u00e3o<br><\/u><\/strong><br>A agenda em Z\u00e9 Doca tamb\u00e9m contou com a entrega de um ve\u00edculo para a Secretaria Municipal de Assist\u00eancia Social e um ve\u00edculo para a Secretaria Municipal de Educa\u00e7\u00e3o. As entregas fazem parte do Programa Coopera Maranh\u00e3o, lan\u00e7ado pelo Governo do Estado com o objetivo de fortalecer a atua\u00e7\u00e3o conjunta entre o Estado e dando melhores condi\u00e7\u00f5es de atendimento \u00e0 popula\u00e7\u00e3o que precisa dos servi\u00e7os das duas \u00e1reas.<\/p>\n","protected":false},"excerpt":{"rendered":"<p>O Governo do Maranh\u00e3o segue com agenda municipalista e, nesta quinta-feira (12), inaugurou obras em Z\u00e9 Doca. No munic\u00edpio, por [&hellip;]<\/p>\n","protected":false},"author":2,"featured_media":0,"comment_status":"open","ping_status":"open","sticky":false,"template":"","format":"standard","meta":{"site-sidebar-layout":"default","site-content-layout":"","ast-site-content-layout":"default","site-content-style":"default","site-sidebar-style":"default","ast-global-header-display":"","ast-banner-title-visibility":"","ast-main-header-display":"","ast-hfb-above-header-display":"","ast-hfb-below-header-display":"","ast-hfb-mobile-header-display":"","site-post-title":"","ast-breadcrumbs-content":"","ast-featured-img":"","footer-sml-layout":"","ast-disable-related-posts":"","theme-transparent-header-meta":"","adv-header-id-meta":"","stick-header-meta":"","header-above-stick-meta":"","header-main-stick-meta":"","header-below-stick-meta":"","astra-migrate-meta-layouts":"default","ast-page-background-enabled":"default","ast-page-background-meta":{"desktop":{"background-color":"var(--ast-global-color-5)","background-image":"","background-repeat":"repeat","background-position":"center center","background-size":"auto","background-attachment":"scroll","background-type":"","background-media":"","overlay-type":"","overlay-color":"","overlay-opacity":"","overlay-gradient":""},"tablet":{"background-color":"","background-image":"","background-repeat":"repeat","background-position":"center center","background-size":"auto","background-attachment":"scroll","background-type":"","background-media":"","overlay-type":"","overlay-color":"","overlay-opacity":"","overlay-gradient":""},"mobile":{"background-color":"","background-image":"","background-repeat":"repeat","background-position":"center center","background-size":"auto","background-attachment":"scroll","background-type":"","background-media":"","overlay-type":"","overlay-color":"","overlay-opacity":"","overlay-gradient":""}},"ast-content-background-meta":{"desktop":{"background-color":"var(--ast-global-color-4)","background-image":"","background-repeat":"repeat","background-position":"center center","background-size":"auto","background-attachment":"scroll","background-type":"","background-media":"","overlay-type":"","overlay-color":"","overlay-opacity":"","overlay-gradient":""},"tablet":{"background-color":"var(--ast-global-color-4)","background-image":"","background-repeat":"repeat","background-position":"center center","background-size":"auto","background-attachment":"scroll","background-type":"","background-media":"","overlay-type":"","overlay-color":"","overlay-opacity":"","overlay-gradient":""},"mobile":{"background-color":"var(--ast-global-color-4)","background-image":"","background-repeat":"repeat","background-position":"center center","background-size":"auto","background-attachment":"scroll","background-type":"","background-media":"","overlay-type":"","overlay-color":"","overlay-opacity":"","overlay-gradient":""}},"footnotes":""},"categories":[1],"tags":[],"class_list":["post-155717","post","type-post","status-publish","format-standard","hentry","category-sem-categoria"],"yoast_head":"<!-- This site is optimized with the Yoast SEO plugin v26.6 - https:\/\/yoast.com\/wordpress\/plugins\/seo\/ -->\n<title>Segov entrega as reformas da Delegacia de Pol\u00edcia Civil e do Iema Pleno em Z\u00e9 Doca - Daniel Matos<\/title>\n<meta name=\"robots\" content=\"index, follow, max-snippet:-1, max-image-preview:large, max-video-preview:-1\" \/>\n<link rel=\"canonical\" href=\"https:\/\/www.blogsoestado.com\/danielmatos\/segov-entrega-as-reformas-da-delegacia-de-policia-civil-e-do-iema-pleno-em-ze-doca\/\" \/>\n<meta property=\"og:locale\" content=\"pt_BR\" \/>\n<meta property=\"og:type\" content=\"article\" \/>\n<meta property=\"og:title\" content=\"Segov entrega as reformas da Delegacia de Pol\u00edcia Civil e do Iema Pleno em Z\u00e9 Doca - Daniel Matos\" \/>\n<meta property=\"og:description\" content=\"O Governo do Maranh\u00e3o segue com agenda municipalista e, nesta quinta-feira (12), inaugurou obras em Z\u00e9 Doca. No munic\u00edpio, por [&hellip;]\" \/>\n<meta property=\"og:url\" content=\"https:\/\/www.blogsoestado.com\/danielmatos\/segov-entrega-as-reformas-da-delegacia-de-policia-civil-e-do-iema-pleno-em-ze-doca\/\" \/>\n<meta property=\"og:site_name\" content=\"Daniel Matos\" \/>\n<meta property=\"article:published_time\" content=\"2026-03-14T06:22:38+00:00\" \/>\n<meta property=\"article:modified_time\" content=\"2026-03-14T06:22:43+00:00\" \/>\n<meta property=\"og:image\" content=\"https:\/\/www.blogsoestado.com\/danielmatos\/wp-content\/uploads\/sites\/2\/2026\/03\/1005210163.jpg\" \/>\n\t<meta property=\"og:image:width\" content=\"1413\" \/>\n\t<meta property=\"og:image:height\" content=\"942\" \/>\n\t<meta property=\"og:image:type\" content=\"image\/jpeg\" \/>\n<meta name=\"author\" content=\"Daniel Matos\" \/>\n<meta name=\"twitter:card\" content=\"summary_large_image\" \/>\n<meta name=\"twitter:label1\" content=\"Escrito por\" \/>\n\t<meta name=\"twitter:data1\" content=\"Daniel Matos\" \/>\n\t<meta name=\"twitter:label2\" content=\"Est. tempo de leitura\" \/>\n\t<meta name=\"twitter:data2\" content=\"7 minutos\" \/>\n<script type=\"application\/ld+json\" class=\"yoast-schema-graph\">{\"@context\":\"https:\/\/schema.org\",\"@graph\":[{\"@type\":\"WebPage\",\"@id\":\"https:\/\/www.blogsoestado.com\/danielmatos\/segov-entrega-as-reformas-da-delegacia-de-policia-civil-e-do-iema-pleno-em-ze-doca\/\",\"url\":\"https:\/\/www.blogsoestado.com\/danielmatos\/segov-entrega-as-reformas-da-delegacia-de-policia-civil-e-do-iema-pleno-em-ze-doca\/\",\"name\":\"Segov entrega as reformas da Delegacia de Pol\u00edcia Civil e do Iema Pleno em Z\u00e9 Doca - Daniel Matos\",\"isPartOf\":{\"@id\":\"https:\/\/www.blogsoestado.com\/danielmatos\/#website\"},\"primaryImageOfPage\":{\"@id\":\"https:\/\/www.blogsoestado.com\/danielmatos\/segov-entrega-as-reformas-da-delegacia-de-policia-civil-e-do-iema-pleno-em-ze-doca\/#primaryimage\"},\"image\":{\"@id\":\"https:\/\/www.blogsoestado.com\/danielmatos\/segov-entrega-as-reformas-da-delegacia-de-policia-civil-e-do-iema-pleno-em-ze-doca\/#primaryimage\"},\"thumbnailUrl\":\"https:\/\/www.blogsoestado.com\/danielmatos\/wp-content\/uploads\/sites\/2\/2026\/03\/1005210163-1024x683.jpg\",\"datePublished\":\"2026-03-14T06:22:38+00:00\",\"dateModified\":\"2026-03-14T06:22:43+00:00\",\"author\":{\"@id\":\"https:\/\/www.blogsoestado.com\/danielmatos\/#\/schema\/person\/9a209d407cd45631f131e1285b661bb0\"},\"breadcrumb\":{\"@id\":\"https:\/\/www.blogsoestado.com\/danielmatos\/segov-entrega-as-reformas-da-delegacia-de-policia-civil-e-do-iema-pleno-em-ze-doca\/#breadcrumb\"},\"inLanguage\":\"pt-BR\",\"potentialAction\":[{\"@type\":\"ReadAction\",\"target\":[\"https:\/\/www.blogsoestado.com\/danielmatos\/segov-entrega-as-reformas-da-delegacia-de-policia-civil-e-do-iema-pleno-em-ze-doca\/\"]}]},{\"@type\":\"ImageObject\",\"inLanguage\":\"pt-BR\",\"@id\":\"https:\/\/www.blogsoestado.com\/danielmatos\/segov-entrega-as-reformas-da-delegacia-de-policia-civil-e-do-iema-pleno-em-ze-doca\/#primaryimage\",\"url\":\"https:\/\/www.blogsoestado.com\/danielmatos\/wp-content\/uploads\/sites\/2\/2026\/03\/1005210163.jpg\",\"contentUrl\":\"https:\/\/www.blogsoestado.com\/danielmatos\/wp-content\/uploads\/sites\/2\/2026\/03\/1005210163.jpg\",\"width\":1413,\"height\":942},{\"@type\":\"BreadcrumbList\",\"@id\":\"https:\/\/www.blogsoestado.com\/danielmatos\/segov-entrega-as-reformas-da-delegacia-de-policia-civil-e-do-iema-pleno-em-ze-doca\/#breadcrumb\",\"itemListElement\":[{\"@type\":\"ListItem\",\"position\":1,\"name\":\"In\u00edcio\",\"item\":\"https:\/\/www.blogsoestado.com\/danielmatos\/\"},{\"@type\":\"ListItem\",\"position\":2,\"name\":\"Segov entrega as reformas da Delegacia de Pol\u00edcia Civil e do Iema Pleno em Z\u00e9 Doca\"}]},{\"@type\":\"WebSite\",\"@id\":\"https:\/\/www.blogsoestado.com\/danielmatos\/#website\",\"url\":\"https:\/\/www.blogsoestado.com\/danielmatos\/\",\"name\":\"Daniel Matos\",\"description\":\"\",\"potentialAction\":[{\"@type\":\"SearchAction\",\"target\":{\"@type\":\"EntryPoint\",\"urlTemplate\":\"https:\/\/www.blogsoestado.com\/danielmatos\/?s={search_term_string}\"},\"query-input\":{\"@type\":\"PropertyValueSpecification\",\"valueRequired\":true,\"valueName\":\"search_term_string\"}}],\"inLanguage\":\"pt-BR\"},{\"@type\":\"Person\",\"@id\":\"https:\/\/www.blogsoestado.com\/danielmatos\/#\/schema\/person\/9a209d407cd45631f131e1285b661bb0\",\"name\":\"Daniel Matos\",\"image\":{\"@type\":\"ImageObject\",\"inLanguage\":\"pt-BR\",\"@id\":\"https:\/\/www.blogsoestado.com\/danielmatos\/#\/schema\/person\/image\/\",\"url\":\"https:\/\/secure.gravatar.com\/avatar\/2f26c36ee355da19a257f0dfef43952a2588b324ca35d6719e859fe338ac0392?s=96&d=mm&r=g\",\"contentUrl\":\"https:\/\/secure.gravatar.com\/avatar\/2f26c36ee355da19a257f0dfef43952a2588b324ca35d6719e859fe338ac0392?s=96&d=mm&r=g\",\"caption\":\"Daniel Matos\"},\"url\":\"https:\/\/www.blogsoestado.com\/danielmatos\/author\/danielmatos\/\"}]}<\/script>\n<!-- \/ Yoast SEO plugin. -->","yoast_head_json":{"title":"Segov entrega as reformas da Delegacia de Pol\u00edcia Civil e do Iema Pleno em Z\u00e9 Doca - Daniel Matos","robots":{"index":"index","follow":"follow","max-snippet":"max-snippet:-1","max-image-preview":"max-image-preview:large","max-video-preview":"max-video-preview:-1"},"canonical":"https:\/\/www.blogsoestado.com\/danielmatos\/segov-entrega-as-reformas-da-delegacia-de-policia-civil-e-do-iema-pleno-em-ze-doca\/","og_locale":"pt_BR","og_type":"article","og_title":"Segov entrega as reformas da Delegacia de Pol\u00edcia Civil e do Iema Pleno em Z\u00e9 Doca - Daniel Matos","og_description":"O Governo do Maranh\u00e3o segue com agenda municipalista e, nesta quinta-feira (12), inaugurou obras em Z\u00e9 Doca. No munic\u00edpio, por [&hellip;]","og_url":"https:\/\/www.blogsoestado.com\/danielmatos\/segov-entrega-as-reformas-da-delegacia-de-policia-civil-e-do-iema-pleno-em-ze-doca\/","og_site_name":"Daniel Matos","article_published_time":"2026-03-14T06:22:38+00:00","article_modified_time":"2026-03-14T06:22:43+00:00","og_image":[{"width":1413,"height":942,"url":"https:\/\/www.blogsoestado.com\/danielmatos\/wp-content\/uploads\/sites\/2\/2026\/03\/1005210163.jpg","type":"image\/jpeg"}],"author":"Daniel Matos","twitter_card":"summary_large_image","twitter_misc":{"Escrito por":"Daniel Matos","Est. tempo de leitura":"7 minutos"},"schema":{"@context":"https:\/\/schema.org","@graph":[{"@type":"WebPage","@id":"https:\/\/www.blogsoestado.com\/danielmatos\/segov-entrega-as-reformas-da-delegacia-de-policia-civil-e-do-iema-pleno-em-ze-doca\/","url":"https:\/\/www.blogsoestado.com\/danielmatos\/segov-entrega-as-reformas-da-delegacia-de-policia-civil-e-do-iema-pleno-em-ze-doca\/","name":"Segov entrega as reformas da Delegacia de Pol\u00edcia Civil e do Iema Pleno em Z\u00e9 Doca - Daniel Matos","isPartOf":{"@id":"https:\/\/www.blogsoestado.com\/danielmatos\/#website"},"primaryImageOfPage":{"@id":"https:\/\/www.blogsoestado.com\/danielmatos\/segov-entrega-as-reformas-da-delegacia-de-policia-civil-e-do-iema-pleno-em-ze-doca\/#primaryimage"},"image":{"@id":"https:\/\/www.blogsoestado.com\/danielmatos\/segov-entrega-as-reformas-da-delegacia-de-policia-civil-e-do-iema-pleno-em-ze-doca\/#primaryimage"},"thumbnailUrl":"https:\/\/www.blogsoestado.com\/danielmatos\/wp-content\/uploads\/sites\/2\/2026\/03\/1005210163-1024x683.jpg","datePublished":"2026-03-14T06:22:38+00:00","dateModified":"2026-03-14T06:22:43+00:00","author":{"@id":"https:\/\/www.blogsoestado.com\/danielmatos\/#\/schema\/person\/9a209d407cd45631f131e1285b661bb0"},"breadcrumb":{"@id":"https:\/\/www.blogsoestado.com\/danielmatos\/segov-entrega-as-reformas-da-delegacia-de-policia-civil-e-do-iema-pleno-em-ze-doca\/#breadcrumb"},"inLanguage":"pt-BR","potentialAction":[{"@type":"ReadAction","target":["https:\/\/www.blogsoestado.com\/danielmatos\/segov-entrega-as-reformas-da-delegacia-de-policia-civil-e-do-iema-pleno-em-ze-doca\/"]}]},{"@type":"ImageObject","inLanguage":"pt-BR","@id":"https:\/\/www.blogsoestado.com\/danielmatos\/segov-entrega-as-reformas-da-delegacia-de-policia-civil-e-do-iema-pleno-em-ze-doca\/#primaryimage","url":"https:\/\/www.blogsoestado.com\/danielmatos\/wp-content\/uploads\/sites\/2\/2026\/03\/1005210163.jpg","contentUrl":"https:\/\/www.blogsoestado.com\/danielmatos\/wp-content\/uploads\/sites\/2\/2026\/03\/1005210163.jpg","width":1413,"height":942},{"@type":"BreadcrumbList","@id":"https:\/\/www.blogsoestado.com\/danielmatos\/segov-entrega-as-reformas-da-delegacia-de-policia-civil-e-do-iema-pleno-em-ze-doca\/#breadcrumb","itemListElement":[{"@type":"ListItem","position":1,"name":"In\u00edcio","item":"https:\/\/www.blogsoestado.com\/danielmatos\/"},{"@type":"ListItem","position":2,"name":"Segov entrega as reformas da Delegacia de Pol\u00edcia Civil e do Iema Pleno em Z\u00e9 Doca"}]},{"@type":"WebSite","@id":"https:\/\/www.blogsoestado.com\/danielmatos\/#website","url":"https:\/\/www.blogsoestado.com\/danielmatos\/","name":"Daniel Matos","description":"","potentialAction":[{"@type":"SearchAction","target":{"@type":"EntryPoint","urlTemplate":"https:\/\/www.blogsoestado.com\/danielmatos\/?s={search_term_string}"},"query-input":{"@type":"PropertyValueSpecification","valueRequired":true,"valueName":"search_term_string"}}],"inLanguage":"pt-BR"},{"@type":"Person","@id":"https:\/\/www.blogsoestado.com\/danielmatos\/#\/schema\/person\/9a209d407cd45631f131e1285b661bb0","name":"Daniel Matos","image":{"@type":"ImageObject","inLanguage":"pt-BR","@id":"https:\/\/www.blogsoestado.com\/danielmatos\/#\/schema\/person\/image\/","url":"https:\/\/secure.gravatar.com\/avatar\/2f26c36ee355da19a257f0dfef43952a2588b324ca35d6719e859fe338ac0392?s=96&d=mm&r=g","contentUrl":"https:\/\/secure.gravatar.com\/avatar\/2f26c36ee355da19a257f0dfef43952a2588b324ca35d6719e859fe338ac0392?s=96&d=mm&r=g","caption":"Daniel Matos"},"url":"https:\/\/www.blogsoestado.com\/danielmatos\/author\/danielmatos\/"}]}},"jetpack_featured_media_url":"","_links":{"self":[{"href":"https:\/\/www.blogsoestado.com\/danielmatos\/wp-json\/wp\/v2\/posts\/155717","targetHints":{"allow":["GET"]}}],"collection":[{"href":"https:\/\/www.blogsoestado.com\/danielmatos\/wp-json\/wp\/v2\/posts"}],"about":[{"href":"https:\/\/www.blogsoestado.com\/danielmatos\/wp-json\/wp\/v2\/types\/post"}],"author":[{"embeddable":true,"href":"https:\/\/www.blogsoestado.com\/danielmatos\/wp-json\/wp\/v2\/users\/2"}],"replies":[{"embeddable":true,"href":"https:\/\/www.blogsoestado.com\/danielmatos\/wp-json\/wp\/v2\/comments?post=155717"}],"version-history":[{"count":1,"href":"https:\/\/www.blogsoestado.com\/danielmatos\/wp-json\/wp\/v2\/posts\/155717\/revisions"}],"predecessor-version":[{"id":155719,"href":"https:\/\/www.blogsoestado.com\/danielmatos\/wp-json\/wp\/v2\/posts\/155717\/revisions\/155719"}],"wp:attachment":[{"href":"https:\/\/www.blogsoestado.com\/danielmatos\/wp-json\/wp\/v2\/media?parent=155717"}],"wp:term":[{"taxonomy":"category","embeddable":true,"href":"https:\/\/www.blogsoestado.com\/danielmatos\/wp-json\/wp\/v2\/categories?post=155717"},{"taxonomy":"post_tag","embeddable":true,"href":"https:\/\/www.blogsoestado.com\/danielmatos\/wp-json\/wp\/v2\/tags?post=155717"}],"curies":[{"name":"wp","href":"https:\/\/api.w.org\/{rel}","templated":true}]}}