{"id":155720,"date":"2026-03-14T10:58:58","date_gmt":"2026-03-14T13:58:58","guid":{"rendered":"https:\/\/www.blogsoestado.com\/danielmatos\/?p=155720"},"modified":"2026-03-14T10:59:01","modified_gmt":"2026-03-14T13:59:01","slug":"gerando-falcoes-e-instituto-equatorial-lancam-programa-favela-3d-no-maranhao","status":"publish","type":"post","link":"https:\/\/www.blogsoestado.com\/danielmatos\/gerando-falcoes-e-instituto-equatorial-lancam-programa-favela-3d-no-maranhao\/","title":{"rendered":"Gerando Falc\u00f5es e Instituto Equatorial lan\u00e7am Programa Favela 3D no Maranh\u00e3o"},"content":{"rendered":"\n<p><strong><mark style=\"color:#cf2e2e\" class=\"has-inline-color\">Iniciativa que transforma favelas e periferias do Brasil com a\u00e7\u00f5es sist\u00eamicas pretende beneficiar 2 mil pessoas no Residencial Para\u00edso<\/mark><\/strong><\/p>\n\n\n\n<figure class=\"wp-block-image aligncenter size-large\"><img fetchpriority=\"high\" decoding=\"async\" width=\"1024\" height=\"1024\" src=\"https:\/\/www.blogsoestado.com\/danielmatos\/wp-content\/uploads\/sites\/2\/2026\/03\/1005212090-1024x1024.jpg\" alt=\"\" class=\"wp-image-155721\" srcset=\"https:\/\/www.blogsoestado.com\/danielmatos\/wp-content\/uploads\/sites\/2\/2026\/03\/1005212090-1024x1024.jpg 1024w, https:\/\/www.blogsoestado.com\/danielmatos\/wp-content\/uploads\/sites\/2\/2026\/03\/1005212090-300x300.jpg 300w, https:\/\/www.blogsoestado.com\/danielmatos\/wp-content\/uploads\/sites\/2\/2026\/03\/1005212090-150x150.jpg 150w, https:\/\/www.blogsoestado.com\/danielmatos\/wp-content\/uploads\/sites\/2\/2026\/03\/1005212090-768x768.jpg 768w, https:\/\/www.blogsoestado.com\/danielmatos\/wp-content\/uploads\/sites\/2\/2026\/03\/1005212090-1536x1536.jpg 1536w, https:\/\/www.blogsoestado.com\/danielmatos\/wp-content\/uploads\/sites\/2\/2026\/03\/1005212090.jpg 1600w\" sizes=\"(max-width: 1024px) 100vw, 1024px\" \/><\/figure>\n\n\n\n<p>A Gerando Falc\u00f5es e o Instituto Equatorial lan\u00e7aram o Favela 3D &#8211; Digna, Digital e Desenvolvida, em S\u00e3o Lu\u00eds, na \u00faltima quarta-feira (11). O evento foi realizado na sede da Equatorial Maranh\u00e3o e contou com a presen\u00e7a de Edu Lyra, CEO da Gerando Falc\u00f5es, de Augusto Miranda, CEO do Grupo Equatorial, do Presidente da Equatorial Maranh\u00e3o, S\u00e9rvio T\u00falio, al\u00e9m de lideran\u00e7as empresariais, sociais e comunit\u00e1rias.<\/p>\n\n\n\n<p>O Favela 3D \u00e9 uma tecnologia social inovadora, desenvolvida pela ONG Gerando Falc\u00f5es, que transforma favelas e periferias do Brasil, de forma sist\u00eamica, atuando nas \u00e1reas educacional, social, econ\u00f4mica e de infraestrutura.<\/p>\n\n\n\n<p>A iniciativa considera a pobreza como um fen\u00f4meno multidimensional, oferecendo solu\u00e7\u00f5es integradas para romper o ciclo de desigualdade e gerar dignidade \u00e0s comunidades. Em S\u00e3o Lu\u00eds, o projeto vai beneficiar cerca de 2 mil fam\u00edlias no Residencial Para\u00edso, na \u00e1rea Itaqui-Bacanga. Essa ser\u00e1 a 17\u00aa Favela 3D do pa\u00eds.<\/p>\n\n\n\n<p>&#8220;Para n\u00f3s \u00e9 uma alegria e satisfa\u00e7\u00e3o muito grande trazer o Favela 3D para S\u00e3o Lu\u00eds, cidade que faz parte do in\u00edcio da hist\u00f3ria do Grupo Equatorial. Este lan\u00e7amento marca a extens\u00e3o da parceria e do investimento no estado, com o objetivo principal de promover transforma\u00e7\u00e3o social em territ\u00f3rios vulner\u00e1veis, gerando mais dignidade e oportunidades para a sociedade&#8221;, afirmou o CEO do Grupo Equatorial, Augusto Miranda.<\/p>\n\n\n\n<p>Destinado a fam\u00edlias em situa\u00e7\u00e3o de vulnerabilidade social, o Favela 3D j\u00e1 impactou milhares de pessoas em diferentes estados brasileiros. O programa atua em oito frentes estrat\u00e9gicas: moradia digna e urbanismo social, acesso \u00e0 sa\u00fade, cidadania e cultura de paz, direito \u00e0 educa\u00e7\u00e3o, primeira inf\u00e2ncia, autonomia da mulher, cultura, esporte e lazer, e gera\u00e7\u00e3o de renda. As a\u00e7\u00f5es s\u00e3o planejadas junto \u00e0s comunidades e acompanhadas de forma personalizada, promovendo desenvolvimento sustent\u00e1vel e inclus\u00e3o social.<\/p>\n\n\n\n<p>Manu Oliveira tem 27 anos, \u00e9 Gestora de Projetos e Programas Sociais do Instituto D\u00e1lia, e uma moradora orgulhosa da comunidade onde nasceu. Ela comemora a chegada do Favela 3D ao Residencial Para\u00edso: \u201cNosso bairro tem 28 anos e est\u00e1 crescendo. Agora o projeto Favela 3D chega para ajudar a nos desenvolver, trazer mais dignidade e impulsionar muitas mulheres e fam\u00edlias que precisam aprender como empreender com qualidade. Esse projeto vai servir para mostrar que todos n\u00f3s do Residencial Para\u00edso temos muito potencial a ser trabalhado. E eu tenho uma meta ousada, que \u00e9 ajudar a fazer em nosso bairro o melhor modelo de Favela 3D desse pa\u00eds\u201d, declarou Manu com muita determina\u00e7\u00e3o.<\/p>\n\n\n\n<p>Para Edu Lyra, CEO e Fundador da Gerando Falc\u00f5es, cada Favela 3D implementada \u00e9 mais um passo na luta contra a pobreza. \u201cA chegada do Favela 3D ao Maranh\u00e3o representa muito mais do que a expans\u00e3o de um programa, \u00e9 a chegada de um novo cap\u00edtulo de desenvolvimento social para a regi\u00e3o. Estamos falando de transformar territ\u00f3rios marcados pela vulnerabilidade em polos de dignidade, oportunidade e prosperidade\u201d, destacou Edu Lyra, que agradeceu \u00e0 Equatorial a parceria e deixou como mensagem que \u201ca dignidade tem que ser um bem comum nesse pa\u00eds e n\u00e3o uma exce\u00e7\u00e3o\u201d.<\/p>\n\n\n\n<p>A Chefe do Escrit\u00f3rio do Unicef no Maranh\u00e3o e Piau\u00ed, Of\u00e9lia Silva, destacou o papel relevante da Equatorial. \u201cEssa parceria \u00e9 de fundamental import\u00e2ncia e revela que a responsabilidade de resgatar as condi\u00e7\u00f5es vulnerabilizantes \u00e9 de todo mundo e a Equatorial \u00e9 uma parceira valiosa nesse processo\u201d, afirmou Of\u00e9lia.<\/p>\n\n\n\n<p><strong>Pioneirismo<\/strong><\/p>\n\n\n\n<p>Ap\u00f3s investimentos realizados na comunidade Vergel do Lago, em Macei\u00f3 (Alagoas), e no Residencial JK, em Goi\u00e2nia (Goi\u00e1s), o Grupo Equatorial, por meio do Instituto, \u00e9 a primeira empresa a investir no Programa Favela 3D no Maranh\u00e3o.<\/p>\n\n\n\n<p>O Presidente do Instituto Equatorial, Maur\u00edcio Velloso, ressaltou que \u201ca nossa miss\u00e3o de ajudar a desenvolver as pessoas nas suas comunidades fica ainda mais forte agora, com essa parceria e com a chegada do Favela 3D em S\u00e3o Lu\u00eds\u201d.<\/p>\n\n\n\n<p>Para a Coordenadora do Instituto Equatorial, Jana\u00edna Ali, isso reafirma o pioneirismo do Grupo em investimento social como empresa privada e seu compromisso com a melhoria de vida das comunidades onde atua. \u201cCom o Favela 3D, reafirmamos nossa cren\u00e7a na transforma\u00e7\u00e3o social por meio de investimentos diretos e constru\u00e7\u00e3o de solu\u00e7\u00f5es duradouras, em parceria com organiza\u00e7\u00f5es da sociedade civil, governos e comunidades. A parceria do Instituto Equatorial e da Gerando Falc\u00f5es vai ajudar a levar educa\u00e7\u00e3o, cultura e cidadania \u00e0s comunidades mais vulner\u00e1veis\u201d, afirmou Jana\u00edna.<\/p>\n\n\n\n<p><strong>Sobre o Instituto Equatorial<\/strong><\/p>\n\n\n\n<p>O Instituto Equatorial \u00e9 estrat\u00e9gia social do Grupo Equatorial e atua para promover inclus\u00e3o, desenvolvimento social e redu\u00e7\u00e3o das desigualdades, por meio de investimentos estrat\u00e9gicos em projetos de alto impacto.<\/p>\n\n\n\n<p><strong>Sobre a Gerando Falc\u00f5es<\/strong><\/p>\n\n\n\n<p>A Gerando Falc\u00f5es \u00e9 um ecossistema de desenvolvimento social que atua na\u202fsupera\u00e7\u00e3o da pobreza nas favelas e seu trabalho \u00e9 realizado com a for\u00e7a de uma\u202fRede de ONGs, ou seja, uma ONG que apoia e acelera o trabalho de outras ONGs e l\u00edderes sociais que atuam em periferias e favelas em todo o Brasil, unidas por uma vis\u00e3o audaciosa: transformar a pobreza das favelas e periferias em dignidade antes de Marte ser colonizado. Isso tudo por meio de programas e tecnologias sociais escal\u00e1veis e de alto impacto, capazes de gerar resultados de longo prazo, como a Falcons University, Favela 3D, Decolagem e ASMARA.<\/p>\n","protected":false},"excerpt":{"rendered":"<p>Iniciativa que transforma favelas e periferias do Brasil com a\u00e7\u00f5es sist\u00eamicas pretende beneficiar 2 mil pessoas no Residencial Para\u00edso A [&hellip;]<\/p>\n","protected":false},"author":2,"featured_media":0,"comment_status":"open","ping_status":"open","sticky":false,"template":"","format":"standard","meta":{"site-sidebar-layout":"default","site-content-layout":"","ast-site-content-layout":"default","site-content-style":"default","site-sidebar-style":"default","ast-global-header-display":"","ast-banner-title-visibility":"","ast-main-header-display":"","ast-hfb-above-header-display":"","ast-hfb-below-header-display":"","ast-hfb-mobile-header-display":"","site-post-title":"","ast-breadcrumbs-content":"","ast-featured-img":"","footer-sml-layout":"","ast-disable-related-posts":"","theme-transparent-header-meta":"","adv-header-id-meta":"","stick-header-meta":"","header-above-stick-meta":"","header-main-stick-meta":"","header-below-stick-meta":"","astra-migrate-meta-layouts":"default","ast-page-background-enabled":"default","ast-page-background-meta":{"desktop":{"background-color":"var(--ast-global-color-5)","background-image":"","background-repeat":"repeat","background-position":"center center","background-size":"auto","background-attachment":"scroll","background-type":"","background-media":"","overlay-type":"","overlay-color":"","overlay-opacity":"","overlay-gradient":""},"tablet":{"background-color":"","background-image":"","background-repeat":"repeat","background-position":"center center","background-size":"auto","background-attachment":"scroll","background-type":"","background-media":"","overlay-type":"","overlay-color":"","overlay-opacity":"","overlay-gradient":""},"mobile":{"background-color":"","background-image":"","background-repeat":"repeat","background-position":"center center","background-size":"auto","background-attachment":"scroll","background-type":"","background-media":"","overlay-type":"","overlay-color":"","overlay-opacity":"","overlay-gradient":""}},"ast-content-background-meta":{"desktop":{"background-color":"var(--ast-global-color-4)","background-image":"","background-repeat":"repeat","background-position":"center center","background-size":"auto","background-attachment":"scroll","background-type":"","background-media":"","overlay-type":"","overlay-color":"","overlay-opacity":"","overlay-gradient":""},"tablet":{"background-color":"var(--ast-global-color-4)","background-image":"","background-repeat":"repeat","background-position":"center center","background-size":"auto","background-attachment":"scroll","background-type":"","background-media":"","overlay-type":"","overlay-color":"","overlay-opacity":"","overlay-gradient":""},"mobile":{"background-color":"var(--ast-global-color-4)","background-image":"","background-repeat":"repeat","background-position":"center center","background-size":"auto","background-attachment":"scroll","background-type":"","background-media":"","overlay-type":"","overlay-color":"","overlay-opacity":"","overlay-gradient":""}},"footnotes":""},"categories":[1],"tags":[],"class_list":["post-155720","post","type-post","status-publish","format-standard","hentry","category-sem-categoria"],"yoast_head":"<!-- This site is optimized with the Yoast SEO plugin v26.6 - https:\/\/yoast.com\/wordpress\/plugins\/seo\/ -->\n<title>Gerando Falc\u00f5es e Instituto Equatorial lan\u00e7am Programa Favela 3D no Maranh\u00e3o - Daniel Matos<\/title>\n<meta name=\"robots\" content=\"index, follow, max-snippet:-1, max-image-preview:large, max-video-preview:-1\" \/>\n<link rel=\"canonical\" href=\"https:\/\/www.blogsoestado.com\/danielmatos\/gerando-falcoes-e-instituto-equatorial-lancam-programa-favela-3d-no-maranhao\/\" \/>\n<meta property=\"og:locale\" content=\"pt_BR\" \/>\n<meta property=\"og:type\" content=\"article\" \/>\n<meta property=\"og:title\" content=\"Gerando Falc\u00f5es e Instituto Equatorial lan\u00e7am Programa Favela 3D no Maranh\u00e3o - Daniel Matos\" \/>\n<meta property=\"og:description\" content=\"Iniciativa que transforma favelas e periferias do Brasil com a\u00e7\u00f5es sist\u00eamicas pretende beneficiar 2 mil pessoas no Residencial Para\u00edso A [&hellip;]\" \/>\n<meta property=\"og:url\" content=\"https:\/\/www.blogsoestado.com\/danielmatos\/gerando-falcoes-e-instituto-equatorial-lancam-programa-favela-3d-no-maranhao\/\" \/>\n<meta property=\"og:site_name\" content=\"Daniel Matos\" \/>\n<meta property=\"article:published_time\" content=\"2026-03-14T13:58:58+00:00\" \/>\n<meta property=\"article:modified_time\" content=\"2026-03-14T13:59:01+00:00\" \/>\n<meta property=\"og:image\" content=\"https:\/\/www.blogsoestado.com\/danielmatos\/wp-content\/uploads\/sites\/2\/2026\/03\/1005212090.jpg\" \/>\n\t<meta property=\"og:image:width\" content=\"1600\" \/>\n\t<meta property=\"og:image:height\" content=\"1600\" \/>\n\t<meta property=\"og:image:type\" content=\"image\/jpeg\" \/>\n<meta name=\"author\" content=\"Daniel Matos\" \/>\n<meta name=\"twitter:card\" content=\"summary_large_image\" \/>\n<meta name=\"twitter:label1\" content=\"Escrito por\" \/>\n\t<meta name=\"twitter:data1\" content=\"Daniel Matos\" \/>\n\t<meta name=\"twitter:label2\" content=\"Est. tempo de leitura\" \/>\n\t<meta name=\"twitter:data2\" content=\"5 minutos\" \/>\n<script type=\"application\/ld+json\" class=\"yoast-schema-graph\">{\"@context\":\"https:\/\/schema.org\",\"@graph\":[{\"@type\":\"WebPage\",\"@id\":\"https:\/\/www.blogsoestado.com\/danielmatos\/gerando-falcoes-e-instituto-equatorial-lancam-programa-favela-3d-no-maranhao\/\",\"url\":\"https:\/\/www.blogsoestado.com\/danielmatos\/gerando-falcoes-e-instituto-equatorial-lancam-programa-favela-3d-no-maranhao\/\",\"name\":\"Gerando Falc\u00f5es e Instituto Equatorial lan\u00e7am Programa Favela 3D no Maranh\u00e3o - Daniel Matos\",\"isPartOf\":{\"@id\":\"https:\/\/www.blogsoestado.com\/danielmatos\/#website\"},\"primaryImageOfPage\":{\"@id\":\"https:\/\/www.blogsoestado.com\/danielmatos\/gerando-falcoes-e-instituto-equatorial-lancam-programa-favela-3d-no-maranhao\/#primaryimage\"},\"image\":{\"@id\":\"https:\/\/www.blogsoestado.com\/danielmatos\/gerando-falcoes-e-instituto-equatorial-lancam-programa-favela-3d-no-maranhao\/#primaryimage\"},\"thumbnailUrl\":\"https:\/\/www.blogsoestado.com\/danielmatos\/wp-content\/uploads\/sites\/2\/2026\/03\/1005212090-1024x1024.jpg\",\"datePublished\":\"2026-03-14T13:58:58+00:00\",\"dateModified\":\"2026-03-14T13:59:01+00:00\",\"author\":{\"@id\":\"https:\/\/www.blogsoestado.com\/danielmatos\/#\/schema\/person\/9a209d407cd45631f131e1285b661bb0\"},\"breadcrumb\":{\"@id\":\"https:\/\/www.blogsoestado.com\/danielmatos\/gerando-falcoes-e-instituto-equatorial-lancam-programa-favela-3d-no-maranhao\/#breadcrumb\"},\"inLanguage\":\"pt-BR\",\"potentialAction\":[{\"@type\":\"ReadAction\",\"target\":[\"https:\/\/www.blogsoestado.com\/danielmatos\/gerando-falcoes-e-instituto-equatorial-lancam-programa-favela-3d-no-maranhao\/\"]}]},{\"@type\":\"ImageObject\",\"inLanguage\":\"pt-BR\",\"@id\":\"https:\/\/www.blogsoestado.com\/danielmatos\/gerando-falcoes-e-instituto-equatorial-lancam-programa-favela-3d-no-maranhao\/#primaryimage\",\"url\":\"https:\/\/www.blogsoestado.com\/danielmatos\/wp-content\/uploads\/sites\/2\/2026\/03\/1005212090.jpg\",\"contentUrl\":\"https:\/\/www.blogsoestado.com\/danielmatos\/wp-content\/uploads\/sites\/2\/2026\/03\/1005212090.jpg\",\"width\":1600,\"height\":1600},{\"@type\":\"BreadcrumbList\",\"@id\":\"https:\/\/www.blogsoestado.com\/danielmatos\/gerando-falcoes-e-instituto-equatorial-lancam-programa-favela-3d-no-maranhao\/#breadcrumb\",\"itemListElement\":[{\"@type\":\"ListItem\",\"position\":1,\"name\":\"In\u00edcio\",\"item\":\"https:\/\/www.blogsoestado.com\/danielmatos\/\"},{\"@type\":\"ListItem\",\"position\":2,\"name\":\"Gerando Falc\u00f5es e Instituto Equatorial lan\u00e7am Programa Favela 3D no Maranh\u00e3o\"}]},{\"@type\":\"WebSite\",\"@id\":\"https:\/\/www.blogsoestado.com\/danielmatos\/#website\",\"url\":\"https:\/\/www.blogsoestado.com\/danielmatos\/\",\"name\":\"Daniel Matos\",\"description\":\"\",\"potentialAction\":[{\"@type\":\"SearchAction\",\"target\":{\"@type\":\"EntryPoint\",\"urlTemplate\":\"https:\/\/www.blogsoestado.com\/danielmatos\/?s={search_term_string}\"},\"query-input\":{\"@type\":\"PropertyValueSpecification\",\"valueRequired\":true,\"valueName\":\"search_term_string\"}}],\"inLanguage\":\"pt-BR\"},{\"@type\":\"Person\",\"@id\":\"https:\/\/www.blogsoestado.com\/danielmatos\/#\/schema\/person\/9a209d407cd45631f131e1285b661bb0\",\"name\":\"Daniel Matos\",\"image\":{\"@type\":\"ImageObject\",\"inLanguage\":\"pt-BR\",\"@id\":\"https:\/\/www.blogsoestado.com\/danielmatos\/#\/schema\/person\/image\/\",\"url\":\"https:\/\/secure.gravatar.com\/avatar\/2f26c36ee355da19a257f0dfef43952a2588b324ca35d6719e859fe338ac0392?s=96&d=mm&r=g\",\"contentUrl\":\"https:\/\/secure.gravatar.com\/avatar\/2f26c36ee355da19a257f0dfef43952a2588b324ca35d6719e859fe338ac0392?s=96&d=mm&r=g\",\"caption\":\"Daniel Matos\"},\"url\":\"https:\/\/www.blogsoestado.com\/danielmatos\/author\/danielmatos\/\"}]}<\/script>\n<!-- \/ Yoast SEO plugin. -->","yoast_head_json":{"title":"Gerando Falc\u00f5es e Instituto Equatorial lan\u00e7am Programa Favela 3D no Maranh\u00e3o - Daniel Matos","robots":{"index":"index","follow":"follow","max-snippet":"max-snippet:-1","max-image-preview":"max-image-preview:large","max-video-preview":"max-video-preview:-1"},"canonical":"https:\/\/www.blogsoestado.com\/danielmatos\/gerando-falcoes-e-instituto-equatorial-lancam-programa-favela-3d-no-maranhao\/","og_locale":"pt_BR","og_type":"article","og_title":"Gerando Falc\u00f5es e Instituto Equatorial lan\u00e7am Programa Favela 3D no Maranh\u00e3o - Daniel Matos","og_description":"Iniciativa que transforma favelas e periferias do Brasil com a\u00e7\u00f5es sist\u00eamicas pretende beneficiar 2 mil pessoas no Residencial Para\u00edso A [&hellip;]","og_url":"https:\/\/www.blogsoestado.com\/danielmatos\/gerando-falcoes-e-instituto-equatorial-lancam-programa-favela-3d-no-maranhao\/","og_site_name":"Daniel Matos","article_published_time":"2026-03-14T13:58:58+00:00","article_modified_time":"2026-03-14T13:59:01+00:00","og_image":[{"width":1600,"height":1600,"url":"https:\/\/www.blogsoestado.com\/danielmatos\/wp-content\/uploads\/sites\/2\/2026\/03\/1005212090.jpg","type":"image\/jpeg"}],"author":"Daniel Matos","twitter_card":"summary_large_image","twitter_misc":{"Escrito por":"Daniel Matos","Est. tempo de leitura":"5 minutos"},"schema":{"@context":"https:\/\/schema.org","@graph":[{"@type":"WebPage","@id":"https:\/\/www.blogsoestado.com\/danielmatos\/gerando-falcoes-e-instituto-equatorial-lancam-programa-favela-3d-no-maranhao\/","url":"https:\/\/www.blogsoestado.com\/danielmatos\/gerando-falcoes-e-instituto-equatorial-lancam-programa-favela-3d-no-maranhao\/","name":"Gerando Falc\u00f5es e Instituto Equatorial lan\u00e7am Programa Favela 3D no Maranh\u00e3o - Daniel Matos","isPartOf":{"@id":"https:\/\/www.blogsoestado.com\/danielmatos\/#website"},"primaryImageOfPage":{"@id":"https:\/\/www.blogsoestado.com\/danielmatos\/gerando-falcoes-e-instituto-equatorial-lancam-programa-favela-3d-no-maranhao\/#primaryimage"},"image":{"@id":"https:\/\/www.blogsoestado.com\/danielmatos\/gerando-falcoes-e-instituto-equatorial-lancam-programa-favela-3d-no-maranhao\/#primaryimage"},"thumbnailUrl":"https:\/\/www.blogsoestado.com\/danielmatos\/wp-content\/uploads\/sites\/2\/2026\/03\/1005212090-1024x1024.jpg","datePublished":"2026-03-14T13:58:58+00:00","dateModified":"2026-03-14T13:59:01+00:00","author":{"@id":"https:\/\/www.blogsoestado.com\/danielmatos\/#\/schema\/person\/9a209d407cd45631f131e1285b661bb0"},"breadcrumb":{"@id":"https:\/\/www.blogsoestado.com\/danielmatos\/gerando-falcoes-e-instituto-equatorial-lancam-programa-favela-3d-no-maranhao\/#breadcrumb"},"inLanguage":"pt-BR","potentialAction":[{"@type":"ReadAction","target":["https:\/\/www.blogsoestado.com\/danielmatos\/gerando-falcoes-e-instituto-equatorial-lancam-programa-favela-3d-no-maranhao\/"]}]},{"@type":"ImageObject","inLanguage":"pt-BR","@id":"https:\/\/www.blogsoestado.com\/danielmatos\/gerando-falcoes-e-instituto-equatorial-lancam-programa-favela-3d-no-maranhao\/#primaryimage","url":"https:\/\/www.blogsoestado.com\/danielmatos\/wp-content\/uploads\/sites\/2\/2026\/03\/1005212090.jpg","contentUrl":"https:\/\/www.blogsoestado.com\/danielmatos\/wp-content\/uploads\/sites\/2\/2026\/03\/1005212090.jpg","width":1600,"height":1600},{"@type":"BreadcrumbList","@id":"https:\/\/www.blogsoestado.com\/danielmatos\/gerando-falcoes-e-instituto-equatorial-lancam-programa-favela-3d-no-maranhao\/#breadcrumb","itemListElement":[{"@type":"ListItem","position":1,"name":"In\u00edcio","item":"https:\/\/www.blogsoestado.com\/danielmatos\/"},{"@type":"ListItem","position":2,"name":"Gerando Falc\u00f5es e Instituto Equatorial lan\u00e7am Programa Favela 3D no Maranh\u00e3o"}]},{"@type":"WebSite","@id":"https:\/\/www.blogsoestado.com\/danielmatos\/#website","url":"https:\/\/www.blogsoestado.com\/danielmatos\/","name":"Daniel Matos","description":"","potentialAction":[{"@type":"SearchAction","target":{"@type":"EntryPoint","urlTemplate":"https:\/\/www.blogsoestado.com\/danielmatos\/?s={search_term_string}"},"query-input":{"@type":"PropertyValueSpecification","valueRequired":true,"valueName":"search_term_string"}}],"inLanguage":"pt-BR"},{"@type":"Person","@id":"https:\/\/www.blogsoestado.com\/danielmatos\/#\/schema\/person\/9a209d407cd45631f131e1285b661bb0","name":"Daniel Matos","image":{"@type":"ImageObject","inLanguage":"pt-BR","@id":"https:\/\/www.blogsoestado.com\/danielmatos\/#\/schema\/person\/image\/","url":"https:\/\/secure.gravatar.com\/avatar\/2f26c36ee355da19a257f0dfef43952a2588b324ca35d6719e859fe338ac0392?s=96&d=mm&r=g","contentUrl":"https:\/\/secure.gravatar.com\/avatar\/2f26c36ee355da19a257f0dfef43952a2588b324ca35d6719e859fe338ac0392?s=96&d=mm&r=g","caption":"Daniel Matos"},"url":"https:\/\/www.blogsoestado.com\/danielmatos\/author\/danielmatos\/"}]}},"jetpack_featured_media_url":"","_links":{"self":[{"href":"https:\/\/www.blogsoestado.com\/danielmatos\/wp-json\/wp\/v2\/posts\/155720","targetHints":{"allow":["GET"]}}],"collection":[{"href":"https:\/\/www.blogsoestado.com\/danielmatos\/wp-json\/wp\/v2\/posts"}],"about":[{"href":"https:\/\/www.blogsoestado.com\/danielmatos\/wp-json\/wp\/v2\/types\/post"}],"author":[{"embeddable":true,"href":"https:\/\/www.blogsoestado.com\/danielmatos\/wp-json\/wp\/v2\/users\/2"}],"replies":[{"embeddable":true,"href":"https:\/\/www.blogsoestado.com\/danielmatos\/wp-json\/wp\/v2\/comments?post=155720"}],"version-history":[{"count":1,"href":"https:\/\/www.blogsoestado.com\/danielmatos\/wp-json\/wp\/v2\/posts\/155720\/revisions"}],"predecessor-version":[{"id":155722,"href":"https:\/\/www.blogsoestado.com\/danielmatos\/wp-json\/wp\/v2\/posts\/155720\/revisions\/155722"}],"wp:attachment":[{"href":"https:\/\/www.blogsoestado.com\/danielmatos\/wp-json\/wp\/v2\/media?parent=155720"}],"wp:term":[{"taxonomy":"category","embeddable":true,"href":"https:\/\/www.blogsoestado.com\/danielmatos\/wp-json\/wp\/v2\/categories?post=155720"},{"taxonomy":"post_tag","embeddable":true,"href":"https:\/\/www.blogsoestado.com\/danielmatos\/wp-json\/wp\/v2\/tags?post=155720"}],"curies":[{"name":"wp","href":"https:\/\/api.w.org\/{rel}","templated":true}]}}