{"id":155754,"date":"2026-03-16T08:19:35","date_gmt":"2026-03-16T11:19:35","guid":{"rendered":"https:\/\/www.blogsoestado.com\/danielmatos\/?p=155754"},"modified":"2026-03-16T08:19:39","modified_gmt":"2026-03-16T11:19:39","slug":"acm-promove-6a-edicao-do-cafe-acm-mulher","status":"publish","type":"post","link":"https:\/\/www.blogsoestado.com\/danielmatos\/acm-promove-6a-edicao-do-cafe-acm-mulher\/","title":{"rendered":"ACM promove 6\u00aa edi\u00e7\u00e3o do Caf\u00e9 ACM Mulher"},"content":{"rendered":"\n<p><em><strong><mark style=\"color:#cf2e2e\" class=\"has-inline-color\">\u201cLiderar Pessoas e Sustentar Neg\u00f3cios\u201d \u00e9 o tema deste ano<\/mark><\/strong><\/em><\/p>\n\n\n\n<figure class=\"wp-block-image aligncenter size-large\"><img fetchpriority=\"high\" decoding=\"async\" width=\"1024\" height=\"576\" src=\"https:\/\/www.blogsoestado.com\/danielmatos\/wp-content\/uploads\/sites\/2\/2026\/03\/1005222001-1024x576.jpg\" alt=\"\" class=\"wp-image-155755\" srcset=\"https:\/\/www.blogsoestado.com\/danielmatos\/wp-content\/uploads\/sites\/2\/2026\/03\/1005222001-1024x576.jpg 1024w, https:\/\/www.blogsoestado.com\/danielmatos\/wp-content\/uploads\/sites\/2\/2026\/03\/1005222001-300x169.jpg 300w, https:\/\/www.blogsoestado.com\/danielmatos\/wp-content\/uploads\/sites\/2\/2026\/03\/1005222001-768x432.jpg 768w, https:\/\/www.blogsoestado.com\/danielmatos\/wp-content\/uploads\/sites\/2\/2026\/03\/1005222001-1536x864.jpg 1536w, https:\/\/www.blogsoestado.com\/danielmatos\/wp-content\/uploads\/sites\/2\/2026\/03\/1005222001.jpg 1920w\" sizes=\"(max-width: 1024px) 100vw, 1024px\" \/><figcaption class=\"wp-element-caption\">Ant\u00f4nio Gaspar, presidente da ACM e Ana Izabel Azevedo, presidente do ACM Mulher\u00a0<\/figcaption><\/figure>\n\n\n\n<p>No pr\u00f3ximo 18 de mar\u00e7o de 2026, a Associa\u00e7\u00e3o Comercial do Maranh\u00e3o (ACM) realiza a 6\u00aa edi\u00e7\u00e3o do Caf\u00e9 ACM Mulher, um dos encontros de empreendedorismo feminino mais relevantes do estado. O evento acontece no Villa Reale Buffet, a partir das 17h, reunindo empres\u00e1rias, lideran\u00e7as e profissionais de diversos segmentos para uma tarde e noite de networking, gera\u00e7\u00e3o de neg\u00f3cios e troca de conhecimento estrat\u00e9gico.<\/p>\n\n\n\n<p>Com p\u00fablico estimado em 500 participantes, o Caf\u00e9 ACM Mulher se consolida como uma importante plataforma de conex\u00e3o entre lideran\u00e7as femininas, especialmente no m\u00eas em que se celebra o Dia Internacional da Mulher. A iniciativa promove um ambiente prop\u00edcio para amplia\u00e7\u00e3o de networking, fortalecimento de parcerias, compartilhamento de experi\u00eancias e acesso a conte\u00fados voltados \u00e0 gest\u00e3o e inova\u00e7\u00e3o nos neg\u00f3cios.<\/p>\n\n\n\n<p>Durante o evento, o Villa Reale Buffet se transforma em um verdadeiro&nbsp;<em>hub<\/em>&nbsp;de empreendedorismo, com espa\u00e7o para exposi\u00e7\u00e3o de produtos e servi\u00e7os de empresas locais, al\u00e9m de palestras e momentos de integra\u00e7\u00e3o voltados ao desenvolvimento de compet\u00eancias de lideran\u00e7a.<\/p>\n\n\n\n<p>\u201cO Caf\u00e9 ACM Mulher nasceu durante a pandemia da Covid-19, em um momento de grande incerteza para o ambiente empresarial. Naquele per\u00edodo, iniciamos encontros virtuais para debater os impactos da crise e buscar caminhos para manter os neg\u00f3cios ativos. Foi uma iniciativa pioneira no estado e rapidamente ganhou ades\u00e3o do p\u00fablico. Com o passar dos anos, o evento cresceu, fortaleceu sua proposta e hoje se consolidou como um espa\u00e7o estrat\u00e9gico para o fortalecimento do empreendedorismo feminino e a gera\u00e7\u00e3o de oportunidades de neg\u00f3cios, independentemente do porte da empresa\u201d, destaca o presidente da ACM, Antonio Gaspar.<\/p>\n\n\n\n<p>Para a edi\u00e7\u00e3o de 2026, a presidente do ACM Mulher, Ana Izabel Azevedo, explica que a programa\u00e7\u00e3o foi cuidadosamente estruturada para trazer conte\u00fado relevante para lideran\u00e7as que enfrentam os desafios de gest\u00e3o no mercado contempor\u00e2neo.<\/p>\n\n\n\n<figure class=\"wp-block-image aligncenter size-large\"><img decoding=\"async\" width=\"1024\" height=\"576\" src=\"https:\/\/www.blogsoestado.com\/danielmatos\/wp-content\/uploads\/sites\/2\/2026\/03\/1005222000-1024x576.jpg\" alt=\"\" class=\"wp-image-155756\" srcset=\"https:\/\/www.blogsoestado.com\/danielmatos\/wp-content\/uploads\/sites\/2\/2026\/03\/1005222000-1024x576.jpg 1024w, https:\/\/www.blogsoestado.com\/danielmatos\/wp-content\/uploads\/sites\/2\/2026\/03\/1005222000-300x169.jpg 300w, https:\/\/www.blogsoestado.com\/danielmatos\/wp-content\/uploads\/sites\/2\/2026\/03\/1005222000-768x432.jpg 768w, https:\/\/www.blogsoestado.com\/danielmatos\/wp-content\/uploads\/sites\/2\/2026\/03\/1005222000-1536x864.jpg 1536w, https:\/\/www.blogsoestado.com\/danielmatos\/wp-content\/uploads\/sites\/2\/2026\/03\/1005222000.jpg 1920w\" sizes=\"(max-width: 1024px) 100vw, 1024px\" \/><figcaption class=\"wp-element-caption\">Tereza Cavalca e\u00a0Celiane Cabral, convidadas especiais do Caf\u00e9 ACM Mulher<\/figcaption><\/figure>\n\n\n\n<p>A programa\u00e7\u00e3o ter\u00e1 in\u00edcio com exposi\u00e7\u00e3o de produtos e servi\u00e7os de empresas locais, valorizando o empreendedorismo regional. Em seguida, a presidente da ABRH-MA (Associa\u00e7\u00e3o Brasileira de Recursos Humanos \u2013 Seccional Maranh\u00e3o), Tereza Cavalca, ministra a palestra \u201cDesafios da contrata\u00e7\u00e3o e reten\u00e7\u00e3o de talentos no varejo\u201d, tema central para empresas que buscam formar equipes de alta performance e fortalecer sua cultura organizacional.<\/p>\n\n\n\n<p>Outro destaque ser\u00e1 a Din\u00e2mica de Integra\u00e7\u00e3o \u201cC\u00f3digo Criativo do Corpo\u201d, conduzida por Celiane Cabral, CEO do Instituto Consci\u00eancia e Prosperidade, proporcionando \u00e0s participantes um momento de reflex\u00e3o sobre comunica\u00e7\u00e3o, presen\u00e7a e lideran\u00e7a no ambiente corporativo.<\/p>\n\n\n\n<p>A programa\u00e7\u00e3o tamb\u00e9m contar\u00e1 com um momento cultural, com apresenta\u00e7\u00e3o da cantora maranhense Cec\u00edlia Leite, valorizando os talentos locais.<\/p>\n\n\n\n<p>Para Ana Izabel Azevedo, o Caf\u00e9 ACM Mulher vai al\u00e9m de um evento comemorativo: trata-se de uma iniciativa estrat\u00e9gica para estimular lideran\u00e7as femininas, fortalecer o ambiente de neg\u00f3cios e consolidar o associativismo como ferramenta de desenvolvimento econ\u00f4mico.<\/p>\n\n\n\n<p>&#8220;Pensamos cada detalhe deste encontro para que ele seja um espa\u00e7o de inspira\u00e7\u00e3o, aprendizado e conex\u00e3o entre mulheres que lideram empresas e movimentam a economia do nosso estado. O Caf\u00e9 ACM Mulher \u00e9, acima de tudo, uma demonstra\u00e7\u00e3o da for\u00e7a do associativismo empresarial, que une lideran\u00e7as, fortalece parcerias e cria oportunidades reais de crescimento para neg\u00f3cios liderados por mulheres. Nosso objetivo \u00e9 que cada participante saia do evento mais preparada, conectada e confiante para enfrentar os desafios do mercado\u201d, ressaltou.<\/p>\n\n\n\n<p>O 6\u00ba Caf\u00e9 ACM Mulher \u00e9 um evento sustent\u00e1vel, com a\u00e7\u00f5es de coleta seletiva, ele \u00e9 uma realiza\u00e7\u00e3o da ACM, com organiza\u00e7\u00e3o do ACM Mulher e conta com patroc\u00ednio do Banco do Nordeste, Governo do Brasil, Fecom\u00e9rcio-MA e Intercar.<\/p>\n","protected":false},"excerpt":{"rendered":"<p>\u201cLiderar Pessoas e Sustentar Neg\u00f3cios\u201d \u00e9 o tema deste ano No pr\u00f3ximo 18 de mar\u00e7o de 2026, a Associa\u00e7\u00e3o Comercial [&hellip;]<\/p>\n","protected":false},"author":2,"featured_media":0,"comment_status":"open","ping_status":"open","sticky":false,"template":"","format":"standard","meta":{"site-sidebar-layout":"default","site-content-layout":"","ast-site-content-layout":"default","site-content-style":"default","site-sidebar-style":"default","ast-global-header-display":"","ast-banner-title-visibility":"","ast-main-header-display":"","ast-hfb-above-header-display":"","ast-hfb-below-header-display":"","ast-hfb-mobile-header-display":"","site-post-title":"","ast-breadcrumbs-content":"","ast-featured-img":"","footer-sml-layout":"","ast-disable-related-posts":"","theme-transparent-header-meta":"","adv-header-id-meta":"","stick-header-meta":"","header-above-stick-meta":"","header-main-stick-meta":"","header-below-stick-meta":"","astra-migrate-meta-layouts":"default","ast-page-background-enabled":"default","ast-page-background-meta":{"desktop":{"background-color":"var(--ast-global-color-5)","background-image":"","background-repeat":"repeat","background-position":"center center","background-size":"auto","background-attachment":"scroll","background-type":"","background-media":"","overlay-type":"","overlay-color":"","overlay-opacity":"","overlay-gradient":""},"tablet":{"background-color":"","background-image":"","background-repeat":"repeat","background-position":"center center","background-size":"auto","background-attachment":"scroll","background-type":"","background-media":"","overlay-type":"","overlay-color":"","overlay-opacity":"","overlay-gradient":""},"mobile":{"background-color":"","background-image":"","background-repeat":"repeat","background-position":"center center","background-size":"auto","background-attachment":"scroll","background-type":"","background-media":"","overlay-type":"","overlay-color":"","overlay-opacity":"","overlay-gradient":""}},"ast-content-background-meta":{"desktop":{"background-color":"var(--ast-global-color-4)","background-image":"","background-repeat":"repeat","background-position":"center center","background-size":"auto","background-attachment":"scroll","background-type":"","background-media":"","overlay-type":"","overlay-color":"","overlay-opacity":"","overlay-gradient":""},"tablet":{"background-color":"var(--ast-global-color-4)","background-image":"","background-repeat":"repeat","background-position":"center center","background-size":"auto","background-attachment":"scroll","background-type":"","background-media":"","overlay-type":"","overlay-color":"","overlay-opacity":"","overlay-gradient":""},"mobile":{"background-color":"var(--ast-global-color-4)","background-image":"","background-repeat":"repeat","background-position":"center center","background-size":"auto","background-attachment":"scroll","background-type":"","background-media":"","overlay-type":"","overlay-color":"","overlay-opacity":"","overlay-gradient":""}},"footnotes":""},"categories":[1],"tags":[],"class_list":["post-155754","post","type-post","status-publish","format-standard","hentry","category-sem-categoria"],"yoast_head":"<!-- This site is optimized with the Yoast SEO plugin v26.6 - https:\/\/yoast.com\/wordpress\/plugins\/seo\/ -->\n<title>ACM promove 6\u00aa edi\u00e7\u00e3o do Caf\u00e9 ACM Mulher - Daniel Matos<\/title>\n<meta name=\"robots\" content=\"index, follow, max-snippet:-1, max-image-preview:large, max-video-preview:-1\" \/>\n<link rel=\"canonical\" href=\"https:\/\/www.blogsoestado.com\/danielmatos\/acm-promove-6a-edicao-do-cafe-acm-mulher\/\" \/>\n<meta property=\"og:locale\" content=\"pt_BR\" \/>\n<meta property=\"og:type\" content=\"article\" \/>\n<meta property=\"og:title\" content=\"ACM promove 6\u00aa edi\u00e7\u00e3o do Caf\u00e9 ACM Mulher - Daniel Matos\" \/>\n<meta property=\"og:description\" content=\"\u201cLiderar Pessoas e Sustentar Neg\u00f3cios\u201d \u00e9 o tema deste ano No pr\u00f3ximo 18 de mar\u00e7o de 2026, a Associa\u00e7\u00e3o Comercial [&hellip;]\" \/>\n<meta property=\"og:url\" content=\"https:\/\/www.blogsoestado.com\/danielmatos\/acm-promove-6a-edicao-do-cafe-acm-mulher\/\" \/>\n<meta property=\"og:site_name\" content=\"Daniel Matos\" \/>\n<meta property=\"article:published_time\" content=\"2026-03-16T11:19:35+00:00\" \/>\n<meta property=\"article:modified_time\" content=\"2026-03-16T11:19:39+00:00\" \/>\n<meta property=\"og:image\" content=\"https:\/\/www.blogsoestado.com\/danielmatos\/wp-content\/uploads\/sites\/2\/2026\/03\/1005222001.jpg\" \/>\n\t<meta property=\"og:image:width\" content=\"1920\" \/>\n\t<meta property=\"og:image:height\" content=\"1080\" \/>\n\t<meta property=\"og:image:type\" content=\"image\/jpeg\" \/>\n<meta name=\"author\" content=\"Daniel Matos\" \/>\n<meta name=\"twitter:card\" content=\"summary_large_image\" \/>\n<meta name=\"twitter:label1\" content=\"Escrito por\" \/>\n\t<meta name=\"twitter:data1\" content=\"Daniel Matos\" \/>\n\t<meta name=\"twitter:label2\" content=\"Est. tempo de leitura\" \/>\n\t<meta name=\"twitter:data2\" content=\"4 minutos\" \/>\n<script type=\"application\/ld+json\" class=\"yoast-schema-graph\">{\"@context\":\"https:\/\/schema.org\",\"@graph\":[{\"@type\":\"WebPage\",\"@id\":\"https:\/\/www.blogsoestado.com\/danielmatos\/acm-promove-6a-edicao-do-cafe-acm-mulher\/\",\"url\":\"https:\/\/www.blogsoestado.com\/danielmatos\/acm-promove-6a-edicao-do-cafe-acm-mulher\/\",\"name\":\"ACM promove 6\u00aa edi\u00e7\u00e3o do Caf\u00e9 ACM Mulher - Daniel Matos\",\"isPartOf\":{\"@id\":\"https:\/\/www.blogsoestado.com\/danielmatos\/#website\"},\"primaryImageOfPage\":{\"@id\":\"https:\/\/www.blogsoestado.com\/danielmatos\/acm-promove-6a-edicao-do-cafe-acm-mulher\/#primaryimage\"},\"image\":{\"@id\":\"https:\/\/www.blogsoestado.com\/danielmatos\/acm-promove-6a-edicao-do-cafe-acm-mulher\/#primaryimage\"},\"thumbnailUrl\":\"https:\/\/www.blogsoestado.com\/danielmatos\/wp-content\/uploads\/sites\/2\/2026\/03\/1005222001-1024x576.jpg\",\"datePublished\":\"2026-03-16T11:19:35+00:00\",\"dateModified\":\"2026-03-16T11:19:39+00:00\",\"author\":{\"@id\":\"https:\/\/www.blogsoestado.com\/danielmatos\/#\/schema\/person\/9a209d407cd45631f131e1285b661bb0\"},\"breadcrumb\":{\"@id\":\"https:\/\/www.blogsoestado.com\/danielmatos\/acm-promove-6a-edicao-do-cafe-acm-mulher\/#breadcrumb\"},\"inLanguage\":\"pt-BR\",\"potentialAction\":[{\"@type\":\"ReadAction\",\"target\":[\"https:\/\/www.blogsoestado.com\/danielmatos\/acm-promove-6a-edicao-do-cafe-acm-mulher\/\"]}]},{\"@type\":\"ImageObject\",\"inLanguage\":\"pt-BR\",\"@id\":\"https:\/\/www.blogsoestado.com\/danielmatos\/acm-promove-6a-edicao-do-cafe-acm-mulher\/#primaryimage\",\"url\":\"https:\/\/www.blogsoestado.com\/danielmatos\/wp-content\/uploads\/sites\/2\/2026\/03\/1005222001.jpg\",\"contentUrl\":\"https:\/\/www.blogsoestado.com\/danielmatos\/wp-content\/uploads\/sites\/2\/2026\/03\/1005222001.jpg\",\"width\":1920,\"height\":1080},{\"@type\":\"BreadcrumbList\",\"@id\":\"https:\/\/www.blogsoestado.com\/danielmatos\/acm-promove-6a-edicao-do-cafe-acm-mulher\/#breadcrumb\",\"itemListElement\":[{\"@type\":\"ListItem\",\"position\":1,\"name\":\"In\u00edcio\",\"item\":\"https:\/\/www.blogsoestado.com\/danielmatos\/\"},{\"@type\":\"ListItem\",\"position\":2,\"name\":\"ACM promove 6\u00aa edi\u00e7\u00e3o do Caf\u00e9 ACM Mulher\"}]},{\"@type\":\"WebSite\",\"@id\":\"https:\/\/www.blogsoestado.com\/danielmatos\/#website\",\"url\":\"https:\/\/www.blogsoestado.com\/danielmatos\/\",\"name\":\"Daniel Matos\",\"description\":\"\",\"potentialAction\":[{\"@type\":\"SearchAction\",\"target\":{\"@type\":\"EntryPoint\",\"urlTemplate\":\"https:\/\/www.blogsoestado.com\/danielmatos\/?s={search_term_string}\"},\"query-input\":{\"@type\":\"PropertyValueSpecification\",\"valueRequired\":true,\"valueName\":\"search_term_string\"}}],\"inLanguage\":\"pt-BR\"},{\"@type\":\"Person\",\"@id\":\"https:\/\/www.blogsoestado.com\/danielmatos\/#\/schema\/person\/9a209d407cd45631f131e1285b661bb0\",\"name\":\"Daniel Matos\",\"image\":{\"@type\":\"ImageObject\",\"inLanguage\":\"pt-BR\",\"@id\":\"https:\/\/www.blogsoestado.com\/danielmatos\/#\/schema\/person\/image\/\",\"url\":\"https:\/\/secure.gravatar.com\/avatar\/2f26c36ee355da19a257f0dfef43952a2588b324ca35d6719e859fe338ac0392?s=96&d=mm&r=g\",\"contentUrl\":\"https:\/\/secure.gravatar.com\/avatar\/2f26c36ee355da19a257f0dfef43952a2588b324ca35d6719e859fe338ac0392?s=96&d=mm&r=g\",\"caption\":\"Daniel Matos\"},\"url\":\"https:\/\/www.blogsoestado.com\/danielmatos\/author\/danielmatos\/\"}]}<\/script>\n<!-- \/ Yoast SEO plugin. -->","yoast_head_json":{"title":"ACM promove 6\u00aa edi\u00e7\u00e3o do Caf\u00e9 ACM Mulher - Daniel Matos","robots":{"index":"index","follow":"follow","max-snippet":"max-snippet:-1","max-image-preview":"max-image-preview:large","max-video-preview":"max-video-preview:-1"},"canonical":"https:\/\/www.blogsoestado.com\/danielmatos\/acm-promove-6a-edicao-do-cafe-acm-mulher\/","og_locale":"pt_BR","og_type":"article","og_title":"ACM promove 6\u00aa edi\u00e7\u00e3o do Caf\u00e9 ACM Mulher - Daniel Matos","og_description":"\u201cLiderar Pessoas e Sustentar Neg\u00f3cios\u201d \u00e9 o tema deste ano No pr\u00f3ximo 18 de mar\u00e7o de 2026, a Associa\u00e7\u00e3o Comercial [&hellip;]","og_url":"https:\/\/www.blogsoestado.com\/danielmatos\/acm-promove-6a-edicao-do-cafe-acm-mulher\/","og_site_name":"Daniel Matos","article_published_time":"2026-03-16T11:19:35+00:00","article_modified_time":"2026-03-16T11:19:39+00:00","og_image":[{"width":1920,"height":1080,"url":"https:\/\/www.blogsoestado.com\/danielmatos\/wp-content\/uploads\/sites\/2\/2026\/03\/1005222001.jpg","type":"image\/jpeg"}],"author":"Daniel Matos","twitter_card":"summary_large_image","twitter_misc":{"Escrito por":"Daniel Matos","Est. tempo de leitura":"4 minutos"},"schema":{"@context":"https:\/\/schema.org","@graph":[{"@type":"WebPage","@id":"https:\/\/www.blogsoestado.com\/danielmatos\/acm-promove-6a-edicao-do-cafe-acm-mulher\/","url":"https:\/\/www.blogsoestado.com\/danielmatos\/acm-promove-6a-edicao-do-cafe-acm-mulher\/","name":"ACM promove 6\u00aa edi\u00e7\u00e3o do Caf\u00e9 ACM Mulher - Daniel Matos","isPartOf":{"@id":"https:\/\/www.blogsoestado.com\/danielmatos\/#website"},"primaryImageOfPage":{"@id":"https:\/\/www.blogsoestado.com\/danielmatos\/acm-promove-6a-edicao-do-cafe-acm-mulher\/#primaryimage"},"image":{"@id":"https:\/\/www.blogsoestado.com\/danielmatos\/acm-promove-6a-edicao-do-cafe-acm-mulher\/#primaryimage"},"thumbnailUrl":"https:\/\/www.blogsoestado.com\/danielmatos\/wp-content\/uploads\/sites\/2\/2026\/03\/1005222001-1024x576.jpg","datePublished":"2026-03-16T11:19:35+00:00","dateModified":"2026-03-16T11:19:39+00:00","author":{"@id":"https:\/\/www.blogsoestado.com\/danielmatos\/#\/schema\/person\/9a209d407cd45631f131e1285b661bb0"},"breadcrumb":{"@id":"https:\/\/www.blogsoestado.com\/danielmatos\/acm-promove-6a-edicao-do-cafe-acm-mulher\/#breadcrumb"},"inLanguage":"pt-BR","potentialAction":[{"@type":"ReadAction","target":["https:\/\/www.blogsoestado.com\/danielmatos\/acm-promove-6a-edicao-do-cafe-acm-mulher\/"]}]},{"@type":"ImageObject","inLanguage":"pt-BR","@id":"https:\/\/www.blogsoestado.com\/danielmatos\/acm-promove-6a-edicao-do-cafe-acm-mulher\/#primaryimage","url":"https:\/\/www.blogsoestado.com\/danielmatos\/wp-content\/uploads\/sites\/2\/2026\/03\/1005222001.jpg","contentUrl":"https:\/\/www.blogsoestado.com\/danielmatos\/wp-content\/uploads\/sites\/2\/2026\/03\/1005222001.jpg","width":1920,"height":1080},{"@type":"BreadcrumbList","@id":"https:\/\/www.blogsoestado.com\/danielmatos\/acm-promove-6a-edicao-do-cafe-acm-mulher\/#breadcrumb","itemListElement":[{"@type":"ListItem","position":1,"name":"In\u00edcio","item":"https:\/\/www.blogsoestado.com\/danielmatos\/"},{"@type":"ListItem","position":2,"name":"ACM promove 6\u00aa edi\u00e7\u00e3o do Caf\u00e9 ACM Mulher"}]},{"@type":"WebSite","@id":"https:\/\/www.blogsoestado.com\/danielmatos\/#website","url":"https:\/\/www.blogsoestado.com\/danielmatos\/","name":"Daniel Matos","description":"","potentialAction":[{"@type":"SearchAction","target":{"@type":"EntryPoint","urlTemplate":"https:\/\/www.blogsoestado.com\/danielmatos\/?s={search_term_string}"},"query-input":{"@type":"PropertyValueSpecification","valueRequired":true,"valueName":"search_term_string"}}],"inLanguage":"pt-BR"},{"@type":"Person","@id":"https:\/\/www.blogsoestado.com\/danielmatos\/#\/schema\/person\/9a209d407cd45631f131e1285b661bb0","name":"Daniel Matos","image":{"@type":"ImageObject","inLanguage":"pt-BR","@id":"https:\/\/www.blogsoestado.com\/danielmatos\/#\/schema\/person\/image\/","url":"https:\/\/secure.gravatar.com\/avatar\/2f26c36ee355da19a257f0dfef43952a2588b324ca35d6719e859fe338ac0392?s=96&d=mm&r=g","contentUrl":"https:\/\/secure.gravatar.com\/avatar\/2f26c36ee355da19a257f0dfef43952a2588b324ca35d6719e859fe338ac0392?s=96&d=mm&r=g","caption":"Daniel Matos"},"url":"https:\/\/www.blogsoestado.com\/danielmatos\/author\/danielmatos\/"}]}},"jetpack_featured_media_url":"","_links":{"self":[{"href":"https:\/\/www.blogsoestado.com\/danielmatos\/wp-json\/wp\/v2\/posts\/155754","targetHints":{"allow":["GET"]}}],"collection":[{"href":"https:\/\/www.blogsoestado.com\/danielmatos\/wp-json\/wp\/v2\/posts"}],"about":[{"href":"https:\/\/www.blogsoestado.com\/danielmatos\/wp-json\/wp\/v2\/types\/post"}],"author":[{"embeddable":true,"href":"https:\/\/www.blogsoestado.com\/danielmatos\/wp-json\/wp\/v2\/users\/2"}],"replies":[{"embeddable":true,"href":"https:\/\/www.blogsoestado.com\/danielmatos\/wp-json\/wp\/v2\/comments?post=155754"}],"version-history":[{"count":1,"href":"https:\/\/www.blogsoestado.com\/danielmatos\/wp-json\/wp\/v2\/posts\/155754\/revisions"}],"predecessor-version":[{"id":155757,"href":"https:\/\/www.blogsoestado.com\/danielmatos\/wp-json\/wp\/v2\/posts\/155754\/revisions\/155757"}],"wp:attachment":[{"href":"https:\/\/www.blogsoestado.com\/danielmatos\/wp-json\/wp\/v2\/media?parent=155754"}],"wp:term":[{"taxonomy":"category","embeddable":true,"href":"https:\/\/www.blogsoestado.com\/danielmatos\/wp-json\/wp\/v2\/categories?post=155754"},{"taxonomy":"post_tag","embeddable":true,"href":"https:\/\/www.blogsoestado.com\/danielmatos\/wp-json\/wp\/v2\/tags?post=155754"}],"curies":[{"name":"wp","href":"https:\/\/api.w.org\/{rel}","templated":true}]}}