{"id":155758,"date":"2026-03-16T09:49:15","date_gmt":"2026-03-16T12:49:15","guid":{"rendered":"https:\/\/www.blogsoestado.com\/danielmatos\/?p=155758"},"modified":"2026-03-16T09:49:22","modified_gmt":"2026-03-16T12:49:22","slug":"pf-intercepta-mais-uma-carga-ilegal-de-canetas-emagrecedoras-no-aeroporto-de-sao-luis","status":"publish","type":"post","link":"https:\/\/www.blogsoestado.com\/danielmatos\/pf-intercepta-mais-uma-carga-ilegal-de-canetas-emagrecedoras-no-aeroporto-de-sao-luis\/","title":{"rendered":"PF intercepta mais uma carga ilegal de canetas emagrecedoras no Aeroporto de S\u00e3o Lu\u00eds"},"content":{"rendered":"\n<p><strong><mark style=\"color:#cf2e2e\" class=\"has-inline-color\">Medicamentos eram transportados sem a devida autoriza\u00e7\u00e3o sanit\u00e1ria e sem o recolhimento de tributos<\/mark><\/strong><\/p>\n\n\n\n<figure class=\"wp-block-image aligncenter size-full\"><img fetchpriority=\"high\" decoding=\"async\" width=\"768\" height=\"517\" src=\"https:\/\/www.blogsoestado.com\/danielmatos\/wp-content\/uploads\/sites\/2\/2026\/03\/1005222586.jpg\" alt=\"\" class=\"wp-image-155759\" srcset=\"https:\/\/www.blogsoestado.com\/danielmatos\/wp-content\/uploads\/sites\/2\/2026\/03\/1005222586.jpg 768w, https:\/\/www.blogsoestado.com\/danielmatos\/wp-content\/uploads\/sites\/2\/2026\/03\/1005222586-300x202.jpg 300w\" sizes=\"(max-width: 768px) 100vw, 768px\" \/><figcaption class=\"wp-element-caption\">Carga de canetas emagrecedoras apreendida no Aeroporto de S\u00e3o Lu\u00eds<\/figcaption><\/figure>\n\n\n\n<p>A Pol\u00edcia Federal apreendeu, neste domingo (15\/3), diversas canetas e frascos do medicamento emagrecedor contendo tirzepatida no Aeroporto Internacional Marechal Cunha Machado, na capital maranhense. A carga era transportada sem a devida autoriza\u00e7\u00e3o sanit\u00e1ria e sem o recolhimento de tributos. Foi a segunda apreens\u00e3o desse tipo de carga ilegal no terminal aeroportu\u00e1rio da capital maranhense em quatro dias. Na madrugada do \u00faltimo dia 12, <a href=\"https:\/\/www.blogsoestado.com\/danielmatos\/pf-apreende-canetas-emagrecedoras-e-produtos-eletronicos-em-mala-transportada-por-casal-no-aeroporto-de-sao-luis\/\">ocorr\u00eancia semelhante foi registrada no local<\/a>, envolvendo um casal residente no interior do Maranh\u00e3o.<\/p>\n\n\n\n<p>O material il\u00edcito foi localizado durante a abordagem e inspe\u00e7\u00e3o das bagagens de um passageiro que havia embarcado em Foz do Igua\u00e7u\/PR. A tirzepatida \u00e9 uma subst\u00e2ncia que exige controle rigoroso e autoriza\u00e7\u00e3o espec\u00edfica dos \u00f3rg\u00e3os competentes para importa\u00e7\u00e3o e comercializa\u00e7\u00e3o no Brasil.<\/p>\n\n\n\n<p>Todo o material apreendido foi encaminhado \u00e0 sede da Pol\u00edcia Federal para os procedimentos legais cab\u00edveis. O passageiro poder\u00e1 responder pelos crimes de contrabando e infra\u00e7\u00e3o sanit\u00e1ria.<\/p>\n","protected":false},"excerpt":{"rendered":"<p>Medicamentos eram transportados sem a devida autoriza\u00e7\u00e3o sanit\u00e1ria e sem o recolhimento de tributos A Pol\u00edcia Federal apreendeu, neste domingo [&hellip;]<\/p>\n","protected":false},"author":2,"featured_media":0,"comment_status":"open","ping_status":"open","sticky":false,"template":"","format":"standard","meta":{"site-sidebar-layout":"default","site-content-layout":"","ast-site-content-layout":"default","site-content-style":"default","site-sidebar-style":"default","ast-global-header-display":"","ast-banner-title-visibility":"","ast-main-header-display":"","ast-hfb-above-header-display":"","ast-hfb-below-header-display":"","ast-hfb-mobile-header-display":"","site-post-title":"","ast-breadcrumbs-content":"","ast-featured-img":"","footer-sml-layout":"","ast-disable-related-posts":"","theme-transparent-header-meta":"","adv-header-id-meta":"","stick-header-meta":"","header-above-stick-meta":"","header-main-stick-meta":"","header-below-stick-meta":"","astra-migrate-meta-layouts":"default","ast-page-background-enabled":"default","ast-page-background-meta":{"desktop":{"background-color":"var(--ast-global-color-5)","background-image":"","background-repeat":"repeat","background-position":"center center","background-size":"auto","background-attachment":"scroll","background-type":"","background-media":"","overlay-type":"","overlay-color":"","overlay-opacity":"","overlay-gradient":""},"tablet":{"background-color":"","background-image":"","background-repeat":"repeat","background-position":"center center","background-size":"auto","background-attachment":"scroll","background-type":"","background-media":"","overlay-type":"","overlay-color":"","overlay-opacity":"","overlay-gradient":""},"mobile":{"background-color":"","background-image":"","background-repeat":"repeat","background-position":"center center","background-size":"auto","background-attachment":"scroll","background-type":"","background-media":"","overlay-type":"","overlay-color":"","overlay-opacity":"","overlay-gradient":""}},"ast-content-background-meta":{"desktop":{"background-color":"var(--ast-global-color-4)","background-image":"","background-repeat":"repeat","background-position":"center center","background-size":"auto","background-attachment":"scroll","background-type":"","background-media":"","overlay-type":"","overlay-color":"","overlay-opacity":"","overlay-gradient":""},"tablet":{"background-color":"var(--ast-global-color-4)","background-image":"","background-repeat":"repeat","background-position":"center center","background-size":"auto","background-attachment":"scroll","background-type":"","background-media":"","overlay-type":"","overlay-color":"","overlay-opacity":"","overlay-gradient":""},"mobile":{"background-color":"var(--ast-global-color-4)","background-image":"","background-repeat":"repeat","background-position":"center center","background-size":"auto","background-attachment":"scroll","background-type":"","background-media":"","overlay-type":"","overlay-color":"","overlay-opacity":"","overlay-gradient":""}},"footnotes":""},"categories":[1],"tags":[],"class_list":["post-155758","post","type-post","status-publish","format-standard","hentry","category-sem-categoria"],"yoast_head":"<!-- This site is optimized with the Yoast SEO plugin v26.6 - https:\/\/yoast.com\/wordpress\/plugins\/seo\/ -->\n<title>PF intercepta mais uma carga ilegal de canetas emagrecedoras no Aeroporto de S\u00e3o Lu\u00eds - Daniel Matos<\/title>\n<meta name=\"robots\" content=\"index, follow, max-snippet:-1, max-image-preview:large, max-video-preview:-1\" \/>\n<link rel=\"canonical\" href=\"https:\/\/www.blogsoestado.com\/danielmatos\/pf-intercepta-mais-uma-carga-ilegal-de-canetas-emagrecedoras-no-aeroporto-de-sao-luis\/\" \/>\n<meta property=\"og:locale\" content=\"pt_BR\" \/>\n<meta property=\"og:type\" content=\"article\" \/>\n<meta property=\"og:title\" content=\"PF intercepta mais uma carga ilegal de canetas emagrecedoras no Aeroporto de S\u00e3o Lu\u00eds - Daniel Matos\" \/>\n<meta property=\"og:description\" content=\"Medicamentos eram transportados sem a devida autoriza\u00e7\u00e3o sanit\u00e1ria e sem o recolhimento de tributos A Pol\u00edcia Federal apreendeu, neste domingo [&hellip;]\" \/>\n<meta property=\"og:url\" content=\"https:\/\/www.blogsoestado.com\/danielmatos\/pf-intercepta-mais-uma-carga-ilegal-de-canetas-emagrecedoras-no-aeroporto-de-sao-luis\/\" \/>\n<meta property=\"og:site_name\" content=\"Daniel Matos\" \/>\n<meta property=\"article:published_time\" content=\"2026-03-16T12:49:15+00:00\" \/>\n<meta property=\"article:modified_time\" content=\"2026-03-16T12:49:22+00:00\" \/>\n<meta property=\"og:image\" content=\"https:\/\/www.blogsoestado.com\/danielmatos\/wp-content\/uploads\/sites\/2\/2026\/03\/1005222586.jpg\" \/>\n\t<meta property=\"og:image:width\" content=\"768\" \/>\n\t<meta property=\"og:image:height\" content=\"517\" \/>\n\t<meta property=\"og:image:type\" content=\"image\/jpeg\" \/>\n<meta name=\"author\" content=\"Daniel Matos\" \/>\n<meta name=\"twitter:card\" content=\"summary_large_image\" \/>\n<meta name=\"twitter:label1\" content=\"Escrito por\" \/>\n\t<meta name=\"twitter:data1\" content=\"Daniel Matos\" \/>\n\t<meta name=\"twitter:label2\" content=\"Est. tempo de leitura\" \/>\n\t<meta name=\"twitter:data2\" content=\"2 minutos\" \/>\n<script type=\"application\/ld+json\" class=\"yoast-schema-graph\">{\"@context\":\"https:\/\/schema.org\",\"@graph\":[{\"@type\":\"WebPage\",\"@id\":\"https:\/\/www.blogsoestado.com\/danielmatos\/pf-intercepta-mais-uma-carga-ilegal-de-canetas-emagrecedoras-no-aeroporto-de-sao-luis\/\",\"url\":\"https:\/\/www.blogsoestado.com\/danielmatos\/pf-intercepta-mais-uma-carga-ilegal-de-canetas-emagrecedoras-no-aeroporto-de-sao-luis\/\",\"name\":\"PF intercepta mais uma carga ilegal de canetas emagrecedoras no Aeroporto de S\u00e3o Lu\u00eds - Daniel Matos\",\"isPartOf\":{\"@id\":\"https:\/\/www.blogsoestado.com\/danielmatos\/#website\"},\"primaryImageOfPage\":{\"@id\":\"https:\/\/www.blogsoestado.com\/danielmatos\/pf-intercepta-mais-uma-carga-ilegal-de-canetas-emagrecedoras-no-aeroporto-de-sao-luis\/#primaryimage\"},\"image\":{\"@id\":\"https:\/\/www.blogsoestado.com\/danielmatos\/pf-intercepta-mais-uma-carga-ilegal-de-canetas-emagrecedoras-no-aeroporto-de-sao-luis\/#primaryimage\"},\"thumbnailUrl\":\"https:\/\/www.blogsoestado.com\/danielmatos\/wp-content\/uploads\/sites\/2\/2026\/03\/1005222586.jpg\",\"datePublished\":\"2026-03-16T12:49:15+00:00\",\"dateModified\":\"2026-03-16T12:49:22+00:00\",\"author\":{\"@id\":\"https:\/\/www.blogsoestado.com\/danielmatos\/#\/schema\/person\/9a209d407cd45631f131e1285b661bb0\"},\"breadcrumb\":{\"@id\":\"https:\/\/www.blogsoestado.com\/danielmatos\/pf-intercepta-mais-uma-carga-ilegal-de-canetas-emagrecedoras-no-aeroporto-de-sao-luis\/#breadcrumb\"},\"inLanguage\":\"pt-BR\",\"potentialAction\":[{\"@type\":\"ReadAction\",\"target\":[\"https:\/\/www.blogsoestado.com\/danielmatos\/pf-intercepta-mais-uma-carga-ilegal-de-canetas-emagrecedoras-no-aeroporto-de-sao-luis\/\"]}]},{\"@type\":\"ImageObject\",\"inLanguage\":\"pt-BR\",\"@id\":\"https:\/\/www.blogsoestado.com\/danielmatos\/pf-intercepta-mais-uma-carga-ilegal-de-canetas-emagrecedoras-no-aeroporto-de-sao-luis\/#primaryimage\",\"url\":\"https:\/\/www.blogsoestado.com\/danielmatos\/wp-content\/uploads\/sites\/2\/2026\/03\/1005222586.jpg\",\"contentUrl\":\"https:\/\/www.blogsoestado.com\/danielmatos\/wp-content\/uploads\/sites\/2\/2026\/03\/1005222586.jpg\",\"width\":768,\"height\":517},{\"@type\":\"BreadcrumbList\",\"@id\":\"https:\/\/www.blogsoestado.com\/danielmatos\/pf-intercepta-mais-uma-carga-ilegal-de-canetas-emagrecedoras-no-aeroporto-de-sao-luis\/#breadcrumb\",\"itemListElement\":[{\"@type\":\"ListItem\",\"position\":1,\"name\":\"In\u00edcio\",\"item\":\"https:\/\/www.blogsoestado.com\/danielmatos\/\"},{\"@type\":\"ListItem\",\"position\":2,\"name\":\"PF intercepta mais uma carga ilegal de canetas emagrecedoras no Aeroporto de S\u00e3o Lu\u00eds\"}]},{\"@type\":\"WebSite\",\"@id\":\"https:\/\/www.blogsoestado.com\/danielmatos\/#website\",\"url\":\"https:\/\/www.blogsoestado.com\/danielmatos\/\",\"name\":\"Daniel Matos\",\"description\":\"\",\"potentialAction\":[{\"@type\":\"SearchAction\",\"target\":{\"@type\":\"EntryPoint\",\"urlTemplate\":\"https:\/\/www.blogsoestado.com\/danielmatos\/?s={search_term_string}\"},\"query-input\":{\"@type\":\"PropertyValueSpecification\",\"valueRequired\":true,\"valueName\":\"search_term_string\"}}],\"inLanguage\":\"pt-BR\"},{\"@type\":\"Person\",\"@id\":\"https:\/\/www.blogsoestado.com\/danielmatos\/#\/schema\/person\/9a209d407cd45631f131e1285b661bb0\",\"name\":\"Daniel Matos\",\"image\":{\"@type\":\"ImageObject\",\"inLanguage\":\"pt-BR\",\"@id\":\"https:\/\/www.blogsoestado.com\/danielmatos\/#\/schema\/person\/image\/\",\"url\":\"https:\/\/secure.gravatar.com\/avatar\/2f26c36ee355da19a257f0dfef43952a2588b324ca35d6719e859fe338ac0392?s=96&d=mm&r=g\",\"contentUrl\":\"https:\/\/secure.gravatar.com\/avatar\/2f26c36ee355da19a257f0dfef43952a2588b324ca35d6719e859fe338ac0392?s=96&d=mm&r=g\",\"caption\":\"Daniel Matos\"},\"url\":\"https:\/\/www.blogsoestado.com\/danielmatos\/author\/danielmatos\/\"}]}<\/script>\n<!-- \/ Yoast SEO plugin. -->","yoast_head_json":{"title":"PF intercepta mais uma carga ilegal de canetas emagrecedoras no Aeroporto de S\u00e3o Lu\u00eds - Daniel Matos","robots":{"index":"index","follow":"follow","max-snippet":"max-snippet:-1","max-image-preview":"max-image-preview:large","max-video-preview":"max-video-preview:-1"},"canonical":"https:\/\/www.blogsoestado.com\/danielmatos\/pf-intercepta-mais-uma-carga-ilegal-de-canetas-emagrecedoras-no-aeroporto-de-sao-luis\/","og_locale":"pt_BR","og_type":"article","og_title":"PF intercepta mais uma carga ilegal de canetas emagrecedoras no Aeroporto de S\u00e3o Lu\u00eds - Daniel Matos","og_description":"Medicamentos eram transportados sem a devida autoriza\u00e7\u00e3o sanit\u00e1ria e sem o recolhimento de tributos A Pol\u00edcia Federal apreendeu, neste domingo [&hellip;]","og_url":"https:\/\/www.blogsoestado.com\/danielmatos\/pf-intercepta-mais-uma-carga-ilegal-de-canetas-emagrecedoras-no-aeroporto-de-sao-luis\/","og_site_name":"Daniel Matos","article_published_time":"2026-03-16T12:49:15+00:00","article_modified_time":"2026-03-16T12:49:22+00:00","og_image":[{"width":768,"height":517,"url":"https:\/\/www.blogsoestado.com\/danielmatos\/wp-content\/uploads\/sites\/2\/2026\/03\/1005222586.jpg","type":"image\/jpeg"}],"author":"Daniel Matos","twitter_card":"summary_large_image","twitter_misc":{"Escrito por":"Daniel Matos","Est. tempo de leitura":"2 minutos"},"schema":{"@context":"https:\/\/schema.org","@graph":[{"@type":"WebPage","@id":"https:\/\/www.blogsoestado.com\/danielmatos\/pf-intercepta-mais-uma-carga-ilegal-de-canetas-emagrecedoras-no-aeroporto-de-sao-luis\/","url":"https:\/\/www.blogsoestado.com\/danielmatos\/pf-intercepta-mais-uma-carga-ilegal-de-canetas-emagrecedoras-no-aeroporto-de-sao-luis\/","name":"PF intercepta mais uma carga ilegal de canetas emagrecedoras no Aeroporto de S\u00e3o Lu\u00eds - Daniel Matos","isPartOf":{"@id":"https:\/\/www.blogsoestado.com\/danielmatos\/#website"},"primaryImageOfPage":{"@id":"https:\/\/www.blogsoestado.com\/danielmatos\/pf-intercepta-mais-uma-carga-ilegal-de-canetas-emagrecedoras-no-aeroporto-de-sao-luis\/#primaryimage"},"image":{"@id":"https:\/\/www.blogsoestado.com\/danielmatos\/pf-intercepta-mais-uma-carga-ilegal-de-canetas-emagrecedoras-no-aeroporto-de-sao-luis\/#primaryimage"},"thumbnailUrl":"https:\/\/www.blogsoestado.com\/danielmatos\/wp-content\/uploads\/sites\/2\/2026\/03\/1005222586.jpg","datePublished":"2026-03-16T12:49:15+00:00","dateModified":"2026-03-16T12:49:22+00:00","author":{"@id":"https:\/\/www.blogsoestado.com\/danielmatos\/#\/schema\/person\/9a209d407cd45631f131e1285b661bb0"},"breadcrumb":{"@id":"https:\/\/www.blogsoestado.com\/danielmatos\/pf-intercepta-mais-uma-carga-ilegal-de-canetas-emagrecedoras-no-aeroporto-de-sao-luis\/#breadcrumb"},"inLanguage":"pt-BR","potentialAction":[{"@type":"ReadAction","target":["https:\/\/www.blogsoestado.com\/danielmatos\/pf-intercepta-mais-uma-carga-ilegal-de-canetas-emagrecedoras-no-aeroporto-de-sao-luis\/"]}]},{"@type":"ImageObject","inLanguage":"pt-BR","@id":"https:\/\/www.blogsoestado.com\/danielmatos\/pf-intercepta-mais-uma-carga-ilegal-de-canetas-emagrecedoras-no-aeroporto-de-sao-luis\/#primaryimage","url":"https:\/\/www.blogsoestado.com\/danielmatos\/wp-content\/uploads\/sites\/2\/2026\/03\/1005222586.jpg","contentUrl":"https:\/\/www.blogsoestado.com\/danielmatos\/wp-content\/uploads\/sites\/2\/2026\/03\/1005222586.jpg","width":768,"height":517},{"@type":"BreadcrumbList","@id":"https:\/\/www.blogsoestado.com\/danielmatos\/pf-intercepta-mais-uma-carga-ilegal-de-canetas-emagrecedoras-no-aeroporto-de-sao-luis\/#breadcrumb","itemListElement":[{"@type":"ListItem","position":1,"name":"In\u00edcio","item":"https:\/\/www.blogsoestado.com\/danielmatos\/"},{"@type":"ListItem","position":2,"name":"PF intercepta mais uma carga ilegal de canetas emagrecedoras no Aeroporto de S\u00e3o Lu\u00eds"}]},{"@type":"WebSite","@id":"https:\/\/www.blogsoestado.com\/danielmatos\/#website","url":"https:\/\/www.blogsoestado.com\/danielmatos\/","name":"Daniel Matos","description":"","potentialAction":[{"@type":"SearchAction","target":{"@type":"EntryPoint","urlTemplate":"https:\/\/www.blogsoestado.com\/danielmatos\/?s={search_term_string}"},"query-input":{"@type":"PropertyValueSpecification","valueRequired":true,"valueName":"search_term_string"}}],"inLanguage":"pt-BR"},{"@type":"Person","@id":"https:\/\/www.blogsoestado.com\/danielmatos\/#\/schema\/person\/9a209d407cd45631f131e1285b661bb0","name":"Daniel Matos","image":{"@type":"ImageObject","inLanguage":"pt-BR","@id":"https:\/\/www.blogsoestado.com\/danielmatos\/#\/schema\/person\/image\/","url":"https:\/\/secure.gravatar.com\/avatar\/2f26c36ee355da19a257f0dfef43952a2588b324ca35d6719e859fe338ac0392?s=96&d=mm&r=g","contentUrl":"https:\/\/secure.gravatar.com\/avatar\/2f26c36ee355da19a257f0dfef43952a2588b324ca35d6719e859fe338ac0392?s=96&d=mm&r=g","caption":"Daniel Matos"},"url":"https:\/\/www.blogsoestado.com\/danielmatos\/author\/danielmatos\/"}]}},"jetpack_featured_media_url":"","_links":{"self":[{"href":"https:\/\/www.blogsoestado.com\/danielmatos\/wp-json\/wp\/v2\/posts\/155758","targetHints":{"allow":["GET"]}}],"collection":[{"href":"https:\/\/www.blogsoestado.com\/danielmatos\/wp-json\/wp\/v2\/posts"}],"about":[{"href":"https:\/\/www.blogsoestado.com\/danielmatos\/wp-json\/wp\/v2\/types\/post"}],"author":[{"embeddable":true,"href":"https:\/\/www.blogsoestado.com\/danielmatos\/wp-json\/wp\/v2\/users\/2"}],"replies":[{"embeddable":true,"href":"https:\/\/www.blogsoestado.com\/danielmatos\/wp-json\/wp\/v2\/comments?post=155758"}],"version-history":[{"count":1,"href":"https:\/\/www.blogsoestado.com\/danielmatos\/wp-json\/wp\/v2\/posts\/155758\/revisions"}],"predecessor-version":[{"id":155760,"href":"https:\/\/www.blogsoestado.com\/danielmatos\/wp-json\/wp\/v2\/posts\/155758\/revisions\/155760"}],"wp:attachment":[{"href":"https:\/\/www.blogsoestado.com\/danielmatos\/wp-json\/wp\/v2\/media?parent=155758"}],"wp:term":[{"taxonomy":"category","embeddable":true,"href":"https:\/\/www.blogsoestado.com\/danielmatos\/wp-json\/wp\/v2\/categories?post=155758"},{"taxonomy":"post_tag","embeddable":true,"href":"https:\/\/www.blogsoestado.com\/danielmatos\/wp-json\/wp\/v2\/tags?post=155758"}],"curies":[{"name":"wp","href":"https:\/\/api.w.org\/{rel}","templated":true}]}}