{"id":155765,"date":"2026-03-16T13:42:22","date_gmt":"2026-03-16T16:42:22","guid":{"rendered":"https:\/\/www.blogsoestado.com\/danielmatos\/?p=155765"},"modified":"2026-03-16T13:42:25","modified_gmt":"2026-03-16T16:42:25","slug":"prefeito-de-afonso-cunha-e-presidente-da-camara-de-sao-joao-dos-patos-fecham-com-dr-hilton-ao-senado","status":"publish","type":"post","link":"https:\/\/www.blogsoestado.com\/danielmatos\/prefeito-de-afonso-cunha-e-presidente-da-camara-de-sao-joao-dos-patos-fecham-com-dr-hilton-ao-senado\/","title":{"rendered":"Prefeito de Afonso Cunha e presidente da C\u00e2mara de S\u00e3o Jo\u00e3o dos Patos fecham com Dr. Hilton ao Senado"},"content":{"rendered":"\n<figure class=\"wp-block-image aligncenter size-large\"><img fetchpriority=\"high\" decoding=\"async\" width=\"768\" height=\"1024\" src=\"https:\/\/www.blogsoestado.com\/danielmatos\/wp-content\/uploads\/sites\/2\/2026\/03\/1005224047-768x1024.jpg\" alt=\"\" class=\"wp-image-155766\" srcset=\"https:\/\/www.blogsoestado.com\/danielmatos\/wp-content\/uploads\/sites\/2\/2026\/03\/1005224047-768x1024.jpg 768w, https:\/\/www.blogsoestado.com\/danielmatos\/wp-content\/uploads\/sites\/2\/2026\/03\/1005224047-225x300.jpg 225w, https:\/\/www.blogsoestado.com\/danielmatos\/wp-content\/uploads\/sites\/2\/2026\/03\/1005224047-1152x1536.jpg 1152w, https:\/\/www.blogsoestado.com\/danielmatos\/wp-content\/uploads\/sites\/2\/2026\/03\/1005224047.jpg 1200w\" sizes=\"(max-width: 768px) 100vw, 768px\" \/><figcaption class=\"wp-element-caption\">O pr\u00e9-candidato ao Senado Hilton Gon\u00e7alo se reuniu com o prefeito de Afonso Cunha, Pedro Medeiros<\/figcaption><\/figure>\n\n\n\n<p>No \u00faltimo s\u00e1bado (14), o prefeito de Afonso Cunha, Pedro Medeiros, esteve em S\u00e3o Lu\u00eds para uma reuni\u00e3o considerada produtiva com o pr\u00e9-candidato ao Senado Federal, Dr. Hilton Gon\u00e7alo. Durante o encontro, o gestor municipal apresentou as principais demandas de Afonso Cunha, com foco em parcerias voltadas para melhorias na infraestrutura e no fortalecimento dos servi\u00e7os essenciais oferecidos \u00e0 popula\u00e7\u00e3o.<\/p>\n\n\n\n<p>Segundo Pedro Medeiros, o di\u00e1logo com lideran\u00e7as comprometidas \u00e9 fundamental para transformar projetos em resultados concretos para os munic\u00edpios. Ele destacou que Dr. Hilton Gon\u00e7alo demonstrou sensibilidade \u00e0s pautas apresentadas e reafirmou disposi\u00e7\u00e3o em contribuir com a busca por novos investimentos e mais desenvolvimento para Afonso Cunha.<\/p>\n\n\n\n<p>Al\u00e9m do prefeito afonsum-cunhense, tamb\u00e9m participou da reuni\u00e3o o presidente da C\u00e2mara Municipal de S\u00e3o Jo\u00e3o dos Patos, Fernandinho Soares. Durante o encontro, tanto Pedro Medeiros quanto Fernandinho declararam apoio \u00e0 pr\u00e9-candidatura de Dr. Hilton Gon\u00e7alo ao Senado Federal, refor\u00e7ando alinhamento pol\u00edtico em torno do projeto para 2026.<\/p>\n\n\n\n<p>A agenda em S\u00e3o Lu\u00eds consolida mais um movimento de fortalecimento do nome de Dr. Hilton Gon\u00e7alo na corrida por uma vaga no Senado, reunindo lideran\u00e7as municipais de diferentes regi\u00f5es do Maranh\u00e3o em torno de sua pr\u00e9-candidatura.<\/p>\n\n\n\n<p><\/p>\n","protected":false},"excerpt":{"rendered":"<p>No \u00faltimo s\u00e1bado (14), o prefeito de Afonso Cunha, Pedro Medeiros, esteve em S\u00e3o Lu\u00eds para uma reuni\u00e3o considerada produtiva [&hellip;]<\/p>\n","protected":false},"author":2,"featured_media":0,"comment_status":"open","ping_status":"open","sticky":false,"template":"","format":"standard","meta":{"site-sidebar-layout":"default","site-content-layout":"","ast-site-content-layout":"default","site-content-style":"default","site-sidebar-style":"default","ast-global-header-display":"","ast-banner-title-visibility":"","ast-main-header-display":"","ast-hfb-above-header-display":"","ast-hfb-below-header-display":"","ast-hfb-mobile-header-display":"","site-post-title":"","ast-breadcrumbs-content":"","ast-featured-img":"","footer-sml-layout":"","ast-disable-related-posts":"","theme-transparent-header-meta":"","adv-header-id-meta":"","stick-header-meta":"","header-above-stick-meta":"","header-main-stick-meta":"","header-below-stick-meta":"","astra-migrate-meta-layouts":"default","ast-page-background-enabled":"default","ast-page-background-meta":{"desktop":{"background-color":"var(--ast-global-color-5)","background-image":"","background-repeat":"repeat","background-position":"center center","background-size":"auto","background-attachment":"scroll","background-type":"","background-media":"","overlay-type":"","overlay-color":"","overlay-opacity":"","overlay-gradient":""},"tablet":{"background-color":"","background-image":"","background-repeat":"repeat","background-position":"center center","background-size":"auto","background-attachment":"scroll","background-type":"","background-media":"","overlay-type":"","overlay-color":"","overlay-opacity":"","overlay-gradient":""},"mobile":{"background-color":"","background-image":"","background-repeat":"repeat","background-position":"center center","background-size":"auto","background-attachment":"scroll","background-type":"","background-media":"","overlay-type":"","overlay-color":"","overlay-opacity":"","overlay-gradient":""}},"ast-content-background-meta":{"desktop":{"background-color":"var(--ast-global-color-4)","background-image":"","background-repeat":"repeat","background-position":"center center","background-size":"auto","background-attachment":"scroll","background-type":"","background-media":"","overlay-type":"","overlay-color":"","overlay-opacity":"","overlay-gradient":""},"tablet":{"background-color":"var(--ast-global-color-4)","background-image":"","background-repeat":"repeat","background-position":"center center","background-size":"auto","background-attachment":"scroll","background-type":"","background-media":"","overlay-type":"","overlay-color":"","overlay-opacity":"","overlay-gradient":""},"mobile":{"background-color":"var(--ast-global-color-4)","background-image":"","background-repeat":"repeat","background-position":"center center","background-size":"auto","background-attachment":"scroll","background-type":"","background-media":"","overlay-type":"","overlay-color":"","overlay-opacity":"","overlay-gradient":""}},"footnotes":""},"categories":[1],"tags":[],"class_list":["post-155765","post","type-post","status-publish","format-standard","hentry","category-sem-categoria"],"yoast_head":"<!-- This site is optimized with the Yoast SEO plugin v26.6 - https:\/\/yoast.com\/wordpress\/plugins\/seo\/ -->\n<title>Prefeito de Afonso Cunha e presidente da C\u00e2mara de S\u00e3o Jo\u00e3o dos Patos fecham com Dr. Hilton ao Senado - Daniel Matos<\/title>\n<meta name=\"robots\" content=\"index, follow, max-snippet:-1, max-image-preview:large, max-video-preview:-1\" \/>\n<link rel=\"canonical\" href=\"https:\/\/www.blogsoestado.com\/danielmatos\/prefeito-de-afonso-cunha-e-presidente-da-camara-de-sao-joao-dos-patos-fecham-com-dr-hilton-ao-senado\/\" \/>\n<meta property=\"og:locale\" content=\"pt_BR\" \/>\n<meta property=\"og:type\" content=\"article\" \/>\n<meta property=\"og:title\" content=\"Prefeito de Afonso Cunha e presidente da C\u00e2mara de S\u00e3o Jo\u00e3o dos Patos fecham com Dr. Hilton ao Senado - Daniel Matos\" \/>\n<meta property=\"og:description\" content=\"No \u00faltimo s\u00e1bado (14), o prefeito de Afonso Cunha, Pedro Medeiros, esteve em S\u00e3o Lu\u00eds para uma reuni\u00e3o considerada produtiva [&hellip;]\" \/>\n<meta property=\"og:url\" content=\"https:\/\/www.blogsoestado.com\/danielmatos\/prefeito-de-afonso-cunha-e-presidente-da-camara-de-sao-joao-dos-patos-fecham-com-dr-hilton-ao-senado\/\" \/>\n<meta property=\"og:site_name\" content=\"Daniel Matos\" \/>\n<meta property=\"article:published_time\" content=\"2026-03-16T16:42:22+00:00\" \/>\n<meta property=\"article:modified_time\" content=\"2026-03-16T16:42:25+00:00\" \/>\n<meta property=\"og:image\" content=\"https:\/\/www.blogsoestado.com\/danielmatos\/wp-content\/uploads\/sites\/2\/2026\/03\/1005224047.jpg\" \/>\n\t<meta property=\"og:image:width\" content=\"1200\" \/>\n\t<meta property=\"og:image:height\" content=\"1600\" \/>\n\t<meta property=\"og:image:type\" content=\"image\/jpeg\" \/>\n<meta name=\"author\" content=\"Daniel Matos\" \/>\n<meta name=\"twitter:card\" content=\"summary_large_image\" \/>\n<meta name=\"twitter:label1\" content=\"Escrito por\" \/>\n\t<meta name=\"twitter:data1\" content=\"Daniel Matos\" \/>\n\t<meta name=\"twitter:label2\" content=\"Est. tempo de leitura\" \/>\n\t<meta name=\"twitter:data2\" content=\"2 minutos\" \/>\n<script type=\"application\/ld+json\" class=\"yoast-schema-graph\">{\"@context\":\"https:\/\/schema.org\",\"@graph\":[{\"@type\":\"WebPage\",\"@id\":\"https:\/\/www.blogsoestado.com\/danielmatos\/prefeito-de-afonso-cunha-e-presidente-da-camara-de-sao-joao-dos-patos-fecham-com-dr-hilton-ao-senado\/\",\"url\":\"https:\/\/www.blogsoestado.com\/danielmatos\/prefeito-de-afonso-cunha-e-presidente-da-camara-de-sao-joao-dos-patos-fecham-com-dr-hilton-ao-senado\/\",\"name\":\"Prefeito de Afonso Cunha e presidente da C\u00e2mara de S\u00e3o Jo\u00e3o dos Patos fecham com Dr. Hilton ao Senado - Daniel Matos\",\"isPartOf\":{\"@id\":\"https:\/\/www.blogsoestado.com\/danielmatos\/#website\"},\"primaryImageOfPage\":{\"@id\":\"https:\/\/www.blogsoestado.com\/danielmatos\/prefeito-de-afonso-cunha-e-presidente-da-camara-de-sao-joao-dos-patos-fecham-com-dr-hilton-ao-senado\/#primaryimage\"},\"image\":{\"@id\":\"https:\/\/www.blogsoestado.com\/danielmatos\/prefeito-de-afonso-cunha-e-presidente-da-camara-de-sao-joao-dos-patos-fecham-com-dr-hilton-ao-senado\/#primaryimage\"},\"thumbnailUrl\":\"https:\/\/www.blogsoestado.com\/danielmatos\/wp-content\/uploads\/sites\/2\/2026\/03\/1005224047-768x1024.jpg\",\"datePublished\":\"2026-03-16T16:42:22+00:00\",\"dateModified\":\"2026-03-16T16:42:25+00:00\",\"author\":{\"@id\":\"https:\/\/www.blogsoestado.com\/danielmatos\/#\/schema\/person\/9a209d407cd45631f131e1285b661bb0\"},\"breadcrumb\":{\"@id\":\"https:\/\/www.blogsoestado.com\/danielmatos\/prefeito-de-afonso-cunha-e-presidente-da-camara-de-sao-joao-dos-patos-fecham-com-dr-hilton-ao-senado\/#breadcrumb\"},\"inLanguage\":\"pt-BR\",\"potentialAction\":[{\"@type\":\"ReadAction\",\"target\":[\"https:\/\/www.blogsoestado.com\/danielmatos\/prefeito-de-afonso-cunha-e-presidente-da-camara-de-sao-joao-dos-patos-fecham-com-dr-hilton-ao-senado\/\"]}]},{\"@type\":\"ImageObject\",\"inLanguage\":\"pt-BR\",\"@id\":\"https:\/\/www.blogsoestado.com\/danielmatos\/prefeito-de-afonso-cunha-e-presidente-da-camara-de-sao-joao-dos-patos-fecham-com-dr-hilton-ao-senado\/#primaryimage\",\"url\":\"https:\/\/www.blogsoestado.com\/danielmatos\/wp-content\/uploads\/sites\/2\/2026\/03\/1005224047.jpg\",\"contentUrl\":\"https:\/\/www.blogsoestado.com\/danielmatos\/wp-content\/uploads\/sites\/2\/2026\/03\/1005224047.jpg\",\"width\":1200,\"height\":1600},{\"@type\":\"BreadcrumbList\",\"@id\":\"https:\/\/www.blogsoestado.com\/danielmatos\/prefeito-de-afonso-cunha-e-presidente-da-camara-de-sao-joao-dos-patos-fecham-com-dr-hilton-ao-senado\/#breadcrumb\",\"itemListElement\":[{\"@type\":\"ListItem\",\"position\":1,\"name\":\"In\u00edcio\",\"item\":\"https:\/\/www.blogsoestado.com\/danielmatos\/\"},{\"@type\":\"ListItem\",\"position\":2,\"name\":\"Prefeito de Afonso Cunha e presidente da C\u00e2mara de S\u00e3o Jo\u00e3o dos Patos fecham com Dr. Hilton ao Senado\"}]},{\"@type\":\"WebSite\",\"@id\":\"https:\/\/www.blogsoestado.com\/danielmatos\/#website\",\"url\":\"https:\/\/www.blogsoestado.com\/danielmatos\/\",\"name\":\"Daniel Matos\",\"description\":\"\",\"potentialAction\":[{\"@type\":\"SearchAction\",\"target\":{\"@type\":\"EntryPoint\",\"urlTemplate\":\"https:\/\/www.blogsoestado.com\/danielmatos\/?s={search_term_string}\"},\"query-input\":{\"@type\":\"PropertyValueSpecification\",\"valueRequired\":true,\"valueName\":\"search_term_string\"}}],\"inLanguage\":\"pt-BR\"},{\"@type\":\"Person\",\"@id\":\"https:\/\/www.blogsoestado.com\/danielmatos\/#\/schema\/person\/9a209d407cd45631f131e1285b661bb0\",\"name\":\"Daniel Matos\",\"image\":{\"@type\":\"ImageObject\",\"inLanguage\":\"pt-BR\",\"@id\":\"https:\/\/www.blogsoestado.com\/danielmatos\/#\/schema\/person\/image\/\",\"url\":\"https:\/\/secure.gravatar.com\/avatar\/2f26c36ee355da19a257f0dfef43952a2588b324ca35d6719e859fe338ac0392?s=96&d=mm&r=g\",\"contentUrl\":\"https:\/\/secure.gravatar.com\/avatar\/2f26c36ee355da19a257f0dfef43952a2588b324ca35d6719e859fe338ac0392?s=96&d=mm&r=g\",\"caption\":\"Daniel Matos\"},\"url\":\"https:\/\/www.blogsoestado.com\/danielmatos\/author\/danielmatos\/\"}]}<\/script>\n<!-- \/ Yoast SEO plugin. -->","yoast_head_json":{"title":"Prefeito de Afonso Cunha e presidente da C\u00e2mara de S\u00e3o Jo\u00e3o dos Patos fecham com Dr. Hilton ao Senado - Daniel Matos","robots":{"index":"index","follow":"follow","max-snippet":"max-snippet:-1","max-image-preview":"max-image-preview:large","max-video-preview":"max-video-preview:-1"},"canonical":"https:\/\/www.blogsoestado.com\/danielmatos\/prefeito-de-afonso-cunha-e-presidente-da-camara-de-sao-joao-dos-patos-fecham-com-dr-hilton-ao-senado\/","og_locale":"pt_BR","og_type":"article","og_title":"Prefeito de Afonso Cunha e presidente da C\u00e2mara de S\u00e3o Jo\u00e3o dos Patos fecham com Dr. Hilton ao Senado - Daniel Matos","og_description":"No \u00faltimo s\u00e1bado (14), o prefeito de Afonso Cunha, Pedro Medeiros, esteve em S\u00e3o Lu\u00eds para uma reuni\u00e3o considerada produtiva [&hellip;]","og_url":"https:\/\/www.blogsoestado.com\/danielmatos\/prefeito-de-afonso-cunha-e-presidente-da-camara-de-sao-joao-dos-patos-fecham-com-dr-hilton-ao-senado\/","og_site_name":"Daniel Matos","article_published_time":"2026-03-16T16:42:22+00:00","article_modified_time":"2026-03-16T16:42:25+00:00","og_image":[{"width":1200,"height":1600,"url":"https:\/\/www.blogsoestado.com\/danielmatos\/wp-content\/uploads\/sites\/2\/2026\/03\/1005224047.jpg","type":"image\/jpeg"}],"author":"Daniel Matos","twitter_card":"summary_large_image","twitter_misc":{"Escrito por":"Daniel Matos","Est. tempo de leitura":"2 minutos"},"schema":{"@context":"https:\/\/schema.org","@graph":[{"@type":"WebPage","@id":"https:\/\/www.blogsoestado.com\/danielmatos\/prefeito-de-afonso-cunha-e-presidente-da-camara-de-sao-joao-dos-patos-fecham-com-dr-hilton-ao-senado\/","url":"https:\/\/www.blogsoestado.com\/danielmatos\/prefeito-de-afonso-cunha-e-presidente-da-camara-de-sao-joao-dos-patos-fecham-com-dr-hilton-ao-senado\/","name":"Prefeito de Afonso Cunha e presidente da C\u00e2mara de S\u00e3o Jo\u00e3o dos Patos fecham com Dr. Hilton ao Senado - Daniel Matos","isPartOf":{"@id":"https:\/\/www.blogsoestado.com\/danielmatos\/#website"},"primaryImageOfPage":{"@id":"https:\/\/www.blogsoestado.com\/danielmatos\/prefeito-de-afonso-cunha-e-presidente-da-camara-de-sao-joao-dos-patos-fecham-com-dr-hilton-ao-senado\/#primaryimage"},"image":{"@id":"https:\/\/www.blogsoestado.com\/danielmatos\/prefeito-de-afonso-cunha-e-presidente-da-camara-de-sao-joao-dos-patos-fecham-com-dr-hilton-ao-senado\/#primaryimage"},"thumbnailUrl":"https:\/\/www.blogsoestado.com\/danielmatos\/wp-content\/uploads\/sites\/2\/2026\/03\/1005224047-768x1024.jpg","datePublished":"2026-03-16T16:42:22+00:00","dateModified":"2026-03-16T16:42:25+00:00","author":{"@id":"https:\/\/www.blogsoestado.com\/danielmatos\/#\/schema\/person\/9a209d407cd45631f131e1285b661bb0"},"breadcrumb":{"@id":"https:\/\/www.blogsoestado.com\/danielmatos\/prefeito-de-afonso-cunha-e-presidente-da-camara-de-sao-joao-dos-patos-fecham-com-dr-hilton-ao-senado\/#breadcrumb"},"inLanguage":"pt-BR","potentialAction":[{"@type":"ReadAction","target":["https:\/\/www.blogsoestado.com\/danielmatos\/prefeito-de-afonso-cunha-e-presidente-da-camara-de-sao-joao-dos-patos-fecham-com-dr-hilton-ao-senado\/"]}]},{"@type":"ImageObject","inLanguage":"pt-BR","@id":"https:\/\/www.blogsoestado.com\/danielmatos\/prefeito-de-afonso-cunha-e-presidente-da-camara-de-sao-joao-dos-patos-fecham-com-dr-hilton-ao-senado\/#primaryimage","url":"https:\/\/www.blogsoestado.com\/danielmatos\/wp-content\/uploads\/sites\/2\/2026\/03\/1005224047.jpg","contentUrl":"https:\/\/www.blogsoestado.com\/danielmatos\/wp-content\/uploads\/sites\/2\/2026\/03\/1005224047.jpg","width":1200,"height":1600},{"@type":"BreadcrumbList","@id":"https:\/\/www.blogsoestado.com\/danielmatos\/prefeito-de-afonso-cunha-e-presidente-da-camara-de-sao-joao-dos-patos-fecham-com-dr-hilton-ao-senado\/#breadcrumb","itemListElement":[{"@type":"ListItem","position":1,"name":"In\u00edcio","item":"https:\/\/www.blogsoestado.com\/danielmatos\/"},{"@type":"ListItem","position":2,"name":"Prefeito de Afonso Cunha e presidente da C\u00e2mara de S\u00e3o Jo\u00e3o dos Patos fecham com Dr. Hilton ao Senado"}]},{"@type":"WebSite","@id":"https:\/\/www.blogsoestado.com\/danielmatos\/#website","url":"https:\/\/www.blogsoestado.com\/danielmatos\/","name":"Daniel Matos","description":"","potentialAction":[{"@type":"SearchAction","target":{"@type":"EntryPoint","urlTemplate":"https:\/\/www.blogsoestado.com\/danielmatos\/?s={search_term_string}"},"query-input":{"@type":"PropertyValueSpecification","valueRequired":true,"valueName":"search_term_string"}}],"inLanguage":"pt-BR"},{"@type":"Person","@id":"https:\/\/www.blogsoestado.com\/danielmatos\/#\/schema\/person\/9a209d407cd45631f131e1285b661bb0","name":"Daniel Matos","image":{"@type":"ImageObject","inLanguage":"pt-BR","@id":"https:\/\/www.blogsoestado.com\/danielmatos\/#\/schema\/person\/image\/","url":"https:\/\/secure.gravatar.com\/avatar\/2f26c36ee355da19a257f0dfef43952a2588b324ca35d6719e859fe338ac0392?s=96&d=mm&r=g","contentUrl":"https:\/\/secure.gravatar.com\/avatar\/2f26c36ee355da19a257f0dfef43952a2588b324ca35d6719e859fe338ac0392?s=96&d=mm&r=g","caption":"Daniel Matos"},"url":"https:\/\/www.blogsoestado.com\/danielmatos\/author\/danielmatos\/"}]}},"jetpack_featured_media_url":"","_links":{"self":[{"href":"https:\/\/www.blogsoestado.com\/danielmatos\/wp-json\/wp\/v2\/posts\/155765","targetHints":{"allow":["GET"]}}],"collection":[{"href":"https:\/\/www.blogsoestado.com\/danielmatos\/wp-json\/wp\/v2\/posts"}],"about":[{"href":"https:\/\/www.blogsoestado.com\/danielmatos\/wp-json\/wp\/v2\/types\/post"}],"author":[{"embeddable":true,"href":"https:\/\/www.blogsoestado.com\/danielmatos\/wp-json\/wp\/v2\/users\/2"}],"replies":[{"embeddable":true,"href":"https:\/\/www.blogsoestado.com\/danielmatos\/wp-json\/wp\/v2\/comments?post=155765"}],"version-history":[{"count":1,"href":"https:\/\/www.blogsoestado.com\/danielmatos\/wp-json\/wp\/v2\/posts\/155765\/revisions"}],"predecessor-version":[{"id":155767,"href":"https:\/\/www.blogsoestado.com\/danielmatos\/wp-json\/wp\/v2\/posts\/155765\/revisions\/155767"}],"wp:attachment":[{"href":"https:\/\/www.blogsoestado.com\/danielmatos\/wp-json\/wp\/v2\/media?parent=155765"}],"wp:term":[{"taxonomy":"category","embeddable":true,"href":"https:\/\/www.blogsoestado.com\/danielmatos\/wp-json\/wp\/v2\/categories?post=155765"},{"taxonomy":"post_tag","embeddable":true,"href":"https:\/\/www.blogsoestado.com\/danielmatos\/wp-json\/wp\/v2\/tags?post=155765"}],"curies":[{"name":"wp","href":"https:\/\/api.w.org\/{rel}","templated":true}]}}