{"id":155768,"date":"2026-03-16T15:40:58","date_gmt":"2026-03-16T18:40:58","guid":{"rendered":"https:\/\/www.blogsoestado.com\/danielmatos\/?p=155768"},"modified":"2026-03-16T15:41:04","modified_gmt":"2026-03-16T18:41:04","slug":"parcela-crescente-da-populacao-de-sao-luis-ja-defende-aumento-da-passagem-de-onibus-mas-impopularidade-da-medida-inibe-braide","status":"publish","type":"post","link":"https:\/\/www.blogsoestado.com\/danielmatos\/parcela-crescente-da-populacao-de-sao-luis-ja-defende-aumento-da-passagem-de-onibus-mas-impopularidade-da-medida-inibe-braide\/","title":{"rendered":"Parcela crescente da popula\u00e7\u00e3o de S\u00e3o Lu\u00eds j\u00e1 defende aumento da passagem de \u00f4nibus, mas impopularidade da medida inibe Braide"},"content":{"rendered":"\n<figure class=\"wp-block-image aligncenter size-large\"><img fetchpriority=\"high\" decoding=\"async\" width=\"1024\" height=\"678\" src=\"https:\/\/www.blogsoestado.com\/danielmatos\/wp-content\/uploads\/sites\/2\/2026\/03\/1005224639-1024x678.webp\" alt=\"\" class=\"wp-image-155769\" srcset=\"https:\/\/www.blogsoestado.com\/danielmatos\/wp-content\/uploads\/sites\/2\/2026\/03\/1005224639-1024x678.webp 1024w, https:\/\/www.blogsoestado.com\/danielmatos\/wp-content\/uploads\/sites\/2\/2026\/03\/1005224639-300x199.webp 300w, https:\/\/www.blogsoestado.com\/danielmatos\/wp-content\/uploads\/sites\/2\/2026\/03\/1005224639-768x508.webp 768w, https:\/\/www.blogsoestado.com\/danielmatos\/wp-content\/uploads\/sites\/2\/2026\/03\/1005224639.webp 1500w\" sizes=\"(max-width: 1024px) 100vw, 1024px\" \/><figcaption class=\"wp-element-caption\">O prefeito Eduardo Braide tem o poder da caneta para dar fim a crise no sistema de transporte p\u00fablico de S\u00e3o Lu\u00eds<\/figcaption><\/figure>\n\n\n\n<p>Uma parcela crescente da popula\u00e7\u00e3o de S\u00e3o Lu\u00eds j\u00e1 defende abertamente o aumento da passagem de \u00f4nibus como forma de p\u00f4r fim definitivo \u00e0s sucessivas greves e aos m\u00faltiplos transtornos causados pelas paralisa\u00e7\u00f5es do sistema de transporte p\u00fablico. Mas um entrave de ordem pol\u00edtica inibe uma eventual decis\u00e3o pelo reajuste: a impopularidade da medida, cuja implementa\u00e7\u00e3o \u00e9 uma prerrogativa exclusiva do prefeito Eduardo Braide (PSD).<\/p>\n\n\n\n<p>Em emissoras de r\u00e1dio e nas redes sociais, o n\u00famero de usu\u00e1rios de \u00f4nibus que se manifestam a favor do reajuste tarif\u00e1rio \u00e9 cada vez maior. E a justificativa para tal posicionamento n\u00e3o poderia ser mais l\u00f3gica: para muitas pessoas, \u00e9 muito menos prejudicial pagar uma passagem mais cara do que ficar privado do direito de ir e vir, essencial para a obten\u00e7\u00e3o do p\u00e3o de cada dia e para atender outras necessidades.<\/p>\n\n\n\n<p>No universo de cidad\u00e3os que defendem o aumento da tarifa de \u00f4nibus est\u00e3o, principalmente, trabalhadores informais, a exemplo de vendedores ambulantes, flanelinhas, diaristas, trabalhadores da constru\u00e7\u00e3o civil, dentre outros, que dependem do faturamento di\u00e1rio para garantir renda suficiente para sustentar suas fam\u00edlias.<\/p>\n\n\n\n<p>O racioc\u00ednio \u00e9 simples: \u00e9 muito melhor arcar com um reajuste de passagem, nem que seja de R$ 1,00 (um real), bem acima da m\u00e9dia dos \u00faltimos realinhamentos tarif\u00e1rios aplicados em S\u00e3o Lu\u00eds, do que ficar em casa, sem ganhar nada, amargando dificuldade financeira.<\/p>\n\n\n\n<p>\u00c9 cada vez mais n\u00edtido que o fim da crise do transporte p\u00fablico \u00e9 uma quest\u00e3o de vontade e, sobretudo, de coragem pol\u00edtica. E n\u00e3o h\u00e1 d\u00favida de que se houver uma margem de seguran\u00e7a entre aceita\u00e7\u00e3o e desgaste de imagem, o aumento entrar\u00e1 na pauta de discuss\u00f5es.<\/p>\n\n\n\n<p>Resta saber se o prefeito Eduardo Braide est\u00e1 disposto a autorizar o reajuste e arcar com as poss\u00edveis consequ\u00eancias desse ato, que, pelo visto, tendem a ser mais amenas, diante da gravidade do problema e do risco de colapso do \u00fanico modal de transporte de massa regulamentado na capital.<\/p>\n","protected":false},"excerpt":{"rendered":"<p>Uma parcela crescente da popula\u00e7\u00e3o de S\u00e3o Lu\u00eds j\u00e1 defende abertamente o aumento da passagem de \u00f4nibus como forma de [&hellip;]<\/p>\n","protected":false},"author":2,"featured_media":0,"comment_status":"open","ping_status":"open","sticky":false,"template":"","format":"standard","meta":{"site-sidebar-layout":"default","site-content-layout":"","ast-site-content-layout":"default","site-content-style":"default","site-sidebar-style":"default","ast-global-header-display":"","ast-banner-title-visibility":"","ast-main-header-display":"","ast-hfb-above-header-display":"","ast-hfb-below-header-display":"","ast-hfb-mobile-header-display":"","site-post-title":"","ast-breadcrumbs-content":"","ast-featured-img":"","footer-sml-layout":"","ast-disable-related-posts":"","theme-transparent-header-meta":"","adv-header-id-meta":"","stick-header-meta":"","header-above-stick-meta":"","header-main-stick-meta":"","header-below-stick-meta":"","astra-migrate-meta-layouts":"default","ast-page-background-enabled":"default","ast-page-background-meta":{"desktop":{"background-color":"var(--ast-global-color-5)","background-image":"","background-repeat":"repeat","background-position":"center center","background-size":"auto","background-attachment":"scroll","background-type":"","background-media":"","overlay-type":"","overlay-color":"","overlay-opacity":"","overlay-gradient":""},"tablet":{"background-color":"","background-image":"","background-repeat":"repeat","background-position":"center center","background-size":"auto","background-attachment":"scroll","background-type":"","background-media":"","overlay-type":"","overlay-color":"","overlay-opacity":"","overlay-gradient":""},"mobile":{"background-color":"","background-image":"","background-repeat":"repeat","background-position":"center center","background-size":"auto","background-attachment":"scroll","background-type":"","background-media":"","overlay-type":"","overlay-color":"","overlay-opacity":"","overlay-gradient":""}},"ast-content-background-meta":{"desktop":{"background-color":"var(--ast-global-color-4)","background-image":"","background-repeat":"repeat","background-position":"center center","background-size":"auto","background-attachment":"scroll","background-type":"","background-media":"","overlay-type":"","overlay-color":"","overlay-opacity":"","overlay-gradient":""},"tablet":{"background-color":"var(--ast-global-color-4)","background-image":"","background-repeat":"repeat","background-position":"center center","background-size":"auto","background-attachment":"scroll","background-type":"","background-media":"","overlay-type":"","overlay-color":"","overlay-opacity":"","overlay-gradient":""},"mobile":{"background-color":"var(--ast-global-color-4)","background-image":"","background-repeat":"repeat","background-position":"center center","background-size":"auto","background-attachment":"scroll","background-type":"","background-media":"","overlay-type":"","overlay-color":"","overlay-opacity":"","overlay-gradient":""}},"footnotes":""},"categories":[1],"tags":[],"class_list":["post-155768","post","type-post","status-publish","format-standard","hentry","category-sem-categoria"],"yoast_head":"<!-- This site is optimized with the Yoast SEO plugin v26.6 - https:\/\/yoast.com\/wordpress\/plugins\/seo\/ -->\n<title>Parcela crescente da popula\u00e7\u00e3o de S\u00e3o Lu\u00eds j\u00e1 defende aumento da passagem de \u00f4nibus, mas impopularidade da medida inibe Braide - Daniel Matos<\/title>\n<meta name=\"robots\" content=\"index, follow, max-snippet:-1, max-image-preview:large, max-video-preview:-1\" \/>\n<link rel=\"canonical\" href=\"https:\/\/www.blogsoestado.com\/danielmatos\/parcela-crescente-da-populacao-de-sao-luis-ja-defende-aumento-da-passagem-de-onibus-mas-impopularidade-da-medida-inibe-braide\/\" \/>\n<meta property=\"og:locale\" content=\"pt_BR\" \/>\n<meta property=\"og:type\" content=\"article\" \/>\n<meta property=\"og:title\" content=\"Parcela crescente da popula\u00e7\u00e3o de S\u00e3o Lu\u00eds j\u00e1 defende aumento da passagem de \u00f4nibus, mas impopularidade da medida inibe Braide - Daniel Matos\" \/>\n<meta property=\"og:description\" content=\"Uma parcela crescente da popula\u00e7\u00e3o de S\u00e3o Lu\u00eds j\u00e1 defende abertamente o aumento da passagem de \u00f4nibus como forma de [&hellip;]\" \/>\n<meta property=\"og:url\" content=\"https:\/\/www.blogsoestado.com\/danielmatos\/parcela-crescente-da-populacao-de-sao-luis-ja-defende-aumento-da-passagem-de-onibus-mas-impopularidade-da-medida-inibe-braide\/\" \/>\n<meta property=\"og:site_name\" content=\"Daniel Matos\" \/>\n<meta property=\"article:published_time\" content=\"2026-03-16T18:40:58+00:00\" \/>\n<meta property=\"article:modified_time\" content=\"2026-03-16T18:41:04+00:00\" \/>\n<meta property=\"og:image\" content=\"https:\/\/www.blogsoestado.com\/danielmatos\/wp-content\/uploads\/sites\/2\/2026\/03\/1005224639.webp\" \/>\n\t<meta property=\"og:image:width\" content=\"1500\" \/>\n\t<meta property=\"og:image:height\" content=\"993\" \/>\n\t<meta property=\"og:image:type\" content=\"image\/webp\" \/>\n<meta name=\"author\" content=\"Daniel Matos\" \/>\n<meta name=\"twitter:card\" content=\"summary_large_image\" \/>\n<meta name=\"twitter:label1\" content=\"Escrito por\" \/>\n\t<meta name=\"twitter:data1\" content=\"Daniel Matos\" \/>\n\t<meta name=\"twitter:label2\" content=\"Est. tempo de leitura\" \/>\n\t<meta name=\"twitter:data2\" content=\"3 minutos\" \/>\n<script type=\"application\/ld+json\" class=\"yoast-schema-graph\">{\"@context\":\"https:\/\/schema.org\",\"@graph\":[{\"@type\":\"WebPage\",\"@id\":\"https:\/\/www.blogsoestado.com\/danielmatos\/parcela-crescente-da-populacao-de-sao-luis-ja-defende-aumento-da-passagem-de-onibus-mas-impopularidade-da-medida-inibe-braide\/\",\"url\":\"https:\/\/www.blogsoestado.com\/danielmatos\/parcela-crescente-da-populacao-de-sao-luis-ja-defende-aumento-da-passagem-de-onibus-mas-impopularidade-da-medida-inibe-braide\/\",\"name\":\"Parcela crescente da popula\u00e7\u00e3o de S\u00e3o Lu\u00eds j\u00e1 defende aumento da passagem de \u00f4nibus, mas impopularidade da medida inibe Braide - Daniel Matos\",\"isPartOf\":{\"@id\":\"https:\/\/www.blogsoestado.com\/danielmatos\/#website\"},\"primaryImageOfPage\":{\"@id\":\"https:\/\/www.blogsoestado.com\/danielmatos\/parcela-crescente-da-populacao-de-sao-luis-ja-defende-aumento-da-passagem-de-onibus-mas-impopularidade-da-medida-inibe-braide\/#primaryimage\"},\"image\":{\"@id\":\"https:\/\/www.blogsoestado.com\/danielmatos\/parcela-crescente-da-populacao-de-sao-luis-ja-defende-aumento-da-passagem-de-onibus-mas-impopularidade-da-medida-inibe-braide\/#primaryimage\"},\"thumbnailUrl\":\"https:\/\/www.blogsoestado.com\/danielmatos\/wp-content\/uploads\/sites\/2\/2026\/03\/1005224639-1024x678.webp\",\"datePublished\":\"2026-03-16T18:40:58+00:00\",\"dateModified\":\"2026-03-16T18:41:04+00:00\",\"author\":{\"@id\":\"https:\/\/www.blogsoestado.com\/danielmatos\/#\/schema\/person\/9a209d407cd45631f131e1285b661bb0\"},\"breadcrumb\":{\"@id\":\"https:\/\/www.blogsoestado.com\/danielmatos\/parcela-crescente-da-populacao-de-sao-luis-ja-defende-aumento-da-passagem-de-onibus-mas-impopularidade-da-medida-inibe-braide\/#breadcrumb\"},\"inLanguage\":\"pt-BR\",\"potentialAction\":[{\"@type\":\"ReadAction\",\"target\":[\"https:\/\/www.blogsoestado.com\/danielmatos\/parcela-crescente-da-populacao-de-sao-luis-ja-defende-aumento-da-passagem-de-onibus-mas-impopularidade-da-medida-inibe-braide\/\"]}]},{\"@type\":\"ImageObject\",\"inLanguage\":\"pt-BR\",\"@id\":\"https:\/\/www.blogsoestado.com\/danielmatos\/parcela-crescente-da-populacao-de-sao-luis-ja-defende-aumento-da-passagem-de-onibus-mas-impopularidade-da-medida-inibe-braide\/#primaryimage\",\"url\":\"https:\/\/www.blogsoestado.com\/danielmatos\/wp-content\/uploads\/sites\/2\/2026\/03\/1005224639.webp\",\"contentUrl\":\"https:\/\/www.blogsoestado.com\/danielmatos\/wp-content\/uploads\/sites\/2\/2026\/03\/1005224639.webp\",\"width\":1500,\"height\":993},{\"@type\":\"BreadcrumbList\",\"@id\":\"https:\/\/www.blogsoestado.com\/danielmatos\/parcela-crescente-da-populacao-de-sao-luis-ja-defende-aumento-da-passagem-de-onibus-mas-impopularidade-da-medida-inibe-braide\/#breadcrumb\",\"itemListElement\":[{\"@type\":\"ListItem\",\"position\":1,\"name\":\"In\u00edcio\",\"item\":\"https:\/\/www.blogsoestado.com\/danielmatos\/\"},{\"@type\":\"ListItem\",\"position\":2,\"name\":\"Parcela crescente da popula\u00e7\u00e3o de S\u00e3o Lu\u00eds j\u00e1 defende aumento da passagem de \u00f4nibus, mas impopularidade da medida inibe Braide\"}]},{\"@type\":\"WebSite\",\"@id\":\"https:\/\/www.blogsoestado.com\/danielmatos\/#website\",\"url\":\"https:\/\/www.blogsoestado.com\/danielmatos\/\",\"name\":\"Daniel Matos\",\"description\":\"\",\"potentialAction\":[{\"@type\":\"SearchAction\",\"target\":{\"@type\":\"EntryPoint\",\"urlTemplate\":\"https:\/\/www.blogsoestado.com\/danielmatos\/?s={search_term_string}\"},\"query-input\":{\"@type\":\"PropertyValueSpecification\",\"valueRequired\":true,\"valueName\":\"search_term_string\"}}],\"inLanguage\":\"pt-BR\"},{\"@type\":\"Person\",\"@id\":\"https:\/\/www.blogsoestado.com\/danielmatos\/#\/schema\/person\/9a209d407cd45631f131e1285b661bb0\",\"name\":\"Daniel Matos\",\"image\":{\"@type\":\"ImageObject\",\"inLanguage\":\"pt-BR\",\"@id\":\"https:\/\/www.blogsoestado.com\/danielmatos\/#\/schema\/person\/image\/\",\"url\":\"https:\/\/secure.gravatar.com\/avatar\/2f26c36ee355da19a257f0dfef43952a2588b324ca35d6719e859fe338ac0392?s=96&d=mm&r=g\",\"contentUrl\":\"https:\/\/secure.gravatar.com\/avatar\/2f26c36ee355da19a257f0dfef43952a2588b324ca35d6719e859fe338ac0392?s=96&d=mm&r=g\",\"caption\":\"Daniel Matos\"},\"url\":\"https:\/\/www.blogsoestado.com\/danielmatos\/author\/danielmatos\/\"}]}<\/script>\n<!-- \/ Yoast SEO plugin. -->","yoast_head_json":{"title":"Parcela crescente da popula\u00e7\u00e3o de S\u00e3o Lu\u00eds j\u00e1 defende aumento da passagem de \u00f4nibus, mas impopularidade da medida inibe Braide - Daniel Matos","robots":{"index":"index","follow":"follow","max-snippet":"max-snippet:-1","max-image-preview":"max-image-preview:large","max-video-preview":"max-video-preview:-1"},"canonical":"https:\/\/www.blogsoestado.com\/danielmatos\/parcela-crescente-da-populacao-de-sao-luis-ja-defende-aumento-da-passagem-de-onibus-mas-impopularidade-da-medida-inibe-braide\/","og_locale":"pt_BR","og_type":"article","og_title":"Parcela crescente da popula\u00e7\u00e3o de S\u00e3o Lu\u00eds j\u00e1 defende aumento da passagem de \u00f4nibus, mas impopularidade da medida inibe Braide - Daniel Matos","og_description":"Uma parcela crescente da popula\u00e7\u00e3o de S\u00e3o Lu\u00eds j\u00e1 defende abertamente o aumento da passagem de \u00f4nibus como forma de [&hellip;]","og_url":"https:\/\/www.blogsoestado.com\/danielmatos\/parcela-crescente-da-populacao-de-sao-luis-ja-defende-aumento-da-passagem-de-onibus-mas-impopularidade-da-medida-inibe-braide\/","og_site_name":"Daniel Matos","article_published_time":"2026-03-16T18:40:58+00:00","article_modified_time":"2026-03-16T18:41:04+00:00","og_image":[{"width":1500,"height":993,"url":"https:\/\/www.blogsoestado.com\/danielmatos\/wp-content\/uploads\/sites\/2\/2026\/03\/1005224639.webp","type":"image\/webp"}],"author":"Daniel Matos","twitter_card":"summary_large_image","twitter_misc":{"Escrito por":"Daniel Matos","Est. tempo de leitura":"3 minutos"},"schema":{"@context":"https:\/\/schema.org","@graph":[{"@type":"WebPage","@id":"https:\/\/www.blogsoestado.com\/danielmatos\/parcela-crescente-da-populacao-de-sao-luis-ja-defende-aumento-da-passagem-de-onibus-mas-impopularidade-da-medida-inibe-braide\/","url":"https:\/\/www.blogsoestado.com\/danielmatos\/parcela-crescente-da-populacao-de-sao-luis-ja-defende-aumento-da-passagem-de-onibus-mas-impopularidade-da-medida-inibe-braide\/","name":"Parcela crescente da popula\u00e7\u00e3o de S\u00e3o Lu\u00eds j\u00e1 defende aumento da passagem de \u00f4nibus, mas impopularidade da medida inibe Braide - Daniel Matos","isPartOf":{"@id":"https:\/\/www.blogsoestado.com\/danielmatos\/#website"},"primaryImageOfPage":{"@id":"https:\/\/www.blogsoestado.com\/danielmatos\/parcela-crescente-da-populacao-de-sao-luis-ja-defende-aumento-da-passagem-de-onibus-mas-impopularidade-da-medida-inibe-braide\/#primaryimage"},"image":{"@id":"https:\/\/www.blogsoestado.com\/danielmatos\/parcela-crescente-da-populacao-de-sao-luis-ja-defende-aumento-da-passagem-de-onibus-mas-impopularidade-da-medida-inibe-braide\/#primaryimage"},"thumbnailUrl":"https:\/\/www.blogsoestado.com\/danielmatos\/wp-content\/uploads\/sites\/2\/2026\/03\/1005224639-1024x678.webp","datePublished":"2026-03-16T18:40:58+00:00","dateModified":"2026-03-16T18:41:04+00:00","author":{"@id":"https:\/\/www.blogsoestado.com\/danielmatos\/#\/schema\/person\/9a209d407cd45631f131e1285b661bb0"},"breadcrumb":{"@id":"https:\/\/www.blogsoestado.com\/danielmatos\/parcela-crescente-da-populacao-de-sao-luis-ja-defende-aumento-da-passagem-de-onibus-mas-impopularidade-da-medida-inibe-braide\/#breadcrumb"},"inLanguage":"pt-BR","potentialAction":[{"@type":"ReadAction","target":["https:\/\/www.blogsoestado.com\/danielmatos\/parcela-crescente-da-populacao-de-sao-luis-ja-defende-aumento-da-passagem-de-onibus-mas-impopularidade-da-medida-inibe-braide\/"]}]},{"@type":"ImageObject","inLanguage":"pt-BR","@id":"https:\/\/www.blogsoestado.com\/danielmatos\/parcela-crescente-da-populacao-de-sao-luis-ja-defende-aumento-da-passagem-de-onibus-mas-impopularidade-da-medida-inibe-braide\/#primaryimage","url":"https:\/\/www.blogsoestado.com\/danielmatos\/wp-content\/uploads\/sites\/2\/2026\/03\/1005224639.webp","contentUrl":"https:\/\/www.blogsoestado.com\/danielmatos\/wp-content\/uploads\/sites\/2\/2026\/03\/1005224639.webp","width":1500,"height":993},{"@type":"BreadcrumbList","@id":"https:\/\/www.blogsoestado.com\/danielmatos\/parcela-crescente-da-populacao-de-sao-luis-ja-defende-aumento-da-passagem-de-onibus-mas-impopularidade-da-medida-inibe-braide\/#breadcrumb","itemListElement":[{"@type":"ListItem","position":1,"name":"In\u00edcio","item":"https:\/\/www.blogsoestado.com\/danielmatos\/"},{"@type":"ListItem","position":2,"name":"Parcela crescente da popula\u00e7\u00e3o de S\u00e3o Lu\u00eds j\u00e1 defende aumento da passagem de \u00f4nibus, mas impopularidade da medida inibe Braide"}]},{"@type":"WebSite","@id":"https:\/\/www.blogsoestado.com\/danielmatos\/#website","url":"https:\/\/www.blogsoestado.com\/danielmatos\/","name":"Daniel Matos","description":"","potentialAction":[{"@type":"SearchAction","target":{"@type":"EntryPoint","urlTemplate":"https:\/\/www.blogsoestado.com\/danielmatos\/?s={search_term_string}"},"query-input":{"@type":"PropertyValueSpecification","valueRequired":true,"valueName":"search_term_string"}}],"inLanguage":"pt-BR"},{"@type":"Person","@id":"https:\/\/www.blogsoestado.com\/danielmatos\/#\/schema\/person\/9a209d407cd45631f131e1285b661bb0","name":"Daniel Matos","image":{"@type":"ImageObject","inLanguage":"pt-BR","@id":"https:\/\/www.blogsoestado.com\/danielmatos\/#\/schema\/person\/image\/","url":"https:\/\/secure.gravatar.com\/avatar\/2f26c36ee355da19a257f0dfef43952a2588b324ca35d6719e859fe338ac0392?s=96&d=mm&r=g","contentUrl":"https:\/\/secure.gravatar.com\/avatar\/2f26c36ee355da19a257f0dfef43952a2588b324ca35d6719e859fe338ac0392?s=96&d=mm&r=g","caption":"Daniel Matos"},"url":"https:\/\/www.blogsoestado.com\/danielmatos\/author\/danielmatos\/"}]}},"jetpack_featured_media_url":"","_links":{"self":[{"href":"https:\/\/www.blogsoestado.com\/danielmatos\/wp-json\/wp\/v2\/posts\/155768","targetHints":{"allow":["GET"]}}],"collection":[{"href":"https:\/\/www.blogsoestado.com\/danielmatos\/wp-json\/wp\/v2\/posts"}],"about":[{"href":"https:\/\/www.blogsoestado.com\/danielmatos\/wp-json\/wp\/v2\/types\/post"}],"author":[{"embeddable":true,"href":"https:\/\/www.blogsoestado.com\/danielmatos\/wp-json\/wp\/v2\/users\/2"}],"replies":[{"embeddable":true,"href":"https:\/\/www.blogsoestado.com\/danielmatos\/wp-json\/wp\/v2\/comments?post=155768"}],"version-history":[{"count":1,"href":"https:\/\/www.blogsoestado.com\/danielmatos\/wp-json\/wp\/v2\/posts\/155768\/revisions"}],"predecessor-version":[{"id":155770,"href":"https:\/\/www.blogsoestado.com\/danielmatos\/wp-json\/wp\/v2\/posts\/155768\/revisions\/155770"}],"wp:attachment":[{"href":"https:\/\/www.blogsoestado.com\/danielmatos\/wp-json\/wp\/v2\/media?parent=155768"}],"wp:term":[{"taxonomy":"category","embeddable":true,"href":"https:\/\/www.blogsoestado.com\/danielmatos\/wp-json\/wp\/v2\/categories?post=155768"},{"taxonomy":"post_tag","embeddable":true,"href":"https:\/\/www.blogsoestado.com\/danielmatos\/wp-json\/wp\/v2\/tags?post=155768"}],"curies":[{"name":"wp","href":"https:\/\/api.w.org\/{rel}","templated":true}]}}