{"id":156336,"date":"2026-03-31T12:37:58","date_gmt":"2026-03-31T15:37:58","guid":{"rendered":"https:\/\/www.blogsoestado.com\/danielmatos\/?p=156336"},"modified":"2026-03-31T12:38:02","modified_gmt":"2026-03-31T15:38:02","slug":"orleans-cresce-e-abre-vantagem-sobre-braide-apos-lancamento-de-pre-candidatura-aponta-econometrica","status":"publish","type":"post","link":"https:\/\/www.blogsoestado.com\/danielmatos\/orleans-cresce-e-abre-vantagem-sobre-braide-apos-lancamento-de-pre-candidatura-aponta-econometrica\/","title":{"rendered":"Orleans cresce e abre vantagem sobre Braide ap\u00f3s lan\u00e7amento de pr\u00e9-candidatura, aponta Econom\u00e9trica"},"content":{"rendered":"\n<figure class=\"wp-block-image aligncenter size-large\"><img fetchpriority=\"high\" decoding=\"async\" width=\"821\" height=\"1024\" src=\"https:\/\/www.blogsoestado.com\/danielmatos\/wp-content\/uploads\/sites\/2\/2026\/03\/1005319082-821x1024.jpg\" alt=\"\" class=\"wp-image-156337\" srcset=\"https:\/\/www.blogsoestado.com\/danielmatos\/wp-content\/uploads\/sites\/2\/2026\/03\/1005319082-821x1024.jpg 821w, https:\/\/www.blogsoestado.com\/danielmatos\/wp-content\/uploads\/sites\/2\/2026\/03\/1005319082-241x300.jpg 241w, https:\/\/www.blogsoestado.com\/danielmatos\/wp-content\/uploads\/sites\/2\/2026\/03\/1005319082-768x958.jpg 768w, https:\/\/www.blogsoestado.com\/danielmatos\/wp-content\/uploads\/sites\/2\/2026\/03\/1005319082-1232x1536.jpg 1232w, https:\/\/www.blogsoestado.com\/danielmatos\/wp-content\/uploads\/sites\/2\/2026\/03\/1005319082.jpg 1283w\" sizes=\"(max-width: 821px) 100vw, 821px\" \/><\/figure>\n\n\n\n<p>A nova pesquisa da Econom\u00e9trica, realizada entre os dias 18 e 21 de mar\u00e7o com 1.556 eleitores em todo o Maranh\u00e3o, revela um movimento importante no cen\u00e1rio eleitoral para o Governo do Estado: o crescimento de Orleans Brand\u00e3o no voto estimulado, consolidando seu nome em primeiro na disputa ap\u00f3s o lan\u00e7amento de sua pr\u00e9-candidatura no Multicenter Sebrae, em S\u00e3o Lu\u00eds.<\/p>\n\n\n\n<p>No principal recorte da pesquisa \u2014 o cen\u00e1rio estimulado \u2014 Orleans aparece com 39,1% das inten\u00e7\u00f5es de voto, abrindo vantagem sobre Eduardo Braide, que registra 32,5%. Em seguida aparecem Lahesio Bonfim, com 13,9%, e Felipe Camar\u00e3o, com 5,1%. O dado chama aten\u00e7\u00e3o porque consolida Orleans na lideran\u00e7a quando os eleitores s\u00e3o apresentados aos nomes, indicando maior consolida\u00e7\u00e3o e reconhecimento eleitoral.<\/p>\n\n\n\n<p>O desempenho ganha ainda mais relev\u00e2ncia quando analisado no contexto pol\u00edtico recente. O crescimento de Orleans ocorre logo ap\u00f3s o grande evento de lan\u00e7amento de sua pr\u00e9-candidatura, realizado no Multicenter Sebrae, que reuniu lideran\u00e7as pol\u00edticas de todo o estado e demonstrou forte capilaridade. A pesquisa sugere que esse movimento teve impacto direto na amplia\u00e7\u00e3o do seu recall e na migra\u00e7\u00e3o de eleitores indecisos.<\/p>\n\n\n\n<p>Outro ponto importante \u00e9 que, na pesquisa espont\u00e2nea, Orleans j\u00e1 aparecia tecnicamente empatado com Braide (23,8% contra 23,3%), mas no cen\u00e1rio estimulado consegue abrir uma vantagem significativa. Esse comportamento indica um candidato em crescimento, que se fortalece \u00e0 medida que sua candidatura se torna mais conhecida pelo eleitorado.<\/p>\n\n\n\n<p>Os n\u00fameros refor\u00e7am uma tend\u00eancia clara: a disputa pelo Governo do Maranh\u00e3o est\u00e1 em aberto, mas com Orleans Brand\u00e3o em trajet\u00f3ria ascendente, impulsionado por articula\u00e7\u00e3o pol\u00edtica e visibilidade recente, enquanto seus advers\u00e1rios ainda enfrentam dificuldades para ampliar sua base de apoio no cen\u00e1rio consolidado.<\/p>\n\n\n\n<p>A pesquisa foi encomendada pelo Jornal Pequeno e realizada entre os dias 18 a 21 de mar\u00e7o de 2026, com 1556 eleitores em 60 munic\u00edpios do Maranh\u00e3o. O levantamento possui margem de erro de aproximadamente 2,5 pontos percentuais e n\u00edvel de confian\u00e7a de 95%, estando registrado no Tribunal Superior Eleitoral sob o n\u00famero MA-06947\/2026.<\/p>\n","protected":false},"excerpt":{"rendered":"<p>A nova pesquisa da Econom\u00e9trica, realizada entre os dias 18 e 21 de mar\u00e7o com 1.556 eleitores em todo o [&hellip;]<\/p>\n","protected":false},"author":2,"featured_media":0,"comment_status":"open","ping_status":"open","sticky":false,"template":"","format":"standard","meta":{"site-sidebar-layout":"default","site-content-layout":"","ast-site-content-layout":"default","site-content-style":"default","site-sidebar-style":"default","ast-global-header-display":"","ast-banner-title-visibility":"","ast-main-header-display":"","ast-hfb-above-header-display":"","ast-hfb-below-header-display":"","ast-hfb-mobile-header-display":"","site-post-title":"","ast-breadcrumbs-content":"","ast-featured-img":"","footer-sml-layout":"","ast-disable-related-posts":"","theme-transparent-header-meta":"","adv-header-id-meta":"","stick-header-meta":"","header-above-stick-meta":"","header-main-stick-meta":"","header-below-stick-meta":"","astra-migrate-meta-layouts":"default","ast-page-background-enabled":"default","ast-page-background-meta":{"desktop":{"background-color":"var(--ast-global-color-5)","background-image":"","background-repeat":"repeat","background-position":"center center","background-size":"auto","background-attachment":"scroll","background-type":"","background-media":"","overlay-type":"","overlay-color":"","overlay-opacity":"","overlay-gradient":""},"tablet":{"background-color":"","background-image":"","background-repeat":"repeat","background-position":"center center","background-size":"auto","background-attachment":"scroll","background-type":"","background-media":"","overlay-type":"","overlay-color":"","overlay-opacity":"","overlay-gradient":""},"mobile":{"background-color":"","background-image":"","background-repeat":"repeat","background-position":"center center","background-size":"auto","background-attachment":"scroll","background-type":"","background-media":"","overlay-type":"","overlay-color":"","overlay-opacity":"","overlay-gradient":""}},"ast-content-background-meta":{"desktop":{"background-color":"var(--ast-global-color-4)","background-image":"","background-repeat":"repeat","background-position":"center center","background-size":"auto","background-attachment":"scroll","background-type":"","background-media":"","overlay-type":"","overlay-color":"","overlay-opacity":"","overlay-gradient":""},"tablet":{"background-color":"var(--ast-global-color-4)","background-image":"","background-repeat":"repeat","background-position":"center center","background-size":"auto","background-attachment":"scroll","background-type":"","background-media":"","overlay-type":"","overlay-color":"","overlay-opacity":"","overlay-gradient":""},"mobile":{"background-color":"var(--ast-global-color-4)","background-image":"","background-repeat":"repeat","background-position":"center center","background-size":"auto","background-attachment":"scroll","background-type":"","background-media":"","overlay-type":"","overlay-color":"","overlay-opacity":"","overlay-gradient":""}},"footnotes":""},"categories":[1],"tags":[],"class_list":["post-156336","post","type-post","status-publish","format-standard","hentry","category-sem-categoria"],"yoast_head":"<!-- This site is optimized with the Yoast SEO plugin v26.6 - https:\/\/yoast.com\/wordpress\/plugins\/seo\/ -->\n<title>Orleans cresce e abre vantagem sobre Braide ap\u00f3s lan\u00e7amento de pr\u00e9-candidatura, aponta Econom\u00e9trica - Daniel Matos<\/title>\n<meta name=\"robots\" content=\"index, follow, max-snippet:-1, max-image-preview:large, max-video-preview:-1\" \/>\n<link rel=\"canonical\" href=\"https:\/\/www.blogsoestado.com\/danielmatos\/orleans-cresce-e-abre-vantagem-sobre-braide-apos-lancamento-de-pre-candidatura-aponta-econometrica\/\" \/>\n<meta property=\"og:locale\" content=\"pt_BR\" \/>\n<meta property=\"og:type\" content=\"article\" \/>\n<meta property=\"og:title\" content=\"Orleans cresce e abre vantagem sobre Braide ap\u00f3s lan\u00e7amento de pr\u00e9-candidatura, aponta Econom\u00e9trica - Daniel Matos\" \/>\n<meta property=\"og:description\" content=\"A nova pesquisa da Econom\u00e9trica, realizada entre os dias 18 e 21 de mar\u00e7o com 1.556 eleitores em todo o [&hellip;]\" \/>\n<meta property=\"og:url\" content=\"https:\/\/www.blogsoestado.com\/danielmatos\/orleans-cresce-e-abre-vantagem-sobre-braide-apos-lancamento-de-pre-candidatura-aponta-econometrica\/\" \/>\n<meta property=\"og:site_name\" content=\"Daniel Matos\" \/>\n<meta property=\"article:published_time\" content=\"2026-03-31T15:37:58+00:00\" \/>\n<meta property=\"article:modified_time\" content=\"2026-03-31T15:38:02+00:00\" \/>\n<meta property=\"og:image\" content=\"https:\/\/www.blogsoestado.com\/danielmatos\/wp-content\/uploads\/sites\/2\/2026\/03\/1005319082.jpg\" \/>\n\t<meta property=\"og:image:width\" content=\"1283\" \/>\n\t<meta property=\"og:image:height\" content=\"1600\" \/>\n\t<meta property=\"og:image:type\" content=\"image\/jpeg\" \/>\n<meta name=\"author\" content=\"Daniel Matos\" \/>\n<meta name=\"twitter:card\" content=\"summary_large_image\" \/>\n<meta name=\"twitter:label1\" content=\"Escrito por\" \/>\n\t<meta name=\"twitter:data1\" content=\"Daniel Matos\" \/>\n\t<meta name=\"twitter:label2\" content=\"Est. tempo de leitura\" \/>\n\t<meta name=\"twitter:data2\" content=\"3 minutos\" \/>\n<script type=\"application\/ld+json\" class=\"yoast-schema-graph\">{\"@context\":\"https:\/\/schema.org\",\"@graph\":[{\"@type\":\"WebPage\",\"@id\":\"https:\/\/www.blogsoestado.com\/danielmatos\/orleans-cresce-e-abre-vantagem-sobre-braide-apos-lancamento-de-pre-candidatura-aponta-econometrica\/\",\"url\":\"https:\/\/www.blogsoestado.com\/danielmatos\/orleans-cresce-e-abre-vantagem-sobre-braide-apos-lancamento-de-pre-candidatura-aponta-econometrica\/\",\"name\":\"Orleans cresce e abre vantagem sobre Braide ap\u00f3s lan\u00e7amento de pr\u00e9-candidatura, aponta Econom\u00e9trica - Daniel Matos\",\"isPartOf\":{\"@id\":\"https:\/\/www.blogsoestado.com\/danielmatos\/#website\"},\"primaryImageOfPage\":{\"@id\":\"https:\/\/www.blogsoestado.com\/danielmatos\/orleans-cresce-e-abre-vantagem-sobre-braide-apos-lancamento-de-pre-candidatura-aponta-econometrica\/#primaryimage\"},\"image\":{\"@id\":\"https:\/\/www.blogsoestado.com\/danielmatos\/orleans-cresce-e-abre-vantagem-sobre-braide-apos-lancamento-de-pre-candidatura-aponta-econometrica\/#primaryimage\"},\"thumbnailUrl\":\"https:\/\/www.blogsoestado.com\/danielmatos\/wp-content\/uploads\/sites\/2\/2026\/03\/1005319082-821x1024.jpg\",\"datePublished\":\"2026-03-31T15:37:58+00:00\",\"dateModified\":\"2026-03-31T15:38:02+00:00\",\"author\":{\"@id\":\"https:\/\/www.blogsoestado.com\/danielmatos\/#\/schema\/person\/9a209d407cd45631f131e1285b661bb0\"},\"breadcrumb\":{\"@id\":\"https:\/\/www.blogsoestado.com\/danielmatos\/orleans-cresce-e-abre-vantagem-sobre-braide-apos-lancamento-de-pre-candidatura-aponta-econometrica\/#breadcrumb\"},\"inLanguage\":\"pt-BR\",\"potentialAction\":[{\"@type\":\"ReadAction\",\"target\":[\"https:\/\/www.blogsoestado.com\/danielmatos\/orleans-cresce-e-abre-vantagem-sobre-braide-apos-lancamento-de-pre-candidatura-aponta-econometrica\/\"]}]},{\"@type\":\"ImageObject\",\"inLanguage\":\"pt-BR\",\"@id\":\"https:\/\/www.blogsoestado.com\/danielmatos\/orleans-cresce-e-abre-vantagem-sobre-braide-apos-lancamento-de-pre-candidatura-aponta-econometrica\/#primaryimage\",\"url\":\"https:\/\/www.blogsoestado.com\/danielmatos\/wp-content\/uploads\/sites\/2\/2026\/03\/1005319082.jpg\",\"contentUrl\":\"https:\/\/www.blogsoestado.com\/danielmatos\/wp-content\/uploads\/sites\/2\/2026\/03\/1005319082.jpg\",\"width\":1283,\"height\":1600},{\"@type\":\"BreadcrumbList\",\"@id\":\"https:\/\/www.blogsoestado.com\/danielmatos\/orleans-cresce-e-abre-vantagem-sobre-braide-apos-lancamento-de-pre-candidatura-aponta-econometrica\/#breadcrumb\",\"itemListElement\":[{\"@type\":\"ListItem\",\"position\":1,\"name\":\"In\u00edcio\",\"item\":\"https:\/\/www.blogsoestado.com\/danielmatos\/\"},{\"@type\":\"ListItem\",\"position\":2,\"name\":\"Orleans cresce e abre vantagem sobre Braide ap\u00f3s lan\u00e7amento de pr\u00e9-candidatura, aponta Econom\u00e9trica\"}]},{\"@type\":\"WebSite\",\"@id\":\"https:\/\/www.blogsoestado.com\/danielmatos\/#website\",\"url\":\"https:\/\/www.blogsoestado.com\/danielmatos\/\",\"name\":\"Daniel Matos\",\"description\":\"\",\"potentialAction\":[{\"@type\":\"SearchAction\",\"target\":{\"@type\":\"EntryPoint\",\"urlTemplate\":\"https:\/\/www.blogsoestado.com\/danielmatos\/?s={search_term_string}\"},\"query-input\":{\"@type\":\"PropertyValueSpecification\",\"valueRequired\":true,\"valueName\":\"search_term_string\"}}],\"inLanguage\":\"pt-BR\"},{\"@type\":\"Person\",\"@id\":\"https:\/\/www.blogsoestado.com\/danielmatos\/#\/schema\/person\/9a209d407cd45631f131e1285b661bb0\",\"name\":\"Daniel Matos\",\"image\":{\"@type\":\"ImageObject\",\"inLanguage\":\"pt-BR\",\"@id\":\"https:\/\/www.blogsoestado.com\/danielmatos\/#\/schema\/person\/image\/\",\"url\":\"https:\/\/secure.gravatar.com\/avatar\/2f26c36ee355da19a257f0dfef43952a2588b324ca35d6719e859fe338ac0392?s=96&d=mm&r=g\",\"contentUrl\":\"https:\/\/secure.gravatar.com\/avatar\/2f26c36ee355da19a257f0dfef43952a2588b324ca35d6719e859fe338ac0392?s=96&d=mm&r=g\",\"caption\":\"Daniel Matos\"},\"url\":\"https:\/\/www.blogsoestado.com\/danielmatos\/author\/danielmatos\/\"}]}<\/script>\n<!-- \/ Yoast SEO plugin. -->","yoast_head_json":{"title":"Orleans cresce e abre vantagem sobre Braide ap\u00f3s lan\u00e7amento de pr\u00e9-candidatura, aponta Econom\u00e9trica - Daniel Matos","robots":{"index":"index","follow":"follow","max-snippet":"max-snippet:-1","max-image-preview":"max-image-preview:large","max-video-preview":"max-video-preview:-1"},"canonical":"https:\/\/www.blogsoestado.com\/danielmatos\/orleans-cresce-e-abre-vantagem-sobre-braide-apos-lancamento-de-pre-candidatura-aponta-econometrica\/","og_locale":"pt_BR","og_type":"article","og_title":"Orleans cresce e abre vantagem sobre Braide ap\u00f3s lan\u00e7amento de pr\u00e9-candidatura, aponta Econom\u00e9trica - Daniel Matos","og_description":"A nova pesquisa da Econom\u00e9trica, realizada entre os dias 18 e 21 de mar\u00e7o com 1.556 eleitores em todo o [&hellip;]","og_url":"https:\/\/www.blogsoestado.com\/danielmatos\/orleans-cresce-e-abre-vantagem-sobre-braide-apos-lancamento-de-pre-candidatura-aponta-econometrica\/","og_site_name":"Daniel Matos","article_published_time":"2026-03-31T15:37:58+00:00","article_modified_time":"2026-03-31T15:38:02+00:00","og_image":[{"width":1283,"height":1600,"url":"https:\/\/www.blogsoestado.com\/danielmatos\/wp-content\/uploads\/sites\/2\/2026\/03\/1005319082.jpg","type":"image\/jpeg"}],"author":"Daniel Matos","twitter_card":"summary_large_image","twitter_misc":{"Escrito por":"Daniel Matos","Est. tempo de leitura":"3 minutos"},"schema":{"@context":"https:\/\/schema.org","@graph":[{"@type":"WebPage","@id":"https:\/\/www.blogsoestado.com\/danielmatos\/orleans-cresce-e-abre-vantagem-sobre-braide-apos-lancamento-de-pre-candidatura-aponta-econometrica\/","url":"https:\/\/www.blogsoestado.com\/danielmatos\/orleans-cresce-e-abre-vantagem-sobre-braide-apos-lancamento-de-pre-candidatura-aponta-econometrica\/","name":"Orleans cresce e abre vantagem sobre Braide ap\u00f3s lan\u00e7amento de pr\u00e9-candidatura, aponta Econom\u00e9trica - Daniel Matos","isPartOf":{"@id":"https:\/\/www.blogsoestado.com\/danielmatos\/#website"},"primaryImageOfPage":{"@id":"https:\/\/www.blogsoestado.com\/danielmatos\/orleans-cresce-e-abre-vantagem-sobre-braide-apos-lancamento-de-pre-candidatura-aponta-econometrica\/#primaryimage"},"image":{"@id":"https:\/\/www.blogsoestado.com\/danielmatos\/orleans-cresce-e-abre-vantagem-sobre-braide-apos-lancamento-de-pre-candidatura-aponta-econometrica\/#primaryimage"},"thumbnailUrl":"https:\/\/www.blogsoestado.com\/danielmatos\/wp-content\/uploads\/sites\/2\/2026\/03\/1005319082-821x1024.jpg","datePublished":"2026-03-31T15:37:58+00:00","dateModified":"2026-03-31T15:38:02+00:00","author":{"@id":"https:\/\/www.blogsoestado.com\/danielmatos\/#\/schema\/person\/9a209d407cd45631f131e1285b661bb0"},"breadcrumb":{"@id":"https:\/\/www.blogsoestado.com\/danielmatos\/orleans-cresce-e-abre-vantagem-sobre-braide-apos-lancamento-de-pre-candidatura-aponta-econometrica\/#breadcrumb"},"inLanguage":"pt-BR","potentialAction":[{"@type":"ReadAction","target":["https:\/\/www.blogsoestado.com\/danielmatos\/orleans-cresce-e-abre-vantagem-sobre-braide-apos-lancamento-de-pre-candidatura-aponta-econometrica\/"]}]},{"@type":"ImageObject","inLanguage":"pt-BR","@id":"https:\/\/www.blogsoestado.com\/danielmatos\/orleans-cresce-e-abre-vantagem-sobre-braide-apos-lancamento-de-pre-candidatura-aponta-econometrica\/#primaryimage","url":"https:\/\/www.blogsoestado.com\/danielmatos\/wp-content\/uploads\/sites\/2\/2026\/03\/1005319082.jpg","contentUrl":"https:\/\/www.blogsoestado.com\/danielmatos\/wp-content\/uploads\/sites\/2\/2026\/03\/1005319082.jpg","width":1283,"height":1600},{"@type":"BreadcrumbList","@id":"https:\/\/www.blogsoestado.com\/danielmatos\/orleans-cresce-e-abre-vantagem-sobre-braide-apos-lancamento-de-pre-candidatura-aponta-econometrica\/#breadcrumb","itemListElement":[{"@type":"ListItem","position":1,"name":"In\u00edcio","item":"https:\/\/www.blogsoestado.com\/danielmatos\/"},{"@type":"ListItem","position":2,"name":"Orleans cresce e abre vantagem sobre Braide ap\u00f3s lan\u00e7amento de pr\u00e9-candidatura, aponta Econom\u00e9trica"}]},{"@type":"WebSite","@id":"https:\/\/www.blogsoestado.com\/danielmatos\/#website","url":"https:\/\/www.blogsoestado.com\/danielmatos\/","name":"Daniel Matos","description":"","potentialAction":[{"@type":"SearchAction","target":{"@type":"EntryPoint","urlTemplate":"https:\/\/www.blogsoestado.com\/danielmatos\/?s={search_term_string}"},"query-input":{"@type":"PropertyValueSpecification","valueRequired":true,"valueName":"search_term_string"}}],"inLanguage":"pt-BR"},{"@type":"Person","@id":"https:\/\/www.blogsoestado.com\/danielmatos\/#\/schema\/person\/9a209d407cd45631f131e1285b661bb0","name":"Daniel Matos","image":{"@type":"ImageObject","inLanguage":"pt-BR","@id":"https:\/\/www.blogsoestado.com\/danielmatos\/#\/schema\/person\/image\/","url":"https:\/\/secure.gravatar.com\/avatar\/2f26c36ee355da19a257f0dfef43952a2588b324ca35d6719e859fe338ac0392?s=96&d=mm&r=g","contentUrl":"https:\/\/secure.gravatar.com\/avatar\/2f26c36ee355da19a257f0dfef43952a2588b324ca35d6719e859fe338ac0392?s=96&d=mm&r=g","caption":"Daniel Matos"},"url":"https:\/\/www.blogsoestado.com\/danielmatos\/author\/danielmatos\/"}]}},"jetpack_featured_media_url":"","_links":{"self":[{"href":"https:\/\/www.blogsoestado.com\/danielmatos\/wp-json\/wp\/v2\/posts\/156336","targetHints":{"allow":["GET"]}}],"collection":[{"href":"https:\/\/www.blogsoestado.com\/danielmatos\/wp-json\/wp\/v2\/posts"}],"about":[{"href":"https:\/\/www.blogsoestado.com\/danielmatos\/wp-json\/wp\/v2\/types\/post"}],"author":[{"embeddable":true,"href":"https:\/\/www.blogsoestado.com\/danielmatos\/wp-json\/wp\/v2\/users\/2"}],"replies":[{"embeddable":true,"href":"https:\/\/www.blogsoestado.com\/danielmatos\/wp-json\/wp\/v2\/comments?post=156336"}],"version-history":[{"count":1,"href":"https:\/\/www.blogsoestado.com\/danielmatos\/wp-json\/wp\/v2\/posts\/156336\/revisions"}],"predecessor-version":[{"id":156338,"href":"https:\/\/www.blogsoestado.com\/danielmatos\/wp-json\/wp\/v2\/posts\/156336\/revisions\/156338"}],"wp:attachment":[{"href":"https:\/\/www.blogsoestado.com\/danielmatos\/wp-json\/wp\/v2\/media?parent=156336"}],"wp:term":[{"taxonomy":"category","embeddable":true,"href":"https:\/\/www.blogsoestado.com\/danielmatos\/wp-json\/wp\/v2\/categories?post=156336"},{"taxonomy":"post_tag","embeddable":true,"href":"https:\/\/www.blogsoestado.com\/danielmatos\/wp-json\/wp\/v2\/tags?post=156336"}],"curies":[{"name":"wp","href":"https:\/\/api.w.org\/{rel}","templated":true}]}}