{"id":157,"date":"2007-10-01T17:44:52","date_gmt":"2007-10-01T17:44:52","guid":{"rendered":"https:\/\/www.blogsoestado.com\/danielmatos\/2007\/10\/01\/detran-mantem-sob-sigilo-nome-da-nova\/"},"modified":"2007-10-01T17:44:52","modified_gmt":"2007-10-01T17:44:52","slug":"detran-mantem-sob-sigilo-nome-da-nova","status":"publish","type":"post","link":"https:\/\/www.blogsoestado.com\/danielmatos\/detran-mantem-sob-sigilo-nome-da-nova\/","title":{"rendered":"Detran mant\u00e9m sob sigilo nome da nova"},"content":{"rendered":"<p><b><font size=\"4\"><br \/>empresa respons\u00e1vel pela emiss\u00e3o da CNH<\/font><\/b> <\/p>\n<p><font size=\"3\">Est\u00e1 sendo mantido em absoluto sigilo o nome da institui\u00e7\u00e3o que substituir\u00e1 a Funda\u00e7\u00e3o Carlos Chagas na aplica\u00e7\u00e3o dos exames para obten\u00e7\u00e3o da carteira de motorista, emitida pelo Departamento Estadual de Tr\u00e2nsito (Detran).  <\/p>\n<p>Informa\u00e7\u00f5es d\u00e3o conta de que nem mesmo o diretor de Opera\u00e7\u00f5es, P\u00e1dua Nazareno, tem conhecimento da nova terceirizada. A fonte sugeriu que a substituta da Carlos Chagas j\u00e1 pode ter sido escolhida e que somente o diretor-geral Fernando Pal\u00e1cio sabe o nome e a forma de contrata\u00e7\u00e3o da mesma.<\/p>\n<p>S\u00f3 para recordar: a Funda\u00e7\u00e3o Carlos Chagas rescindiu, no \u00faltimo dia 26, o contrato que mantinha com o Detran por ter levado um calote de R$ 3 milh\u00f5es do \u00f3rg\u00e3o, valor correspondente a 10 parcelas mensais n\u00e3o pagas.<\/p>\n<p>O contrato tem validade at\u00e9 o pr\u00f3ximo dia 16, mas, desde a semana passada, os exames de legisla\u00e7\u00e3o de tr\u00e2nsito e de dire\u00e7\u00e3o veicular n\u00e3o est\u00e3o sendo marcados. Com isso, milhares de alunos de auto-escolas que aguardam para fazer os testes est\u00e3o prejudicados.<\/font><\/p>\n","protected":false},"excerpt":{"rendered":"<p>empresa respons\u00e1vel pela emiss\u00e3o da CNH Est\u00e1 sendo mantido em absoluto sigilo o nome da institui\u00e7\u00e3o que substituir\u00e1 a Funda\u00e7\u00e3o [&hellip;]<\/p>\n","protected":false},"author":0,"featured_media":0,"comment_status":"open","ping_status":"open","sticky":false,"template":"","format":"standard","meta":{"site-sidebar-layout":"default","site-content-layout":"","ast-site-content-layout":"default","site-content-style":"default","site-sidebar-style":"default","ast-global-header-display":"","ast-banner-title-visibility":"","ast-main-header-display":"","ast-hfb-above-header-display":"","ast-hfb-below-header-display":"","ast-hfb-mobile-header-display":"","site-post-title":"","ast-breadcrumbs-content":"","ast-featured-img":"","footer-sml-layout":"","ast-disable-related-posts":"","theme-transparent-header-meta":"","adv-header-id-meta":"","stick-header-meta":"","header-above-stick-meta":"","header-main-stick-meta":"","header-below-stick-meta":"","astra-migrate-meta-layouts":"default","ast-page-background-enabled":"default","ast-page-background-meta":{"desktop":{"background-color":"var(--ast-global-color-5)","background-image":"","background-repeat":"repeat","background-position":"center center","background-size":"auto","background-attachment":"scroll","background-type":"","background-media":"","overlay-type":"","overlay-color":"","overlay-opacity":"","overlay-gradient":""},"tablet":{"background-color":"","background-image":"","background-repeat":"repeat","background-position":"center center","background-size":"auto","background-attachment":"scroll","background-type":"","background-media":"","overlay-type":"","overlay-color":"","overlay-opacity":"","overlay-gradient":""},"mobile":{"background-color":"","background-image":"","background-repeat":"repeat","background-position":"center center","background-size":"auto","background-attachment":"scroll","background-type":"","background-media":"","overlay-type":"","overlay-color":"","overlay-opacity":"","overlay-gradient":""}},"ast-content-background-meta":{"desktop":{"background-color":"var(--ast-global-color-4)","background-image":"","background-repeat":"repeat","background-position":"center center","background-size":"auto","background-attachment":"scroll","background-type":"","background-media":"","overlay-type":"","overlay-color":"","overlay-opacity":"","overlay-gradient":""},"tablet":{"background-color":"var(--ast-global-color-4)","background-image":"","background-repeat":"repeat","background-position":"center center","background-size":"auto","background-attachment":"scroll","background-type":"","background-media":"","overlay-type":"","overlay-color":"","overlay-opacity":"","overlay-gradient":""},"mobile":{"background-color":"var(--ast-global-color-4)","background-image":"","background-repeat":"repeat","background-position":"center center","background-size":"auto","background-attachment":"scroll","background-type":"","background-media":"","overlay-type":"","overlay-color":"","overlay-opacity":"","overlay-gradient":""}},"footnotes":""},"categories":[1],"tags":[],"class_list":["post-157","post","type-post","status-publish","format-standard","hentry","category-sem-categoria"],"yoast_head":"<!-- This site is optimized with the Yoast SEO plugin v26.6 - https:\/\/yoast.com\/wordpress\/plugins\/seo\/ -->\n<title>Detran mant\u00e9m sob sigilo nome da nova - Daniel Matos<\/title>\n<meta name=\"robots\" content=\"index, follow, max-snippet:-1, max-image-preview:large, max-video-preview:-1\" \/>\n<link rel=\"canonical\" href=\"https:\/\/www.blogsoestado.com\/danielmatos\/detran-mantem-sob-sigilo-nome-da-nova\/\" \/>\n<meta property=\"og:locale\" content=\"pt_BR\" \/>\n<meta property=\"og:type\" content=\"article\" \/>\n<meta property=\"og:title\" content=\"Detran mant\u00e9m sob sigilo nome da nova - Daniel Matos\" \/>\n<meta property=\"og:description\" content=\"empresa respons\u00e1vel pela emiss\u00e3o da CNH Est\u00e1 sendo mantido em absoluto sigilo o nome da institui\u00e7\u00e3o que substituir\u00e1 a Funda\u00e7\u00e3o [&hellip;]\" \/>\n<meta property=\"og:url\" content=\"https:\/\/www.blogsoestado.com\/danielmatos\/detran-mantem-sob-sigilo-nome-da-nova\/\" \/>\n<meta property=\"og:site_name\" content=\"Daniel Matos\" \/>\n<meta property=\"article:published_time\" content=\"2007-10-01T17:44:52+00:00\" \/>\n<meta name=\"twitter:card\" content=\"summary_large_image\" \/>\n<meta name=\"twitter:label1\" content=\"Est. tempo de leitura\" \/>\n\t<meta name=\"twitter:data1\" content=\"1 minuto\" \/>\n<script type=\"application\/ld+json\" class=\"yoast-schema-graph\">{\"@context\":\"https:\/\/schema.org\",\"@graph\":[{\"@type\":\"WebPage\",\"@id\":\"https:\/\/www.blogsoestado.com\/danielmatos\/detran-mantem-sob-sigilo-nome-da-nova\/\",\"url\":\"https:\/\/www.blogsoestado.com\/danielmatos\/detran-mantem-sob-sigilo-nome-da-nova\/\",\"name\":\"Detran mant\u00e9m sob sigilo nome da nova - Daniel Matos\",\"isPartOf\":{\"@id\":\"https:\/\/www.blogsoestado.com\/danielmatos\/#website\"},\"datePublished\":\"2007-10-01T17:44:52+00:00\",\"author\":{\"@id\":\"\"},\"breadcrumb\":{\"@id\":\"https:\/\/www.blogsoestado.com\/danielmatos\/detran-mantem-sob-sigilo-nome-da-nova\/#breadcrumb\"},\"inLanguage\":\"pt-BR\",\"potentialAction\":[{\"@type\":\"ReadAction\",\"target\":[\"https:\/\/www.blogsoestado.com\/danielmatos\/detran-mantem-sob-sigilo-nome-da-nova\/\"]}]},{\"@type\":\"BreadcrumbList\",\"@id\":\"https:\/\/www.blogsoestado.com\/danielmatos\/detran-mantem-sob-sigilo-nome-da-nova\/#breadcrumb\",\"itemListElement\":[{\"@type\":\"ListItem\",\"position\":1,\"name\":\"In\u00edcio\",\"item\":\"https:\/\/www.blogsoestado.com\/danielmatos\/\"},{\"@type\":\"ListItem\",\"position\":2,\"name\":\"Detran mant\u00e9m sob sigilo nome da nova\"}]},{\"@type\":\"WebSite\",\"@id\":\"https:\/\/www.blogsoestado.com\/danielmatos\/#website\",\"url\":\"https:\/\/www.blogsoestado.com\/danielmatos\/\",\"name\":\"Daniel Matos\",\"description\":\"\",\"potentialAction\":[{\"@type\":\"SearchAction\",\"target\":{\"@type\":\"EntryPoint\",\"urlTemplate\":\"https:\/\/www.blogsoestado.com\/danielmatos\/?s={search_term_string}\"},\"query-input\":{\"@type\":\"PropertyValueSpecification\",\"valueRequired\":true,\"valueName\":\"search_term_string\"}}],\"inLanguage\":\"pt-BR\"}]}<\/script>\n<!-- \/ Yoast SEO plugin. -->","yoast_head_json":{"title":"Detran mant\u00e9m sob sigilo nome da nova - Daniel Matos","robots":{"index":"index","follow":"follow","max-snippet":"max-snippet:-1","max-image-preview":"max-image-preview:large","max-video-preview":"max-video-preview:-1"},"canonical":"https:\/\/www.blogsoestado.com\/danielmatos\/detran-mantem-sob-sigilo-nome-da-nova\/","og_locale":"pt_BR","og_type":"article","og_title":"Detran mant\u00e9m sob sigilo nome da nova - Daniel Matos","og_description":"empresa respons\u00e1vel pela emiss\u00e3o da CNH Est\u00e1 sendo mantido em absoluto sigilo o nome da institui\u00e7\u00e3o que substituir\u00e1 a Funda\u00e7\u00e3o [&hellip;]","og_url":"https:\/\/www.blogsoestado.com\/danielmatos\/detran-mantem-sob-sigilo-nome-da-nova\/","og_site_name":"Daniel Matos","article_published_time":"2007-10-01T17:44:52+00:00","twitter_card":"summary_large_image","twitter_misc":{"Est. tempo de leitura":"1 minuto"},"schema":{"@context":"https:\/\/schema.org","@graph":[{"@type":"WebPage","@id":"https:\/\/www.blogsoestado.com\/danielmatos\/detran-mantem-sob-sigilo-nome-da-nova\/","url":"https:\/\/www.blogsoestado.com\/danielmatos\/detran-mantem-sob-sigilo-nome-da-nova\/","name":"Detran mant\u00e9m sob sigilo nome da nova - Daniel Matos","isPartOf":{"@id":"https:\/\/www.blogsoestado.com\/danielmatos\/#website"},"datePublished":"2007-10-01T17:44:52+00:00","author":{"@id":""},"breadcrumb":{"@id":"https:\/\/www.blogsoestado.com\/danielmatos\/detran-mantem-sob-sigilo-nome-da-nova\/#breadcrumb"},"inLanguage":"pt-BR","potentialAction":[{"@type":"ReadAction","target":["https:\/\/www.blogsoestado.com\/danielmatos\/detran-mantem-sob-sigilo-nome-da-nova\/"]}]},{"@type":"BreadcrumbList","@id":"https:\/\/www.blogsoestado.com\/danielmatos\/detran-mantem-sob-sigilo-nome-da-nova\/#breadcrumb","itemListElement":[{"@type":"ListItem","position":1,"name":"In\u00edcio","item":"https:\/\/www.blogsoestado.com\/danielmatos\/"},{"@type":"ListItem","position":2,"name":"Detran mant\u00e9m sob sigilo nome da nova"}]},{"@type":"WebSite","@id":"https:\/\/www.blogsoestado.com\/danielmatos\/#website","url":"https:\/\/www.blogsoestado.com\/danielmatos\/","name":"Daniel Matos","description":"","potentialAction":[{"@type":"SearchAction","target":{"@type":"EntryPoint","urlTemplate":"https:\/\/www.blogsoestado.com\/danielmatos\/?s={search_term_string}"},"query-input":{"@type":"PropertyValueSpecification","valueRequired":true,"valueName":"search_term_string"}}],"inLanguage":"pt-BR"}]}},"jetpack_featured_media_url":"","_links":{"self":[{"href":"https:\/\/www.blogsoestado.com\/danielmatos\/wp-json\/wp\/v2\/posts\/157","targetHints":{"allow":["GET"]}}],"collection":[{"href":"https:\/\/www.blogsoestado.com\/danielmatos\/wp-json\/wp\/v2\/posts"}],"about":[{"href":"https:\/\/www.blogsoestado.com\/danielmatos\/wp-json\/wp\/v2\/types\/post"}],"replies":[{"embeddable":true,"href":"https:\/\/www.blogsoestado.com\/danielmatos\/wp-json\/wp\/v2\/comments?post=157"}],"version-history":[{"count":0,"href":"https:\/\/www.blogsoestado.com\/danielmatos\/wp-json\/wp\/v2\/posts\/157\/revisions"}],"wp:attachment":[{"href":"https:\/\/www.blogsoestado.com\/danielmatos\/wp-json\/wp\/v2\/media?parent=157"}],"wp:term":[{"taxonomy":"category","embeddable":true,"href":"https:\/\/www.blogsoestado.com\/danielmatos\/wp-json\/wp\/v2\/categories?post=157"},{"taxonomy":"post_tag","embeddable":true,"href":"https:\/\/www.blogsoestado.com\/danielmatos\/wp-json\/wp\/v2\/tags?post=157"}],"curies":[{"name":"wp","href":"https:\/\/api.w.org\/{rel}","templated":true}]}}