{"id":157205,"date":"2026-04-24T11:14:33","date_gmt":"2026-04-24T14:14:33","guid":{"rendered":"https:\/\/www.blogsoestado.com\/danielmatos\/?p=157205"},"modified":"2026-04-24T11:14:36","modified_gmt":"2026-04-24T14:14:36","slug":"alumar-abre-inscricoes-para-programa-de-estagio-2026-com-vagas-em-areas-operacionais-e-corporativas","status":"publish","type":"post","link":"https:\/\/www.blogsoestado.com\/danielmatos\/alumar-abre-inscricoes-para-programa-de-estagio-2026-com-vagas-em-areas-operacionais-e-corporativas\/","title":{"rendered":"Alumar abre inscri\u00e7\u00f5es para Programa de Est\u00e1gio 2026 com vagas em \u00e1reas operacionais e corporativas"},"content":{"rendered":"\n<p><strong><mark style=\"color:#cf2e2e\" class=\"has-inline-color\">Oportunidade contempla diferentes cursos de ensino superior e t\u00e9cnico e contribui com a forma\u00e7\u00e3o de novos talentos para a ind\u00fastria<\/mark><\/strong><\/p>\n\n\n\n<figure class=\"wp-block-image aligncenter size-large\"><img fetchpriority=\"high\" decoding=\"async\" width=\"1024\" height=\"683\" src=\"https:\/\/www.blogsoestado.com\/danielmatos\/wp-content\/uploads\/sites\/2\/2026\/04\/1005473788-1-1024x683.jpg\" alt=\"\" class=\"wp-image-157207\" srcset=\"https:\/\/www.blogsoestado.com\/danielmatos\/wp-content\/uploads\/sites\/2\/2026\/04\/1005473788-1-1024x683.jpg 1024w, https:\/\/www.blogsoestado.com\/danielmatos\/wp-content\/uploads\/sites\/2\/2026\/04\/1005473788-1-300x200.jpg 300w, https:\/\/www.blogsoestado.com\/danielmatos\/wp-content\/uploads\/sites\/2\/2026\/04\/1005473788-1-768x512.jpg 768w, https:\/\/www.blogsoestado.com\/danielmatos\/wp-content\/uploads\/sites\/2\/2026\/04\/1005473788-1.jpg 1299w\" sizes=\"(max-width: 1024px) 100vw, 1024px\" \/><figcaption class=\"wp-element-caption\">Anthony Torres, estagi\u00e1rio de Engenharia &#8211; ARBs e Lagos da Alumar<\/figcaption><\/figure>\n\n\n\n<p><strong>S\u00e3o Lu\u00eds \u2013<\/strong> A Alumar est\u00e1 com inscri\u00e7\u00f5es abertas at\u00e9 o dia 25 de maio para o Programa de Est\u00e1gio 2026, voltado a estudantes de ensino t\u00e9cnico e superior interessados em desenvolver a carreira em uma empresa global da cadeia do alum\u00ednio. S\u00e3o mais de 50 vagas para as \u00e1reas de opera\u00e7\u00e3o, neg\u00f3cios e suporte corporativo da Alumar.<\/p>\n\n\n\n<p>Com foco na atra\u00e7\u00e3o e no desenvolvimento de novos talentos, o programa oferece aos participantes a oportunidade de vivenciar, na pr\u00e1tica, os desafios de uma ind\u00fastria essencial para a economia e para a transi\u00e7\u00e3o para um futuro mais sustent\u00e1vel. Ao longo da jornada, os estagi\u00e1rios ter\u00e3o contato com equipes multidisciplinares, rotinas de aprendizagem e experi\u00eancias conectadas \u00e0 cultura de seguran\u00e7a, inova\u00e7\u00e3o, integridade e excel\u00eancia operacional da companhia.<\/p>\n\n\n\n<p>As vagas s\u00e3o destinadas a estudantes de cursos de ensino superior, com forma\u00e7\u00e3o prevista entre agosto de 2027 e dezembro de 2028, e estudantes de cursos t\u00e9cnicos, com forma\u00e7\u00e3o prevista entre agosto de 2027 e agosto de 2028, conforme os requisitos de cada posi\u00e7\u00e3o.<\/p>\n\n\n\n<p>A nova edi\u00e7\u00e3o do programa tamb\u00e9m refor\u00e7a o compromisso da Alcoa com um ambiente de trabalho cada vez mais inclusivo e diverso, estimulando a candidatura de talentos com diferentes trajet\u00f3rias, perfis e viv\u00eancias.<\/p>\n\n\n\n<p>\u201cO Programa de Est\u00e1gio da Alcoa \u00e9 uma oportunidade para que estudantes vivenciem, na pr\u00e1tica, os desafios e aprendizados de uma ind\u00fastria em constante transforma\u00e7\u00e3o. Mais do que formar profissionais, buscamos atrair talentos que compartilhem nossos valores &#8211; agir com integridade, trabalhar com excel\u00eancia, cuidar das pessoas e liderar com coragem &#8211; e queiram construir, conosco, um legado de excel\u00eancia para as futuras gera\u00e7\u00f5es.\u201d, afirma Marcelo Freire, diretor de Recursos Humanos da Alcoa no Brasil.<\/p>\n\n\n\n<p>Os candidatos aprovados ter\u00e3o acesso a uma experi\u00eancia de desenvolvimento profissional com acompanhamento pr\u00f3ximo das lideran\u00e7as, viv\u00eancia pr\u00e1tica nas \u00e1reas de atua\u00e7\u00e3o e participa\u00e7\u00e3o em uma cultura organizacional orientada por prop\u00f3sito e pela valoriza\u00e7\u00e3o das pessoas.<\/p>\n\n\n\n<p>Para mais informa\u00e7\u00f5es e inscri\u00e7\u00f5es acesse o site: <a href=\"http:\/\/www.ciadeestagios.com.br\/alcoa\">www.ciadeestagios.com.br\/alcoa<\/a><\/p>\n\n\n\n<p><strong>Servi\u00e7o:<\/strong><\/p>\n\n\n\n<p>O qu\u00ea: Programa de Est\u00e1gio T\u00e9cnico e Superior 2026<br>Inscri\u00e7\u00f5es online: at\u00e9 25 de maio de 2026<br>Admiss\u00e3o: prevista para 17 de agosto de 2026<\/p>\n\n\n\n<p><strong>Sobre a Alumar<\/strong><\/p>\n\n\n\n<p>O Cons\u00f3rcio de Alum\u00ednio do Maranh\u00e3o &#8211; Alumar \u00e9 um dos maiores complexos industriais de produ\u00e7\u00e3o de alumina e alum\u00ednio do mundo. Inaugurado em julho de 1984, \u00e9 formado pelas empresas Alcoa, Rio Tinto e South32 e desempenha um papel importante no Maranh\u00e3o. Cerca de 86% de seus funcion\u00e1rios s\u00e3o maranhenses, al\u00e9m de contar com centenas de fornecedores locais.<\/p>\n\n\n\n<p>O sistema de gest\u00e3o da Alumar \u00e9 integrado e engloba gest\u00f5es de qualidade, sa\u00fade, seguran\u00e7a e meio ambiente estabelecido com base nas normas NBR ISO 9001, NBR ISO 14001 e NBR ISO 45001. Em 2019, obteve a certifica\u00e7\u00e3o ASI (Aluminium Stewardship Initiative), o mais importante Selo de Sustentabilidade na cadeia de valor do alum\u00ednio.<\/p>\n\n\n\n<p><strong>Sobre a Alcoa<\/strong><\/p>\n\n\n\n<p>Refer\u00eancia mundial na produ\u00e7\u00e3o de bauxita, alumina e alum\u00ednio, a Alcoa foi constru\u00edda sobre uma base de valores s\u00f3lidos dedicados ao desenvolvimento compartilhado e sustent\u00e1vel. A empresa adota as melhores pr\u00e1ticas de inova\u00e7\u00e3o para trabalhar com efici\u00eancia, seguran\u00e7a e responsabilidade, fortalecendo as comunidades das regi\u00f5es onde atua. No Brasil s\u00e3o tr\u00eas unidades produtivas: Po\u00e7os de Caldas (MG), S\u00e3o Lu\u00eds (MA) e Juruti (PA); dois escrit\u00f3rios: S\u00e3o Paulo (SP) e Po\u00e7os de Caldas (MG); e participa\u00e7\u00e3o acion\u00e1ria em quatro usinas hidrel\u00e9tricas: Machadinho, Barra Grande, Serra do Fac\u00e3o e Estreito. Com 10 mil colaboradores, diretos e indiretos, a Alcoa segue impulsionada por valores como \u201cagir com integridade\u201d, \u201ctrabalhar com excel\u00eancia\u201d, \u201ccuidar das pessoas\u201d e \u201cliderar com coragem\u201d para unir excel\u00eancia operacional, desempenho econ\u00f4mico, impacto social e prote\u00e7\u00e3o ambiental na constru\u00e7\u00e3o de um legado de excel\u00eancia para as gera\u00e7\u00f5es futuras.<\/p>\n","protected":false},"excerpt":{"rendered":"<p>Oportunidade contempla diferentes cursos de ensino superior e t\u00e9cnico e contribui com a forma\u00e7\u00e3o de novos talentos para a ind\u00fastria [&hellip;]<\/p>\n","protected":false},"author":2,"featured_media":0,"comment_status":"open","ping_status":"open","sticky":false,"template":"","format":"standard","meta":{"site-sidebar-layout":"default","site-content-layout":"","ast-site-content-layout":"default","site-content-style":"default","site-sidebar-style":"default","ast-global-header-display":"","ast-banner-title-visibility":"","ast-main-header-display":"","ast-hfb-above-header-display":"","ast-hfb-below-header-display":"","ast-hfb-mobile-header-display":"","site-post-title":"","ast-breadcrumbs-content":"","ast-featured-img":"","footer-sml-layout":"","ast-disable-related-posts":"","theme-transparent-header-meta":"","adv-header-id-meta":"","stick-header-meta":"","header-above-stick-meta":"","header-main-stick-meta":"","header-below-stick-meta":"","astra-migrate-meta-layouts":"default","ast-page-background-enabled":"default","ast-page-background-meta":{"desktop":{"background-color":"var(--ast-global-color-5)","background-image":"","background-repeat":"repeat","background-position":"center center","background-size":"auto","background-attachment":"scroll","background-type":"","background-media":"","overlay-type":"","overlay-color":"","overlay-opacity":"","overlay-gradient":""},"tablet":{"background-color":"","background-image":"","background-repeat":"repeat","background-position":"center center","background-size":"auto","background-attachment":"scroll","background-type":"","background-media":"","overlay-type":"","overlay-color":"","overlay-opacity":"","overlay-gradient":""},"mobile":{"background-color":"","background-image":"","background-repeat":"repeat","background-position":"center center","background-size":"auto","background-attachment":"scroll","background-type":"","background-media":"","overlay-type":"","overlay-color":"","overlay-opacity":"","overlay-gradient":""}},"ast-content-background-meta":{"desktop":{"background-color":"var(--ast-global-color-4)","background-image":"","background-repeat":"repeat","background-position":"center center","background-size":"auto","background-attachment":"scroll","background-type":"","background-media":"","overlay-type":"","overlay-color":"","overlay-opacity":"","overlay-gradient":""},"tablet":{"background-color":"var(--ast-global-color-4)","background-image":"","background-repeat":"repeat","background-position":"center center","background-size":"auto","background-attachment":"scroll","background-type":"","background-media":"","overlay-type":"","overlay-color":"","overlay-opacity":"","overlay-gradient":""},"mobile":{"background-color":"var(--ast-global-color-4)","background-image":"","background-repeat":"repeat","background-position":"center center","background-size":"auto","background-attachment":"scroll","background-type":"","background-media":"","overlay-type":"","overlay-color":"","overlay-opacity":"","overlay-gradient":""}},"footnotes":""},"categories":[1],"tags":[],"class_list":["post-157205","post","type-post","status-publish","format-standard","hentry","category-sem-categoria"],"yoast_head":"<!-- This site is optimized with the Yoast SEO plugin v26.6 - https:\/\/yoast.com\/wordpress\/plugins\/seo\/ -->\n<title>Alumar abre inscri\u00e7\u00f5es para Programa de Est\u00e1gio 2026 com vagas em \u00e1reas operacionais e corporativas - Daniel Matos<\/title>\n<meta name=\"robots\" content=\"index, follow, max-snippet:-1, max-image-preview:large, max-video-preview:-1\" \/>\n<link rel=\"canonical\" href=\"https:\/\/www.blogsoestado.com\/danielmatos\/alumar-abre-inscricoes-para-programa-de-estagio-2026-com-vagas-em-areas-operacionais-e-corporativas\/\" \/>\n<meta property=\"og:locale\" content=\"pt_BR\" \/>\n<meta property=\"og:type\" content=\"article\" \/>\n<meta property=\"og:title\" content=\"Alumar abre inscri\u00e7\u00f5es para Programa de Est\u00e1gio 2026 com vagas em \u00e1reas operacionais e corporativas - Daniel Matos\" \/>\n<meta property=\"og:description\" content=\"Oportunidade contempla diferentes cursos de ensino superior e t\u00e9cnico e contribui com a forma\u00e7\u00e3o de novos talentos para a ind\u00fastria [&hellip;]\" \/>\n<meta property=\"og:url\" content=\"https:\/\/www.blogsoestado.com\/danielmatos\/alumar-abre-inscricoes-para-programa-de-estagio-2026-com-vagas-em-areas-operacionais-e-corporativas\/\" \/>\n<meta property=\"og:site_name\" content=\"Daniel Matos\" \/>\n<meta property=\"article:published_time\" content=\"2026-04-24T14:14:33+00:00\" \/>\n<meta property=\"article:modified_time\" content=\"2026-04-24T14:14:36+00:00\" \/>\n<meta property=\"og:image\" content=\"https:\/\/www.blogsoestado.com\/danielmatos\/wp-content\/uploads\/sites\/2\/2026\/04\/1005473788-1.jpg\" \/>\n\t<meta property=\"og:image:width\" content=\"1299\" \/>\n\t<meta property=\"og:image:height\" content=\"866\" \/>\n\t<meta property=\"og:image:type\" content=\"image\/jpeg\" \/>\n<meta name=\"author\" content=\"Daniel Matos\" \/>\n<meta name=\"twitter:card\" content=\"summary_large_image\" \/>\n<meta name=\"twitter:label1\" content=\"Escrito por\" \/>\n\t<meta name=\"twitter:data1\" content=\"Daniel Matos\" \/>\n\t<meta name=\"twitter:label2\" content=\"Est. tempo de leitura\" \/>\n\t<meta name=\"twitter:data2\" content=\"4 minutos\" \/>\n<script type=\"application\/ld+json\" class=\"yoast-schema-graph\">{\"@context\":\"https:\/\/schema.org\",\"@graph\":[{\"@type\":\"WebPage\",\"@id\":\"https:\/\/www.blogsoestado.com\/danielmatos\/alumar-abre-inscricoes-para-programa-de-estagio-2026-com-vagas-em-areas-operacionais-e-corporativas\/\",\"url\":\"https:\/\/www.blogsoestado.com\/danielmatos\/alumar-abre-inscricoes-para-programa-de-estagio-2026-com-vagas-em-areas-operacionais-e-corporativas\/\",\"name\":\"Alumar abre inscri\u00e7\u00f5es para Programa de Est\u00e1gio 2026 com vagas em \u00e1reas operacionais e corporativas - Daniel Matos\",\"isPartOf\":{\"@id\":\"https:\/\/www.blogsoestado.com\/danielmatos\/#website\"},\"primaryImageOfPage\":{\"@id\":\"https:\/\/www.blogsoestado.com\/danielmatos\/alumar-abre-inscricoes-para-programa-de-estagio-2026-com-vagas-em-areas-operacionais-e-corporativas\/#primaryimage\"},\"image\":{\"@id\":\"https:\/\/www.blogsoestado.com\/danielmatos\/alumar-abre-inscricoes-para-programa-de-estagio-2026-com-vagas-em-areas-operacionais-e-corporativas\/#primaryimage\"},\"thumbnailUrl\":\"https:\/\/www.blogsoestado.com\/danielmatos\/wp-content\/uploads\/sites\/2\/2026\/04\/1005473788-1-1024x683.jpg\",\"datePublished\":\"2026-04-24T14:14:33+00:00\",\"dateModified\":\"2026-04-24T14:14:36+00:00\",\"author\":{\"@id\":\"https:\/\/www.blogsoestado.com\/danielmatos\/#\/schema\/person\/9a209d407cd45631f131e1285b661bb0\"},\"breadcrumb\":{\"@id\":\"https:\/\/www.blogsoestado.com\/danielmatos\/alumar-abre-inscricoes-para-programa-de-estagio-2026-com-vagas-em-areas-operacionais-e-corporativas\/#breadcrumb\"},\"inLanguage\":\"pt-BR\",\"potentialAction\":[{\"@type\":\"ReadAction\",\"target\":[\"https:\/\/www.blogsoestado.com\/danielmatos\/alumar-abre-inscricoes-para-programa-de-estagio-2026-com-vagas-em-areas-operacionais-e-corporativas\/\"]}]},{\"@type\":\"ImageObject\",\"inLanguage\":\"pt-BR\",\"@id\":\"https:\/\/www.blogsoestado.com\/danielmatos\/alumar-abre-inscricoes-para-programa-de-estagio-2026-com-vagas-em-areas-operacionais-e-corporativas\/#primaryimage\",\"url\":\"https:\/\/www.blogsoestado.com\/danielmatos\/wp-content\/uploads\/sites\/2\/2026\/04\/1005473788-1.jpg\",\"contentUrl\":\"https:\/\/www.blogsoestado.com\/danielmatos\/wp-content\/uploads\/sites\/2\/2026\/04\/1005473788-1.jpg\",\"width\":1299,\"height\":866},{\"@type\":\"BreadcrumbList\",\"@id\":\"https:\/\/www.blogsoestado.com\/danielmatos\/alumar-abre-inscricoes-para-programa-de-estagio-2026-com-vagas-em-areas-operacionais-e-corporativas\/#breadcrumb\",\"itemListElement\":[{\"@type\":\"ListItem\",\"position\":1,\"name\":\"In\u00edcio\",\"item\":\"https:\/\/www.blogsoestado.com\/danielmatos\/\"},{\"@type\":\"ListItem\",\"position\":2,\"name\":\"Alumar abre inscri\u00e7\u00f5es para Programa de Est\u00e1gio 2026 com vagas em \u00e1reas operacionais e corporativas\"}]},{\"@type\":\"WebSite\",\"@id\":\"https:\/\/www.blogsoestado.com\/danielmatos\/#website\",\"url\":\"https:\/\/www.blogsoestado.com\/danielmatos\/\",\"name\":\"Daniel Matos\",\"description\":\"\",\"potentialAction\":[{\"@type\":\"SearchAction\",\"target\":{\"@type\":\"EntryPoint\",\"urlTemplate\":\"https:\/\/www.blogsoestado.com\/danielmatos\/?s={search_term_string}\"},\"query-input\":{\"@type\":\"PropertyValueSpecification\",\"valueRequired\":true,\"valueName\":\"search_term_string\"}}],\"inLanguage\":\"pt-BR\"},{\"@type\":\"Person\",\"@id\":\"https:\/\/www.blogsoestado.com\/danielmatos\/#\/schema\/person\/9a209d407cd45631f131e1285b661bb0\",\"name\":\"Daniel Matos\",\"image\":{\"@type\":\"ImageObject\",\"inLanguage\":\"pt-BR\",\"@id\":\"https:\/\/www.blogsoestado.com\/danielmatos\/#\/schema\/person\/image\/\",\"url\":\"https:\/\/secure.gravatar.com\/avatar\/2f26c36ee355da19a257f0dfef43952a2588b324ca35d6719e859fe338ac0392?s=96&d=mm&r=g\",\"contentUrl\":\"https:\/\/secure.gravatar.com\/avatar\/2f26c36ee355da19a257f0dfef43952a2588b324ca35d6719e859fe338ac0392?s=96&d=mm&r=g\",\"caption\":\"Daniel Matos\"},\"url\":\"https:\/\/www.blogsoestado.com\/danielmatos\/author\/danielmatos\/\"}]}<\/script>\n<!-- \/ Yoast SEO plugin. -->","yoast_head_json":{"title":"Alumar abre inscri\u00e7\u00f5es para Programa de Est\u00e1gio 2026 com vagas em \u00e1reas operacionais e corporativas - Daniel Matos","robots":{"index":"index","follow":"follow","max-snippet":"max-snippet:-1","max-image-preview":"max-image-preview:large","max-video-preview":"max-video-preview:-1"},"canonical":"https:\/\/www.blogsoestado.com\/danielmatos\/alumar-abre-inscricoes-para-programa-de-estagio-2026-com-vagas-em-areas-operacionais-e-corporativas\/","og_locale":"pt_BR","og_type":"article","og_title":"Alumar abre inscri\u00e7\u00f5es para Programa de Est\u00e1gio 2026 com vagas em \u00e1reas operacionais e corporativas - Daniel Matos","og_description":"Oportunidade contempla diferentes cursos de ensino superior e t\u00e9cnico e contribui com a forma\u00e7\u00e3o de novos talentos para a ind\u00fastria [&hellip;]","og_url":"https:\/\/www.blogsoestado.com\/danielmatos\/alumar-abre-inscricoes-para-programa-de-estagio-2026-com-vagas-em-areas-operacionais-e-corporativas\/","og_site_name":"Daniel Matos","article_published_time":"2026-04-24T14:14:33+00:00","article_modified_time":"2026-04-24T14:14:36+00:00","og_image":[{"width":1299,"height":866,"url":"https:\/\/www.blogsoestado.com\/danielmatos\/wp-content\/uploads\/sites\/2\/2026\/04\/1005473788-1.jpg","type":"image\/jpeg"}],"author":"Daniel Matos","twitter_card":"summary_large_image","twitter_misc":{"Escrito por":"Daniel Matos","Est. tempo de leitura":"4 minutos"},"schema":{"@context":"https:\/\/schema.org","@graph":[{"@type":"WebPage","@id":"https:\/\/www.blogsoestado.com\/danielmatos\/alumar-abre-inscricoes-para-programa-de-estagio-2026-com-vagas-em-areas-operacionais-e-corporativas\/","url":"https:\/\/www.blogsoestado.com\/danielmatos\/alumar-abre-inscricoes-para-programa-de-estagio-2026-com-vagas-em-areas-operacionais-e-corporativas\/","name":"Alumar abre inscri\u00e7\u00f5es para Programa de Est\u00e1gio 2026 com vagas em \u00e1reas operacionais e corporativas - Daniel Matos","isPartOf":{"@id":"https:\/\/www.blogsoestado.com\/danielmatos\/#website"},"primaryImageOfPage":{"@id":"https:\/\/www.blogsoestado.com\/danielmatos\/alumar-abre-inscricoes-para-programa-de-estagio-2026-com-vagas-em-areas-operacionais-e-corporativas\/#primaryimage"},"image":{"@id":"https:\/\/www.blogsoestado.com\/danielmatos\/alumar-abre-inscricoes-para-programa-de-estagio-2026-com-vagas-em-areas-operacionais-e-corporativas\/#primaryimage"},"thumbnailUrl":"https:\/\/www.blogsoestado.com\/danielmatos\/wp-content\/uploads\/sites\/2\/2026\/04\/1005473788-1-1024x683.jpg","datePublished":"2026-04-24T14:14:33+00:00","dateModified":"2026-04-24T14:14:36+00:00","author":{"@id":"https:\/\/www.blogsoestado.com\/danielmatos\/#\/schema\/person\/9a209d407cd45631f131e1285b661bb0"},"breadcrumb":{"@id":"https:\/\/www.blogsoestado.com\/danielmatos\/alumar-abre-inscricoes-para-programa-de-estagio-2026-com-vagas-em-areas-operacionais-e-corporativas\/#breadcrumb"},"inLanguage":"pt-BR","potentialAction":[{"@type":"ReadAction","target":["https:\/\/www.blogsoestado.com\/danielmatos\/alumar-abre-inscricoes-para-programa-de-estagio-2026-com-vagas-em-areas-operacionais-e-corporativas\/"]}]},{"@type":"ImageObject","inLanguage":"pt-BR","@id":"https:\/\/www.blogsoestado.com\/danielmatos\/alumar-abre-inscricoes-para-programa-de-estagio-2026-com-vagas-em-areas-operacionais-e-corporativas\/#primaryimage","url":"https:\/\/www.blogsoestado.com\/danielmatos\/wp-content\/uploads\/sites\/2\/2026\/04\/1005473788-1.jpg","contentUrl":"https:\/\/www.blogsoestado.com\/danielmatos\/wp-content\/uploads\/sites\/2\/2026\/04\/1005473788-1.jpg","width":1299,"height":866},{"@type":"BreadcrumbList","@id":"https:\/\/www.blogsoestado.com\/danielmatos\/alumar-abre-inscricoes-para-programa-de-estagio-2026-com-vagas-em-areas-operacionais-e-corporativas\/#breadcrumb","itemListElement":[{"@type":"ListItem","position":1,"name":"In\u00edcio","item":"https:\/\/www.blogsoestado.com\/danielmatos\/"},{"@type":"ListItem","position":2,"name":"Alumar abre inscri\u00e7\u00f5es para Programa de Est\u00e1gio 2026 com vagas em \u00e1reas operacionais e corporativas"}]},{"@type":"WebSite","@id":"https:\/\/www.blogsoestado.com\/danielmatos\/#website","url":"https:\/\/www.blogsoestado.com\/danielmatos\/","name":"Daniel Matos","description":"","potentialAction":[{"@type":"SearchAction","target":{"@type":"EntryPoint","urlTemplate":"https:\/\/www.blogsoestado.com\/danielmatos\/?s={search_term_string}"},"query-input":{"@type":"PropertyValueSpecification","valueRequired":true,"valueName":"search_term_string"}}],"inLanguage":"pt-BR"},{"@type":"Person","@id":"https:\/\/www.blogsoestado.com\/danielmatos\/#\/schema\/person\/9a209d407cd45631f131e1285b661bb0","name":"Daniel Matos","image":{"@type":"ImageObject","inLanguage":"pt-BR","@id":"https:\/\/www.blogsoestado.com\/danielmatos\/#\/schema\/person\/image\/","url":"https:\/\/secure.gravatar.com\/avatar\/2f26c36ee355da19a257f0dfef43952a2588b324ca35d6719e859fe338ac0392?s=96&d=mm&r=g","contentUrl":"https:\/\/secure.gravatar.com\/avatar\/2f26c36ee355da19a257f0dfef43952a2588b324ca35d6719e859fe338ac0392?s=96&d=mm&r=g","caption":"Daniel Matos"},"url":"https:\/\/www.blogsoestado.com\/danielmatos\/author\/danielmatos\/"}]}},"jetpack_featured_media_url":"","_links":{"self":[{"href":"https:\/\/www.blogsoestado.com\/danielmatos\/wp-json\/wp\/v2\/posts\/157205","targetHints":{"allow":["GET"]}}],"collection":[{"href":"https:\/\/www.blogsoestado.com\/danielmatos\/wp-json\/wp\/v2\/posts"}],"about":[{"href":"https:\/\/www.blogsoestado.com\/danielmatos\/wp-json\/wp\/v2\/types\/post"}],"author":[{"embeddable":true,"href":"https:\/\/www.blogsoestado.com\/danielmatos\/wp-json\/wp\/v2\/users\/2"}],"replies":[{"embeddable":true,"href":"https:\/\/www.blogsoestado.com\/danielmatos\/wp-json\/wp\/v2\/comments?post=157205"}],"version-history":[{"count":1,"href":"https:\/\/www.blogsoestado.com\/danielmatos\/wp-json\/wp\/v2\/posts\/157205\/revisions"}],"predecessor-version":[{"id":157208,"href":"https:\/\/www.blogsoestado.com\/danielmatos\/wp-json\/wp\/v2\/posts\/157205\/revisions\/157208"}],"wp:attachment":[{"href":"https:\/\/www.blogsoestado.com\/danielmatos\/wp-json\/wp\/v2\/media?parent=157205"}],"wp:term":[{"taxonomy":"category","embeddable":true,"href":"https:\/\/www.blogsoestado.com\/danielmatos\/wp-json\/wp\/v2\/categories?post=157205"},{"taxonomy":"post_tag","embeddable":true,"href":"https:\/\/www.blogsoestado.com\/danielmatos\/wp-json\/wp\/v2\/tags?post=157205"}],"curies":[{"name":"wp","href":"https:\/\/api.w.org\/{rel}","templated":true}]}}