{"id":157281,"date":"2026-04-26T10:34:48","date_gmt":"2026-04-26T13:34:48","guid":{"rendered":"https:\/\/www.blogsoestado.com\/danielmatos\/?p=157281"},"modified":"2026-04-26T10:34:51","modified_gmt":"2026-04-26T13:34:51","slug":"dr-julinho-reune-apoiadores-durante-o-grande-encontro-na-zona-rural-de-sao-jose-de-ribamar","status":"publish","type":"post","link":"https:\/\/www.blogsoestado.com\/danielmatos\/dr-julinho-reune-apoiadores-durante-o-grande-encontro-na-zona-rural-de-sao-jose-de-ribamar\/","title":{"rendered":"Dr. Julinho re\u00fane apoiadores durante o Grande Encontro na Zona Rural de S\u00e3o Jos\u00e9 de Ribamar"},"content":{"rendered":"\n<figure class=\"wp-block-image aligncenter size-large\"><img fetchpriority=\"high\" decoding=\"async\" width=\"1024\" height=\"683\" src=\"https:\/\/www.blogsoestado.com\/danielmatos\/wp-content\/uploads\/sites\/2\/2026\/04\/1005485507-1024x683.jpg\" alt=\"\" class=\"wp-image-157282\" srcset=\"https:\/\/www.blogsoestado.com\/danielmatos\/wp-content\/uploads\/sites\/2\/2026\/04\/1005485507-1024x683.jpg 1024w, https:\/\/www.blogsoestado.com\/danielmatos\/wp-content\/uploads\/sites\/2\/2026\/04\/1005485507-300x200.jpg 300w, https:\/\/www.blogsoestado.com\/danielmatos\/wp-content\/uploads\/sites\/2\/2026\/04\/1005485507-768x512.jpg 768w, https:\/\/www.blogsoestado.com\/danielmatos\/wp-content\/uploads\/sites\/2\/2026\/04\/1005485507.jpg 1260w\" sizes=\"(max-width: 1024px) 100vw, 1024px\" \/><\/figure>\n\n\n\n<p>No \u00faltimo s\u00e1bado (25), a Zona Rural de S\u00e3o Jos\u00e9 de Ribamar foi palco de um grande encontro pol\u00edtico e comunit\u00e1rio no Campo do Independente, localidade do Bom Jardim. O evento organizado pelo prefeito reuniu aproximadamente mil pessoas e contou com a presen\u00e7a do pr\u00e9-candidato a deputado estadual J\u00falio Filho, do deputado federal F\u00e1bio Macedo, da vereadora La\u00eds Alencar, do vereador Ribamar Dourado e da presidente da C\u00e2mara, Francimar Jacintho.<\/p>\n\n\n\n<p>Em sua fala, o prefeito Dr. Julinho destacou a rela\u00e7\u00e3o de respeito e carinho com os moradores da regi\u00e3o. \u201cQueremos, de cora\u00e7\u00e3o, agradecer a toda a Zona Rural pelo carinho, aten\u00e7\u00e3o, respeito e compreens\u00e3o destinados ao prefeito J\u00falio C\u00e9sar de Sousa Matos, a mim. Quero dizer que esse respeito, carinho e gratid\u00e3o s\u00e3o rec\u00edprocos. Eu sinto o mesmo por eles\u201d, afirmou.<\/p>\n\n\n\n<figure class=\"wp-block-image aligncenter size-large\"><img decoding=\"async\" width=\"1024\" height=\"683\" src=\"https:\/\/www.blogsoestado.com\/danielmatos\/wp-content\/uploads\/sites\/2\/2026\/04\/1005485508-1024x683.jpg\" alt=\"\" class=\"wp-image-157283\" srcset=\"https:\/\/www.blogsoestado.com\/danielmatos\/wp-content\/uploads\/sites\/2\/2026\/04\/1005485508-1024x683.jpg 1024w, https:\/\/www.blogsoestado.com\/danielmatos\/wp-content\/uploads\/sites\/2\/2026\/04\/1005485508-300x200.jpg 300w, https:\/\/www.blogsoestado.com\/danielmatos\/wp-content\/uploads\/sites\/2\/2026\/04\/1005485508-768x512.jpg 768w, https:\/\/www.blogsoestado.com\/danielmatos\/wp-content\/uploads\/sites\/2\/2026\/04\/1005485508.jpg 1179w\" sizes=\"(max-width: 1024px) 100vw, 1024px\" \/><\/figure>\n\n\n\n<p>J\u00e1 o pr\u00e9-candidato a deputado estadual, J\u00falio Filho, refor\u00e7ou o car\u00e1ter propositivo do encontro. \u201cPessoal, hoje estamos aqui na Zona Rural, a convite do Dr. Julinho, em uma reuni\u00e3o muito produtiva, onde viemos dialogar e trazer boas not\u00edcias para uma regi\u00e3o t\u00e3o importante para a nossa querida S\u00e3o Jos\u00e9 de Ribamar\u201d, destacou.<\/p>\n\n\n\n<p>O deputado federal F\u00e1bio Macedo tamb\u00e9m expressou sua gratid\u00e3o pelo acolhimento dos moradores. \u201cQuero dizer que tenho muito carinho e orgulho dessas pessoas que est\u00e3o aqui hoje, que sempre me acolheram n\u00e3o como um pol\u00edtico, mas como um verdadeiro amigo. Quero refor\u00e7ar que sou muito grato e que tenho uma imensa gratid\u00e3o por essa regi\u00e3o. Me sinto honrado e feliz por poder contribuir com cada um de voc\u00eas\u201d, declarou.<\/p>\n\n\n\n<figure class=\"wp-block-image aligncenter size-large\"><img decoding=\"async\" width=\"1024\" height=\"683\" src=\"https:\/\/www.blogsoestado.com\/danielmatos\/wp-content\/uploads\/sites\/2\/2026\/04\/1005485511-1024x683.jpg\" alt=\"\" class=\"wp-image-157284\" srcset=\"https:\/\/www.blogsoestado.com\/danielmatos\/wp-content\/uploads\/sites\/2\/2026\/04\/1005485511-1024x683.jpg 1024w, https:\/\/www.blogsoestado.com\/danielmatos\/wp-content\/uploads\/sites\/2\/2026\/04\/1005485511-300x200.jpg 300w, https:\/\/www.blogsoestado.com\/danielmatos\/wp-content\/uploads\/sites\/2\/2026\/04\/1005485511-768x512.jpg 768w, https:\/\/www.blogsoestado.com\/danielmatos\/wp-content\/uploads\/sites\/2\/2026\/04\/1005485511.jpg 1260w\" sizes=\"(max-width: 1024px) 100vw, 1024px\" \/><\/figure>\n\n\n\n<p>O evento tamb\u00e9m teve um momento cultural: a apresenta\u00e7\u00e3o do Boi de Ju\u00e7atuba, que levou tradi\u00e7\u00e3o, alegria e refor\u00e7ou a for\u00e7a das manifesta\u00e7\u00f5es populares da Zona Rural de S\u00e3o Jos\u00e9 de Ribamar.<\/p>\n","protected":false},"excerpt":{"rendered":"<p>No \u00faltimo s\u00e1bado (25), a Zona Rural de S\u00e3o Jos\u00e9 de Ribamar foi palco de um grande encontro pol\u00edtico e [&hellip;]<\/p>\n","protected":false},"author":2,"featured_media":0,"comment_status":"open","ping_status":"open","sticky":false,"template":"","format":"standard","meta":{"site-sidebar-layout":"default","site-content-layout":"","ast-site-content-layout":"default","site-content-style":"default","site-sidebar-style":"default","ast-global-header-display":"","ast-banner-title-visibility":"","ast-main-header-display":"","ast-hfb-above-header-display":"","ast-hfb-below-header-display":"","ast-hfb-mobile-header-display":"","site-post-title":"","ast-breadcrumbs-content":"","ast-featured-img":"","footer-sml-layout":"","ast-disable-related-posts":"","theme-transparent-header-meta":"","adv-header-id-meta":"","stick-header-meta":"","header-above-stick-meta":"","header-main-stick-meta":"","header-below-stick-meta":"","astra-migrate-meta-layouts":"default","ast-page-background-enabled":"default","ast-page-background-meta":{"desktop":{"background-color":"var(--ast-global-color-5)","background-image":"","background-repeat":"repeat","background-position":"center center","background-size":"auto","background-attachment":"scroll","background-type":"","background-media":"","overlay-type":"","overlay-color":"","overlay-opacity":"","overlay-gradient":""},"tablet":{"background-color":"","background-image":"","background-repeat":"repeat","background-position":"center center","background-size":"auto","background-attachment":"scroll","background-type":"","background-media":"","overlay-type":"","overlay-color":"","overlay-opacity":"","overlay-gradient":""},"mobile":{"background-color":"","background-image":"","background-repeat":"repeat","background-position":"center center","background-size":"auto","background-attachment":"scroll","background-type":"","background-media":"","overlay-type":"","overlay-color":"","overlay-opacity":"","overlay-gradient":""}},"ast-content-background-meta":{"desktop":{"background-color":"var(--ast-global-color-4)","background-image":"","background-repeat":"repeat","background-position":"center center","background-size":"auto","background-attachment":"scroll","background-type":"","background-media":"","overlay-type":"","overlay-color":"","overlay-opacity":"","overlay-gradient":""},"tablet":{"background-color":"var(--ast-global-color-4)","background-image":"","background-repeat":"repeat","background-position":"center center","background-size":"auto","background-attachment":"scroll","background-type":"","background-media":"","overlay-type":"","overlay-color":"","overlay-opacity":"","overlay-gradient":""},"mobile":{"background-color":"var(--ast-global-color-4)","background-image":"","background-repeat":"repeat","background-position":"center center","background-size":"auto","background-attachment":"scroll","background-type":"","background-media":"","overlay-type":"","overlay-color":"","overlay-opacity":"","overlay-gradient":""}},"footnotes":""},"categories":[1],"tags":[],"class_list":["post-157281","post","type-post","status-publish","format-standard","hentry","category-sem-categoria"],"yoast_head":"<!-- This site is optimized with the Yoast SEO plugin v26.6 - https:\/\/yoast.com\/wordpress\/plugins\/seo\/ -->\n<title>Dr. Julinho re\u00fane apoiadores durante o Grande Encontro na Zona Rural de S\u00e3o Jos\u00e9 de Ribamar - Daniel Matos<\/title>\n<meta name=\"robots\" content=\"index, follow, max-snippet:-1, max-image-preview:large, max-video-preview:-1\" \/>\n<link rel=\"canonical\" href=\"https:\/\/www.blogsoestado.com\/danielmatos\/dr-julinho-reune-apoiadores-durante-o-grande-encontro-na-zona-rural-de-sao-jose-de-ribamar\/\" \/>\n<meta property=\"og:locale\" content=\"pt_BR\" \/>\n<meta property=\"og:type\" content=\"article\" \/>\n<meta property=\"og:title\" content=\"Dr. Julinho re\u00fane apoiadores durante o Grande Encontro na Zona Rural de S\u00e3o Jos\u00e9 de Ribamar - Daniel Matos\" \/>\n<meta property=\"og:description\" content=\"No \u00faltimo s\u00e1bado (25), a Zona Rural de S\u00e3o Jos\u00e9 de Ribamar foi palco de um grande encontro pol\u00edtico e [&hellip;]\" \/>\n<meta property=\"og:url\" content=\"https:\/\/www.blogsoestado.com\/danielmatos\/dr-julinho-reune-apoiadores-durante-o-grande-encontro-na-zona-rural-de-sao-jose-de-ribamar\/\" \/>\n<meta property=\"og:site_name\" content=\"Daniel Matos\" \/>\n<meta property=\"article:published_time\" content=\"2026-04-26T13:34:48+00:00\" \/>\n<meta property=\"article:modified_time\" content=\"2026-04-26T13:34:51+00:00\" \/>\n<meta property=\"og:image\" content=\"https:\/\/www.blogsoestado.com\/danielmatos\/wp-content\/uploads\/sites\/2\/2026\/04\/1005485507.jpg\" \/>\n\t<meta property=\"og:image:width\" content=\"1260\" \/>\n\t<meta property=\"og:image:height\" content=\"840\" \/>\n\t<meta property=\"og:image:type\" content=\"image\/jpeg\" \/>\n<meta name=\"author\" content=\"Daniel Matos\" \/>\n<meta name=\"twitter:card\" content=\"summary_large_image\" \/>\n<meta name=\"twitter:label1\" content=\"Escrito por\" \/>\n\t<meta name=\"twitter:data1\" content=\"Daniel Matos\" \/>\n\t<meta name=\"twitter:label2\" content=\"Est. tempo de leitura\" \/>\n\t<meta name=\"twitter:data2\" content=\"3 minutos\" \/>\n<script type=\"application\/ld+json\" class=\"yoast-schema-graph\">{\"@context\":\"https:\/\/schema.org\",\"@graph\":[{\"@type\":\"WebPage\",\"@id\":\"https:\/\/www.blogsoestado.com\/danielmatos\/dr-julinho-reune-apoiadores-durante-o-grande-encontro-na-zona-rural-de-sao-jose-de-ribamar\/\",\"url\":\"https:\/\/www.blogsoestado.com\/danielmatos\/dr-julinho-reune-apoiadores-durante-o-grande-encontro-na-zona-rural-de-sao-jose-de-ribamar\/\",\"name\":\"Dr. Julinho re\u00fane apoiadores durante o Grande Encontro na Zona Rural de S\u00e3o Jos\u00e9 de Ribamar - Daniel Matos\",\"isPartOf\":{\"@id\":\"https:\/\/www.blogsoestado.com\/danielmatos\/#website\"},\"primaryImageOfPage\":{\"@id\":\"https:\/\/www.blogsoestado.com\/danielmatos\/dr-julinho-reune-apoiadores-durante-o-grande-encontro-na-zona-rural-de-sao-jose-de-ribamar\/#primaryimage\"},\"image\":{\"@id\":\"https:\/\/www.blogsoestado.com\/danielmatos\/dr-julinho-reune-apoiadores-durante-o-grande-encontro-na-zona-rural-de-sao-jose-de-ribamar\/#primaryimage\"},\"thumbnailUrl\":\"https:\/\/www.blogsoestado.com\/danielmatos\/wp-content\/uploads\/sites\/2\/2026\/04\/1005485507-1024x683.jpg\",\"datePublished\":\"2026-04-26T13:34:48+00:00\",\"dateModified\":\"2026-04-26T13:34:51+00:00\",\"author\":{\"@id\":\"https:\/\/www.blogsoestado.com\/danielmatos\/#\/schema\/person\/9a209d407cd45631f131e1285b661bb0\"},\"breadcrumb\":{\"@id\":\"https:\/\/www.blogsoestado.com\/danielmatos\/dr-julinho-reune-apoiadores-durante-o-grande-encontro-na-zona-rural-de-sao-jose-de-ribamar\/#breadcrumb\"},\"inLanguage\":\"pt-BR\",\"potentialAction\":[{\"@type\":\"ReadAction\",\"target\":[\"https:\/\/www.blogsoestado.com\/danielmatos\/dr-julinho-reune-apoiadores-durante-o-grande-encontro-na-zona-rural-de-sao-jose-de-ribamar\/\"]}]},{\"@type\":\"ImageObject\",\"inLanguage\":\"pt-BR\",\"@id\":\"https:\/\/www.blogsoestado.com\/danielmatos\/dr-julinho-reune-apoiadores-durante-o-grande-encontro-na-zona-rural-de-sao-jose-de-ribamar\/#primaryimage\",\"url\":\"https:\/\/www.blogsoestado.com\/danielmatos\/wp-content\/uploads\/sites\/2\/2026\/04\/1005485507.jpg\",\"contentUrl\":\"https:\/\/www.blogsoestado.com\/danielmatos\/wp-content\/uploads\/sites\/2\/2026\/04\/1005485507.jpg\",\"width\":1260,\"height\":840},{\"@type\":\"BreadcrumbList\",\"@id\":\"https:\/\/www.blogsoestado.com\/danielmatos\/dr-julinho-reune-apoiadores-durante-o-grande-encontro-na-zona-rural-de-sao-jose-de-ribamar\/#breadcrumb\",\"itemListElement\":[{\"@type\":\"ListItem\",\"position\":1,\"name\":\"In\u00edcio\",\"item\":\"https:\/\/www.blogsoestado.com\/danielmatos\/\"},{\"@type\":\"ListItem\",\"position\":2,\"name\":\"Dr. Julinho re\u00fane apoiadores durante o Grande Encontro na Zona Rural de S\u00e3o Jos\u00e9 de Ribamar\"}]},{\"@type\":\"WebSite\",\"@id\":\"https:\/\/www.blogsoestado.com\/danielmatos\/#website\",\"url\":\"https:\/\/www.blogsoestado.com\/danielmatos\/\",\"name\":\"Daniel Matos\",\"description\":\"\",\"potentialAction\":[{\"@type\":\"SearchAction\",\"target\":{\"@type\":\"EntryPoint\",\"urlTemplate\":\"https:\/\/www.blogsoestado.com\/danielmatos\/?s={search_term_string}\"},\"query-input\":{\"@type\":\"PropertyValueSpecification\",\"valueRequired\":true,\"valueName\":\"search_term_string\"}}],\"inLanguage\":\"pt-BR\"},{\"@type\":\"Person\",\"@id\":\"https:\/\/www.blogsoestado.com\/danielmatos\/#\/schema\/person\/9a209d407cd45631f131e1285b661bb0\",\"name\":\"Daniel Matos\",\"image\":{\"@type\":\"ImageObject\",\"inLanguage\":\"pt-BR\",\"@id\":\"https:\/\/www.blogsoestado.com\/danielmatos\/#\/schema\/person\/image\/\",\"url\":\"https:\/\/secure.gravatar.com\/avatar\/2f26c36ee355da19a257f0dfef43952a2588b324ca35d6719e859fe338ac0392?s=96&d=mm&r=g\",\"contentUrl\":\"https:\/\/secure.gravatar.com\/avatar\/2f26c36ee355da19a257f0dfef43952a2588b324ca35d6719e859fe338ac0392?s=96&d=mm&r=g\",\"caption\":\"Daniel Matos\"},\"url\":\"https:\/\/www.blogsoestado.com\/danielmatos\/author\/danielmatos\/\"}]}<\/script>\n<!-- \/ Yoast SEO plugin. -->","yoast_head_json":{"title":"Dr. Julinho re\u00fane apoiadores durante o Grande Encontro na Zona Rural de S\u00e3o Jos\u00e9 de Ribamar - Daniel Matos","robots":{"index":"index","follow":"follow","max-snippet":"max-snippet:-1","max-image-preview":"max-image-preview:large","max-video-preview":"max-video-preview:-1"},"canonical":"https:\/\/www.blogsoestado.com\/danielmatos\/dr-julinho-reune-apoiadores-durante-o-grande-encontro-na-zona-rural-de-sao-jose-de-ribamar\/","og_locale":"pt_BR","og_type":"article","og_title":"Dr. Julinho re\u00fane apoiadores durante o Grande Encontro na Zona Rural de S\u00e3o Jos\u00e9 de Ribamar - Daniel Matos","og_description":"No \u00faltimo s\u00e1bado (25), a Zona Rural de S\u00e3o Jos\u00e9 de Ribamar foi palco de um grande encontro pol\u00edtico e [&hellip;]","og_url":"https:\/\/www.blogsoestado.com\/danielmatos\/dr-julinho-reune-apoiadores-durante-o-grande-encontro-na-zona-rural-de-sao-jose-de-ribamar\/","og_site_name":"Daniel Matos","article_published_time":"2026-04-26T13:34:48+00:00","article_modified_time":"2026-04-26T13:34:51+00:00","og_image":[{"width":1260,"height":840,"url":"https:\/\/www.blogsoestado.com\/danielmatos\/wp-content\/uploads\/sites\/2\/2026\/04\/1005485507.jpg","type":"image\/jpeg"}],"author":"Daniel Matos","twitter_card":"summary_large_image","twitter_misc":{"Escrito por":"Daniel Matos","Est. tempo de leitura":"3 minutos"},"schema":{"@context":"https:\/\/schema.org","@graph":[{"@type":"WebPage","@id":"https:\/\/www.blogsoestado.com\/danielmatos\/dr-julinho-reune-apoiadores-durante-o-grande-encontro-na-zona-rural-de-sao-jose-de-ribamar\/","url":"https:\/\/www.blogsoestado.com\/danielmatos\/dr-julinho-reune-apoiadores-durante-o-grande-encontro-na-zona-rural-de-sao-jose-de-ribamar\/","name":"Dr. Julinho re\u00fane apoiadores durante o Grande Encontro na Zona Rural de S\u00e3o Jos\u00e9 de Ribamar - Daniel Matos","isPartOf":{"@id":"https:\/\/www.blogsoestado.com\/danielmatos\/#website"},"primaryImageOfPage":{"@id":"https:\/\/www.blogsoestado.com\/danielmatos\/dr-julinho-reune-apoiadores-durante-o-grande-encontro-na-zona-rural-de-sao-jose-de-ribamar\/#primaryimage"},"image":{"@id":"https:\/\/www.blogsoestado.com\/danielmatos\/dr-julinho-reune-apoiadores-durante-o-grande-encontro-na-zona-rural-de-sao-jose-de-ribamar\/#primaryimage"},"thumbnailUrl":"https:\/\/www.blogsoestado.com\/danielmatos\/wp-content\/uploads\/sites\/2\/2026\/04\/1005485507-1024x683.jpg","datePublished":"2026-04-26T13:34:48+00:00","dateModified":"2026-04-26T13:34:51+00:00","author":{"@id":"https:\/\/www.blogsoestado.com\/danielmatos\/#\/schema\/person\/9a209d407cd45631f131e1285b661bb0"},"breadcrumb":{"@id":"https:\/\/www.blogsoestado.com\/danielmatos\/dr-julinho-reune-apoiadores-durante-o-grande-encontro-na-zona-rural-de-sao-jose-de-ribamar\/#breadcrumb"},"inLanguage":"pt-BR","potentialAction":[{"@type":"ReadAction","target":["https:\/\/www.blogsoestado.com\/danielmatos\/dr-julinho-reune-apoiadores-durante-o-grande-encontro-na-zona-rural-de-sao-jose-de-ribamar\/"]}]},{"@type":"ImageObject","inLanguage":"pt-BR","@id":"https:\/\/www.blogsoestado.com\/danielmatos\/dr-julinho-reune-apoiadores-durante-o-grande-encontro-na-zona-rural-de-sao-jose-de-ribamar\/#primaryimage","url":"https:\/\/www.blogsoestado.com\/danielmatos\/wp-content\/uploads\/sites\/2\/2026\/04\/1005485507.jpg","contentUrl":"https:\/\/www.blogsoestado.com\/danielmatos\/wp-content\/uploads\/sites\/2\/2026\/04\/1005485507.jpg","width":1260,"height":840},{"@type":"BreadcrumbList","@id":"https:\/\/www.blogsoestado.com\/danielmatos\/dr-julinho-reune-apoiadores-durante-o-grande-encontro-na-zona-rural-de-sao-jose-de-ribamar\/#breadcrumb","itemListElement":[{"@type":"ListItem","position":1,"name":"In\u00edcio","item":"https:\/\/www.blogsoestado.com\/danielmatos\/"},{"@type":"ListItem","position":2,"name":"Dr. Julinho re\u00fane apoiadores durante o Grande Encontro na Zona Rural de S\u00e3o Jos\u00e9 de Ribamar"}]},{"@type":"WebSite","@id":"https:\/\/www.blogsoestado.com\/danielmatos\/#website","url":"https:\/\/www.blogsoestado.com\/danielmatos\/","name":"Daniel Matos","description":"","potentialAction":[{"@type":"SearchAction","target":{"@type":"EntryPoint","urlTemplate":"https:\/\/www.blogsoestado.com\/danielmatos\/?s={search_term_string}"},"query-input":{"@type":"PropertyValueSpecification","valueRequired":true,"valueName":"search_term_string"}}],"inLanguage":"pt-BR"},{"@type":"Person","@id":"https:\/\/www.blogsoestado.com\/danielmatos\/#\/schema\/person\/9a209d407cd45631f131e1285b661bb0","name":"Daniel Matos","image":{"@type":"ImageObject","inLanguage":"pt-BR","@id":"https:\/\/www.blogsoestado.com\/danielmatos\/#\/schema\/person\/image\/","url":"https:\/\/secure.gravatar.com\/avatar\/2f26c36ee355da19a257f0dfef43952a2588b324ca35d6719e859fe338ac0392?s=96&d=mm&r=g","contentUrl":"https:\/\/secure.gravatar.com\/avatar\/2f26c36ee355da19a257f0dfef43952a2588b324ca35d6719e859fe338ac0392?s=96&d=mm&r=g","caption":"Daniel Matos"},"url":"https:\/\/www.blogsoestado.com\/danielmatos\/author\/danielmatos\/"}]}},"jetpack_featured_media_url":"","_links":{"self":[{"href":"https:\/\/www.blogsoestado.com\/danielmatos\/wp-json\/wp\/v2\/posts\/157281","targetHints":{"allow":["GET"]}}],"collection":[{"href":"https:\/\/www.blogsoestado.com\/danielmatos\/wp-json\/wp\/v2\/posts"}],"about":[{"href":"https:\/\/www.blogsoestado.com\/danielmatos\/wp-json\/wp\/v2\/types\/post"}],"author":[{"embeddable":true,"href":"https:\/\/www.blogsoestado.com\/danielmatos\/wp-json\/wp\/v2\/users\/2"}],"replies":[{"embeddable":true,"href":"https:\/\/www.blogsoestado.com\/danielmatos\/wp-json\/wp\/v2\/comments?post=157281"}],"version-history":[{"count":1,"href":"https:\/\/www.blogsoestado.com\/danielmatos\/wp-json\/wp\/v2\/posts\/157281\/revisions"}],"predecessor-version":[{"id":157285,"href":"https:\/\/www.blogsoestado.com\/danielmatos\/wp-json\/wp\/v2\/posts\/157281\/revisions\/157285"}],"wp:attachment":[{"href":"https:\/\/www.blogsoestado.com\/danielmatos\/wp-json\/wp\/v2\/media?parent=157281"}],"wp:term":[{"taxonomy":"category","embeddable":true,"href":"https:\/\/www.blogsoestado.com\/danielmatos\/wp-json\/wp\/v2\/categories?post=157281"},{"taxonomy":"post_tag","embeddable":true,"href":"https:\/\/www.blogsoestado.com\/danielmatos\/wp-json\/wp\/v2\/tags?post=157281"}],"curies":[{"name":"wp","href":"https:\/\/api.w.org\/{rel}","templated":true}]}}