{"id":157286,"date":"2026-04-26T15:09:10","date_gmt":"2026-04-26T18:09:10","guid":{"rendered":"https:\/\/www.blogsoestado.com\/danielmatos\/?p=157286"},"modified":"2026-04-26T15:09:13","modified_gmt":"2026-04-26T18:09:13","slug":"fenomeno-com-voz-marcante-paulinha-barbosa-conquista-publico-com-voz-marcante-e-ganha-projecao-no-cenario-musical","status":"publish","type":"post","link":"https:\/\/www.blogsoestado.com\/danielmatos\/fenomeno-com-voz-marcante-paulinha-barbosa-conquista-publico-com-voz-marcante-e-ganha-projecao-no-cenario-musical\/","title":{"rendered":"Fen\u00f4meno: com voz marcante, Paulinha Barbosa conquista p\u00fablico com voz  marcante e ganha proje\u00e7\u00e3o no cen\u00e1rio musical"},"content":{"rendered":"\n<figure class=\"wp-block-image aligncenter size-full\"><img fetchpriority=\"high\" decoding=\"async\" width=\"768\" height=\"658\" src=\"https:\/\/www.blogsoestado.com\/danielmatos\/wp-content\/uploads\/sites\/2\/2026\/04\/1005486310.jpg\" alt=\"\" class=\"wp-image-157287\" srcset=\"https:\/\/www.blogsoestado.com\/danielmatos\/wp-content\/uploads\/sites\/2\/2026\/04\/1005486310.jpg 768w, https:\/\/www.blogsoestado.com\/danielmatos\/wp-content\/uploads\/sites\/2\/2026\/04\/1005486310-300x257.jpg 300w\" sizes=\"(max-width: 768px) 100vw, 768px\" \/><\/figure>\n\n\n\n<p>Natural de Itapecuru Mirim, Paulinha Barbosa conquista milhares de visualiza\u00e7\u00f5es e amplia alcance digital com talento e carisma.<\/p>\n\n\n\n<p>A cantora Paulinha Barbosa, natural de Itapecuru Mirim, vem ganhando destaque nas redes sociais ap\u00f3s a publica\u00e7\u00e3o de um v\u00eddeo em que interpreta uma m\u00fasica de forr\u00f3 em seu perfil. Com uma voz marcante e presen\u00e7a envolvente, a artista rapidamente conquistou a aten\u00e7\u00e3o do p\u00fablico.<\/p>\n\n\n\n<p><strong><mark style=\"color:#cf2e2e\" class=\"has-inline-color\">Assista <a href=\"https:\/\/youtube.com\/shorts\/9nbe-gH_Pts?si=H-rjvw8SGE2EBQzH\">aqui<\/a> ao v\u00eddeo.<\/mark><\/strong><\/p>\n\n\n\n<p>Atualmente com cerca de 60 mil seguidores, Paulinha viu o conte\u00fado alcan\u00e7ar grande repercuss\u00e3o em pouco tempo, sendo compartilhado por diversos perfis e acumulando milhares de visualiza\u00e7\u00f5es, o que impulsionou ainda mais sua visibilidade no ambiente digital.<\/p>\n\n\n\n<p>O talento da cantora tem chamado aten\u00e7\u00e3o n\u00e3o apenas pela qualidade vocal, mas tamb\u00e9m pela autenticidade e carisma \u2014 fatores que t\u00eam contribu\u00eddo diretamente para o crescimento de sua base de f\u00e3s.<\/p>\n\n\n\n<p>Diante da repercuss\u00e3o, a expectativa \u00e9 que Paulinha Barbosa amplie ainda mais seu espa\u00e7o no cen\u00e1rio musical, levando o nome do Maranh\u00e3o para novos p\u00fablicos e consolidando sua trajet\u00f3ria como uma das apostas emergentes do forr\u00f3 regional.<\/p>\n\n\n\n<p><strong>Produ\u00e7\u00e3o da cantora: <\/strong>85 99625-2162.<\/p>\n","protected":false},"excerpt":{"rendered":"<p>Natural de Itapecuru Mirim, Paulinha Barbosa conquista milhares de visualiza\u00e7\u00f5es e amplia alcance digital com talento e carisma. A cantora [&hellip;]<\/p>\n","protected":false},"author":2,"featured_media":0,"comment_status":"open","ping_status":"open","sticky":false,"template":"","format":"standard","meta":{"site-sidebar-layout":"default","site-content-layout":"","ast-site-content-layout":"default","site-content-style":"default","site-sidebar-style":"default","ast-global-header-display":"","ast-banner-title-visibility":"","ast-main-header-display":"","ast-hfb-above-header-display":"","ast-hfb-below-header-display":"","ast-hfb-mobile-header-display":"","site-post-title":"","ast-breadcrumbs-content":"","ast-featured-img":"","footer-sml-layout":"","ast-disable-related-posts":"","theme-transparent-header-meta":"","adv-header-id-meta":"","stick-header-meta":"","header-above-stick-meta":"","header-main-stick-meta":"","header-below-stick-meta":"","astra-migrate-meta-layouts":"default","ast-page-background-enabled":"default","ast-page-background-meta":{"desktop":{"background-color":"var(--ast-global-color-5)","background-image":"","background-repeat":"repeat","background-position":"center center","background-size":"auto","background-attachment":"scroll","background-type":"","background-media":"","overlay-type":"","overlay-color":"","overlay-opacity":"","overlay-gradient":""},"tablet":{"background-color":"","background-image":"","background-repeat":"repeat","background-position":"center center","background-size":"auto","background-attachment":"scroll","background-type":"","background-media":"","overlay-type":"","overlay-color":"","overlay-opacity":"","overlay-gradient":""},"mobile":{"background-color":"","background-image":"","background-repeat":"repeat","background-position":"center center","background-size":"auto","background-attachment":"scroll","background-type":"","background-media":"","overlay-type":"","overlay-color":"","overlay-opacity":"","overlay-gradient":""}},"ast-content-background-meta":{"desktop":{"background-color":"var(--ast-global-color-4)","background-image":"","background-repeat":"repeat","background-position":"center center","background-size":"auto","background-attachment":"scroll","background-type":"","background-media":"","overlay-type":"","overlay-color":"","overlay-opacity":"","overlay-gradient":""},"tablet":{"background-color":"var(--ast-global-color-4)","background-image":"","background-repeat":"repeat","background-position":"center center","background-size":"auto","background-attachment":"scroll","background-type":"","background-media":"","overlay-type":"","overlay-color":"","overlay-opacity":"","overlay-gradient":""},"mobile":{"background-color":"var(--ast-global-color-4)","background-image":"","background-repeat":"repeat","background-position":"center center","background-size":"auto","background-attachment":"scroll","background-type":"","background-media":"","overlay-type":"","overlay-color":"","overlay-opacity":"","overlay-gradient":""}},"footnotes":""},"categories":[1],"tags":[],"class_list":["post-157286","post","type-post","status-publish","format-standard","hentry","category-sem-categoria"],"yoast_head":"<!-- This site is optimized with the Yoast SEO plugin v26.6 - https:\/\/yoast.com\/wordpress\/plugins\/seo\/ -->\n<title>Fen\u00f4meno: com voz marcante, Paulinha Barbosa conquista p\u00fablico com voz marcante e ganha proje\u00e7\u00e3o no cen\u00e1rio musical - Daniel Matos<\/title>\n<meta name=\"robots\" content=\"index, follow, max-snippet:-1, max-image-preview:large, max-video-preview:-1\" \/>\n<link rel=\"canonical\" href=\"https:\/\/www.blogsoestado.com\/danielmatos\/fenomeno-com-voz-marcante-paulinha-barbosa-conquista-publico-com-voz-marcante-e-ganha-projecao-no-cenario-musical\/\" \/>\n<meta property=\"og:locale\" content=\"pt_BR\" \/>\n<meta property=\"og:type\" content=\"article\" \/>\n<meta property=\"og:title\" content=\"Fen\u00f4meno: com voz marcante, Paulinha Barbosa conquista p\u00fablico com voz marcante e ganha proje\u00e7\u00e3o no cen\u00e1rio musical - Daniel Matos\" \/>\n<meta property=\"og:description\" content=\"Natural de Itapecuru Mirim, Paulinha Barbosa conquista milhares de visualiza\u00e7\u00f5es e amplia alcance digital com talento e carisma. A cantora [&hellip;]\" \/>\n<meta property=\"og:url\" content=\"https:\/\/www.blogsoestado.com\/danielmatos\/fenomeno-com-voz-marcante-paulinha-barbosa-conquista-publico-com-voz-marcante-e-ganha-projecao-no-cenario-musical\/\" \/>\n<meta property=\"og:site_name\" content=\"Daniel Matos\" \/>\n<meta property=\"article:published_time\" content=\"2026-04-26T18:09:10+00:00\" \/>\n<meta property=\"article:modified_time\" content=\"2026-04-26T18:09:13+00:00\" \/>\n<meta property=\"og:image\" content=\"https:\/\/www.blogsoestado.com\/danielmatos\/wp-content\/uploads\/sites\/2\/2026\/04\/1005486310.jpg\" \/>\n\t<meta property=\"og:image:width\" content=\"768\" \/>\n\t<meta property=\"og:image:height\" content=\"658\" \/>\n\t<meta property=\"og:image:type\" content=\"image\/jpeg\" \/>\n<meta name=\"author\" content=\"Daniel Matos\" \/>\n<meta name=\"twitter:card\" content=\"summary_large_image\" \/>\n<meta name=\"twitter:label1\" content=\"Escrito por\" \/>\n\t<meta name=\"twitter:data1\" content=\"Daniel Matos\" \/>\n\t<meta name=\"twitter:label2\" content=\"Est. tempo de leitura\" \/>\n\t<meta name=\"twitter:data2\" content=\"2 minutos\" \/>\n<script type=\"application\/ld+json\" class=\"yoast-schema-graph\">{\"@context\":\"https:\/\/schema.org\",\"@graph\":[{\"@type\":\"WebPage\",\"@id\":\"https:\/\/www.blogsoestado.com\/danielmatos\/fenomeno-com-voz-marcante-paulinha-barbosa-conquista-publico-com-voz-marcante-e-ganha-projecao-no-cenario-musical\/\",\"url\":\"https:\/\/www.blogsoestado.com\/danielmatos\/fenomeno-com-voz-marcante-paulinha-barbosa-conquista-publico-com-voz-marcante-e-ganha-projecao-no-cenario-musical\/\",\"name\":\"Fen\u00f4meno: com voz marcante, Paulinha Barbosa conquista p\u00fablico com voz marcante e ganha proje\u00e7\u00e3o no cen\u00e1rio musical - Daniel Matos\",\"isPartOf\":{\"@id\":\"https:\/\/www.blogsoestado.com\/danielmatos\/#website\"},\"primaryImageOfPage\":{\"@id\":\"https:\/\/www.blogsoestado.com\/danielmatos\/fenomeno-com-voz-marcante-paulinha-barbosa-conquista-publico-com-voz-marcante-e-ganha-projecao-no-cenario-musical\/#primaryimage\"},\"image\":{\"@id\":\"https:\/\/www.blogsoestado.com\/danielmatos\/fenomeno-com-voz-marcante-paulinha-barbosa-conquista-publico-com-voz-marcante-e-ganha-projecao-no-cenario-musical\/#primaryimage\"},\"thumbnailUrl\":\"https:\/\/www.blogsoestado.com\/danielmatos\/wp-content\/uploads\/sites\/2\/2026\/04\/1005486310.jpg\",\"datePublished\":\"2026-04-26T18:09:10+00:00\",\"dateModified\":\"2026-04-26T18:09:13+00:00\",\"author\":{\"@id\":\"https:\/\/www.blogsoestado.com\/danielmatos\/#\/schema\/person\/9a209d407cd45631f131e1285b661bb0\"},\"breadcrumb\":{\"@id\":\"https:\/\/www.blogsoestado.com\/danielmatos\/fenomeno-com-voz-marcante-paulinha-barbosa-conquista-publico-com-voz-marcante-e-ganha-projecao-no-cenario-musical\/#breadcrumb\"},\"inLanguage\":\"pt-BR\",\"potentialAction\":[{\"@type\":\"ReadAction\",\"target\":[\"https:\/\/www.blogsoestado.com\/danielmatos\/fenomeno-com-voz-marcante-paulinha-barbosa-conquista-publico-com-voz-marcante-e-ganha-projecao-no-cenario-musical\/\"]}]},{\"@type\":\"ImageObject\",\"inLanguage\":\"pt-BR\",\"@id\":\"https:\/\/www.blogsoestado.com\/danielmatos\/fenomeno-com-voz-marcante-paulinha-barbosa-conquista-publico-com-voz-marcante-e-ganha-projecao-no-cenario-musical\/#primaryimage\",\"url\":\"https:\/\/www.blogsoestado.com\/danielmatos\/wp-content\/uploads\/sites\/2\/2026\/04\/1005486310.jpg\",\"contentUrl\":\"https:\/\/www.blogsoestado.com\/danielmatos\/wp-content\/uploads\/sites\/2\/2026\/04\/1005486310.jpg\",\"width\":768,\"height\":658},{\"@type\":\"BreadcrumbList\",\"@id\":\"https:\/\/www.blogsoestado.com\/danielmatos\/fenomeno-com-voz-marcante-paulinha-barbosa-conquista-publico-com-voz-marcante-e-ganha-projecao-no-cenario-musical\/#breadcrumb\",\"itemListElement\":[{\"@type\":\"ListItem\",\"position\":1,\"name\":\"In\u00edcio\",\"item\":\"https:\/\/www.blogsoestado.com\/danielmatos\/\"},{\"@type\":\"ListItem\",\"position\":2,\"name\":\"Fen\u00f4meno: com voz marcante, Paulinha Barbosa conquista p\u00fablico com voz marcante e ganha proje\u00e7\u00e3o no cen\u00e1rio musical\"}]},{\"@type\":\"WebSite\",\"@id\":\"https:\/\/www.blogsoestado.com\/danielmatos\/#website\",\"url\":\"https:\/\/www.blogsoestado.com\/danielmatos\/\",\"name\":\"Daniel Matos\",\"description\":\"\",\"potentialAction\":[{\"@type\":\"SearchAction\",\"target\":{\"@type\":\"EntryPoint\",\"urlTemplate\":\"https:\/\/www.blogsoestado.com\/danielmatos\/?s={search_term_string}\"},\"query-input\":{\"@type\":\"PropertyValueSpecification\",\"valueRequired\":true,\"valueName\":\"search_term_string\"}}],\"inLanguage\":\"pt-BR\"},{\"@type\":\"Person\",\"@id\":\"https:\/\/www.blogsoestado.com\/danielmatos\/#\/schema\/person\/9a209d407cd45631f131e1285b661bb0\",\"name\":\"Daniel Matos\",\"image\":{\"@type\":\"ImageObject\",\"inLanguage\":\"pt-BR\",\"@id\":\"https:\/\/www.blogsoestado.com\/danielmatos\/#\/schema\/person\/image\/\",\"url\":\"https:\/\/secure.gravatar.com\/avatar\/2f26c36ee355da19a257f0dfef43952a2588b324ca35d6719e859fe338ac0392?s=96&d=mm&r=g\",\"contentUrl\":\"https:\/\/secure.gravatar.com\/avatar\/2f26c36ee355da19a257f0dfef43952a2588b324ca35d6719e859fe338ac0392?s=96&d=mm&r=g\",\"caption\":\"Daniel Matos\"},\"url\":\"https:\/\/www.blogsoestado.com\/danielmatos\/author\/danielmatos\/\"}]}<\/script>\n<!-- \/ Yoast SEO plugin. -->","yoast_head_json":{"title":"Fen\u00f4meno: com voz marcante, Paulinha Barbosa conquista p\u00fablico com voz marcante e ganha proje\u00e7\u00e3o no cen\u00e1rio musical - Daniel Matos","robots":{"index":"index","follow":"follow","max-snippet":"max-snippet:-1","max-image-preview":"max-image-preview:large","max-video-preview":"max-video-preview:-1"},"canonical":"https:\/\/www.blogsoestado.com\/danielmatos\/fenomeno-com-voz-marcante-paulinha-barbosa-conquista-publico-com-voz-marcante-e-ganha-projecao-no-cenario-musical\/","og_locale":"pt_BR","og_type":"article","og_title":"Fen\u00f4meno: com voz marcante, Paulinha Barbosa conquista p\u00fablico com voz marcante e ganha proje\u00e7\u00e3o no cen\u00e1rio musical - Daniel Matos","og_description":"Natural de Itapecuru Mirim, Paulinha Barbosa conquista milhares de visualiza\u00e7\u00f5es e amplia alcance digital com talento e carisma. A cantora [&hellip;]","og_url":"https:\/\/www.blogsoestado.com\/danielmatos\/fenomeno-com-voz-marcante-paulinha-barbosa-conquista-publico-com-voz-marcante-e-ganha-projecao-no-cenario-musical\/","og_site_name":"Daniel Matos","article_published_time":"2026-04-26T18:09:10+00:00","article_modified_time":"2026-04-26T18:09:13+00:00","og_image":[{"width":768,"height":658,"url":"https:\/\/www.blogsoestado.com\/danielmatos\/wp-content\/uploads\/sites\/2\/2026\/04\/1005486310.jpg","type":"image\/jpeg"}],"author":"Daniel Matos","twitter_card":"summary_large_image","twitter_misc":{"Escrito por":"Daniel Matos","Est. tempo de leitura":"2 minutos"},"schema":{"@context":"https:\/\/schema.org","@graph":[{"@type":"WebPage","@id":"https:\/\/www.blogsoestado.com\/danielmatos\/fenomeno-com-voz-marcante-paulinha-barbosa-conquista-publico-com-voz-marcante-e-ganha-projecao-no-cenario-musical\/","url":"https:\/\/www.blogsoestado.com\/danielmatos\/fenomeno-com-voz-marcante-paulinha-barbosa-conquista-publico-com-voz-marcante-e-ganha-projecao-no-cenario-musical\/","name":"Fen\u00f4meno: com voz marcante, Paulinha Barbosa conquista p\u00fablico com voz marcante e ganha proje\u00e7\u00e3o no cen\u00e1rio musical - Daniel Matos","isPartOf":{"@id":"https:\/\/www.blogsoestado.com\/danielmatos\/#website"},"primaryImageOfPage":{"@id":"https:\/\/www.blogsoestado.com\/danielmatos\/fenomeno-com-voz-marcante-paulinha-barbosa-conquista-publico-com-voz-marcante-e-ganha-projecao-no-cenario-musical\/#primaryimage"},"image":{"@id":"https:\/\/www.blogsoestado.com\/danielmatos\/fenomeno-com-voz-marcante-paulinha-barbosa-conquista-publico-com-voz-marcante-e-ganha-projecao-no-cenario-musical\/#primaryimage"},"thumbnailUrl":"https:\/\/www.blogsoestado.com\/danielmatos\/wp-content\/uploads\/sites\/2\/2026\/04\/1005486310.jpg","datePublished":"2026-04-26T18:09:10+00:00","dateModified":"2026-04-26T18:09:13+00:00","author":{"@id":"https:\/\/www.blogsoestado.com\/danielmatos\/#\/schema\/person\/9a209d407cd45631f131e1285b661bb0"},"breadcrumb":{"@id":"https:\/\/www.blogsoestado.com\/danielmatos\/fenomeno-com-voz-marcante-paulinha-barbosa-conquista-publico-com-voz-marcante-e-ganha-projecao-no-cenario-musical\/#breadcrumb"},"inLanguage":"pt-BR","potentialAction":[{"@type":"ReadAction","target":["https:\/\/www.blogsoestado.com\/danielmatos\/fenomeno-com-voz-marcante-paulinha-barbosa-conquista-publico-com-voz-marcante-e-ganha-projecao-no-cenario-musical\/"]}]},{"@type":"ImageObject","inLanguage":"pt-BR","@id":"https:\/\/www.blogsoestado.com\/danielmatos\/fenomeno-com-voz-marcante-paulinha-barbosa-conquista-publico-com-voz-marcante-e-ganha-projecao-no-cenario-musical\/#primaryimage","url":"https:\/\/www.blogsoestado.com\/danielmatos\/wp-content\/uploads\/sites\/2\/2026\/04\/1005486310.jpg","contentUrl":"https:\/\/www.blogsoestado.com\/danielmatos\/wp-content\/uploads\/sites\/2\/2026\/04\/1005486310.jpg","width":768,"height":658},{"@type":"BreadcrumbList","@id":"https:\/\/www.blogsoestado.com\/danielmatos\/fenomeno-com-voz-marcante-paulinha-barbosa-conquista-publico-com-voz-marcante-e-ganha-projecao-no-cenario-musical\/#breadcrumb","itemListElement":[{"@type":"ListItem","position":1,"name":"In\u00edcio","item":"https:\/\/www.blogsoestado.com\/danielmatos\/"},{"@type":"ListItem","position":2,"name":"Fen\u00f4meno: com voz marcante, Paulinha Barbosa conquista p\u00fablico com voz marcante e ganha proje\u00e7\u00e3o no cen\u00e1rio musical"}]},{"@type":"WebSite","@id":"https:\/\/www.blogsoestado.com\/danielmatos\/#website","url":"https:\/\/www.blogsoestado.com\/danielmatos\/","name":"Daniel Matos","description":"","potentialAction":[{"@type":"SearchAction","target":{"@type":"EntryPoint","urlTemplate":"https:\/\/www.blogsoestado.com\/danielmatos\/?s={search_term_string}"},"query-input":{"@type":"PropertyValueSpecification","valueRequired":true,"valueName":"search_term_string"}}],"inLanguage":"pt-BR"},{"@type":"Person","@id":"https:\/\/www.blogsoestado.com\/danielmatos\/#\/schema\/person\/9a209d407cd45631f131e1285b661bb0","name":"Daniel Matos","image":{"@type":"ImageObject","inLanguage":"pt-BR","@id":"https:\/\/www.blogsoestado.com\/danielmatos\/#\/schema\/person\/image\/","url":"https:\/\/secure.gravatar.com\/avatar\/2f26c36ee355da19a257f0dfef43952a2588b324ca35d6719e859fe338ac0392?s=96&d=mm&r=g","contentUrl":"https:\/\/secure.gravatar.com\/avatar\/2f26c36ee355da19a257f0dfef43952a2588b324ca35d6719e859fe338ac0392?s=96&d=mm&r=g","caption":"Daniel Matos"},"url":"https:\/\/www.blogsoestado.com\/danielmatos\/author\/danielmatos\/"}]}},"jetpack_featured_media_url":"","_links":{"self":[{"href":"https:\/\/www.blogsoestado.com\/danielmatos\/wp-json\/wp\/v2\/posts\/157286","targetHints":{"allow":["GET"]}}],"collection":[{"href":"https:\/\/www.blogsoestado.com\/danielmatos\/wp-json\/wp\/v2\/posts"}],"about":[{"href":"https:\/\/www.blogsoestado.com\/danielmatos\/wp-json\/wp\/v2\/types\/post"}],"author":[{"embeddable":true,"href":"https:\/\/www.blogsoestado.com\/danielmatos\/wp-json\/wp\/v2\/users\/2"}],"replies":[{"embeddable":true,"href":"https:\/\/www.blogsoestado.com\/danielmatos\/wp-json\/wp\/v2\/comments?post=157286"}],"version-history":[{"count":1,"href":"https:\/\/www.blogsoestado.com\/danielmatos\/wp-json\/wp\/v2\/posts\/157286\/revisions"}],"predecessor-version":[{"id":157288,"href":"https:\/\/www.blogsoestado.com\/danielmatos\/wp-json\/wp\/v2\/posts\/157286\/revisions\/157288"}],"wp:attachment":[{"href":"https:\/\/www.blogsoestado.com\/danielmatos\/wp-json\/wp\/v2\/media?parent=157286"}],"wp:term":[{"taxonomy":"category","embeddable":true,"href":"https:\/\/www.blogsoestado.com\/danielmatos\/wp-json\/wp\/v2\/categories?post=157286"},{"taxonomy":"post_tag","embeddable":true,"href":"https:\/\/www.blogsoestado.com\/danielmatos\/wp-json\/wp\/v2\/tags?post=157286"}],"curies":[{"name":"wp","href":"https:\/\/api.w.org\/{rel}","templated":true}]}}