{"id":157289,"date":"2026-04-26T16:01:21","date_gmt":"2026-04-26T19:01:21","guid":{"rendered":"https:\/\/www.blogsoestado.com\/danielmatos\/?p=157289"},"modified":"2026-04-26T16:01:23","modified_gmt":"2026-04-26T19:01:23","slug":"ato-gigante-em-imperatriz-consolida-forca-politica-de-orleans-brandao-na-regiao-tocantina","status":"publish","type":"post","link":"https:\/\/www.blogsoestado.com\/danielmatos\/ato-gigante-em-imperatriz-consolida-forca-politica-de-orleans-brandao-na-regiao-tocantina\/","title":{"rendered":"Ato gigante em Imperatriz consolida for\u00e7a pol\u00edtica de Orleans Brand\u00e3o na Regi\u00e3o Tocantina"},"content":{"rendered":"\n<figure class=\"wp-block-image aligncenter size-large\"><img fetchpriority=\"high\" decoding=\"async\" width=\"1024\" height=\"683\" src=\"https:\/\/www.blogsoestado.com\/danielmatos\/wp-content\/uploads\/sites\/2\/2026\/04\/1005486614-1024x683.jpg\" alt=\"\" class=\"wp-image-157290\" srcset=\"https:\/\/www.blogsoestado.com\/danielmatos\/wp-content\/uploads\/sites\/2\/2026\/04\/1005486614-1024x683.jpg 1024w, https:\/\/www.blogsoestado.com\/danielmatos\/wp-content\/uploads\/sites\/2\/2026\/04\/1005486614-300x200.jpg 300w, https:\/\/www.blogsoestado.com\/danielmatos\/wp-content\/uploads\/sites\/2\/2026\/04\/1005486614-768x512.jpg 768w, https:\/\/www.blogsoestado.com\/danielmatos\/wp-content\/uploads\/sites\/2\/2026\/04\/1005486614.jpg 1500w\" sizes=\"(max-width: 1024px) 100vw, 1024px\" \/><\/figure>\n\n\n\n<p>Imperatriz foi palco, na noite deste s\u00e1bado (25), de uma das maiores mobiliza\u00e7\u00f5es pol\u00edticas de sua hist\u00f3ria recente. Uma multid\u00e3o participou do movimento \u201cPor Todo o Maranh\u00e3o\u201d, liderado pelo pr\u00e9-candidato ao Governo do Estado, Orleans Brand\u00e3o, em um ato que reuniu cerca de 20 mil pessoas, entre elas centenas de lideran\u00e7as de peso da Regi\u00e3o Tocantina, consolidando-a como um dos epicentros de seu projeto pol\u00edtico para o desenvolvimento do estado. Na ocasi\u00e3o, ele anunciou algumas de suas propostas e celebrou as ades\u00f5es recebidas.<\/p>\n\n\n\n<figure class=\"wp-block-image aligncenter size-large\"><img decoding=\"async\" width=\"1024\" height=\"768\" src=\"https:\/\/www.blogsoestado.com\/danielmatos\/wp-content\/uploads\/sites\/2\/2026\/04\/1005486616-1024x768.jpg\" alt=\"\" class=\"wp-image-157291\" srcset=\"https:\/\/www.blogsoestado.com\/danielmatos\/wp-content\/uploads\/sites\/2\/2026\/04\/1005486616-1024x768.jpg 1024w, https:\/\/www.blogsoestado.com\/danielmatos\/wp-content\/uploads\/sites\/2\/2026\/04\/1005486616-300x225.jpg 300w, https:\/\/www.blogsoestado.com\/danielmatos\/wp-content\/uploads\/sites\/2\/2026\/04\/1005486616-768x576.jpg 768w, https:\/\/www.blogsoestado.com\/danielmatos\/wp-content\/uploads\/sites\/2\/2026\/04\/1005486616.jpg 1280w\" sizes=\"(max-width: 1024px) 100vw, 1024px\" \/><\/figure>\n\n\n\n<p>\u201cComo sou grato por ver tanta gente aqui hoje, engrandecendo esse projeto que \u00e9 de todos n\u00f3s. Agrade\u00e7o a cada um que est\u00e1 aqui, que veio de todas as cidades da regi\u00e3o, que saiu de suas casas para nos ouvir. Hoje n\u00e3o \u00e9 apenas um discurso, mas um chamamento, uma convoca\u00e7\u00e3o \u00e0 popula\u00e7\u00e3o: vamos aos bairros, \u00e0s casas, \u00e0s cidades, percorrer todo o Maranh\u00e3o e mostrar que podemos avan\u00e7ar ainda mais.\u201d Assim, Orleans Brand\u00e3o iniciou seu discurso para a multid\u00e3o que lotou o espa\u00e7o da AABB.<\/p>\n\n\n\n<figure class=\"wp-block-image aligncenter size-large\"><img decoding=\"async\" width=\"1024\" height=\"683\" src=\"https:\/\/www.blogsoestado.com\/danielmatos\/wp-content\/uploads\/sites\/2\/2026\/04\/1005486617-1024x683.jpg\" alt=\"\" class=\"wp-image-157292\" srcset=\"https:\/\/www.blogsoestado.com\/danielmatos\/wp-content\/uploads\/sites\/2\/2026\/04\/1005486617-1024x683.jpg 1024w, https:\/\/www.blogsoestado.com\/danielmatos\/wp-content\/uploads\/sites\/2\/2026\/04\/1005486617-300x200.jpg 300w, https:\/\/www.blogsoestado.com\/danielmatos\/wp-content\/uploads\/sites\/2\/2026\/04\/1005486617-768x512.jpg 768w, https:\/\/www.blogsoestado.com\/danielmatos\/wp-content\/uploads\/sites\/2\/2026\/04\/1005486617.jpg 1500w\" sizes=\"(max-width: 1024px) 100vw, 1024px\" \/><\/figure>\n\n\n\n<p>Ele refor\u00e7ou o compromisso de ampliar ainda mais a presen\u00e7a do governo na Regi\u00e3o Tocantina, como vem sendo feito na atual gest\u00e3o. Orleans ressaltou ainda que o trabalho desenvolvido pelo Governo do Estado na regi\u00e3o reflete uma gest\u00e3o pautada pelo di\u00e1logo e pela presen\u00e7a nos munic\u00edpios. \u201cDesde o primeiro dia de gest\u00e3o, o governador mandou uma mensagem bem clara para Imperatriz e toda a regi\u00e3o: queria governar junto com todos voc\u00eas. E, desde ent\u00e3o, foi isso que a gente fez\u201d, afirmou.<\/p>\n\n\n\n<figure class=\"wp-block-image aligncenter size-large\"><img loading=\"lazy\" decoding=\"async\" width=\"1024\" height=\"683\" src=\"https:\/\/www.blogsoestado.com\/danielmatos\/wp-content\/uploads\/sites\/2\/2026\/04\/1005486620-1024x683.jpg\" alt=\"\" class=\"wp-image-157293\" srcset=\"https:\/\/www.blogsoestado.com\/danielmatos\/wp-content\/uploads\/sites\/2\/2026\/04\/1005486620-1024x683.jpg 1024w, https:\/\/www.blogsoestado.com\/danielmatos\/wp-content\/uploads\/sites\/2\/2026\/04\/1005486620-300x200.jpg 300w, https:\/\/www.blogsoestado.com\/danielmatos\/wp-content\/uploads\/sites\/2\/2026\/04\/1005486620-768x512.jpg 768w, https:\/\/www.blogsoestado.com\/danielmatos\/wp-content\/uploads\/sites\/2\/2026\/04\/1005486620.jpg 1500w\" sizes=\"(max-width: 1024px) 100vw, 1024px\" \/><\/figure>\n\n\n\n<p>Ao destacar os avan\u00e7os, ele enfatizou o alcance das a\u00e7\u00f5es em todo o Maranh\u00e3o e o olhar diferenciado dado \u00e0 regi\u00e3o. \u201cFizemos obras hist\u00f3ricas e tenho muito orgulho de dizer que temos obras nos 217 munic\u00edpios e que olhamos para essa regi\u00e3o como nunca ningu\u00e9m olhou antes\u201d, pontuou.<\/p>\n\n\n\n<p>Orleans tamb\u00e9m detalhou interven\u00e7\u00f5es estruturantes em diversas cidades, ressaltando investimentos em sa\u00fade, infraestrutura e juventude. \u201cTemos obras importantes em A\u00e7ail\u00e2ndia, como a UPA e o hospital regional; em Itinga, fizemos pavimenta\u00e7\u00e3o, o Centro da Juventude e o hospital que est\u00e1 sendo constru\u00eddo; em Jo\u00e3o Lisboa, a estrada do Centro dos Carlos; em Senador La Rocque, o mercado revitalizado; em Davin\u00f3polis, a estrada que vai ligar ao Porto Seco, gerando renda e fortalecendo a economia, entre muitos outros servi\u00e7os em todas as cidades tocantinas\u201d, enumerou.<\/p>\n\n\n\n<figure class=\"wp-block-image aligncenter size-large\"><img loading=\"lazy\" decoding=\"async\" width=\"1024\" height=\"683\" src=\"https:\/\/www.blogsoestado.com\/danielmatos\/wp-content\/uploads\/sites\/2\/2026\/04\/1005486621-1024x683.jpg\" alt=\"\" class=\"wp-image-157294\" srcset=\"https:\/\/www.blogsoestado.com\/danielmatos\/wp-content\/uploads\/sites\/2\/2026\/04\/1005486621-1024x683.jpg 1024w, https:\/\/www.blogsoestado.com\/danielmatos\/wp-content\/uploads\/sites\/2\/2026\/04\/1005486621-300x200.jpg 300w, https:\/\/www.blogsoestado.com\/danielmatos\/wp-content\/uploads\/sites\/2\/2026\/04\/1005486621-768x512.jpg 768w, https:\/\/www.blogsoestado.com\/danielmatos\/wp-content\/uploads\/sites\/2\/2026\/04\/1005486621.jpg 1500w\" sizes=\"(max-width: 1024px) 100vw, 1024px\" \/><\/figure>\n\n\n\n<p><em><strong>Economia<\/strong><\/em><\/p>\n\n\n\n<p>O incentivo \u00e0 economia regional tamb\u00e9m foi um dos eixos centrais do discurso. Ele defendeu a amplia\u00e7\u00e3o dos investimentos. \u201cEstamos em uma regi\u00e3o forte, pujante economicamente, com a\u00e7o, pecu\u00e1ria e agricultura. Precisamos potencializar ainda mais. J\u00e1 se fez muito, mas pode ter certeza de que vou seguir nesse caminho, trabalhando para mostrar que a Regi\u00e3o Tocantina \u00e9 motivo de orgulho para todo o Maranh\u00e3o\u201d, destacou.<\/p>\n\n\n\n<figure class=\"wp-block-image aligncenter size-large\"><img loading=\"lazy\" decoding=\"async\" width=\"683\" height=\"1024\" src=\"https:\/\/www.blogsoestado.com\/danielmatos\/wp-content\/uploads\/sites\/2\/2026\/04\/1005486623-683x1024.jpg\" alt=\"\" class=\"wp-image-157295\" srcset=\"https:\/\/www.blogsoestado.com\/danielmatos\/wp-content\/uploads\/sites\/2\/2026\/04\/1005486623-683x1024.jpg 683w, https:\/\/www.blogsoestado.com\/danielmatos\/wp-content\/uploads\/sites\/2\/2026\/04\/1005486623-200x300.jpg 200w, https:\/\/www.blogsoestado.com\/danielmatos\/wp-content\/uploads\/sites\/2\/2026\/04\/1005486623-768x1152.jpg 768w, https:\/\/www.blogsoestado.com\/danielmatos\/wp-content\/uploads\/sites\/2\/2026\/04\/1005486623.jpg 1000w\" sizes=\"(max-width: 683px) 100vw, 683px\" \/><\/figure>\n\n\n\n<p>Al\u00e9m de citar os avan\u00e7os na \u00e1rea da sa\u00fade na Regi\u00e3o Tocantina, com obras hist\u00f3ricas como a UPA de A\u00e7ail\u00e2ndia e o Hospital da Regi\u00e3o Tocantina, Orleans tamb\u00e9m anunciou propostas de novos investimentos estruturantes no setor, como a constru\u00e7\u00e3o de um novo hospital de urg\u00eancia e emerg\u00eancia para atender \u00e0 regi\u00e3o e de um hospital infantil regional em Imperatriz, al\u00e9m da amplia\u00e7\u00e3o dos servi\u00e7os de diagn\u00f3stico oncol\u00f3gico e do tratamento do c\u00e2ncer.<\/p>\n\n\n\n<figure class=\"wp-block-image aligncenter size-large\"><img loading=\"lazy\" decoding=\"async\" width=\"1024\" height=\"683\" src=\"https:\/\/www.blogsoestado.com\/danielmatos\/wp-content\/uploads\/sites\/2\/2026\/04\/1005486624-1024x683.jpg\" alt=\"\" class=\"wp-image-157296\" srcset=\"https:\/\/www.blogsoestado.com\/danielmatos\/wp-content\/uploads\/sites\/2\/2026\/04\/1005486624-1024x683.jpg 1024w, https:\/\/www.blogsoestado.com\/danielmatos\/wp-content\/uploads\/sites\/2\/2026\/04\/1005486624-300x200.jpg 300w, https:\/\/www.blogsoestado.com\/danielmatos\/wp-content\/uploads\/sites\/2\/2026\/04\/1005486624-768x512.jpg 768w, https:\/\/www.blogsoestado.com\/danielmatos\/wp-content\/uploads\/sites\/2\/2026\/04\/1005486624.jpg 1500w\" sizes=\"(max-width: 1024px) 100vw, 1024px\" \/><\/figure>\n\n\n\n<p>Em rela\u00e7\u00e3o \u00e0 seguran\u00e7a p\u00fablica, Orleans Brand\u00e3o defendeu o uso de tecnologia, da intelig\u00eancia e o fortalecimento das for\u00e7as locais, com o aumento do efetivo policial e a moderniza\u00e7\u00e3o da estrutura j\u00e1 existente.<\/p>\n\n\n\n<p>Presente ao ato, o governador Carlos Brand\u00e3o destacou que a decis\u00e3o que vai definir o futuro do Maranh\u00e3o \u00e9 de grande responsabilidade e lembrou que honrou o compromisso de valorizar a popula\u00e7\u00e3o da Regi\u00e3o Tocantina desde o in\u00edcio de sua gest\u00e3o, quando deu posse aos seus secret\u00e1rios em Imperatriz e, posteriormente, aprovou uma lei que transfere a sede do governo para a segunda maior cidade do estado uma semana por ano.<\/p>\n\n\n\n<figure class=\"wp-block-image aligncenter size-large\"><img loading=\"lazy\" decoding=\"async\" width=\"1024\" height=\"683\" src=\"https:\/\/www.blogsoestado.com\/danielmatos\/wp-content\/uploads\/sites\/2\/2026\/04\/1005486625-1024x683.jpg\" alt=\"\" class=\"wp-image-157297\" srcset=\"https:\/\/www.blogsoestado.com\/danielmatos\/wp-content\/uploads\/sites\/2\/2026\/04\/1005486625-1024x683.jpg 1024w, https:\/\/www.blogsoestado.com\/danielmatos\/wp-content\/uploads\/sites\/2\/2026\/04\/1005486625-300x200.jpg 300w, https:\/\/www.blogsoestado.com\/danielmatos\/wp-content\/uploads\/sites\/2\/2026\/04\/1005486625-768x512.jpg 768w, https:\/\/www.blogsoestado.com\/danielmatos\/wp-content\/uploads\/sites\/2\/2026\/04\/1005486625.jpg 1500w\" sizes=\"(max-width: 1024px) 100vw, 1024px\" \/><\/figure>\n\n\n\n<p>\u201cImplantamos um governo municipalista que valorizou Imperatriz e a Regi\u00e3o Tocantina. Trouxemos para c\u00e1 mais de R$ 400 milh\u00f5es em obras e servi\u00e7os, combatendo a fome, gerando emprego e renda, sempre contando com o trabalho, a dedica\u00e7\u00e3o e a seriedade do Orleans, que assumiu com muita compet\u00eancia a Secretaria de Assuntos Municipalistas e nos ajudou a resolver muitos dos problemas da popula\u00e7\u00e3o. Por isso, estamos aqui mostrando para o Maranh\u00e3o que a Regi\u00e3o Tocantina quer a continuidade desse trabalho com quem conhece a sua realidade e que j\u00e1 ajudou a realizar tanto pela regi\u00e3o, que \u00e9 Orleans\u201d, enfatizou o governador.<\/p>\n\n\n\n<figure class=\"wp-block-image aligncenter size-large\"><img loading=\"lazy\" decoding=\"async\" width=\"683\" height=\"1024\" src=\"https:\/\/www.blogsoestado.com\/danielmatos\/wp-content\/uploads\/sites\/2\/2026\/04\/1005486627-683x1024.jpg\" alt=\"\" class=\"wp-image-157298\" srcset=\"https:\/\/www.blogsoestado.com\/danielmatos\/wp-content\/uploads\/sites\/2\/2026\/04\/1005486627-683x1024.jpg 683w, https:\/\/www.blogsoestado.com\/danielmatos\/wp-content\/uploads\/sites\/2\/2026\/04\/1005486627-200x300.jpg 200w, https:\/\/www.blogsoestado.com\/danielmatos\/wp-content\/uploads\/sites\/2\/2026\/04\/1005486627-768x1152.jpg 768w, https:\/\/www.blogsoestado.com\/danielmatos\/wp-content\/uploads\/sites\/2\/2026\/04\/1005486627.jpg 1000w\" sizes=\"(max-width: 683px) 100vw, 683px\" \/><\/figure>\n\n\n\n<p><em><strong>Grandes obras<\/strong><\/em><\/p>\n\n\n\n<p>O prefeito de Imperatriz, Rildo Amaral, destacou que apoia Orleans Brand\u00e3o e defende a continuidade do governo Brand\u00e3o por todas as grandes obras e a\u00e7\u00f5es realizadas na cidade. \u201cImperatriz hoje manda um recado para todo o Maranh\u00e3o: quem quiser ser governador tem que ser igual a Orleans, que anda com o povo, que conhece as nossas necessidades. Por isso, nossa voz se levanta em defesa da continuidade de um governo municipalista, parceiro, que gosta de gente. E, hoje, voc\u00ea sai daqui gigante, Orleans\u201d, finalizou Rildo Amaral.<\/p>\n","protected":false},"excerpt":{"rendered":"<p>Imperatriz foi palco, na noite deste s\u00e1bado (25), de uma das maiores mobiliza\u00e7\u00f5es pol\u00edticas de sua hist\u00f3ria recente. Uma multid\u00e3o [&hellip;]<\/p>\n","protected":false},"author":2,"featured_media":0,"comment_status":"open","ping_status":"open","sticky":false,"template":"","format":"standard","meta":{"site-sidebar-layout":"default","site-content-layout":"","ast-site-content-layout":"default","site-content-style":"default","site-sidebar-style":"default","ast-global-header-display":"","ast-banner-title-visibility":"","ast-main-header-display":"","ast-hfb-above-header-display":"","ast-hfb-below-header-display":"","ast-hfb-mobile-header-display":"","site-post-title":"","ast-breadcrumbs-content":"","ast-featured-img":"","footer-sml-layout":"","ast-disable-related-posts":"","theme-transparent-header-meta":"","adv-header-id-meta":"","stick-header-meta":"","header-above-stick-meta":"","header-main-stick-meta":"","header-below-stick-meta":"","astra-migrate-meta-layouts":"default","ast-page-background-enabled":"default","ast-page-background-meta":{"desktop":{"background-color":"var(--ast-global-color-5)","background-image":"","background-repeat":"repeat","background-position":"center center","background-size":"auto","background-attachment":"scroll","background-type":"","background-media":"","overlay-type":"","overlay-color":"","overlay-opacity":"","overlay-gradient":""},"tablet":{"background-color":"","background-image":"","background-repeat":"repeat","background-position":"center center","background-size":"auto","background-attachment":"scroll","background-type":"","background-media":"","overlay-type":"","overlay-color":"","overlay-opacity":"","overlay-gradient":""},"mobile":{"background-color":"","background-image":"","background-repeat":"repeat","background-position":"center center","background-size":"auto","background-attachment":"scroll","background-type":"","background-media":"","overlay-type":"","overlay-color":"","overlay-opacity":"","overlay-gradient":""}},"ast-content-background-meta":{"desktop":{"background-color":"var(--ast-global-color-4)","background-image":"","background-repeat":"repeat","background-position":"center center","background-size":"auto","background-attachment":"scroll","background-type":"","background-media":"","overlay-type":"","overlay-color":"","overlay-opacity":"","overlay-gradient":""},"tablet":{"background-color":"var(--ast-global-color-4)","background-image":"","background-repeat":"repeat","background-position":"center center","background-size":"auto","background-attachment":"scroll","background-type":"","background-media":"","overlay-type":"","overlay-color":"","overlay-opacity":"","overlay-gradient":""},"mobile":{"background-color":"var(--ast-global-color-4)","background-image":"","background-repeat":"repeat","background-position":"center center","background-size":"auto","background-attachment":"scroll","background-type":"","background-media":"","overlay-type":"","overlay-color":"","overlay-opacity":"","overlay-gradient":""}},"footnotes":""},"categories":[1],"tags":[],"class_list":["post-157289","post","type-post","status-publish","format-standard","hentry","category-sem-categoria"],"yoast_head":"<!-- This site is optimized with the Yoast SEO plugin v26.6 - https:\/\/yoast.com\/wordpress\/plugins\/seo\/ -->\n<title>Ato gigante em Imperatriz consolida for\u00e7a pol\u00edtica de Orleans Brand\u00e3o na Regi\u00e3o Tocantina - Daniel Matos<\/title>\n<meta name=\"robots\" content=\"index, follow, max-snippet:-1, max-image-preview:large, max-video-preview:-1\" \/>\n<link rel=\"canonical\" href=\"https:\/\/www.blogsoestado.com\/danielmatos\/ato-gigante-em-imperatriz-consolida-forca-politica-de-orleans-brandao-na-regiao-tocantina\/\" \/>\n<meta property=\"og:locale\" content=\"pt_BR\" \/>\n<meta property=\"og:type\" content=\"article\" \/>\n<meta property=\"og:title\" content=\"Ato gigante em Imperatriz consolida for\u00e7a pol\u00edtica de Orleans Brand\u00e3o na Regi\u00e3o Tocantina - Daniel Matos\" \/>\n<meta property=\"og:description\" content=\"Imperatriz foi palco, na noite deste s\u00e1bado (25), de uma das maiores mobiliza\u00e7\u00f5es pol\u00edticas de sua hist\u00f3ria recente. Uma multid\u00e3o [&hellip;]\" \/>\n<meta property=\"og:url\" content=\"https:\/\/www.blogsoestado.com\/danielmatos\/ato-gigante-em-imperatriz-consolida-forca-politica-de-orleans-brandao-na-regiao-tocantina\/\" \/>\n<meta property=\"og:site_name\" content=\"Daniel Matos\" \/>\n<meta property=\"article:published_time\" content=\"2026-04-26T19:01:21+00:00\" \/>\n<meta property=\"article:modified_time\" content=\"2026-04-26T19:01:23+00:00\" \/>\n<meta property=\"og:image\" content=\"https:\/\/www.blogsoestado.com\/danielmatos\/wp-content\/uploads\/sites\/2\/2026\/04\/1005486614.jpg\" \/>\n\t<meta property=\"og:image:width\" content=\"1500\" \/>\n\t<meta property=\"og:image:height\" content=\"1000\" \/>\n\t<meta property=\"og:image:type\" content=\"image\/jpeg\" \/>\n<meta name=\"author\" content=\"Daniel Matos\" \/>\n<meta name=\"twitter:card\" content=\"summary_large_image\" \/>\n<meta name=\"twitter:label1\" content=\"Escrito por\" \/>\n\t<meta name=\"twitter:data1\" content=\"Daniel Matos\" \/>\n\t<meta name=\"twitter:label2\" content=\"Est. tempo de leitura\" \/>\n\t<meta name=\"twitter:data2\" content=\"7 minutos\" \/>\n<script type=\"application\/ld+json\" class=\"yoast-schema-graph\">{\"@context\":\"https:\/\/schema.org\",\"@graph\":[{\"@type\":\"WebPage\",\"@id\":\"https:\/\/www.blogsoestado.com\/danielmatos\/ato-gigante-em-imperatriz-consolida-forca-politica-de-orleans-brandao-na-regiao-tocantina\/\",\"url\":\"https:\/\/www.blogsoestado.com\/danielmatos\/ato-gigante-em-imperatriz-consolida-forca-politica-de-orleans-brandao-na-regiao-tocantina\/\",\"name\":\"Ato gigante em Imperatriz consolida for\u00e7a pol\u00edtica de Orleans Brand\u00e3o na Regi\u00e3o Tocantina - Daniel Matos\",\"isPartOf\":{\"@id\":\"https:\/\/www.blogsoestado.com\/danielmatos\/#website\"},\"primaryImageOfPage\":{\"@id\":\"https:\/\/www.blogsoestado.com\/danielmatos\/ato-gigante-em-imperatriz-consolida-forca-politica-de-orleans-brandao-na-regiao-tocantina\/#primaryimage\"},\"image\":{\"@id\":\"https:\/\/www.blogsoestado.com\/danielmatos\/ato-gigante-em-imperatriz-consolida-forca-politica-de-orleans-brandao-na-regiao-tocantina\/#primaryimage\"},\"thumbnailUrl\":\"https:\/\/www.blogsoestado.com\/danielmatos\/wp-content\/uploads\/sites\/2\/2026\/04\/1005486614-1024x683.jpg\",\"datePublished\":\"2026-04-26T19:01:21+00:00\",\"dateModified\":\"2026-04-26T19:01:23+00:00\",\"author\":{\"@id\":\"https:\/\/www.blogsoestado.com\/danielmatos\/#\/schema\/person\/9a209d407cd45631f131e1285b661bb0\"},\"breadcrumb\":{\"@id\":\"https:\/\/www.blogsoestado.com\/danielmatos\/ato-gigante-em-imperatriz-consolida-forca-politica-de-orleans-brandao-na-regiao-tocantina\/#breadcrumb\"},\"inLanguage\":\"pt-BR\",\"potentialAction\":[{\"@type\":\"ReadAction\",\"target\":[\"https:\/\/www.blogsoestado.com\/danielmatos\/ato-gigante-em-imperatriz-consolida-forca-politica-de-orleans-brandao-na-regiao-tocantina\/\"]}]},{\"@type\":\"ImageObject\",\"inLanguage\":\"pt-BR\",\"@id\":\"https:\/\/www.blogsoestado.com\/danielmatos\/ato-gigante-em-imperatriz-consolida-forca-politica-de-orleans-brandao-na-regiao-tocantina\/#primaryimage\",\"url\":\"https:\/\/www.blogsoestado.com\/danielmatos\/wp-content\/uploads\/sites\/2\/2026\/04\/1005486614.jpg\",\"contentUrl\":\"https:\/\/www.blogsoestado.com\/danielmatos\/wp-content\/uploads\/sites\/2\/2026\/04\/1005486614.jpg\",\"width\":1500,\"height\":1000},{\"@type\":\"BreadcrumbList\",\"@id\":\"https:\/\/www.blogsoestado.com\/danielmatos\/ato-gigante-em-imperatriz-consolida-forca-politica-de-orleans-brandao-na-regiao-tocantina\/#breadcrumb\",\"itemListElement\":[{\"@type\":\"ListItem\",\"position\":1,\"name\":\"In\u00edcio\",\"item\":\"https:\/\/www.blogsoestado.com\/danielmatos\/\"},{\"@type\":\"ListItem\",\"position\":2,\"name\":\"Ato gigante em Imperatriz consolida for\u00e7a pol\u00edtica de Orleans Brand\u00e3o na Regi\u00e3o Tocantina\"}]},{\"@type\":\"WebSite\",\"@id\":\"https:\/\/www.blogsoestado.com\/danielmatos\/#website\",\"url\":\"https:\/\/www.blogsoestado.com\/danielmatos\/\",\"name\":\"Daniel Matos\",\"description\":\"\",\"potentialAction\":[{\"@type\":\"SearchAction\",\"target\":{\"@type\":\"EntryPoint\",\"urlTemplate\":\"https:\/\/www.blogsoestado.com\/danielmatos\/?s={search_term_string}\"},\"query-input\":{\"@type\":\"PropertyValueSpecification\",\"valueRequired\":true,\"valueName\":\"search_term_string\"}}],\"inLanguage\":\"pt-BR\"},{\"@type\":\"Person\",\"@id\":\"https:\/\/www.blogsoestado.com\/danielmatos\/#\/schema\/person\/9a209d407cd45631f131e1285b661bb0\",\"name\":\"Daniel Matos\",\"image\":{\"@type\":\"ImageObject\",\"inLanguage\":\"pt-BR\",\"@id\":\"https:\/\/www.blogsoestado.com\/danielmatos\/#\/schema\/person\/image\/\",\"url\":\"https:\/\/secure.gravatar.com\/avatar\/2f26c36ee355da19a257f0dfef43952a2588b324ca35d6719e859fe338ac0392?s=96&d=mm&r=g\",\"contentUrl\":\"https:\/\/secure.gravatar.com\/avatar\/2f26c36ee355da19a257f0dfef43952a2588b324ca35d6719e859fe338ac0392?s=96&d=mm&r=g\",\"caption\":\"Daniel Matos\"},\"url\":\"https:\/\/www.blogsoestado.com\/danielmatos\/author\/danielmatos\/\"}]}<\/script>\n<!-- \/ Yoast SEO plugin. -->","yoast_head_json":{"title":"Ato gigante em Imperatriz consolida for\u00e7a pol\u00edtica de Orleans Brand\u00e3o na Regi\u00e3o Tocantina - Daniel Matos","robots":{"index":"index","follow":"follow","max-snippet":"max-snippet:-1","max-image-preview":"max-image-preview:large","max-video-preview":"max-video-preview:-1"},"canonical":"https:\/\/www.blogsoestado.com\/danielmatos\/ato-gigante-em-imperatriz-consolida-forca-politica-de-orleans-brandao-na-regiao-tocantina\/","og_locale":"pt_BR","og_type":"article","og_title":"Ato gigante em Imperatriz consolida for\u00e7a pol\u00edtica de Orleans Brand\u00e3o na Regi\u00e3o Tocantina - Daniel Matos","og_description":"Imperatriz foi palco, na noite deste s\u00e1bado (25), de uma das maiores mobiliza\u00e7\u00f5es pol\u00edticas de sua hist\u00f3ria recente. Uma multid\u00e3o [&hellip;]","og_url":"https:\/\/www.blogsoestado.com\/danielmatos\/ato-gigante-em-imperatriz-consolida-forca-politica-de-orleans-brandao-na-regiao-tocantina\/","og_site_name":"Daniel Matos","article_published_time":"2026-04-26T19:01:21+00:00","article_modified_time":"2026-04-26T19:01:23+00:00","og_image":[{"width":1500,"height":1000,"url":"https:\/\/www.blogsoestado.com\/danielmatos\/wp-content\/uploads\/sites\/2\/2026\/04\/1005486614.jpg","type":"image\/jpeg"}],"author":"Daniel Matos","twitter_card":"summary_large_image","twitter_misc":{"Escrito por":"Daniel Matos","Est. tempo de leitura":"7 minutos"},"schema":{"@context":"https:\/\/schema.org","@graph":[{"@type":"WebPage","@id":"https:\/\/www.blogsoestado.com\/danielmatos\/ato-gigante-em-imperatriz-consolida-forca-politica-de-orleans-brandao-na-regiao-tocantina\/","url":"https:\/\/www.blogsoestado.com\/danielmatos\/ato-gigante-em-imperatriz-consolida-forca-politica-de-orleans-brandao-na-regiao-tocantina\/","name":"Ato gigante em Imperatriz consolida for\u00e7a pol\u00edtica de Orleans Brand\u00e3o na Regi\u00e3o Tocantina - Daniel Matos","isPartOf":{"@id":"https:\/\/www.blogsoestado.com\/danielmatos\/#website"},"primaryImageOfPage":{"@id":"https:\/\/www.blogsoestado.com\/danielmatos\/ato-gigante-em-imperatriz-consolida-forca-politica-de-orleans-brandao-na-regiao-tocantina\/#primaryimage"},"image":{"@id":"https:\/\/www.blogsoestado.com\/danielmatos\/ato-gigante-em-imperatriz-consolida-forca-politica-de-orleans-brandao-na-regiao-tocantina\/#primaryimage"},"thumbnailUrl":"https:\/\/www.blogsoestado.com\/danielmatos\/wp-content\/uploads\/sites\/2\/2026\/04\/1005486614-1024x683.jpg","datePublished":"2026-04-26T19:01:21+00:00","dateModified":"2026-04-26T19:01:23+00:00","author":{"@id":"https:\/\/www.blogsoestado.com\/danielmatos\/#\/schema\/person\/9a209d407cd45631f131e1285b661bb0"},"breadcrumb":{"@id":"https:\/\/www.blogsoestado.com\/danielmatos\/ato-gigante-em-imperatriz-consolida-forca-politica-de-orleans-brandao-na-regiao-tocantina\/#breadcrumb"},"inLanguage":"pt-BR","potentialAction":[{"@type":"ReadAction","target":["https:\/\/www.blogsoestado.com\/danielmatos\/ato-gigante-em-imperatriz-consolida-forca-politica-de-orleans-brandao-na-regiao-tocantina\/"]}]},{"@type":"ImageObject","inLanguage":"pt-BR","@id":"https:\/\/www.blogsoestado.com\/danielmatos\/ato-gigante-em-imperatriz-consolida-forca-politica-de-orleans-brandao-na-regiao-tocantina\/#primaryimage","url":"https:\/\/www.blogsoestado.com\/danielmatos\/wp-content\/uploads\/sites\/2\/2026\/04\/1005486614.jpg","contentUrl":"https:\/\/www.blogsoestado.com\/danielmatos\/wp-content\/uploads\/sites\/2\/2026\/04\/1005486614.jpg","width":1500,"height":1000},{"@type":"BreadcrumbList","@id":"https:\/\/www.blogsoestado.com\/danielmatos\/ato-gigante-em-imperatriz-consolida-forca-politica-de-orleans-brandao-na-regiao-tocantina\/#breadcrumb","itemListElement":[{"@type":"ListItem","position":1,"name":"In\u00edcio","item":"https:\/\/www.blogsoestado.com\/danielmatos\/"},{"@type":"ListItem","position":2,"name":"Ato gigante em Imperatriz consolida for\u00e7a pol\u00edtica de Orleans Brand\u00e3o na Regi\u00e3o Tocantina"}]},{"@type":"WebSite","@id":"https:\/\/www.blogsoestado.com\/danielmatos\/#website","url":"https:\/\/www.blogsoestado.com\/danielmatos\/","name":"Daniel Matos","description":"","potentialAction":[{"@type":"SearchAction","target":{"@type":"EntryPoint","urlTemplate":"https:\/\/www.blogsoestado.com\/danielmatos\/?s={search_term_string}"},"query-input":{"@type":"PropertyValueSpecification","valueRequired":true,"valueName":"search_term_string"}}],"inLanguage":"pt-BR"},{"@type":"Person","@id":"https:\/\/www.blogsoestado.com\/danielmatos\/#\/schema\/person\/9a209d407cd45631f131e1285b661bb0","name":"Daniel Matos","image":{"@type":"ImageObject","inLanguage":"pt-BR","@id":"https:\/\/www.blogsoestado.com\/danielmatos\/#\/schema\/person\/image\/","url":"https:\/\/secure.gravatar.com\/avatar\/2f26c36ee355da19a257f0dfef43952a2588b324ca35d6719e859fe338ac0392?s=96&d=mm&r=g","contentUrl":"https:\/\/secure.gravatar.com\/avatar\/2f26c36ee355da19a257f0dfef43952a2588b324ca35d6719e859fe338ac0392?s=96&d=mm&r=g","caption":"Daniel Matos"},"url":"https:\/\/www.blogsoestado.com\/danielmatos\/author\/danielmatos\/"}]}},"jetpack_featured_media_url":"","_links":{"self":[{"href":"https:\/\/www.blogsoestado.com\/danielmatos\/wp-json\/wp\/v2\/posts\/157289","targetHints":{"allow":["GET"]}}],"collection":[{"href":"https:\/\/www.blogsoestado.com\/danielmatos\/wp-json\/wp\/v2\/posts"}],"about":[{"href":"https:\/\/www.blogsoestado.com\/danielmatos\/wp-json\/wp\/v2\/types\/post"}],"author":[{"embeddable":true,"href":"https:\/\/www.blogsoestado.com\/danielmatos\/wp-json\/wp\/v2\/users\/2"}],"replies":[{"embeddable":true,"href":"https:\/\/www.blogsoestado.com\/danielmatos\/wp-json\/wp\/v2\/comments?post=157289"}],"version-history":[{"count":1,"href":"https:\/\/www.blogsoestado.com\/danielmatos\/wp-json\/wp\/v2\/posts\/157289\/revisions"}],"predecessor-version":[{"id":157299,"href":"https:\/\/www.blogsoestado.com\/danielmatos\/wp-json\/wp\/v2\/posts\/157289\/revisions\/157299"}],"wp:attachment":[{"href":"https:\/\/www.blogsoestado.com\/danielmatos\/wp-json\/wp\/v2\/media?parent=157289"}],"wp:term":[{"taxonomy":"category","embeddable":true,"href":"https:\/\/www.blogsoestado.com\/danielmatos\/wp-json\/wp\/v2\/categories?post=157289"},{"taxonomy":"post_tag","embeddable":true,"href":"https:\/\/www.blogsoestado.com\/danielmatos\/wp-json\/wp\/v2\/tags?post=157289"}],"curies":[{"name":"wp","href":"https:\/\/api.w.org\/{rel}","templated":true}]}}