{"id":157301,"date":"2026-04-26T18:39:20","date_gmt":"2026-04-26T21:39:20","guid":{"rendered":"https:\/\/www.blogsoestado.com\/danielmatos\/?p=157301"},"modified":"2026-04-26T18:39:23","modified_gmt":"2026-04-26T21:39:23","slug":"o-segredo-e-nao-correr-atras-das-borboletas-e-cuidar-do-jardim-para-que-elas-venham-ate-voce-mario-quintana","status":"publish","type":"post","link":"https:\/\/www.blogsoestado.com\/danielmatos\/o-segredo-e-nao-correr-atras-das-borboletas-e-cuidar-do-jardim-para-que-elas-venham-ate-voce-mario-quintana\/","title":{"rendered":"\u201cO segredo \u00e9 n\u00e3o correr atr\u00e1s das borboletas\u2026 \u00c9 cuidar do jardim para que elas venham at\u00e9 voc\u00ea.\u201d \u2014 M\u00e1rio Quintana"},"content":{"rendered":"\n<p><strong>Natalino Salgado Filho*<\/strong><\/p>\n\n\n\n<figure class=\"wp-block-image aligncenter size-large\"><img fetchpriority=\"high\" decoding=\"async\" width=\"1024\" height=\"1024\" src=\"https:\/\/www.blogsoestado.com\/danielmatos\/wp-content\/uploads\/sites\/2\/2026\/04\/1005487508-1024x1024.jpg\" alt=\"\" class=\"wp-image-157302\" srcset=\"https:\/\/www.blogsoestado.com\/danielmatos\/wp-content\/uploads\/sites\/2\/2026\/04\/1005487508-1024x1024.jpg 1024w, https:\/\/www.blogsoestado.com\/danielmatos\/wp-content\/uploads\/sites\/2\/2026\/04\/1005487508-300x300.jpg 300w, https:\/\/www.blogsoestado.com\/danielmatos\/wp-content\/uploads\/sites\/2\/2026\/04\/1005487508-150x150.jpg 150w, https:\/\/www.blogsoestado.com\/danielmatos\/wp-content\/uploads\/sites\/2\/2026\/04\/1005487508-768x768.jpg 768w, https:\/\/www.blogsoestado.com\/danielmatos\/wp-content\/uploads\/sites\/2\/2026\/04\/1005487508.jpg 1254w\" sizes=\"(max-width: 1024px) 100vw, 1024px\" \/><\/figure>\n\n\n\n<p> No m\u00eas de mar\u00e7o, quando celebramos o Dia Mundial do Rim, algumas reflex\u00f5es vieram me visitar \u2014 como quem chega sem ru\u00eddo, trazendo consigo uma serenidade pensativa. Elas nasceram de um h\u00e1bito que cultivo h\u00e1 tempos e que me ajuda a equilibrar, com alegria serena, as muitas tarefas do cotidiano: a jardinagem.<\/p>\n\n\n\n<p>Pode parecer curioso que um nefrologista encontre repouso entre plantas, terra e flores. No entanto, h\u00e1 algo de profundamente convergente entre cuidar de um jardim e cuidar da vida humana. Ambos exigem aten\u00e7\u00e3o ao invis\u00edvel, escuta do sil\u00eancio e respeito ao tempo.<\/p>\n\n\n\n<p>No jardim, aprende-se a ler sinais quase impercept\u00edveis: a folha que empalidece, o solo que pede \u00e1gua, o broto que anuncia, com timidez, um novo ciclo. No consult\u00f3rio, o olhar tamb\u00e9m precisa se educar para essas delicadezas \u2014 uma altera\u00e7\u00e3o sutil nos exames, um equil\u00edbrio inst\u00e1vel entre reten\u00e7\u00e3o e elimina\u00e7\u00e3o, um organismo que sussurra por cuidado antes que a doen\u00e7a erga a voz.<\/p>\n\n\n\n<figure class=\"wp-block-image aligncenter size-large\"><img decoding=\"async\" width=\"1024\" height=\"682\" src=\"https:\/\/www.blogsoestado.com\/danielmatos\/wp-content\/uploads\/sites\/2\/2026\/04\/1005487583-1024x682.jpg\" alt=\"\" class=\"wp-image-157303\" srcset=\"https:\/\/www.blogsoestado.com\/danielmatos\/wp-content\/uploads\/sites\/2\/2026\/04\/1005487583-1024x682.jpg 1024w, https:\/\/www.blogsoestado.com\/danielmatos\/wp-content\/uploads\/sites\/2\/2026\/04\/1005487583-300x200.jpg 300w, https:\/\/www.blogsoestado.com\/danielmatos\/wp-content\/uploads\/sites\/2\/2026\/04\/1005487583-768x512.jpg 768w, https:\/\/www.blogsoestado.com\/danielmatos\/wp-content\/uploads\/sites\/2\/2026\/04\/1005487583-1536x1023.jpg 1536w, https:\/\/www.blogsoestado.com\/danielmatos\/wp-content\/uploads\/sites\/2\/2026\/04\/1005487583.jpg 1600w\" sizes=\"(max-width: 1024px) 100vw, 1024px\" \/><\/figure>\n\n\n\n<p>Se me fosse permitido poetizar a nefrologia, diria que o nefrologista \u00e9 um jardineiro das \u00e1guas internas \u2014 um guardi\u00e3o silencioso dos fluxos que sustentam a vida. Os rins s\u00e3o fontes invis\u00edveis: irrigam o organismo, depuram excessos e mant\u00eam f\u00e9rtil o solo \u00edntimo onde a exist\u00eancia floresce. Trabalham sem alarde, como ra\u00edzes que jamais se exibem, mas sem as quais nada subsiste.<\/p>\n\n\n\n<p>E, como todo jardineiro atento, o nefrologista tamb\u00e9m enfrenta as pragas persistentes que amea\u00e7am esse jardim confiado. Na linguagem da medicina, elas atendem pelos nomes de diabetes e hipertens\u00e3o. Tal como num jardim negligenciado, pequenos desequil\u00edbrios, quando ignorados, podem comprometer toda a harmonia do sistema. Por isso, o diagn\u00f3stico precoce e o cuidado cont\u00ednuo s\u00e3o formas de preservar esse delicado ecossistema que habita cada pessoa.<\/p>\n\n\n\n<p>Talvez por essa afinidade silenciosa entre cuidar da terra e cuidar da vida, o pequeno jardim que cultivo em casa tenha se tornado uma esp\u00e9cie de met\u00e1fora viva. \u00c9 um territ\u00f3rio de encantamento cotidiano. Pela manh\u00e3, os passarinhos chegam como se obedecessem a uma antiga mem\u00f3ria do lugar. As flores se abrem em cores diversas, e as plantas seguem seus ciclos com uma sabedoria que nenhum tratado consegue ensinar.<\/p>\n\n\n\n<figure class=\"wp-block-image aligncenter size-large\"><img decoding=\"async\" width=\"1024\" height=\"682\" src=\"https:\/\/www.blogsoestado.com\/danielmatos\/wp-content\/uploads\/sites\/2\/2026\/04\/1005487598-1024x682.jpg\" alt=\"\" class=\"wp-image-157304\" srcset=\"https:\/\/www.blogsoestado.com\/danielmatos\/wp-content\/uploads\/sites\/2\/2026\/04\/1005487598-1024x682.jpg 1024w, https:\/\/www.blogsoestado.com\/danielmatos\/wp-content\/uploads\/sites\/2\/2026\/04\/1005487598-300x200.jpg 300w, https:\/\/www.blogsoestado.com\/danielmatos\/wp-content\/uploads\/sites\/2\/2026\/04\/1005487598-768x512.jpg 768w, https:\/\/www.blogsoestado.com\/danielmatos\/wp-content\/uploads\/sites\/2\/2026\/04\/1005487598-1536x1023.jpg 1536w, https:\/\/www.blogsoestado.com\/danielmatos\/wp-content\/uploads\/sites\/2\/2026\/04\/1005487598.jpg 1600w\" sizes=\"(max-width: 1024px) 100vw, 1024px\" \/><\/figure>\n\n\n\n<p>Rubem Alves dizia, com sua ternura filos\u00f3fica, que \u201ctodo jardim come\u00e7a com um sonho de amor\u201d. Antes de existir na terra, ele floresce na alma. Talvez por isso cuidar de um jardim produza uma alegria t\u00e3o serena: \u00e9 a materializa\u00e7\u00e3o de um afeto.<\/p>\n\n\n\n<p>E Fernando Pessoa, com sua lucidez despojada, aconselhava: \u201cSegue o teu destino, rega as tuas plantas, ama as tuas rosas. O resto \u00e9 a sombra de \u00e1rvores alheias.\u201d H\u00e1, nessa senten\u00e7a, uma \u00e9tica inteira do cuidado \u2014 uma convoca\u00e7\u00e3o \u00e0 fidelidade ao que nos foi confiado.<\/p>\n\n\n\n<p>Cuidar do pr\u00f3prio jardim \u2014 literal ou simb\u00f3lico \u2014 \u00e9, no fundo, um gesto de responsabilidade amorosa. N\u00e3o por acaso, os jardins atravessam a hist\u00f3ria humana como imagens fundadoras. A B\u00edblia come\u00e7a com um jardim \u2014 o \u00c9den \u2014 onde ao ser humano \u00e9 dada sua primeira voca\u00e7\u00e3o: cultivar e guardar a terra. S\u00e9culos depois, a imagina\u00e7\u00e3o humana tentou recriar esse para\u00edso nos lend\u00e1rios Jardins Suspensos da Babil\u00f4nia, erguidos como um o\u00e1sis contra a aridez.<\/p>\n\n\n\n<figure class=\"wp-block-image aligncenter size-large\"><img loading=\"lazy\" decoding=\"async\" width=\"682\" height=\"1024\" src=\"https:\/\/www.blogsoestado.com\/danielmatos\/wp-content\/uploads\/sites\/2\/2026\/04\/1005487565-682x1024.jpg\" alt=\"\" class=\"wp-image-157305\" srcset=\"https:\/\/www.blogsoestado.com\/danielmatos\/wp-content\/uploads\/sites\/2\/2026\/04\/1005487565-682x1024.jpg 682w, https:\/\/www.blogsoestado.com\/danielmatos\/wp-content\/uploads\/sites\/2\/2026\/04\/1005487565-200x300.jpg 200w, https:\/\/www.blogsoestado.com\/danielmatos\/wp-content\/uploads\/sites\/2\/2026\/04\/1005487565-768x1153.jpg 768w, https:\/\/www.blogsoestado.com\/danielmatos\/wp-content\/uploads\/sites\/2\/2026\/04\/1005487565-1023x1536.jpg 1023w, https:\/\/www.blogsoestado.com\/danielmatos\/wp-content\/uploads\/sites\/2\/2026\/04\/1005487565.jpg 1066w\" sizes=\"(max-width: 682px) 100vw, 682px\" \/><\/figure>\n\n\n\n<p>E tamb\u00e9m n\u00e3o \u00e9 por acaso que a pr\u00f3pria narrativa b\u00edblica se encerra com um jardim restaurado: no Apocalipse, o rio da vida corre pelo cora\u00e7\u00e3o da cidade, e, \u00e0s suas margens, cresce a \u00e1rvore cujas folhas s\u00e3o destinadas \u00e0 cura das na\u00e7\u00f5es. Entre o princ\u00edpio e o fim, a humanidade se move entre jardins \u2014 ora perdidos, ora reencontrados.<\/p>\n\n\n\n<p>Talvez por isso os poetas tenham feito dos jardins uma linguagem da exist\u00eancia. Manoel de Barros, com sua devo\u00e7\u00e3o ao \u00ednfimo, lembrava que o essencial \u00e9 justamente aquilo que n\u00e3o se v\u00ea. E talvez essa seja a mais profunda li\u00e7\u00e3o dos jardins \u2014 sejam eles feitos de terra ou de carne: a vida se sustenta em equil\u00edbrios invis\u00edveis, em harmonias discretas, em cuidados persistentes.<\/p>\n\n\n\n<p>No fundo, todo cuidador \u00e9 um jardineiro. Alguns cultivam flores vis\u00edveis. Outros zelam pelas \u00e1guas secretas que mant\u00eam o corpo vivo. Mas todos participam da mesma arte antiga \u2014 a de proteger a vida para que ela continue florescendo.<\/p>\n\n\n\n<figure class=\"wp-block-image aligncenter size-large\"><img loading=\"lazy\" decoding=\"async\" width=\"1024\" height=\"682\" src=\"https:\/\/www.blogsoestado.com\/danielmatos\/wp-content\/uploads\/sites\/2\/2026\/04\/1005487561-1024x682.jpg\" alt=\"\" class=\"wp-image-157306\" srcset=\"https:\/\/www.blogsoestado.com\/danielmatos\/wp-content\/uploads\/sites\/2\/2026\/04\/1005487561-1024x682.jpg 1024w, https:\/\/www.blogsoestado.com\/danielmatos\/wp-content\/uploads\/sites\/2\/2026\/04\/1005487561-300x200.jpg 300w, https:\/\/www.blogsoestado.com\/danielmatos\/wp-content\/uploads\/sites\/2\/2026\/04\/1005487561-768x512.jpg 768w, https:\/\/www.blogsoestado.com\/danielmatos\/wp-content\/uploads\/sites\/2\/2026\/04\/1005487561-1536x1023.jpg 1536w, https:\/\/www.blogsoestado.com\/danielmatos\/wp-content\/uploads\/sites\/2\/2026\/04\/1005487561.jpg 1600w\" sizes=\"(max-width: 1024px) 100vw, 1024px\" \/><\/figure>\n\n\n\n<p>Recordo, ent\u00e3o, o jardim de Akademos, nos arredores de Atenas. Ali, entre oliveiras, Plat\u00e3o fundou a Academia. O conhecimento era compreendido como algo vivo \u2014 algo que precisava ser cultivado. Os disc\u00edpulos eram sementes; o pensamento, uma forma de germina\u00e7\u00e3o.<\/p>\n\n\n\n<p><strong>Quantas met\u00e1foras pode oferecer um simples jardim!<\/strong><\/p>\n\n\n\n<p>Sigo, ainda hoje, encantando-me com o meu. Encanto-me com sua paleta de cores, com a mangueira que cresce desde quando meu filho tinha apenas dois anos \u2014 e que hoje oferece frutos de do\u00e7ura paciente \u2014, e com as pequenas estatuetas escolhidas com carinho, em silencioso di\u00e1logo com a beleza que a pr\u00f3pria natureza comp\u00f5e.<\/p>\n\n\n\n<p>Entre essas descobertas silenciosas, aperfei\u00e7oa-se tamb\u00e9m o meu olhar de m\u00e9dico. Porque, ao ver a vida brotar diante dos olhos, aprendo a acolher melhor as vidas que se confiam \u00e0s minhas m\u00e3os \u2014 m\u00e3os que plantam, m\u00e3os que regam, m\u00e3os que sustentam.<\/p>\n\n\n\n<figure class=\"wp-block-image aligncenter size-large\"><img loading=\"lazy\" decoding=\"async\" width=\"1024\" height=\"682\" src=\"https:\/\/www.blogsoestado.com\/danielmatos\/wp-content\/uploads\/sites\/2\/2026\/04\/1005487559-1024x682.jpg\" alt=\"\" class=\"wp-image-157307\" srcset=\"https:\/\/www.blogsoestado.com\/danielmatos\/wp-content\/uploads\/sites\/2\/2026\/04\/1005487559-1024x682.jpg 1024w, https:\/\/www.blogsoestado.com\/danielmatos\/wp-content\/uploads\/sites\/2\/2026\/04\/1005487559-300x200.jpg 300w, https:\/\/www.blogsoestado.com\/danielmatos\/wp-content\/uploads\/sites\/2\/2026\/04\/1005487559-768x512.jpg 768w, https:\/\/www.blogsoestado.com\/danielmatos\/wp-content\/uploads\/sites\/2\/2026\/04\/1005487559-1536x1023.jpg 1536w, https:\/\/www.blogsoestado.com\/danielmatos\/wp-content\/uploads\/sites\/2\/2026\/04\/1005487559.jpg 1600w\" sizes=\"(max-width: 1024px) 100vw, 1024px\" \/><\/figure>\n\n\n\n<p>Talvez seja essa a mais profunda e silenciosa afinidade entre rins e jardins: ambos dependem de \u00e1guas bem cuidadas para que a vida, em sua delicadeza obstinada, continue a florescer.<\/p>\n\n\n\n<p>*<strong>M\u00e9dico nefrologista, membro da Academia Nacional de Medicina, da Academia Maranhense de Medicina e da Sociedade Brasileira de Nefrologia, ex-reitor da UFMA, professor universit\u00e1rio,  e imortal da Academia Maranhense de Letras.<\/strong><\/p>\n","protected":false},"excerpt":{"rendered":"<p>Natalino Salgado Filho* No m\u00eas de mar\u00e7o, quando celebramos o Dia Mundial do Rim, algumas reflex\u00f5es vieram me visitar \u2014 [&hellip;]<\/p>\n","protected":false},"author":2,"featured_media":0,"comment_status":"open","ping_status":"open","sticky":false,"template":"","format":"standard","meta":{"site-sidebar-layout":"default","site-content-layout":"","ast-site-content-layout":"default","site-content-style":"default","site-sidebar-style":"default","ast-global-header-display":"","ast-banner-title-visibility":"","ast-main-header-display":"","ast-hfb-above-header-display":"","ast-hfb-below-header-display":"","ast-hfb-mobile-header-display":"","site-post-title":"","ast-breadcrumbs-content":"","ast-featured-img":"","footer-sml-layout":"","ast-disable-related-posts":"","theme-transparent-header-meta":"","adv-header-id-meta":"","stick-header-meta":"","header-above-stick-meta":"","header-main-stick-meta":"","header-below-stick-meta":"","astra-migrate-meta-layouts":"default","ast-page-background-enabled":"default","ast-page-background-meta":{"desktop":{"background-color":"var(--ast-global-color-5)","background-image":"","background-repeat":"repeat","background-position":"center center","background-size":"auto","background-attachment":"scroll","background-type":"","background-media":"","overlay-type":"","overlay-color":"","overlay-opacity":"","overlay-gradient":""},"tablet":{"background-color":"","background-image":"","background-repeat":"repeat","background-position":"center center","background-size":"auto","background-attachment":"scroll","background-type":"","background-media":"","overlay-type":"","overlay-color":"","overlay-opacity":"","overlay-gradient":""},"mobile":{"background-color":"","background-image":"","background-repeat":"repeat","background-position":"center center","background-size":"auto","background-attachment":"scroll","background-type":"","background-media":"","overlay-type":"","overlay-color":"","overlay-opacity":"","overlay-gradient":""}},"ast-content-background-meta":{"desktop":{"background-color":"var(--ast-global-color-4)","background-image":"","background-repeat":"repeat","background-position":"center center","background-size":"auto","background-attachment":"scroll","background-type":"","background-media":"","overlay-type":"","overlay-color":"","overlay-opacity":"","overlay-gradient":""},"tablet":{"background-color":"var(--ast-global-color-4)","background-image":"","background-repeat":"repeat","background-position":"center center","background-size":"auto","background-attachment":"scroll","background-type":"","background-media":"","overlay-type":"","overlay-color":"","overlay-opacity":"","overlay-gradient":""},"mobile":{"background-color":"var(--ast-global-color-4)","background-image":"","background-repeat":"repeat","background-position":"center center","background-size":"auto","background-attachment":"scroll","background-type":"","background-media":"","overlay-type":"","overlay-color":"","overlay-opacity":"","overlay-gradient":""}},"footnotes":""},"categories":[1],"tags":[],"class_list":["post-157301","post","type-post","status-publish","format-standard","hentry","category-sem-categoria"],"yoast_head":"<!-- This site is optimized with the Yoast SEO plugin v26.6 - https:\/\/yoast.com\/wordpress\/plugins\/seo\/ -->\n<title>\u201cO segredo \u00e9 n\u00e3o correr atr\u00e1s das borboletas\u2026 \u00c9 cuidar do jardim para que elas venham at\u00e9 voc\u00ea.\u201d \u2014 M\u00e1rio Quintana - Daniel Matos<\/title>\n<meta name=\"robots\" content=\"index, follow, max-snippet:-1, max-image-preview:large, max-video-preview:-1\" \/>\n<link rel=\"canonical\" href=\"https:\/\/www.blogsoestado.com\/danielmatos\/o-segredo-e-nao-correr-atras-das-borboletas-e-cuidar-do-jardim-para-que-elas-venham-ate-voce-mario-quintana\/\" \/>\n<meta property=\"og:locale\" content=\"pt_BR\" \/>\n<meta property=\"og:type\" content=\"article\" \/>\n<meta property=\"og:title\" content=\"\u201cO segredo \u00e9 n\u00e3o correr atr\u00e1s das borboletas\u2026 \u00c9 cuidar do jardim para que elas venham at\u00e9 voc\u00ea.\u201d \u2014 M\u00e1rio Quintana - Daniel Matos\" \/>\n<meta property=\"og:description\" content=\"Natalino Salgado Filho* No m\u00eas de mar\u00e7o, quando celebramos o Dia Mundial do Rim, algumas reflex\u00f5es vieram me visitar \u2014 [&hellip;]\" \/>\n<meta property=\"og:url\" content=\"https:\/\/www.blogsoestado.com\/danielmatos\/o-segredo-e-nao-correr-atras-das-borboletas-e-cuidar-do-jardim-para-que-elas-venham-ate-voce-mario-quintana\/\" \/>\n<meta property=\"og:site_name\" content=\"Daniel Matos\" \/>\n<meta property=\"article:published_time\" content=\"2026-04-26T21:39:20+00:00\" \/>\n<meta property=\"article:modified_time\" content=\"2026-04-26T21:39:23+00:00\" \/>\n<meta property=\"og:image\" content=\"https:\/\/www.blogsoestado.com\/danielmatos\/wp-content\/uploads\/sites\/2\/2026\/04\/1005487508.jpg\" \/>\n\t<meta property=\"og:image:width\" content=\"1254\" \/>\n\t<meta property=\"og:image:height\" content=\"1254\" \/>\n\t<meta property=\"og:image:type\" content=\"image\/jpeg\" \/>\n<meta name=\"author\" content=\"Daniel Matos\" \/>\n<meta name=\"twitter:card\" content=\"summary_large_image\" \/>\n<meta name=\"twitter:label1\" content=\"Escrito por\" \/>\n\t<meta name=\"twitter:data1\" content=\"Daniel Matos\" \/>\n\t<meta name=\"twitter:label2\" content=\"Est. tempo de leitura\" \/>\n\t<meta name=\"twitter:data2\" content=\"7 minutos\" \/>\n<script type=\"application\/ld+json\" class=\"yoast-schema-graph\">{\"@context\":\"https:\/\/schema.org\",\"@graph\":[{\"@type\":\"WebPage\",\"@id\":\"https:\/\/www.blogsoestado.com\/danielmatos\/o-segredo-e-nao-correr-atras-das-borboletas-e-cuidar-do-jardim-para-que-elas-venham-ate-voce-mario-quintana\/\",\"url\":\"https:\/\/www.blogsoestado.com\/danielmatos\/o-segredo-e-nao-correr-atras-das-borboletas-e-cuidar-do-jardim-para-que-elas-venham-ate-voce-mario-quintana\/\",\"name\":\"\u201cO segredo \u00e9 n\u00e3o correr atr\u00e1s das borboletas\u2026 \u00c9 cuidar do jardim para que elas venham at\u00e9 voc\u00ea.\u201d \u2014 M\u00e1rio Quintana - Daniel Matos\",\"isPartOf\":{\"@id\":\"https:\/\/www.blogsoestado.com\/danielmatos\/#website\"},\"primaryImageOfPage\":{\"@id\":\"https:\/\/www.blogsoestado.com\/danielmatos\/o-segredo-e-nao-correr-atras-das-borboletas-e-cuidar-do-jardim-para-que-elas-venham-ate-voce-mario-quintana\/#primaryimage\"},\"image\":{\"@id\":\"https:\/\/www.blogsoestado.com\/danielmatos\/o-segredo-e-nao-correr-atras-das-borboletas-e-cuidar-do-jardim-para-que-elas-venham-ate-voce-mario-quintana\/#primaryimage\"},\"thumbnailUrl\":\"https:\/\/www.blogsoestado.com\/danielmatos\/wp-content\/uploads\/sites\/2\/2026\/04\/1005487508-1024x1024.jpg\",\"datePublished\":\"2026-04-26T21:39:20+00:00\",\"dateModified\":\"2026-04-26T21:39:23+00:00\",\"author\":{\"@id\":\"https:\/\/www.blogsoestado.com\/danielmatos\/#\/schema\/person\/9a209d407cd45631f131e1285b661bb0\"},\"breadcrumb\":{\"@id\":\"https:\/\/www.blogsoestado.com\/danielmatos\/o-segredo-e-nao-correr-atras-das-borboletas-e-cuidar-do-jardim-para-que-elas-venham-ate-voce-mario-quintana\/#breadcrumb\"},\"inLanguage\":\"pt-BR\",\"potentialAction\":[{\"@type\":\"ReadAction\",\"target\":[\"https:\/\/www.blogsoestado.com\/danielmatos\/o-segredo-e-nao-correr-atras-das-borboletas-e-cuidar-do-jardim-para-que-elas-venham-ate-voce-mario-quintana\/\"]}]},{\"@type\":\"ImageObject\",\"inLanguage\":\"pt-BR\",\"@id\":\"https:\/\/www.blogsoestado.com\/danielmatos\/o-segredo-e-nao-correr-atras-das-borboletas-e-cuidar-do-jardim-para-que-elas-venham-ate-voce-mario-quintana\/#primaryimage\",\"url\":\"https:\/\/www.blogsoestado.com\/danielmatos\/wp-content\/uploads\/sites\/2\/2026\/04\/1005487508.jpg\",\"contentUrl\":\"https:\/\/www.blogsoestado.com\/danielmatos\/wp-content\/uploads\/sites\/2\/2026\/04\/1005487508.jpg\",\"width\":1254,\"height\":1254},{\"@type\":\"BreadcrumbList\",\"@id\":\"https:\/\/www.blogsoestado.com\/danielmatos\/o-segredo-e-nao-correr-atras-das-borboletas-e-cuidar-do-jardim-para-que-elas-venham-ate-voce-mario-quintana\/#breadcrumb\",\"itemListElement\":[{\"@type\":\"ListItem\",\"position\":1,\"name\":\"In\u00edcio\",\"item\":\"https:\/\/www.blogsoestado.com\/danielmatos\/\"},{\"@type\":\"ListItem\",\"position\":2,\"name\":\"\u201cO segredo \u00e9 n\u00e3o correr atr\u00e1s das borboletas\u2026 \u00c9 cuidar do jardim para que elas venham at\u00e9 voc\u00ea.\u201d \u2014 M\u00e1rio Quintana\"}]},{\"@type\":\"WebSite\",\"@id\":\"https:\/\/www.blogsoestado.com\/danielmatos\/#website\",\"url\":\"https:\/\/www.blogsoestado.com\/danielmatos\/\",\"name\":\"Daniel Matos\",\"description\":\"\",\"potentialAction\":[{\"@type\":\"SearchAction\",\"target\":{\"@type\":\"EntryPoint\",\"urlTemplate\":\"https:\/\/www.blogsoestado.com\/danielmatos\/?s={search_term_string}\"},\"query-input\":{\"@type\":\"PropertyValueSpecification\",\"valueRequired\":true,\"valueName\":\"search_term_string\"}}],\"inLanguage\":\"pt-BR\"},{\"@type\":\"Person\",\"@id\":\"https:\/\/www.blogsoestado.com\/danielmatos\/#\/schema\/person\/9a209d407cd45631f131e1285b661bb0\",\"name\":\"Daniel Matos\",\"image\":{\"@type\":\"ImageObject\",\"inLanguage\":\"pt-BR\",\"@id\":\"https:\/\/www.blogsoestado.com\/danielmatos\/#\/schema\/person\/image\/\",\"url\":\"https:\/\/secure.gravatar.com\/avatar\/2f26c36ee355da19a257f0dfef43952a2588b324ca35d6719e859fe338ac0392?s=96&d=mm&r=g\",\"contentUrl\":\"https:\/\/secure.gravatar.com\/avatar\/2f26c36ee355da19a257f0dfef43952a2588b324ca35d6719e859fe338ac0392?s=96&d=mm&r=g\",\"caption\":\"Daniel Matos\"},\"url\":\"https:\/\/www.blogsoestado.com\/danielmatos\/author\/danielmatos\/\"}]}<\/script>\n<!-- \/ Yoast SEO plugin. -->","yoast_head_json":{"title":"\u201cO segredo \u00e9 n\u00e3o correr atr\u00e1s das borboletas\u2026 \u00c9 cuidar do jardim para que elas venham at\u00e9 voc\u00ea.\u201d \u2014 M\u00e1rio Quintana - Daniel Matos","robots":{"index":"index","follow":"follow","max-snippet":"max-snippet:-1","max-image-preview":"max-image-preview:large","max-video-preview":"max-video-preview:-1"},"canonical":"https:\/\/www.blogsoestado.com\/danielmatos\/o-segredo-e-nao-correr-atras-das-borboletas-e-cuidar-do-jardim-para-que-elas-venham-ate-voce-mario-quintana\/","og_locale":"pt_BR","og_type":"article","og_title":"\u201cO segredo \u00e9 n\u00e3o correr atr\u00e1s das borboletas\u2026 \u00c9 cuidar do jardim para que elas venham at\u00e9 voc\u00ea.\u201d \u2014 M\u00e1rio Quintana - Daniel Matos","og_description":"Natalino Salgado Filho* No m\u00eas de mar\u00e7o, quando celebramos o Dia Mundial do Rim, algumas reflex\u00f5es vieram me visitar \u2014 [&hellip;]","og_url":"https:\/\/www.blogsoestado.com\/danielmatos\/o-segredo-e-nao-correr-atras-das-borboletas-e-cuidar-do-jardim-para-que-elas-venham-ate-voce-mario-quintana\/","og_site_name":"Daniel Matos","article_published_time":"2026-04-26T21:39:20+00:00","article_modified_time":"2026-04-26T21:39:23+00:00","og_image":[{"width":1254,"height":1254,"url":"https:\/\/www.blogsoestado.com\/danielmatos\/wp-content\/uploads\/sites\/2\/2026\/04\/1005487508.jpg","type":"image\/jpeg"}],"author":"Daniel Matos","twitter_card":"summary_large_image","twitter_misc":{"Escrito por":"Daniel Matos","Est. tempo de leitura":"7 minutos"},"schema":{"@context":"https:\/\/schema.org","@graph":[{"@type":"WebPage","@id":"https:\/\/www.blogsoestado.com\/danielmatos\/o-segredo-e-nao-correr-atras-das-borboletas-e-cuidar-do-jardim-para-que-elas-venham-ate-voce-mario-quintana\/","url":"https:\/\/www.blogsoestado.com\/danielmatos\/o-segredo-e-nao-correr-atras-das-borboletas-e-cuidar-do-jardim-para-que-elas-venham-ate-voce-mario-quintana\/","name":"\u201cO segredo \u00e9 n\u00e3o correr atr\u00e1s das borboletas\u2026 \u00c9 cuidar do jardim para que elas venham at\u00e9 voc\u00ea.\u201d \u2014 M\u00e1rio Quintana - Daniel Matos","isPartOf":{"@id":"https:\/\/www.blogsoestado.com\/danielmatos\/#website"},"primaryImageOfPage":{"@id":"https:\/\/www.blogsoestado.com\/danielmatos\/o-segredo-e-nao-correr-atras-das-borboletas-e-cuidar-do-jardim-para-que-elas-venham-ate-voce-mario-quintana\/#primaryimage"},"image":{"@id":"https:\/\/www.blogsoestado.com\/danielmatos\/o-segredo-e-nao-correr-atras-das-borboletas-e-cuidar-do-jardim-para-que-elas-venham-ate-voce-mario-quintana\/#primaryimage"},"thumbnailUrl":"https:\/\/www.blogsoestado.com\/danielmatos\/wp-content\/uploads\/sites\/2\/2026\/04\/1005487508-1024x1024.jpg","datePublished":"2026-04-26T21:39:20+00:00","dateModified":"2026-04-26T21:39:23+00:00","author":{"@id":"https:\/\/www.blogsoestado.com\/danielmatos\/#\/schema\/person\/9a209d407cd45631f131e1285b661bb0"},"breadcrumb":{"@id":"https:\/\/www.blogsoestado.com\/danielmatos\/o-segredo-e-nao-correr-atras-das-borboletas-e-cuidar-do-jardim-para-que-elas-venham-ate-voce-mario-quintana\/#breadcrumb"},"inLanguage":"pt-BR","potentialAction":[{"@type":"ReadAction","target":["https:\/\/www.blogsoestado.com\/danielmatos\/o-segredo-e-nao-correr-atras-das-borboletas-e-cuidar-do-jardim-para-que-elas-venham-ate-voce-mario-quintana\/"]}]},{"@type":"ImageObject","inLanguage":"pt-BR","@id":"https:\/\/www.blogsoestado.com\/danielmatos\/o-segredo-e-nao-correr-atras-das-borboletas-e-cuidar-do-jardim-para-que-elas-venham-ate-voce-mario-quintana\/#primaryimage","url":"https:\/\/www.blogsoestado.com\/danielmatos\/wp-content\/uploads\/sites\/2\/2026\/04\/1005487508.jpg","contentUrl":"https:\/\/www.blogsoestado.com\/danielmatos\/wp-content\/uploads\/sites\/2\/2026\/04\/1005487508.jpg","width":1254,"height":1254},{"@type":"BreadcrumbList","@id":"https:\/\/www.blogsoestado.com\/danielmatos\/o-segredo-e-nao-correr-atras-das-borboletas-e-cuidar-do-jardim-para-que-elas-venham-ate-voce-mario-quintana\/#breadcrumb","itemListElement":[{"@type":"ListItem","position":1,"name":"In\u00edcio","item":"https:\/\/www.blogsoestado.com\/danielmatos\/"},{"@type":"ListItem","position":2,"name":"\u201cO segredo \u00e9 n\u00e3o correr atr\u00e1s das borboletas\u2026 \u00c9 cuidar do jardim para que elas venham at\u00e9 voc\u00ea.\u201d \u2014 M\u00e1rio Quintana"}]},{"@type":"WebSite","@id":"https:\/\/www.blogsoestado.com\/danielmatos\/#website","url":"https:\/\/www.blogsoestado.com\/danielmatos\/","name":"Daniel Matos","description":"","potentialAction":[{"@type":"SearchAction","target":{"@type":"EntryPoint","urlTemplate":"https:\/\/www.blogsoestado.com\/danielmatos\/?s={search_term_string}"},"query-input":{"@type":"PropertyValueSpecification","valueRequired":true,"valueName":"search_term_string"}}],"inLanguage":"pt-BR"},{"@type":"Person","@id":"https:\/\/www.blogsoestado.com\/danielmatos\/#\/schema\/person\/9a209d407cd45631f131e1285b661bb0","name":"Daniel Matos","image":{"@type":"ImageObject","inLanguage":"pt-BR","@id":"https:\/\/www.blogsoestado.com\/danielmatos\/#\/schema\/person\/image\/","url":"https:\/\/secure.gravatar.com\/avatar\/2f26c36ee355da19a257f0dfef43952a2588b324ca35d6719e859fe338ac0392?s=96&d=mm&r=g","contentUrl":"https:\/\/secure.gravatar.com\/avatar\/2f26c36ee355da19a257f0dfef43952a2588b324ca35d6719e859fe338ac0392?s=96&d=mm&r=g","caption":"Daniel Matos"},"url":"https:\/\/www.blogsoestado.com\/danielmatos\/author\/danielmatos\/"}]}},"jetpack_featured_media_url":"","_links":{"self":[{"href":"https:\/\/www.blogsoestado.com\/danielmatos\/wp-json\/wp\/v2\/posts\/157301","targetHints":{"allow":["GET"]}}],"collection":[{"href":"https:\/\/www.blogsoestado.com\/danielmatos\/wp-json\/wp\/v2\/posts"}],"about":[{"href":"https:\/\/www.blogsoestado.com\/danielmatos\/wp-json\/wp\/v2\/types\/post"}],"author":[{"embeddable":true,"href":"https:\/\/www.blogsoestado.com\/danielmatos\/wp-json\/wp\/v2\/users\/2"}],"replies":[{"embeddable":true,"href":"https:\/\/www.blogsoestado.com\/danielmatos\/wp-json\/wp\/v2\/comments?post=157301"}],"version-history":[{"count":1,"href":"https:\/\/www.blogsoestado.com\/danielmatos\/wp-json\/wp\/v2\/posts\/157301\/revisions"}],"predecessor-version":[{"id":157308,"href":"https:\/\/www.blogsoestado.com\/danielmatos\/wp-json\/wp\/v2\/posts\/157301\/revisions\/157308"}],"wp:attachment":[{"href":"https:\/\/www.blogsoestado.com\/danielmatos\/wp-json\/wp\/v2\/media?parent=157301"}],"wp:term":[{"taxonomy":"category","embeddable":true,"href":"https:\/\/www.blogsoestado.com\/danielmatos\/wp-json\/wp\/v2\/categories?post=157301"},{"taxonomy":"post_tag","embeddable":true,"href":"https:\/\/www.blogsoestado.com\/danielmatos\/wp-json\/wp\/v2\/tags?post=157301"}],"curies":[{"name":"wp","href":"https:\/\/api.w.org\/{rel}","templated":true}]}}