{"id":157326,"date":"2026-04-27T06:51:18","date_gmt":"2026-04-27T09:51:18","guid":{"rendered":"https:\/\/www.blogsoestado.com\/danielmatos\/?p=157326"},"modified":"2026-04-27T06:51:32","modified_gmt":"2026-04-27T09:51:32","slug":"o-melhor-para-a-regiao-tocantina-e-orleans-brandao-afirma-presidente-da-camara-de-imperatriz","status":"publish","type":"post","link":"https:\/\/www.blogsoestado.com\/danielmatos\/o-melhor-para-a-regiao-tocantina-e-orleans-brandao-afirma-presidente-da-camara-de-imperatriz\/","title":{"rendered":"\u201dO melhor para a Regi\u00e3o Tocantina \u00e9 Orleans Brand\u00e3o\u201d, afirma presidente da C\u00e2mara de Imperatriz"},"content":{"rendered":"\n<figure class=\"wp-block-image aligncenter size-large\"><img fetchpriority=\"high\" decoding=\"async\" width=\"1024\" height=\"869\" src=\"https:\/\/www.blogsoestado.com\/danielmatos\/wp-content\/uploads\/sites\/2\/2026\/04\/1005489194-1024x869.jpg\" alt=\"\" class=\"wp-image-157327\" srcset=\"https:\/\/www.blogsoestado.com\/danielmatos\/wp-content\/uploads\/sites\/2\/2026\/04\/1005489194-1024x869.jpg 1024w, https:\/\/www.blogsoestado.com\/danielmatos\/wp-content\/uploads\/sites\/2\/2026\/04\/1005489194-300x254.jpg 300w, https:\/\/www.blogsoestado.com\/danielmatos\/wp-content\/uploads\/sites\/2\/2026\/04\/1005489194-768x651.jpg 768w, https:\/\/www.blogsoestado.com\/danielmatos\/wp-content\/uploads\/sites\/2\/2026\/04\/1005489194-1536x1303.jpg 1536w, https:\/\/www.blogsoestado.com\/danielmatos\/wp-content\/uploads\/sites\/2\/2026\/04\/1005489194.jpg 1595w\" sizes=\"(max-width: 1024px) 100vw, 1024px\" \/><figcaption class=\"wp-element-caption\">Adhemar de Freitas falou em nome de centenas de vereadores que participaram do gigantesco ato pol\u00edtico em apoio ao pr\u00e9-candidato a governador Orleans Brand\u00e3o (MDB)<\/figcaption><\/figure>\n\n\n\n<p>Em forte discurso no encontro Por Todo o Maranh\u00e3o, na noite de s\u00e1bado (25), o presidente da C\u00e2mara de Vereadores de Imperatriz, Adhemar Freitas J\u00fanior, reconheceu a import\u00e2ncia dada pelo Governo Carlos Brand\u00e3o \u00e0 Regi\u00e3o Tocantina, com investimento em obras e servi\u00e7os, e defendeu a sua continuidade. \u201cN\u00e3o aceitaremos mais sermos tratados com abandono, a ficar em segundo plano. Por isso, o melhor para n\u00f3s \u00e9 Orleans Brand\u00e3o\u201d, afirmou ele.<\/p>\n\n\n\n<p>Adhemar de Freitas falou em nome de centenas de vereadores que participaram do gigantesco ato pol\u00edtico em apoio ao pr\u00e9-candidato a governador Orleans Brand\u00e3o (MDB). Ele ressaltou que a juventude, a capacidade pol\u00edtica e o conhecimento das necessidades e potenciais do estado fazem de Orleans o mais preparado para conduzir o desenvolvimento do Maranh\u00e3o. \u201cN\u00f3s vereadores conhecemos cada cidade, cada bairro e as ang\u00fastias dos cidad\u00e3os. E nosso pr\u00e9-candidato conhece o Maranh\u00e3o de ponta a ponta, com a capacidade de ouvir as pessoas e resolver os problemas\u201d, acrescentou o presidente da C\u00e2mara de Imperatriz.<\/p>\n\n\n\n<p>Por fim, ele afirmou que a classe pol\u00edtica e os cidad\u00e3os da Regi\u00e3o Tocantina caminhar\u00e3o junto com Orleans Brand\u00e3o: \u201cVamos levar a sua mensagem de porta em porta, de bairro em bairro, mostrando \u00e0 popula\u00e7\u00e3o quem \u00e9 o melhor para nossa regi\u00e3o\u201d.<\/p>\n\n\n\n<p><\/p>\n","protected":false},"excerpt":{"rendered":"<p>Em forte discurso no encontro Por Todo o Maranh\u00e3o, na noite de s\u00e1bado (25), o presidente da C\u00e2mara de Vereadores [&hellip;]<\/p>\n","protected":false},"author":2,"featured_media":0,"comment_status":"open","ping_status":"open","sticky":false,"template":"","format":"standard","meta":{"site-sidebar-layout":"default","site-content-layout":"","ast-site-content-layout":"default","site-content-style":"default","site-sidebar-style":"default","ast-global-header-display":"","ast-banner-title-visibility":"","ast-main-header-display":"","ast-hfb-above-header-display":"","ast-hfb-below-header-display":"","ast-hfb-mobile-header-display":"","site-post-title":"","ast-breadcrumbs-content":"","ast-featured-img":"","footer-sml-layout":"","ast-disable-related-posts":"","theme-transparent-header-meta":"","adv-header-id-meta":"","stick-header-meta":"","header-above-stick-meta":"","header-main-stick-meta":"","header-below-stick-meta":"","astra-migrate-meta-layouts":"default","ast-page-background-enabled":"default","ast-page-background-meta":{"desktop":{"background-color":"var(--ast-global-color-5)","background-image":"","background-repeat":"repeat","background-position":"center center","background-size":"auto","background-attachment":"scroll","background-type":"","background-media":"","overlay-type":"","overlay-color":"","overlay-opacity":"","overlay-gradient":""},"tablet":{"background-color":"","background-image":"","background-repeat":"repeat","background-position":"center center","background-size":"auto","background-attachment":"scroll","background-type":"","background-media":"","overlay-type":"","overlay-color":"","overlay-opacity":"","overlay-gradient":""},"mobile":{"background-color":"","background-image":"","background-repeat":"repeat","background-position":"center center","background-size":"auto","background-attachment":"scroll","background-type":"","background-media":"","overlay-type":"","overlay-color":"","overlay-opacity":"","overlay-gradient":""}},"ast-content-background-meta":{"desktop":{"background-color":"var(--ast-global-color-4)","background-image":"","background-repeat":"repeat","background-position":"center center","background-size":"auto","background-attachment":"scroll","background-type":"","background-media":"","overlay-type":"","overlay-color":"","overlay-opacity":"","overlay-gradient":""},"tablet":{"background-color":"var(--ast-global-color-4)","background-image":"","background-repeat":"repeat","background-position":"center center","background-size":"auto","background-attachment":"scroll","background-type":"","background-media":"","overlay-type":"","overlay-color":"","overlay-opacity":"","overlay-gradient":""},"mobile":{"background-color":"var(--ast-global-color-4)","background-image":"","background-repeat":"repeat","background-position":"center center","background-size":"auto","background-attachment":"scroll","background-type":"","background-media":"","overlay-type":"","overlay-color":"","overlay-opacity":"","overlay-gradient":""}},"footnotes":""},"categories":[1],"tags":[],"class_list":["post-157326","post","type-post","status-publish","format-standard","hentry","category-sem-categoria"],"yoast_head":"<!-- This site is optimized with the Yoast SEO plugin v26.6 - https:\/\/yoast.com\/wordpress\/plugins\/seo\/ -->\n<title>\u201dO melhor para a Regi\u00e3o Tocantina \u00e9 Orleans Brand\u00e3o\u201d, afirma presidente da C\u00e2mara de Imperatriz - Daniel Matos<\/title>\n<meta name=\"robots\" content=\"index, follow, max-snippet:-1, max-image-preview:large, max-video-preview:-1\" \/>\n<link rel=\"canonical\" href=\"https:\/\/www.blogsoestado.com\/danielmatos\/o-melhor-para-a-regiao-tocantina-e-orleans-brandao-afirma-presidente-da-camara-de-imperatriz\/\" \/>\n<meta property=\"og:locale\" content=\"pt_BR\" \/>\n<meta property=\"og:type\" content=\"article\" \/>\n<meta property=\"og:title\" content=\"\u201dO melhor para a Regi\u00e3o Tocantina \u00e9 Orleans Brand\u00e3o\u201d, afirma presidente da C\u00e2mara de Imperatriz - Daniel Matos\" \/>\n<meta property=\"og:description\" content=\"Em forte discurso no encontro Por Todo o Maranh\u00e3o, na noite de s\u00e1bado (25), o presidente da C\u00e2mara de Vereadores [&hellip;]\" \/>\n<meta property=\"og:url\" content=\"https:\/\/www.blogsoestado.com\/danielmatos\/o-melhor-para-a-regiao-tocantina-e-orleans-brandao-afirma-presidente-da-camara-de-imperatriz\/\" \/>\n<meta property=\"og:site_name\" content=\"Daniel Matos\" \/>\n<meta property=\"article:published_time\" content=\"2026-04-27T09:51:18+00:00\" \/>\n<meta property=\"article:modified_time\" content=\"2026-04-27T09:51:32+00:00\" \/>\n<meta property=\"og:image\" content=\"https:\/\/www.blogsoestado.com\/danielmatos\/wp-content\/uploads\/sites\/2\/2026\/04\/1005489194.jpg\" \/>\n\t<meta property=\"og:image:width\" content=\"1595\" \/>\n\t<meta property=\"og:image:height\" content=\"1353\" \/>\n\t<meta property=\"og:image:type\" content=\"image\/jpeg\" \/>\n<meta name=\"author\" content=\"Daniel Matos\" \/>\n<meta name=\"twitter:card\" content=\"summary_large_image\" \/>\n<meta name=\"twitter:label1\" content=\"Escrito por\" \/>\n\t<meta name=\"twitter:data1\" content=\"Daniel Matos\" \/>\n\t<meta name=\"twitter:label2\" content=\"Est. tempo de leitura\" \/>\n\t<meta name=\"twitter:data2\" content=\"2 minutos\" \/>\n<script type=\"application\/ld+json\" class=\"yoast-schema-graph\">{\"@context\":\"https:\/\/schema.org\",\"@graph\":[{\"@type\":\"WebPage\",\"@id\":\"https:\/\/www.blogsoestado.com\/danielmatos\/o-melhor-para-a-regiao-tocantina-e-orleans-brandao-afirma-presidente-da-camara-de-imperatriz\/\",\"url\":\"https:\/\/www.blogsoestado.com\/danielmatos\/o-melhor-para-a-regiao-tocantina-e-orleans-brandao-afirma-presidente-da-camara-de-imperatriz\/\",\"name\":\"\u201dO melhor para a Regi\u00e3o Tocantina \u00e9 Orleans Brand\u00e3o\u201d, afirma presidente da C\u00e2mara de Imperatriz - Daniel Matos\",\"isPartOf\":{\"@id\":\"https:\/\/www.blogsoestado.com\/danielmatos\/#website\"},\"primaryImageOfPage\":{\"@id\":\"https:\/\/www.blogsoestado.com\/danielmatos\/o-melhor-para-a-regiao-tocantina-e-orleans-brandao-afirma-presidente-da-camara-de-imperatriz\/#primaryimage\"},\"image\":{\"@id\":\"https:\/\/www.blogsoestado.com\/danielmatos\/o-melhor-para-a-regiao-tocantina-e-orleans-brandao-afirma-presidente-da-camara-de-imperatriz\/#primaryimage\"},\"thumbnailUrl\":\"https:\/\/www.blogsoestado.com\/danielmatos\/wp-content\/uploads\/sites\/2\/2026\/04\/1005489194-1024x869.jpg\",\"datePublished\":\"2026-04-27T09:51:18+00:00\",\"dateModified\":\"2026-04-27T09:51:32+00:00\",\"author\":{\"@id\":\"https:\/\/www.blogsoestado.com\/danielmatos\/#\/schema\/person\/9a209d407cd45631f131e1285b661bb0\"},\"breadcrumb\":{\"@id\":\"https:\/\/www.blogsoestado.com\/danielmatos\/o-melhor-para-a-regiao-tocantina-e-orleans-brandao-afirma-presidente-da-camara-de-imperatriz\/#breadcrumb\"},\"inLanguage\":\"pt-BR\",\"potentialAction\":[{\"@type\":\"ReadAction\",\"target\":[\"https:\/\/www.blogsoestado.com\/danielmatos\/o-melhor-para-a-regiao-tocantina-e-orleans-brandao-afirma-presidente-da-camara-de-imperatriz\/\"]}]},{\"@type\":\"ImageObject\",\"inLanguage\":\"pt-BR\",\"@id\":\"https:\/\/www.blogsoestado.com\/danielmatos\/o-melhor-para-a-regiao-tocantina-e-orleans-brandao-afirma-presidente-da-camara-de-imperatriz\/#primaryimage\",\"url\":\"https:\/\/www.blogsoestado.com\/danielmatos\/wp-content\/uploads\/sites\/2\/2026\/04\/1005489194.jpg\",\"contentUrl\":\"https:\/\/www.blogsoestado.com\/danielmatos\/wp-content\/uploads\/sites\/2\/2026\/04\/1005489194.jpg\",\"width\":1595,\"height\":1353},{\"@type\":\"BreadcrumbList\",\"@id\":\"https:\/\/www.blogsoestado.com\/danielmatos\/o-melhor-para-a-regiao-tocantina-e-orleans-brandao-afirma-presidente-da-camara-de-imperatriz\/#breadcrumb\",\"itemListElement\":[{\"@type\":\"ListItem\",\"position\":1,\"name\":\"In\u00edcio\",\"item\":\"https:\/\/www.blogsoestado.com\/danielmatos\/\"},{\"@type\":\"ListItem\",\"position\":2,\"name\":\"\u201dO melhor para a Regi\u00e3o Tocantina \u00e9 Orleans Brand\u00e3o\u201d, afirma presidente da C\u00e2mara de Imperatriz\"}]},{\"@type\":\"WebSite\",\"@id\":\"https:\/\/www.blogsoestado.com\/danielmatos\/#website\",\"url\":\"https:\/\/www.blogsoestado.com\/danielmatos\/\",\"name\":\"Daniel Matos\",\"description\":\"\",\"potentialAction\":[{\"@type\":\"SearchAction\",\"target\":{\"@type\":\"EntryPoint\",\"urlTemplate\":\"https:\/\/www.blogsoestado.com\/danielmatos\/?s={search_term_string}\"},\"query-input\":{\"@type\":\"PropertyValueSpecification\",\"valueRequired\":true,\"valueName\":\"search_term_string\"}}],\"inLanguage\":\"pt-BR\"},{\"@type\":\"Person\",\"@id\":\"https:\/\/www.blogsoestado.com\/danielmatos\/#\/schema\/person\/9a209d407cd45631f131e1285b661bb0\",\"name\":\"Daniel Matos\",\"image\":{\"@type\":\"ImageObject\",\"inLanguage\":\"pt-BR\",\"@id\":\"https:\/\/www.blogsoestado.com\/danielmatos\/#\/schema\/person\/image\/\",\"url\":\"https:\/\/secure.gravatar.com\/avatar\/2f26c36ee355da19a257f0dfef43952a2588b324ca35d6719e859fe338ac0392?s=96&d=mm&r=g\",\"contentUrl\":\"https:\/\/secure.gravatar.com\/avatar\/2f26c36ee355da19a257f0dfef43952a2588b324ca35d6719e859fe338ac0392?s=96&d=mm&r=g\",\"caption\":\"Daniel Matos\"},\"url\":\"https:\/\/www.blogsoestado.com\/danielmatos\/author\/danielmatos\/\"}]}<\/script>\n<!-- \/ Yoast SEO plugin. -->","yoast_head_json":{"title":"\u201dO melhor para a Regi\u00e3o Tocantina \u00e9 Orleans Brand\u00e3o\u201d, afirma presidente da C\u00e2mara de Imperatriz - Daniel Matos","robots":{"index":"index","follow":"follow","max-snippet":"max-snippet:-1","max-image-preview":"max-image-preview:large","max-video-preview":"max-video-preview:-1"},"canonical":"https:\/\/www.blogsoestado.com\/danielmatos\/o-melhor-para-a-regiao-tocantina-e-orleans-brandao-afirma-presidente-da-camara-de-imperatriz\/","og_locale":"pt_BR","og_type":"article","og_title":"\u201dO melhor para a Regi\u00e3o Tocantina \u00e9 Orleans Brand\u00e3o\u201d, afirma presidente da C\u00e2mara de Imperatriz - Daniel Matos","og_description":"Em forte discurso no encontro Por Todo o Maranh\u00e3o, na noite de s\u00e1bado (25), o presidente da C\u00e2mara de Vereadores [&hellip;]","og_url":"https:\/\/www.blogsoestado.com\/danielmatos\/o-melhor-para-a-regiao-tocantina-e-orleans-brandao-afirma-presidente-da-camara-de-imperatriz\/","og_site_name":"Daniel Matos","article_published_time":"2026-04-27T09:51:18+00:00","article_modified_time":"2026-04-27T09:51:32+00:00","og_image":[{"width":1595,"height":1353,"url":"https:\/\/www.blogsoestado.com\/danielmatos\/wp-content\/uploads\/sites\/2\/2026\/04\/1005489194.jpg","type":"image\/jpeg"}],"author":"Daniel Matos","twitter_card":"summary_large_image","twitter_misc":{"Escrito por":"Daniel Matos","Est. tempo de leitura":"2 minutos"},"schema":{"@context":"https:\/\/schema.org","@graph":[{"@type":"WebPage","@id":"https:\/\/www.blogsoestado.com\/danielmatos\/o-melhor-para-a-regiao-tocantina-e-orleans-brandao-afirma-presidente-da-camara-de-imperatriz\/","url":"https:\/\/www.blogsoestado.com\/danielmatos\/o-melhor-para-a-regiao-tocantina-e-orleans-brandao-afirma-presidente-da-camara-de-imperatriz\/","name":"\u201dO melhor para a Regi\u00e3o Tocantina \u00e9 Orleans Brand\u00e3o\u201d, afirma presidente da C\u00e2mara de Imperatriz - Daniel Matos","isPartOf":{"@id":"https:\/\/www.blogsoestado.com\/danielmatos\/#website"},"primaryImageOfPage":{"@id":"https:\/\/www.blogsoestado.com\/danielmatos\/o-melhor-para-a-regiao-tocantina-e-orleans-brandao-afirma-presidente-da-camara-de-imperatriz\/#primaryimage"},"image":{"@id":"https:\/\/www.blogsoestado.com\/danielmatos\/o-melhor-para-a-regiao-tocantina-e-orleans-brandao-afirma-presidente-da-camara-de-imperatriz\/#primaryimage"},"thumbnailUrl":"https:\/\/www.blogsoestado.com\/danielmatos\/wp-content\/uploads\/sites\/2\/2026\/04\/1005489194-1024x869.jpg","datePublished":"2026-04-27T09:51:18+00:00","dateModified":"2026-04-27T09:51:32+00:00","author":{"@id":"https:\/\/www.blogsoestado.com\/danielmatos\/#\/schema\/person\/9a209d407cd45631f131e1285b661bb0"},"breadcrumb":{"@id":"https:\/\/www.blogsoestado.com\/danielmatos\/o-melhor-para-a-regiao-tocantina-e-orleans-brandao-afirma-presidente-da-camara-de-imperatriz\/#breadcrumb"},"inLanguage":"pt-BR","potentialAction":[{"@type":"ReadAction","target":["https:\/\/www.blogsoestado.com\/danielmatos\/o-melhor-para-a-regiao-tocantina-e-orleans-brandao-afirma-presidente-da-camara-de-imperatriz\/"]}]},{"@type":"ImageObject","inLanguage":"pt-BR","@id":"https:\/\/www.blogsoestado.com\/danielmatos\/o-melhor-para-a-regiao-tocantina-e-orleans-brandao-afirma-presidente-da-camara-de-imperatriz\/#primaryimage","url":"https:\/\/www.blogsoestado.com\/danielmatos\/wp-content\/uploads\/sites\/2\/2026\/04\/1005489194.jpg","contentUrl":"https:\/\/www.blogsoestado.com\/danielmatos\/wp-content\/uploads\/sites\/2\/2026\/04\/1005489194.jpg","width":1595,"height":1353},{"@type":"BreadcrumbList","@id":"https:\/\/www.blogsoestado.com\/danielmatos\/o-melhor-para-a-regiao-tocantina-e-orleans-brandao-afirma-presidente-da-camara-de-imperatriz\/#breadcrumb","itemListElement":[{"@type":"ListItem","position":1,"name":"In\u00edcio","item":"https:\/\/www.blogsoestado.com\/danielmatos\/"},{"@type":"ListItem","position":2,"name":"\u201dO melhor para a Regi\u00e3o Tocantina \u00e9 Orleans Brand\u00e3o\u201d, afirma presidente da C\u00e2mara de Imperatriz"}]},{"@type":"WebSite","@id":"https:\/\/www.blogsoestado.com\/danielmatos\/#website","url":"https:\/\/www.blogsoestado.com\/danielmatos\/","name":"Daniel Matos","description":"","potentialAction":[{"@type":"SearchAction","target":{"@type":"EntryPoint","urlTemplate":"https:\/\/www.blogsoestado.com\/danielmatos\/?s={search_term_string}"},"query-input":{"@type":"PropertyValueSpecification","valueRequired":true,"valueName":"search_term_string"}}],"inLanguage":"pt-BR"},{"@type":"Person","@id":"https:\/\/www.blogsoestado.com\/danielmatos\/#\/schema\/person\/9a209d407cd45631f131e1285b661bb0","name":"Daniel Matos","image":{"@type":"ImageObject","inLanguage":"pt-BR","@id":"https:\/\/www.blogsoestado.com\/danielmatos\/#\/schema\/person\/image\/","url":"https:\/\/secure.gravatar.com\/avatar\/2f26c36ee355da19a257f0dfef43952a2588b324ca35d6719e859fe338ac0392?s=96&d=mm&r=g","contentUrl":"https:\/\/secure.gravatar.com\/avatar\/2f26c36ee355da19a257f0dfef43952a2588b324ca35d6719e859fe338ac0392?s=96&d=mm&r=g","caption":"Daniel Matos"},"url":"https:\/\/www.blogsoestado.com\/danielmatos\/author\/danielmatos\/"}]}},"jetpack_featured_media_url":"","_links":{"self":[{"href":"https:\/\/www.blogsoestado.com\/danielmatos\/wp-json\/wp\/v2\/posts\/157326","targetHints":{"allow":["GET"]}}],"collection":[{"href":"https:\/\/www.blogsoestado.com\/danielmatos\/wp-json\/wp\/v2\/posts"}],"about":[{"href":"https:\/\/www.blogsoestado.com\/danielmatos\/wp-json\/wp\/v2\/types\/post"}],"author":[{"embeddable":true,"href":"https:\/\/www.blogsoestado.com\/danielmatos\/wp-json\/wp\/v2\/users\/2"}],"replies":[{"embeddable":true,"href":"https:\/\/www.blogsoestado.com\/danielmatos\/wp-json\/wp\/v2\/comments?post=157326"}],"version-history":[{"count":1,"href":"https:\/\/www.blogsoestado.com\/danielmatos\/wp-json\/wp\/v2\/posts\/157326\/revisions"}],"predecessor-version":[{"id":157328,"href":"https:\/\/www.blogsoestado.com\/danielmatos\/wp-json\/wp\/v2\/posts\/157326\/revisions\/157328"}],"wp:attachment":[{"href":"https:\/\/www.blogsoestado.com\/danielmatos\/wp-json\/wp\/v2\/media?parent=157326"}],"wp:term":[{"taxonomy":"category","embeddable":true,"href":"https:\/\/www.blogsoestado.com\/danielmatos\/wp-json\/wp\/v2\/categories?post=157326"},{"taxonomy":"post_tag","embeddable":true,"href":"https:\/\/www.blogsoestado.com\/danielmatos\/wp-json\/wp\/v2\/tags?post=157326"}],"curies":[{"name":"wp","href":"https:\/\/api.w.org\/{rel}","templated":true}]}}