{"id":157332,"date":"2026-04-27T10:28:23","date_gmt":"2026-04-27T13:28:23","guid":{"rendered":"https:\/\/www.blogsoestado.com\/danielmatos\/?p=157332"},"modified":"2026-04-27T10:28:34","modified_gmt":"2026-04-27T13:28:34","slug":"shopping-da-ilha-lanca-campanha-maeranhense-o-dom-de-amare-celebra-historias-reais-de-maes-maranhenses","status":"publish","type":"post","link":"https:\/\/www.blogsoestado.com\/danielmatos\/shopping-da-ilha-lanca-campanha-maeranhense-o-dom-de-amare-celebra-historias-reais-de-maes-maranhenses\/","title":{"rendered":"Shopping da Ilha lan\u00e7a campanha \u201cM\u00c3Eranhense \u2013 O Dom de Amar\u201de celebra hist\u00f3rias reais de m\u00e3es maranhenses"},"content":{"rendered":"\n<p><strong><mark style=\"color:#cf2e2e\" class=\"has-inline-color\">Campanha conta com sorteio de um lindo Honda New HR-V EX<\/mark><\/strong><\/p>\n\n\n\n<p>Mais do que uma data comercial, o Dia das M\u00e3es \u00e9 um reflexo de hist\u00f3rias marcadas por for\u00e7a, cuidado e um jeito \u00fanico de amar da m\u00e3e maranhense. Foi a partir dessa ess\u00eancia que o Shopping da Ilha desenvolveu sua campanha de 2026: \u201cM\u00c3Eranhense &#8211; O Dom de Amar\u201d, um projeto que vai al\u00e9m da promo\u00e7\u00e3o e se transforma em uma homenagem \u00e0 maternidade vivida na Ilha do Amor.<\/p>\n\n\n\n<figure class=\"wp-block-image aligncenter size-large\"><img fetchpriority=\"high\" decoding=\"async\" width=\"1024\" height=\"812\" src=\"https:\/\/www.blogsoestado.com\/danielmatos\/wp-content\/uploads\/sites\/2\/2026\/04\/1005490616-1024x812.jpg\" alt=\"\" class=\"wp-image-157333\" srcset=\"https:\/\/www.blogsoestado.com\/danielmatos\/wp-content\/uploads\/sites\/2\/2026\/04\/1005490616-1024x812.jpg 1024w, https:\/\/www.blogsoestado.com\/danielmatos\/wp-content\/uploads\/sites\/2\/2026\/04\/1005490616-300x238.jpg 300w, https:\/\/www.blogsoestado.com\/danielmatos\/wp-content\/uploads\/sites\/2\/2026\/04\/1005490616-768x609.jpg 768w, https:\/\/www.blogsoestado.com\/danielmatos\/wp-content\/uploads\/sites\/2\/2026\/04\/1005490616.jpg 1408w\" sizes=\"(max-width: 1024px) 100vw, 1024px\" \/><figcaption class=\"wp-element-caption\">Honda New HR-V EX, 0km, modelo 2026 ser\u00e1 sorteado na campanha do Dia das M\u00e3es do Shopping da Ilha <\/figcaption><\/figure>\n\n\n\n<p>A campanha re\u00fane mulheres maranhenses que s\u00e3o refer\u00eancia em suas trajet\u00f3rias pessoais e profissionais, m\u00e3es que inspiram outras mulheres por meio de suas hist\u00f3rias reais. Essas narrativas d\u00e3o origem a uma webs\u00e9rie in\u00e9dita, que ser\u00e1 lan\u00e7ada ao longo do per\u00edodo, apresentando diferentes olhares sobre a maternidade no estado.<\/p>\n\n\n\n<p>&#8220;Quer\u00edamos construir uma campanha que fosse al\u00e9m do presente e da promo\u00e7\u00e3o. A ideia foi olhar para a maternidade real, para hist\u00f3rias que representam a for\u00e7a e a sensibilidade das m\u00e3es maranhenses\u201d, destaca a gerente de marketing do Shopping da Ilha, Ana Taborda.<\/p>\n\n\n\n<p>Al\u00e9m da proposta emocional e cultural, a campanha tamb\u00e9m conta com uma mec\u00e2nica promocional que movimenta o per\u00edodo. A partir de 24\/04, com R$ 600 em compras nas lojas participantes, os clientes poder\u00e3o trocar suas notas fiscais por uma bolsa exclusiva da marca Luiza Barcelos, em edi\u00e7\u00e3o especial para o Dia das M\u00e3es, al\u00e9m de concorrer ao sorteio de um Honda New HR-V EX, 0km, modelo 2026.<\/p>\n\n\n\n<p>Para participar, basta cadastrar as notas fiscais pelo aplicativo S\u00e1 App. O cadastro para o sorteio do ve\u00edculo segue at\u00e9 o dia 12 de junho, com resultado no dia 13 de junho.<\/p>\n\n\n\n<p>A iniciativa refor\u00e7a o posicionamento do Shopping da Ilha como um espa\u00e7o que vai al\u00e9m do consumo, conectando experi\u00eancias, cultura e hist\u00f3rias que fazem parte da vida da comunidade.<\/p>\n\n\n\n<p>Confira o regulamento completo no site <a href=\"http:\/\/www.shoppingdailha.com.br\">www.shoppingdailha.com.br<\/a> e acompanhe as novidades pelo instagram <a href=\"http:\/\/@shoppingdailha\">@shoppingdailha<\/a>.<\/p>\n","protected":false},"excerpt":{"rendered":"<p>Campanha conta com sorteio de um lindo Honda New HR-V EX Mais do que uma data comercial, o Dia das [&hellip;]<\/p>\n","protected":false},"author":2,"featured_media":0,"comment_status":"open","ping_status":"open","sticky":false,"template":"","format":"standard","meta":{"site-sidebar-layout":"default","site-content-layout":"","ast-site-content-layout":"default","site-content-style":"default","site-sidebar-style":"default","ast-global-header-display":"","ast-banner-title-visibility":"","ast-main-header-display":"","ast-hfb-above-header-display":"","ast-hfb-below-header-display":"","ast-hfb-mobile-header-display":"","site-post-title":"","ast-breadcrumbs-content":"","ast-featured-img":"","footer-sml-layout":"","ast-disable-related-posts":"","theme-transparent-header-meta":"","adv-header-id-meta":"","stick-header-meta":"","header-above-stick-meta":"","header-main-stick-meta":"","header-below-stick-meta":"","astra-migrate-meta-layouts":"default","ast-page-background-enabled":"default","ast-page-background-meta":{"desktop":{"background-color":"var(--ast-global-color-5)","background-image":"","background-repeat":"repeat","background-position":"center center","background-size":"auto","background-attachment":"scroll","background-type":"","background-media":"","overlay-type":"","overlay-color":"","overlay-opacity":"","overlay-gradient":""},"tablet":{"background-color":"","background-image":"","background-repeat":"repeat","background-position":"center center","background-size":"auto","background-attachment":"scroll","background-type":"","background-media":"","overlay-type":"","overlay-color":"","overlay-opacity":"","overlay-gradient":""},"mobile":{"background-color":"","background-image":"","background-repeat":"repeat","background-position":"center center","background-size":"auto","background-attachment":"scroll","background-type":"","background-media":"","overlay-type":"","overlay-color":"","overlay-opacity":"","overlay-gradient":""}},"ast-content-background-meta":{"desktop":{"background-color":"var(--ast-global-color-4)","background-image":"","background-repeat":"repeat","background-position":"center center","background-size":"auto","background-attachment":"scroll","background-type":"","background-media":"","overlay-type":"","overlay-color":"","overlay-opacity":"","overlay-gradient":""},"tablet":{"background-color":"var(--ast-global-color-4)","background-image":"","background-repeat":"repeat","background-position":"center center","background-size":"auto","background-attachment":"scroll","background-type":"","background-media":"","overlay-type":"","overlay-color":"","overlay-opacity":"","overlay-gradient":""},"mobile":{"background-color":"var(--ast-global-color-4)","background-image":"","background-repeat":"repeat","background-position":"center center","background-size":"auto","background-attachment":"scroll","background-type":"","background-media":"","overlay-type":"","overlay-color":"","overlay-opacity":"","overlay-gradient":""}},"footnotes":""},"categories":[1],"tags":[],"class_list":["post-157332","post","type-post","status-publish","format-standard","hentry","category-sem-categoria"],"yoast_head":"<!-- This site is optimized with the Yoast SEO plugin v26.6 - https:\/\/yoast.com\/wordpress\/plugins\/seo\/ -->\n<title>Shopping da Ilha lan\u00e7a campanha \u201cM\u00c3Eranhense \u2013 O Dom de Amar\u201de celebra hist\u00f3rias reais de m\u00e3es maranhenses - Daniel Matos<\/title>\n<meta name=\"robots\" content=\"index, follow, max-snippet:-1, max-image-preview:large, max-video-preview:-1\" \/>\n<link rel=\"canonical\" href=\"https:\/\/www.blogsoestado.com\/danielmatos\/shopping-da-ilha-lanca-campanha-maeranhense-o-dom-de-amare-celebra-historias-reais-de-maes-maranhenses\/\" \/>\n<meta property=\"og:locale\" content=\"pt_BR\" \/>\n<meta property=\"og:type\" content=\"article\" \/>\n<meta property=\"og:title\" content=\"Shopping da Ilha lan\u00e7a campanha \u201cM\u00c3Eranhense \u2013 O Dom de Amar\u201de celebra hist\u00f3rias reais de m\u00e3es maranhenses - Daniel Matos\" \/>\n<meta property=\"og:description\" content=\"Campanha conta com sorteio de um lindo Honda New HR-V EX Mais do que uma data comercial, o Dia das [&hellip;]\" \/>\n<meta property=\"og:url\" content=\"https:\/\/www.blogsoestado.com\/danielmatos\/shopping-da-ilha-lanca-campanha-maeranhense-o-dom-de-amare-celebra-historias-reais-de-maes-maranhenses\/\" \/>\n<meta property=\"og:site_name\" content=\"Daniel Matos\" \/>\n<meta property=\"article:published_time\" content=\"2026-04-27T13:28:23+00:00\" \/>\n<meta property=\"article:modified_time\" content=\"2026-04-27T13:28:34+00:00\" \/>\n<meta property=\"og:image\" content=\"https:\/\/www.blogsoestado.com\/danielmatos\/wp-content\/uploads\/sites\/2\/2026\/04\/1005490616.jpg\" \/>\n\t<meta property=\"og:image:width\" content=\"1408\" \/>\n\t<meta property=\"og:image:height\" content=\"1117\" \/>\n\t<meta property=\"og:image:type\" content=\"image\/jpeg\" \/>\n<meta name=\"author\" content=\"Daniel Matos\" \/>\n<meta name=\"twitter:card\" content=\"summary_large_image\" \/>\n<meta name=\"twitter:label1\" content=\"Escrito por\" \/>\n\t<meta name=\"twitter:data1\" content=\"Daniel Matos\" \/>\n\t<meta name=\"twitter:label2\" content=\"Est. tempo de leitura\" \/>\n\t<meta name=\"twitter:data2\" content=\"3 minutos\" \/>\n<script type=\"application\/ld+json\" class=\"yoast-schema-graph\">{\"@context\":\"https:\/\/schema.org\",\"@graph\":[{\"@type\":\"WebPage\",\"@id\":\"https:\/\/www.blogsoestado.com\/danielmatos\/shopping-da-ilha-lanca-campanha-maeranhense-o-dom-de-amare-celebra-historias-reais-de-maes-maranhenses\/\",\"url\":\"https:\/\/www.blogsoestado.com\/danielmatos\/shopping-da-ilha-lanca-campanha-maeranhense-o-dom-de-amare-celebra-historias-reais-de-maes-maranhenses\/\",\"name\":\"Shopping da Ilha lan\u00e7a campanha \u201cM\u00c3Eranhense \u2013 O Dom de Amar\u201de celebra hist\u00f3rias reais de m\u00e3es maranhenses - Daniel Matos\",\"isPartOf\":{\"@id\":\"https:\/\/www.blogsoestado.com\/danielmatos\/#website\"},\"primaryImageOfPage\":{\"@id\":\"https:\/\/www.blogsoestado.com\/danielmatos\/shopping-da-ilha-lanca-campanha-maeranhense-o-dom-de-amare-celebra-historias-reais-de-maes-maranhenses\/#primaryimage\"},\"image\":{\"@id\":\"https:\/\/www.blogsoestado.com\/danielmatos\/shopping-da-ilha-lanca-campanha-maeranhense-o-dom-de-amare-celebra-historias-reais-de-maes-maranhenses\/#primaryimage\"},\"thumbnailUrl\":\"https:\/\/www.blogsoestado.com\/danielmatos\/wp-content\/uploads\/sites\/2\/2026\/04\/1005490616-1024x812.jpg\",\"datePublished\":\"2026-04-27T13:28:23+00:00\",\"dateModified\":\"2026-04-27T13:28:34+00:00\",\"author\":{\"@id\":\"https:\/\/www.blogsoestado.com\/danielmatos\/#\/schema\/person\/9a209d407cd45631f131e1285b661bb0\"},\"breadcrumb\":{\"@id\":\"https:\/\/www.blogsoestado.com\/danielmatos\/shopping-da-ilha-lanca-campanha-maeranhense-o-dom-de-amare-celebra-historias-reais-de-maes-maranhenses\/#breadcrumb\"},\"inLanguage\":\"pt-BR\",\"potentialAction\":[{\"@type\":\"ReadAction\",\"target\":[\"https:\/\/www.blogsoestado.com\/danielmatos\/shopping-da-ilha-lanca-campanha-maeranhense-o-dom-de-amare-celebra-historias-reais-de-maes-maranhenses\/\"]}]},{\"@type\":\"ImageObject\",\"inLanguage\":\"pt-BR\",\"@id\":\"https:\/\/www.blogsoestado.com\/danielmatos\/shopping-da-ilha-lanca-campanha-maeranhense-o-dom-de-amare-celebra-historias-reais-de-maes-maranhenses\/#primaryimage\",\"url\":\"https:\/\/www.blogsoestado.com\/danielmatos\/wp-content\/uploads\/sites\/2\/2026\/04\/1005490616.jpg\",\"contentUrl\":\"https:\/\/www.blogsoestado.com\/danielmatos\/wp-content\/uploads\/sites\/2\/2026\/04\/1005490616.jpg\",\"width\":1408,\"height\":1117},{\"@type\":\"BreadcrumbList\",\"@id\":\"https:\/\/www.blogsoestado.com\/danielmatos\/shopping-da-ilha-lanca-campanha-maeranhense-o-dom-de-amare-celebra-historias-reais-de-maes-maranhenses\/#breadcrumb\",\"itemListElement\":[{\"@type\":\"ListItem\",\"position\":1,\"name\":\"In\u00edcio\",\"item\":\"https:\/\/www.blogsoestado.com\/danielmatos\/\"},{\"@type\":\"ListItem\",\"position\":2,\"name\":\"Shopping da Ilha lan\u00e7a campanha \u201cM\u00c3Eranhense \u2013 O Dom de Amar\u201de celebra hist\u00f3rias reais de m\u00e3es maranhenses\"}]},{\"@type\":\"WebSite\",\"@id\":\"https:\/\/www.blogsoestado.com\/danielmatos\/#website\",\"url\":\"https:\/\/www.blogsoestado.com\/danielmatos\/\",\"name\":\"Daniel Matos\",\"description\":\"\",\"potentialAction\":[{\"@type\":\"SearchAction\",\"target\":{\"@type\":\"EntryPoint\",\"urlTemplate\":\"https:\/\/www.blogsoestado.com\/danielmatos\/?s={search_term_string}\"},\"query-input\":{\"@type\":\"PropertyValueSpecification\",\"valueRequired\":true,\"valueName\":\"search_term_string\"}}],\"inLanguage\":\"pt-BR\"},{\"@type\":\"Person\",\"@id\":\"https:\/\/www.blogsoestado.com\/danielmatos\/#\/schema\/person\/9a209d407cd45631f131e1285b661bb0\",\"name\":\"Daniel Matos\",\"image\":{\"@type\":\"ImageObject\",\"inLanguage\":\"pt-BR\",\"@id\":\"https:\/\/www.blogsoestado.com\/danielmatos\/#\/schema\/person\/image\/\",\"url\":\"https:\/\/secure.gravatar.com\/avatar\/2f26c36ee355da19a257f0dfef43952a2588b324ca35d6719e859fe338ac0392?s=96&d=mm&r=g\",\"contentUrl\":\"https:\/\/secure.gravatar.com\/avatar\/2f26c36ee355da19a257f0dfef43952a2588b324ca35d6719e859fe338ac0392?s=96&d=mm&r=g\",\"caption\":\"Daniel Matos\"},\"url\":\"https:\/\/www.blogsoestado.com\/danielmatos\/author\/danielmatos\/\"}]}<\/script>\n<!-- \/ Yoast SEO plugin. -->","yoast_head_json":{"title":"Shopping da Ilha lan\u00e7a campanha \u201cM\u00c3Eranhense \u2013 O Dom de Amar\u201de celebra hist\u00f3rias reais de m\u00e3es maranhenses - Daniel Matos","robots":{"index":"index","follow":"follow","max-snippet":"max-snippet:-1","max-image-preview":"max-image-preview:large","max-video-preview":"max-video-preview:-1"},"canonical":"https:\/\/www.blogsoestado.com\/danielmatos\/shopping-da-ilha-lanca-campanha-maeranhense-o-dom-de-amare-celebra-historias-reais-de-maes-maranhenses\/","og_locale":"pt_BR","og_type":"article","og_title":"Shopping da Ilha lan\u00e7a campanha \u201cM\u00c3Eranhense \u2013 O Dom de Amar\u201de celebra hist\u00f3rias reais de m\u00e3es maranhenses - Daniel Matos","og_description":"Campanha conta com sorteio de um lindo Honda New HR-V EX Mais do que uma data comercial, o Dia das [&hellip;]","og_url":"https:\/\/www.blogsoestado.com\/danielmatos\/shopping-da-ilha-lanca-campanha-maeranhense-o-dom-de-amare-celebra-historias-reais-de-maes-maranhenses\/","og_site_name":"Daniel Matos","article_published_time":"2026-04-27T13:28:23+00:00","article_modified_time":"2026-04-27T13:28:34+00:00","og_image":[{"width":1408,"height":1117,"url":"https:\/\/www.blogsoestado.com\/danielmatos\/wp-content\/uploads\/sites\/2\/2026\/04\/1005490616.jpg","type":"image\/jpeg"}],"author":"Daniel Matos","twitter_card":"summary_large_image","twitter_misc":{"Escrito por":"Daniel Matos","Est. tempo de leitura":"3 minutos"},"schema":{"@context":"https:\/\/schema.org","@graph":[{"@type":"WebPage","@id":"https:\/\/www.blogsoestado.com\/danielmatos\/shopping-da-ilha-lanca-campanha-maeranhense-o-dom-de-amare-celebra-historias-reais-de-maes-maranhenses\/","url":"https:\/\/www.blogsoestado.com\/danielmatos\/shopping-da-ilha-lanca-campanha-maeranhense-o-dom-de-amare-celebra-historias-reais-de-maes-maranhenses\/","name":"Shopping da Ilha lan\u00e7a campanha \u201cM\u00c3Eranhense \u2013 O Dom de Amar\u201de celebra hist\u00f3rias reais de m\u00e3es maranhenses - Daniel Matos","isPartOf":{"@id":"https:\/\/www.blogsoestado.com\/danielmatos\/#website"},"primaryImageOfPage":{"@id":"https:\/\/www.blogsoestado.com\/danielmatos\/shopping-da-ilha-lanca-campanha-maeranhense-o-dom-de-amare-celebra-historias-reais-de-maes-maranhenses\/#primaryimage"},"image":{"@id":"https:\/\/www.blogsoestado.com\/danielmatos\/shopping-da-ilha-lanca-campanha-maeranhense-o-dom-de-amare-celebra-historias-reais-de-maes-maranhenses\/#primaryimage"},"thumbnailUrl":"https:\/\/www.blogsoestado.com\/danielmatos\/wp-content\/uploads\/sites\/2\/2026\/04\/1005490616-1024x812.jpg","datePublished":"2026-04-27T13:28:23+00:00","dateModified":"2026-04-27T13:28:34+00:00","author":{"@id":"https:\/\/www.blogsoestado.com\/danielmatos\/#\/schema\/person\/9a209d407cd45631f131e1285b661bb0"},"breadcrumb":{"@id":"https:\/\/www.blogsoestado.com\/danielmatos\/shopping-da-ilha-lanca-campanha-maeranhense-o-dom-de-amare-celebra-historias-reais-de-maes-maranhenses\/#breadcrumb"},"inLanguage":"pt-BR","potentialAction":[{"@type":"ReadAction","target":["https:\/\/www.blogsoestado.com\/danielmatos\/shopping-da-ilha-lanca-campanha-maeranhense-o-dom-de-amare-celebra-historias-reais-de-maes-maranhenses\/"]}]},{"@type":"ImageObject","inLanguage":"pt-BR","@id":"https:\/\/www.blogsoestado.com\/danielmatos\/shopping-da-ilha-lanca-campanha-maeranhense-o-dom-de-amare-celebra-historias-reais-de-maes-maranhenses\/#primaryimage","url":"https:\/\/www.blogsoestado.com\/danielmatos\/wp-content\/uploads\/sites\/2\/2026\/04\/1005490616.jpg","contentUrl":"https:\/\/www.blogsoestado.com\/danielmatos\/wp-content\/uploads\/sites\/2\/2026\/04\/1005490616.jpg","width":1408,"height":1117},{"@type":"BreadcrumbList","@id":"https:\/\/www.blogsoestado.com\/danielmatos\/shopping-da-ilha-lanca-campanha-maeranhense-o-dom-de-amare-celebra-historias-reais-de-maes-maranhenses\/#breadcrumb","itemListElement":[{"@type":"ListItem","position":1,"name":"In\u00edcio","item":"https:\/\/www.blogsoestado.com\/danielmatos\/"},{"@type":"ListItem","position":2,"name":"Shopping da Ilha lan\u00e7a campanha \u201cM\u00c3Eranhense \u2013 O Dom de Amar\u201de celebra hist\u00f3rias reais de m\u00e3es maranhenses"}]},{"@type":"WebSite","@id":"https:\/\/www.blogsoestado.com\/danielmatos\/#website","url":"https:\/\/www.blogsoestado.com\/danielmatos\/","name":"Daniel Matos","description":"","potentialAction":[{"@type":"SearchAction","target":{"@type":"EntryPoint","urlTemplate":"https:\/\/www.blogsoestado.com\/danielmatos\/?s={search_term_string}"},"query-input":{"@type":"PropertyValueSpecification","valueRequired":true,"valueName":"search_term_string"}}],"inLanguage":"pt-BR"},{"@type":"Person","@id":"https:\/\/www.blogsoestado.com\/danielmatos\/#\/schema\/person\/9a209d407cd45631f131e1285b661bb0","name":"Daniel Matos","image":{"@type":"ImageObject","inLanguage":"pt-BR","@id":"https:\/\/www.blogsoestado.com\/danielmatos\/#\/schema\/person\/image\/","url":"https:\/\/secure.gravatar.com\/avatar\/2f26c36ee355da19a257f0dfef43952a2588b324ca35d6719e859fe338ac0392?s=96&d=mm&r=g","contentUrl":"https:\/\/secure.gravatar.com\/avatar\/2f26c36ee355da19a257f0dfef43952a2588b324ca35d6719e859fe338ac0392?s=96&d=mm&r=g","caption":"Daniel Matos"},"url":"https:\/\/www.blogsoestado.com\/danielmatos\/author\/danielmatos\/"}]}},"jetpack_featured_media_url":"","_links":{"self":[{"href":"https:\/\/www.blogsoestado.com\/danielmatos\/wp-json\/wp\/v2\/posts\/157332","targetHints":{"allow":["GET"]}}],"collection":[{"href":"https:\/\/www.blogsoestado.com\/danielmatos\/wp-json\/wp\/v2\/posts"}],"about":[{"href":"https:\/\/www.blogsoestado.com\/danielmatos\/wp-json\/wp\/v2\/types\/post"}],"author":[{"embeddable":true,"href":"https:\/\/www.blogsoestado.com\/danielmatos\/wp-json\/wp\/v2\/users\/2"}],"replies":[{"embeddable":true,"href":"https:\/\/www.blogsoestado.com\/danielmatos\/wp-json\/wp\/v2\/comments?post=157332"}],"version-history":[{"count":1,"href":"https:\/\/www.blogsoestado.com\/danielmatos\/wp-json\/wp\/v2\/posts\/157332\/revisions"}],"predecessor-version":[{"id":157334,"href":"https:\/\/www.blogsoestado.com\/danielmatos\/wp-json\/wp\/v2\/posts\/157332\/revisions\/157334"}],"wp:attachment":[{"href":"https:\/\/www.blogsoestado.com\/danielmatos\/wp-json\/wp\/v2\/media?parent=157332"}],"wp:term":[{"taxonomy":"category","embeddable":true,"href":"https:\/\/www.blogsoestado.com\/danielmatos\/wp-json\/wp\/v2\/categories?post=157332"},{"taxonomy":"post_tag","embeddable":true,"href":"https:\/\/www.blogsoestado.com\/danielmatos\/wp-json\/wp\/v2\/tags?post=157332"}],"curies":[{"name":"wp","href":"https:\/\/api.w.org\/{rel}","templated":true}]}}