{"id":157340,"date":"2026-04-27T14:40:56","date_gmt":"2026-04-27T17:40:56","guid":{"rendered":"https:\/\/www.blogsoestado.com\/danielmatos\/?p=157340"},"modified":"2026-04-27T14:41:04","modified_gmt":"2026-04-27T17:41:04","slug":"eventos-na-baixada-e-na-regiao-tocantina-consolidam-favoritismo-de-orleans-brandao-na-disputa-pelo-governo","status":"publish","type":"post","link":"https:\/\/www.blogsoestado.com\/danielmatos\/eventos-na-baixada-e-na-regiao-tocantina-consolidam-favoritismo-de-orleans-brandao-na-disputa-pelo-governo\/","title":{"rendered":"Eventos na Baixada e na Regi\u00e3o Tocantina consolidam favoritismo de Orleans Brand\u00e3o na disputa pelo governo"},"content":{"rendered":"\n<figure class=\"wp-block-image aligncenter size-large\"><img fetchpriority=\"high\" decoding=\"async\" width=\"1024\" height=\"682\" src=\"https:\/\/www.blogsoestado.com\/danielmatos\/wp-content\/uploads\/sites\/2\/2026\/04\/1005492115-1024x682.jpg\" alt=\"\" class=\"wp-image-157341\" srcset=\"https:\/\/www.blogsoestado.com\/danielmatos\/wp-content\/uploads\/sites\/2\/2026\/04\/1005492115-1024x682.jpg 1024w, https:\/\/www.blogsoestado.com\/danielmatos\/wp-content\/uploads\/sites\/2\/2026\/04\/1005492115-300x200.jpg 300w, https:\/\/www.blogsoestado.com\/danielmatos\/wp-content\/uploads\/sites\/2\/2026\/04\/1005492115-768x512.jpg 768w, https:\/\/www.blogsoestado.com\/danielmatos\/wp-content\/uploads\/sites\/2\/2026\/04\/1005492115-1536x1023.jpg 1536w, https:\/\/www.blogsoestado.com\/danielmatos\/wp-content\/uploads\/sites\/2\/2026\/04\/1005492115.jpg 1600w\" sizes=\"(max-width: 1024px) 100vw, 1024px\" \/><\/figure>\n\n\n\n<p>Este final de semana na pol\u00edtica maranhense foi marcado por eventos gigantescos realizados pelo pr\u00e9-candidato Orleans Brand\u00e3o (MDB) nas regi\u00f5es da Baixada e Tocantina. Reunindo o povo, prefeitos, vereadores e lideran\u00e7as, o emedebista vai consolidando, ainda na pr\u00e9-campanha, seu favoritismo na corrida pelo Pal\u00e1cio dos Le\u00f5es.<\/p>\n\n\n\n<figure class=\"wp-block-image aligncenter size-large\"><img decoding=\"async\" width=\"1024\" height=\"683\" src=\"https:\/\/www.blogsoestado.com\/danielmatos\/wp-content\/uploads\/sites\/2\/2026\/04\/1005492117-1024x683.jpg\" alt=\"\" class=\"wp-image-157342\" srcset=\"https:\/\/www.blogsoestado.com\/danielmatos\/wp-content\/uploads\/sites\/2\/2026\/04\/1005492117-1024x683.jpg 1024w, https:\/\/www.blogsoestado.com\/danielmatos\/wp-content\/uploads\/sites\/2\/2026\/04\/1005492117-300x200.jpg 300w, https:\/\/www.blogsoestado.com\/danielmatos\/wp-content\/uploads\/sites\/2\/2026\/04\/1005492117-768x512.jpg 768w, https:\/\/www.blogsoestado.com\/danielmatos\/wp-content\/uploads\/sites\/2\/2026\/04\/1005492117.jpg 1500w\" sizes=\"(max-width: 1024px) 100vw, 1024px\" \/><\/figure>\n\n\n\n<p>Na sexta-feira, 25, em Viana, o movimento \u201cPor Todo o Maranh\u00e3o\u201d reuniu, em torno do nome de Orleans Brand\u00e3o, a popula\u00e7\u00e3o de mais de 20 munic\u00edpios da Baixada Maranhense, em uma demonstra\u00e7\u00e3o clara do crescimento de seu projeto junto ao eleitorado e da confian\u00e7a em sua capacidade de di\u00e1logo com a classe pol\u00edtica.<\/p>\n\n\n\n<figure class=\"wp-block-image aligncenter size-large\"><img decoding=\"async\" width=\"683\" height=\"1024\" src=\"https:\/\/www.blogsoestado.com\/danielmatos\/wp-content\/uploads\/sites\/2\/2026\/04\/1005492119-683x1024.jpg\" alt=\"\" class=\"wp-image-157343\" srcset=\"https:\/\/www.blogsoestado.com\/danielmatos\/wp-content\/uploads\/sites\/2\/2026\/04\/1005492119-683x1024.jpg 683w, https:\/\/www.blogsoestado.com\/danielmatos\/wp-content\/uploads\/sites\/2\/2026\/04\/1005492119-200x300.jpg 200w, https:\/\/www.blogsoestado.com\/danielmatos\/wp-content\/uploads\/sites\/2\/2026\/04\/1005492119-768x1152.jpg 768w, https:\/\/www.blogsoestado.com\/danielmatos\/wp-content\/uploads\/sites\/2\/2026\/04\/1005492119.jpg 1000w\" sizes=\"(max-width: 683px) 100vw, 683px\" \/><\/figure>\n\n\n\n<p>No s\u00e1bado, foi a vez da Regi\u00e3o Tocantina receber um dos maiores eventos pol\u00edticos da hist\u00f3ria de Imperatriz. Com a participa\u00e7\u00e3o de mais de 20 mil pessoas e de prefeitos de toda a regi\u00e3o, o ato marcou a consolida\u00e7\u00e3o do favoritismo de Orleans para vencer as elei\u00e7\u00f5es em uma das regi\u00f5es mais importantes do estado.<\/p>\n\n\n\n<figure class=\"wp-block-image aligncenter size-large\"><img loading=\"lazy\" decoding=\"async\" width=\"1024\" height=\"683\" src=\"https:\/\/www.blogsoestado.com\/danielmatos\/wp-content\/uploads\/sites\/2\/2026\/04\/1005492120-1024x683.jpg\" alt=\"\" class=\"wp-image-157344\" srcset=\"https:\/\/www.blogsoestado.com\/danielmatos\/wp-content\/uploads\/sites\/2\/2026\/04\/1005492120-1024x683.jpg 1024w, https:\/\/www.blogsoestado.com\/danielmatos\/wp-content\/uploads\/sites\/2\/2026\/04\/1005492120-300x200.jpg 300w, https:\/\/www.blogsoestado.com\/danielmatos\/wp-content\/uploads\/sites\/2\/2026\/04\/1005492120-768x512.jpg 768w, https:\/\/www.blogsoestado.com\/danielmatos\/wp-content\/uploads\/sites\/2\/2026\/04\/1005492120.jpg 1280w\" sizes=\"(max-width: 1024px) 100vw, 1024px\" \/><\/figure>\n\n\n\n<p>O resultado \u00e9 um cen\u00e1rio que vai al\u00e9m de uma simples mobiliza\u00e7\u00e3o: trata-se de uma pr\u00e9-campanha que ganha corpo, capilaridade e densidade pol\u00edtica em todas as regi\u00f5es do estado.<\/p>\n\n\n\n<figure class=\"wp-block-image aligncenter size-large\"><img loading=\"lazy\" decoding=\"async\" width=\"1024\" height=\"683\" src=\"https:\/\/www.blogsoestado.com\/danielmatos\/wp-content\/uploads\/sites\/2\/2026\/04\/1005492122-1024x683.jpg\" alt=\"\" class=\"wp-image-157345\" srcset=\"https:\/\/www.blogsoestado.com\/danielmatos\/wp-content\/uploads\/sites\/2\/2026\/04\/1005492122-1024x683.jpg 1024w, https:\/\/www.blogsoestado.com\/danielmatos\/wp-content\/uploads\/sites\/2\/2026\/04\/1005492122-300x200.jpg 300w, https:\/\/www.blogsoestado.com\/danielmatos\/wp-content\/uploads\/sites\/2\/2026\/04\/1005492122-768x512.jpg 768w, https:\/\/www.blogsoestado.com\/danielmatos\/wp-content\/uploads\/sites\/2\/2026\/04\/1005492122.jpg 1280w\" sizes=\"(max-width: 1024px) 100vw, 1024px\" \/><\/figure>\n\n\n\n<p>Ao reunir multid\u00f5es, agregar lideran\u00e7as e manter presen\u00e7a constante no interior, Orleans Brand\u00e3o transforma apoio em demonstra\u00e7\u00e3o concreta de for\u00e7a eleitoral. Se o ritmo for mantido, o que se desenha \u00e9 uma candidatura cada vez mais consolidada, que entra na disputa n\u00e3o apenas como competitiva, mas como o nome a ser batido na corrida pelo Governo do Maranh\u00e3o.<\/p>\n","protected":false},"excerpt":{"rendered":"<p>Este final de semana na pol\u00edtica maranhense foi marcado por eventos gigantescos realizados pelo pr\u00e9-candidato Orleans Brand\u00e3o (MDB) nas regi\u00f5es [&hellip;]<\/p>\n","protected":false},"author":2,"featured_media":0,"comment_status":"open","ping_status":"open","sticky":false,"template":"","format":"standard","meta":{"site-sidebar-layout":"default","site-content-layout":"","ast-site-content-layout":"default","site-content-style":"default","site-sidebar-style":"default","ast-global-header-display":"","ast-banner-title-visibility":"","ast-main-header-display":"","ast-hfb-above-header-display":"","ast-hfb-below-header-display":"","ast-hfb-mobile-header-display":"","site-post-title":"","ast-breadcrumbs-content":"","ast-featured-img":"","footer-sml-layout":"","ast-disable-related-posts":"","theme-transparent-header-meta":"","adv-header-id-meta":"","stick-header-meta":"","header-above-stick-meta":"","header-main-stick-meta":"","header-below-stick-meta":"","astra-migrate-meta-layouts":"default","ast-page-background-enabled":"default","ast-page-background-meta":{"desktop":{"background-color":"var(--ast-global-color-5)","background-image":"","background-repeat":"repeat","background-position":"center center","background-size":"auto","background-attachment":"scroll","background-type":"","background-media":"","overlay-type":"","overlay-color":"","overlay-opacity":"","overlay-gradient":""},"tablet":{"background-color":"","background-image":"","background-repeat":"repeat","background-position":"center center","background-size":"auto","background-attachment":"scroll","background-type":"","background-media":"","overlay-type":"","overlay-color":"","overlay-opacity":"","overlay-gradient":""},"mobile":{"background-color":"","background-image":"","background-repeat":"repeat","background-position":"center center","background-size":"auto","background-attachment":"scroll","background-type":"","background-media":"","overlay-type":"","overlay-color":"","overlay-opacity":"","overlay-gradient":""}},"ast-content-background-meta":{"desktop":{"background-color":"var(--ast-global-color-4)","background-image":"","background-repeat":"repeat","background-position":"center center","background-size":"auto","background-attachment":"scroll","background-type":"","background-media":"","overlay-type":"","overlay-color":"","overlay-opacity":"","overlay-gradient":""},"tablet":{"background-color":"var(--ast-global-color-4)","background-image":"","background-repeat":"repeat","background-position":"center center","background-size":"auto","background-attachment":"scroll","background-type":"","background-media":"","overlay-type":"","overlay-color":"","overlay-opacity":"","overlay-gradient":""},"mobile":{"background-color":"var(--ast-global-color-4)","background-image":"","background-repeat":"repeat","background-position":"center center","background-size":"auto","background-attachment":"scroll","background-type":"","background-media":"","overlay-type":"","overlay-color":"","overlay-opacity":"","overlay-gradient":""}},"footnotes":""},"categories":[1],"tags":[],"class_list":["post-157340","post","type-post","status-publish","format-standard","hentry","category-sem-categoria"],"yoast_head":"<!-- This site is optimized with the Yoast SEO plugin v26.6 - https:\/\/yoast.com\/wordpress\/plugins\/seo\/ -->\n<title>Eventos na Baixada e na Regi\u00e3o Tocantina consolidam favoritismo de Orleans Brand\u00e3o na disputa pelo governo - Daniel Matos<\/title>\n<meta name=\"robots\" content=\"index, follow, max-snippet:-1, max-image-preview:large, max-video-preview:-1\" \/>\n<link rel=\"canonical\" href=\"https:\/\/www.blogsoestado.com\/danielmatos\/eventos-na-baixada-e-na-regiao-tocantina-consolidam-favoritismo-de-orleans-brandao-na-disputa-pelo-governo\/\" \/>\n<meta property=\"og:locale\" content=\"pt_BR\" \/>\n<meta property=\"og:type\" content=\"article\" \/>\n<meta property=\"og:title\" content=\"Eventos na Baixada e na Regi\u00e3o Tocantina consolidam favoritismo de Orleans Brand\u00e3o na disputa pelo governo - Daniel Matos\" \/>\n<meta property=\"og:description\" content=\"Este final de semana na pol\u00edtica maranhense foi marcado por eventos gigantescos realizados pelo pr\u00e9-candidato Orleans Brand\u00e3o (MDB) nas regi\u00f5es [&hellip;]\" \/>\n<meta property=\"og:url\" content=\"https:\/\/www.blogsoestado.com\/danielmatos\/eventos-na-baixada-e-na-regiao-tocantina-consolidam-favoritismo-de-orleans-brandao-na-disputa-pelo-governo\/\" \/>\n<meta property=\"og:site_name\" content=\"Daniel Matos\" \/>\n<meta property=\"article:published_time\" content=\"2026-04-27T17:40:56+00:00\" \/>\n<meta property=\"article:modified_time\" content=\"2026-04-27T17:41:04+00:00\" \/>\n<meta property=\"og:image\" content=\"https:\/\/www.blogsoestado.com\/danielmatos\/wp-content\/uploads\/sites\/2\/2026\/04\/1005492115.jpg\" \/>\n\t<meta property=\"og:image:width\" content=\"1600\" \/>\n\t<meta property=\"og:image:height\" content=\"1066\" \/>\n\t<meta property=\"og:image:type\" content=\"image\/jpeg\" \/>\n<meta name=\"author\" content=\"Daniel Matos\" \/>\n<meta name=\"twitter:card\" content=\"summary_large_image\" \/>\n<meta name=\"twitter:label1\" content=\"Escrito por\" \/>\n\t<meta name=\"twitter:data1\" content=\"Daniel Matos\" \/>\n\t<meta name=\"twitter:label2\" content=\"Est. tempo de leitura\" \/>\n\t<meta name=\"twitter:data2\" content=\"3 minutos\" \/>\n<script type=\"application\/ld+json\" class=\"yoast-schema-graph\">{\"@context\":\"https:\/\/schema.org\",\"@graph\":[{\"@type\":\"WebPage\",\"@id\":\"https:\/\/www.blogsoestado.com\/danielmatos\/eventos-na-baixada-e-na-regiao-tocantina-consolidam-favoritismo-de-orleans-brandao-na-disputa-pelo-governo\/\",\"url\":\"https:\/\/www.blogsoestado.com\/danielmatos\/eventos-na-baixada-e-na-regiao-tocantina-consolidam-favoritismo-de-orleans-brandao-na-disputa-pelo-governo\/\",\"name\":\"Eventos na Baixada e na Regi\u00e3o Tocantina consolidam favoritismo de Orleans Brand\u00e3o na disputa pelo governo - Daniel Matos\",\"isPartOf\":{\"@id\":\"https:\/\/www.blogsoestado.com\/danielmatos\/#website\"},\"primaryImageOfPage\":{\"@id\":\"https:\/\/www.blogsoestado.com\/danielmatos\/eventos-na-baixada-e-na-regiao-tocantina-consolidam-favoritismo-de-orleans-brandao-na-disputa-pelo-governo\/#primaryimage\"},\"image\":{\"@id\":\"https:\/\/www.blogsoestado.com\/danielmatos\/eventos-na-baixada-e-na-regiao-tocantina-consolidam-favoritismo-de-orleans-brandao-na-disputa-pelo-governo\/#primaryimage\"},\"thumbnailUrl\":\"https:\/\/www.blogsoestado.com\/danielmatos\/wp-content\/uploads\/sites\/2\/2026\/04\/1005492115-1024x682.jpg\",\"datePublished\":\"2026-04-27T17:40:56+00:00\",\"dateModified\":\"2026-04-27T17:41:04+00:00\",\"author\":{\"@id\":\"https:\/\/www.blogsoestado.com\/danielmatos\/#\/schema\/person\/9a209d407cd45631f131e1285b661bb0\"},\"breadcrumb\":{\"@id\":\"https:\/\/www.blogsoestado.com\/danielmatos\/eventos-na-baixada-e-na-regiao-tocantina-consolidam-favoritismo-de-orleans-brandao-na-disputa-pelo-governo\/#breadcrumb\"},\"inLanguage\":\"pt-BR\",\"potentialAction\":[{\"@type\":\"ReadAction\",\"target\":[\"https:\/\/www.blogsoestado.com\/danielmatos\/eventos-na-baixada-e-na-regiao-tocantina-consolidam-favoritismo-de-orleans-brandao-na-disputa-pelo-governo\/\"]}]},{\"@type\":\"ImageObject\",\"inLanguage\":\"pt-BR\",\"@id\":\"https:\/\/www.blogsoestado.com\/danielmatos\/eventos-na-baixada-e-na-regiao-tocantina-consolidam-favoritismo-de-orleans-brandao-na-disputa-pelo-governo\/#primaryimage\",\"url\":\"https:\/\/www.blogsoestado.com\/danielmatos\/wp-content\/uploads\/sites\/2\/2026\/04\/1005492115.jpg\",\"contentUrl\":\"https:\/\/www.blogsoestado.com\/danielmatos\/wp-content\/uploads\/sites\/2\/2026\/04\/1005492115.jpg\",\"width\":1600,\"height\":1066},{\"@type\":\"BreadcrumbList\",\"@id\":\"https:\/\/www.blogsoestado.com\/danielmatos\/eventos-na-baixada-e-na-regiao-tocantina-consolidam-favoritismo-de-orleans-brandao-na-disputa-pelo-governo\/#breadcrumb\",\"itemListElement\":[{\"@type\":\"ListItem\",\"position\":1,\"name\":\"In\u00edcio\",\"item\":\"https:\/\/www.blogsoestado.com\/danielmatos\/\"},{\"@type\":\"ListItem\",\"position\":2,\"name\":\"Eventos na Baixada e na Regi\u00e3o Tocantina consolidam favoritismo de Orleans Brand\u00e3o na disputa pelo governo\"}]},{\"@type\":\"WebSite\",\"@id\":\"https:\/\/www.blogsoestado.com\/danielmatos\/#website\",\"url\":\"https:\/\/www.blogsoestado.com\/danielmatos\/\",\"name\":\"Daniel Matos\",\"description\":\"\",\"potentialAction\":[{\"@type\":\"SearchAction\",\"target\":{\"@type\":\"EntryPoint\",\"urlTemplate\":\"https:\/\/www.blogsoestado.com\/danielmatos\/?s={search_term_string}\"},\"query-input\":{\"@type\":\"PropertyValueSpecification\",\"valueRequired\":true,\"valueName\":\"search_term_string\"}}],\"inLanguage\":\"pt-BR\"},{\"@type\":\"Person\",\"@id\":\"https:\/\/www.blogsoestado.com\/danielmatos\/#\/schema\/person\/9a209d407cd45631f131e1285b661bb0\",\"name\":\"Daniel Matos\",\"image\":{\"@type\":\"ImageObject\",\"inLanguage\":\"pt-BR\",\"@id\":\"https:\/\/www.blogsoestado.com\/danielmatos\/#\/schema\/person\/image\/\",\"url\":\"https:\/\/secure.gravatar.com\/avatar\/2f26c36ee355da19a257f0dfef43952a2588b324ca35d6719e859fe338ac0392?s=96&d=mm&r=g\",\"contentUrl\":\"https:\/\/secure.gravatar.com\/avatar\/2f26c36ee355da19a257f0dfef43952a2588b324ca35d6719e859fe338ac0392?s=96&d=mm&r=g\",\"caption\":\"Daniel Matos\"},\"url\":\"https:\/\/www.blogsoestado.com\/danielmatos\/author\/danielmatos\/\"}]}<\/script>\n<!-- \/ Yoast SEO plugin. -->","yoast_head_json":{"title":"Eventos na Baixada e na Regi\u00e3o Tocantina consolidam favoritismo de Orleans Brand\u00e3o na disputa pelo governo - Daniel Matos","robots":{"index":"index","follow":"follow","max-snippet":"max-snippet:-1","max-image-preview":"max-image-preview:large","max-video-preview":"max-video-preview:-1"},"canonical":"https:\/\/www.blogsoestado.com\/danielmatos\/eventos-na-baixada-e-na-regiao-tocantina-consolidam-favoritismo-de-orleans-brandao-na-disputa-pelo-governo\/","og_locale":"pt_BR","og_type":"article","og_title":"Eventos na Baixada e na Regi\u00e3o Tocantina consolidam favoritismo de Orleans Brand\u00e3o na disputa pelo governo - Daniel Matos","og_description":"Este final de semana na pol\u00edtica maranhense foi marcado por eventos gigantescos realizados pelo pr\u00e9-candidato Orleans Brand\u00e3o (MDB) nas regi\u00f5es [&hellip;]","og_url":"https:\/\/www.blogsoestado.com\/danielmatos\/eventos-na-baixada-e-na-regiao-tocantina-consolidam-favoritismo-de-orleans-brandao-na-disputa-pelo-governo\/","og_site_name":"Daniel Matos","article_published_time":"2026-04-27T17:40:56+00:00","article_modified_time":"2026-04-27T17:41:04+00:00","og_image":[{"width":1600,"height":1066,"url":"https:\/\/www.blogsoestado.com\/danielmatos\/wp-content\/uploads\/sites\/2\/2026\/04\/1005492115.jpg","type":"image\/jpeg"}],"author":"Daniel Matos","twitter_card":"summary_large_image","twitter_misc":{"Escrito por":"Daniel Matos","Est. tempo de leitura":"3 minutos"},"schema":{"@context":"https:\/\/schema.org","@graph":[{"@type":"WebPage","@id":"https:\/\/www.blogsoestado.com\/danielmatos\/eventos-na-baixada-e-na-regiao-tocantina-consolidam-favoritismo-de-orleans-brandao-na-disputa-pelo-governo\/","url":"https:\/\/www.blogsoestado.com\/danielmatos\/eventos-na-baixada-e-na-regiao-tocantina-consolidam-favoritismo-de-orleans-brandao-na-disputa-pelo-governo\/","name":"Eventos na Baixada e na Regi\u00e3o Tocantina consolidam favoritismo de Orleans Brand\u00e3o na disputa pelo governo - Daniel Matos","isPartOf":{"@id":"https:\/\/www.blogsoestado.com\/danielmatos\/#website"},"primaryImageOfPage":{"@id":"https:\/\/www.blogsoestado.com\/danielmatos\/eventos-na-baixada-e-na-regiao-tocantina-consolidam-favoritismo-de-orleans-brandao-na-disputa-pelo-governo\/#primaryimage"},"image":{"@id":"https:\/\/www.blogsoestado.com\/danielmatos\/eventos-na-baixada-e-na-regiao-tocantina-consolidam-favoritismo-de-orleans-brandao-na-disputa-pelo-governo\/#primaryimage"},"thumbnailUrl":"https:\/\/www.blogsoestado.com\/danielmatos\/wp-content\/uploads\/sites\/2\/2026\/04\/1005492115-1024x682.jpg","datePublished":"2026-04-27T17:40:56+00:00","dateModified":"2026-04-27T17:41:04+00:00","author":{"@id":"https:\/\/www.blogsoestado.com\/danielmatos\/#\/schema\/person\/9a209d407cd45631f131e1285b661bb0"},"breadcrumb":{"@id":"https:\/\/www.blogsoestado.com\/danielmatos\/eventos-na-baixada-e-na-regiao-tocantina-consolidam-favoritismo-de-orleans-brandao-na-disputa-pelo-governo\/#breadcrumb"},"inLanguage":"pt-BR","potentialAction":[{"@type":"ReadAction","target":["https:\/\/www.blogsoestado.com\/danielmatos\/eventos-na-baixada-e-na-regiao-tocantina-consolidam-favoritismo-de-orleans-brandao-na-disputa-pelo-governo\/"]}]},{"@type":"ImageObject","inLanguage":"pt-BR","@id":"https:\/\/www.blogsoestado.com\/danielmatos\/eventos-na-baixada-e-na-regiao-tocantina-consolidam-favoritismo-de-orleans-brandao-na-disputa-pelo-governo\/#primaryimage","url":"https:\/\/www.blogsoestado.com\/danielmatos\/wp-content\/uploads\/sites\/2\/2026\/04\/1005492115.jpg","contentUrl":"https:\/\/www.blogsoestado.com\/danielmatos\/wp-content\/uploads\/sites\/2\/2026\/04\/1005492115.jpg","width":1600,"height":1066},{"@type":"BreadcrumbList","@id":"https:\/\/www.blogsoestado.com\/danielmatos\/eventos-na-baixada-e-na-regiao-tocantina-consolidam-favoritismo-de-orleans-brandao-na-disputa-pelo-governo\/#breadcrumb","itemListElement":[{"@type":"ListItem","position":1,"name":"In\u00edcio","item":"https:\/\/www.blogsoestado.com\/danielmatos\/"},{"@type":"ListItem","position":2,"name":"Eventos na Baixada e na Regi\u00e3o Tocantina consolidam favoritismo de Orleans Brand\u00e3o na disputa pelo governo"}]},{"@type":"WebSite","@id":"https:\/\/www.blogsoestado.com\/danielmatos\/#website","url":"https:\/\/www.blogsoestado.com\/danielmatos\/","name":"Daniel Matos","description":"","potentialAction":[{"@type":"SearchAction","target":{"@type":"EntryPoint","urlTemplate":"https:\/\/www.blogsoestado.com\/danielmatos\/?s={search_term_string}"},"query-input":{"@type":"PropertyValueSpecification","valueRequired":true,"valueName":"search_term_string"}}],"inLanguage":"pt-BR"},{"@type":"Person","@id":"https:\/\/www.blogsoestado.com\/danielmatos\/#\/schema\/person\/9a209d407cd45631f131e1285b661bb0","name":"Daniel Matos","image":{"@type":"ImageObject","inLanguage":"pt-BR","@id":"https:\/\/www.blogsoestado.com\/danielmatos\/#\/schema\/person\/image\/","url":"https:\/\/secure.gravatar.com\/avatar\/2f26c36ee355da19a257f0dfef43952a2588b324ca35d6719e859fe338ac0392?s=96&d=mm&r=g","contentUrl":"https:\/\/secure.gravatar.com\/avatar\/2f26c36ee355da19a257f0dfef43952a2588b324ca35d6719e859fe338ac0392?s=96&d=mm&r=g","caption":"Daniel Matos"},"url":"https:\/\/www.blogsoestado.com\/danielmatos\/author\/danielmatos\/"}]}},"jetpack_featured_media_url":"","_links":{"self":[{"href":"https:\/\/www.blogsoestado.com\/danielmatos\/wp-json\/wp\/v2\/posts\/157340","targetHints":{"allow":["GET"]}}],"collection":[{"href":"https:\/\/www.blogsoestado.com\/danielmatos\/wp-json\/wp\/v2\/posts"}],"about":[{"href":"https:\/\/www.blogsoestado.com\/danielmatos\/wp-json\/wp\/v2\/types\/post"}],"author":[{"embeddable":true,"href":"https:\/\/www.blogsoestado.com\/danielmatos\/wp-json\/wp\/v2\/users\/2"}],"replies":[{"embeddable":true,"href":"https:\/\/www.blogsoestado.com\/danielmatos\/wp-json\/wp\/v2\/comments?post=157340"}],"version-history":[{"count":1,"href":"https:\/\/www.blogsoestado.com\/danielmatos\/wp-json\/wp\/v2\/posts\/157340\/revisions"}],"predecessor-version":[{"id":157346,"href":"https:\/\/www.blogsoestado.com\/danielmatos\/wp-json\/wp\/v2\/posts\/157340\/revisions\/157346"}],"wp:attachment":[{"href":"https:\/\/www.blogsoestado.com\/danielmatos\/wp-json\/wp\/v2\/media?parent=157340"}],"wp:term":[{"taxonomy":"category","embeddable":true,"href":"https:\/\/www.blogsoestado.com\/danielmatos\/wp-json\/wp\/v2\/categories?post=157340"},{"taxonomy":"post_tag","embeddable":true,"href":"https:\/\/www.blogsoestado.com\/danielmatos\/wp-json\/wp\/v2\/tags?post=157340"}],"curies":[{"name":"wp","href":"https:\/\/api.w.org\/{rel}","templated":true}]}}