{"id":157347,"date":"2026-04-27T15:49:11","date_gmt":"2026-04-27T18:49:11","guid":{"rendered":"https:\/\/www.blogsoestado.com\/danielmatos\/?p=157347"},"modified":"2026-04-27T15:49:16","modified_gmt":"2026-04-27T18:49:16","slug":"justica-anula-desapropriacao-e-mantem-incra-na-posse-de-fazenda-no-maranhao","status":"publish","type":"post","link":"https:\/\/www.blogsoestado.com\/danielmatos\/justica-anula-desapropriacao-e-mantem-incra-na-posse-de-fazenda-no-maranhao\/","title":{"rendered":"Justi\u00e7a anula desapropria\u00e7\u00e3o e mant\u00e9m Incra na posse de fazenda no Maranh\u00e3o"},"content":{"rendered":"\n<p><strong><mark style=\"color:#cf2e2e\" class=\"has-inline-color\">Advocacia-Geral da Uni\u00e3o obt\u00e9m no TRF1 decis\u00e3o que autoriza continuidade do processo de desapropria\u00e7\u00e3o de \u00e1rea rural de 1,4 mil hectares em Alto Alegre<\/mark><\/strong><\/p>\n\n\n\n<figure class=\"wp-block-image aligncenter size-full\"><img fetchpriority=\"high\" decoding=\"async\" width=\"768\" height=\"431\" src=\"https:\/\/www.blogsoestado.com\/danielmatos\/wp-content\/uploads\/sites\/2\/2026\/04\/1005492533.jpg\" alt=\"\" class=\"wp-image-157348\" srcset=\"https:\/\/www.blogsoestado.com\/danielmatos\/wp-content\/uploads\/sites\/2\/2026\/04\/1005492533.jpg 768w, https:\/\/www.blogsoestado.com\/danielmatos\/wp-content\/uploads\/sites\/2\/2026\/04\/1005492533-300x168.jpg 300w\" sizes=\"(max-width: 768px) 100vw, 768px\" \/><figcaption class=\"wp-element-caption\">Im\u00f3vel rural de mais de 1,4 mil hectares \u00e9 destinado \u00e0 reforma agr\u00e1ria no munic\u00edpio de Alto Alegre do\u00a0Maranh\u00e3o<\/figcaption><\/figure>\n\n\n\n<p>A Advocacia-Geral da Uni\u00e3o (AGU) garantiu na Justi\u00e7a a manuten\u00e7\u00e3o do Instituto Nacional de Coloniza\u00e7\u00e3o e Reforma Agr\u00e1ria (Incra) na posse de um im\u00f3vel rural de mais de 1,4 mil hectares destinado \u00e0 reforma agr\u00e1ria no munic\u00edpio de Alto Alegre do\u00a0Maranh\u00e3o, regi\u00e3o norte do Estado. Por unanimidade, a 2\u00aa Se\u00e7\u00e3o do Tribunal Regional Federal da 1\u00aa Regi\u00e3o (TRF1) julgou procedente a a\u00e7\u00e3o rescis\u00f3ria apresentada pelo Incra, determinando a continuidade do processo de desapropria\u00e7\u00e3o do im\u00f3vel. O entendimento afasta a possibilidade de devolu\u00e7\u00e3o da \u00e1rea aos antigos propriet\u00e1rios.<\/p>\n\n\n\n<p>O julgamento reverteu a decis\u00e3o anterior, que havia anulado o procedimento de desapropria\u00e7\u00e3o dos im\u00f3veis por suposta falta de notifica\u00e7\u00e3o pr\u00e9via dos propriet\u00e1rios sobre a vistoria no im\u00f3vel. O tribunal havia entendido que n\u00e3o houve prova v\u00e1lida de que os propriet\u00e1rios ou seus representantes foram comunicados da vistoria administrativa, invalidando a desapropria\u00e7\u00e3o e a posse do Incra.<\/p>\n\n\n\n<p>No entanto, na \u00faltima decis\u00e3o, o TRF1 reavaliou o caso e deu provimento parcial aos argumentos da AGU. Por meio do N\u00facleo de Gerenciamento de Atua\u00e7\u00e3o Priorit\u00e1ria da Procuradoria Regional Federal da 1\u00aa Regi\u00e3o (NGAP\/PRF1), a Advocacia-Geral da Uni\u00e3o alegou que houve erro de fato na decis\u00e3o anterior, j\u00e1 que n\u00e3o foram considerados documentos essenciais, como procura\u00e7\u00f5es p\u00fablicas que autorizaram a filha do propriet\u00e1rio a represent\u00e1-lo perante \u00f3rg\u00e3os p\u00fablicos, inclusive junto ao Incra.<\/p>\n\n\n\n<p><strong>Recusa de recebimento<\/strong><\/p>\n\n\n\n<p>Com base nessas provas, o colegiado reconheceu que a notifica\u00e7\u00e3o foi feita de forma regular \u00e0 representante legal. Ficou comprovado que ela recusou o recebimento da comunica\u00e7\u00e3o e, al\u00e9m disso, impediu a entrada de servidores no im\u00f3vel para realiza\u00e7\u00e3o da vistoria, demonstrando que tinha pleno conhecimento da dilig\u00eancia.<\/p>\n\n\n\n<p>Os magistrados destacaram que a notifica\u00e7\u00e3o pr\u00e9via \u00e9 exigida no processo de desapropria\u00e7\u00e3o, mas n\u00e3o precisa ocorrer exclusivamente de forma pessoal ao propriet\u00e1rio, sendo v\u00e1lida quando realizada por meio de representante legal ou quando h\u00e1 recusa injustificada de recebimento, como \u00e9 o caso.<\/p>\n\n\n\n<p>Al\u00e9m disso, o entendimento do TRF1 reconheceu a viola\u00e7\u00e3o ao artigo 35 do Decreto-Lei n\u00ba 3.365\/1941. O tribunal observou que o im\u00f3vel j\u00e1 tinha sido incorporado ao patrim\u00f4nio p\u00fablico, com a posse exercida pelo Incra desde 2014 e a implanta\u00e7\u00e3o de assentamento ocupado por diversas fam\u00edlias. Por isso, os magistrados conclu\u00edram que \u00e9 invi\u00e1vel a restitui\u00e7\u00e3o do bem ao antigo propriet\u00e1rio.<\/p>\n\n\n\n<p><strong>Sem devolu\u00e7\u00e3o<\/strong><\/p>\n\n\n\n<p>Em casos como este, a legisla\u00e7\u00e3o brasileira determina que, quando o im\u00f3vel j\u00e1 foi ocupado pelo poder p\u00fablico e destinado a uma finalidade social, como a reforma agr\u00e1ria, n\u00e3o \u00e9 mais poss\u00edvel devolv\u00ea-lo ao antigo propriet\u00e1rio. O decreto-Lei n\u00ba 3.365\/1941 prev\u00ea que, ap\u00f3s a incorpora\u00e7\u00e3o do im\u00f3vel \u00e0 Uni\u00e3o, os eventuais questionamentos sobre a desapropria\u00e7\u00e3o passam a ser resolvidos em perdas e danos, por meio de indeniza\u00e7\u00e3o.<\/p>\n\n\n\n<p>A decis\u00e3o tamb\u00e9m manteve as fam\u00edlias que j\u00e1 vivem no local e determinou que n\u00e3o sejam criados novos assentamentos na \u00e1rea at\u00e9 o fim do processo, para evitar novos conflitos. Al\u00e9m disso, continua suspensa a decis\u00e3o anterior que previa a devolu\u00e7\u00e3o do im\u00f3vel.<\/p>\n\n\n\n<p>Com o julgamento da a\u00e7\u00e3o, o TRF1 definiu que o processo de desapropria\u00e7\u00e3o deve continuar normalmente ap\u00f3s o tr\u00e2nsito em julgado e condenou a parte contr\u00e1ria ao pagamento de honor\u00e1rios advocat\u00edcios fixados em 10% sobre o valor da causa.<\/p>\n\n\n\n<p>Para o procurador federal Gustavo Gomes, membro do NGAP\/PRF1, que atuou no processo, a decis\u00e3o obtida pela AGU fortalece a defesa de pol\u00edticas p\u00fablicas de reforma agr\u00e1ria. \u201cAl\u00e9m disso, a decis\u00e3o consolida o entendimento de que \u00e1reas j\u00e1 destinadas a essa finalidade, com ocupa\u00e7\u00e3o consolidada, n\u00e3o podem ser devolvidas, garantindo mais seguran\u00e7a jur\u00eddica \u00e0s a\u00e7\u00f5es da Uni\u00e3o\u201d, afirma.<\/p>\n","protected":false},"excerpt":{"rendered":"<p>Advocacia-Geral da Uni\u00e3o obt\u00e9m no TRF1 decis\u00e3o que autoriza continuidade do processo de desapropria\u00e7\u00e3o de \u00e1rea rural de 1,4 mil [&hellip;]<\/p>\n","protected":false},"author":2,"featured_media":0,"comment_status":"open","ping_status":"open","sticky":false,"template":"","format":"standard","meta":{"site-sidebar-layout":"default","site-content-layout":"","ast-site-content-layout":"default","site-content-style":"default","site-sidebar-style":"default","ast-global-header-display":"","ast-banner-title-visibility":"","ast-main-header-display":"","ast-hfb-above-header-display":"","ast-hfb-below-header-display":"","ast-hfb-mobile-header-display":"","site-post-title":"","ast-breadcrumbs-content":"","ast-featured-img":"","footer-sml-layout":"","ast-disable-related-posts":"","theme-transparent-header-meta":"","adv-header-id-meta":"","stick-header-meta":"","header-above-stick-meta":"","header-main-stick-meta":"","header-below-stick-meta":"","astra-migrate-meta-layouts":"default","ast-page-background-enabled":"default","ast-page-background-meta":{"desktop":{"background-color":"var(--ast-global-color-5)","background-image":"","background-repeat":"repeat","background-position":"center center","background-size":"auto","background-attachment":"scroll","background-type":"","background-media":"","overlay-type":"","overlay-color":"","overlay-opacity":"","overlay-gradient":""},"tablet":{"background-color":"","background-image":"","background-repeat":"repeat","background-position":"center center","background-size":"auto","background-attachment":"scroll","background-type":"","background-media":"","overlay-type":"","overlay-color":"","overlay-opacity":"","overlay-gradient":""},"mobile":{"background-color":"","background-image":"","background-repeat":"repeat","background-position":"center center","background-size":"auto","background-attachment":"scroll","background-type":"","background-media":"","overlay-type":"","overlay-color":"","overlay-opacity":"","overlay-gradient":""}},"ast-content-background-meta":{"desktop":{"background-color":"var(--ast-global-color-4)","background-image":"","background-repeat":"repeat","background-position":"center center","background-size":"auto","background-attachment":"scroll","background-type":"","background-media":"","overlay-type":"","overlay-color":"","overlay-opacity":"","overlay-gradient":""},"tablet":{"background-color":"var(--ast-global-color-4)","background-image":"","background-repeat":"repeat","background-position":"center center","background-size":"auto","background-attachment":"scroll","background-type":"","background-media":"","overlay-type":"","overlay-color":"","overlay-opacity":"","overlay-gradient":""},"mobile":{"background-color":"var(--ast-global-color-4)","background-image":"","background-repeat":"repeat","background-position":"center center","background-size":"auto","background-attachment":"scroll","background-type":"","background-media":"","overlay-type":"","overlay-color":"","overlay-opacity":"","overlay-gradient":""}},"footnotes":""},"categories":[1],"tags":[],"class_list":["post-157347","post","type-post","status-publish","format-standard","hentry","category-sem-categoria"],"yoast_head":"<!-- This site is optimized with the Yoast SEO plugin v26.6 - https:\/\/yoast.com\/wordpress\/plugins\/seo\/ -->\n<title>Justi\u00e7a anula desapropria\u00e7\u00e3o e mant\u00e9m Incra na posse de fazenda no Maranh\u00e3o - Daniel Matos<\/title>\n<meta name=\"robots\" content=\"index, follow, max-snippet:-1, max-image-preview:large, max-video-preview:-1\" \/>\n<link rel=\"canonical\" href=\"https:\/\/www.blogsoestado.com\/danielmatos\/justica-anula-desapropriacao-e-mantem-incra-na-posse-de-fazenda-no-maranhao\/\" \/>\n<meta property=\"og:locale\" content=\"pt_BR\" \/>\n<meta property=\"og:type\" content=\"article\" \/>\n<meta property=\"og:title\" content=\"Justi\u00e7a anula desapropria\u00e7\u00e3o e mant\u00e9m Incra na posse de fazenda no Maranh\u00e3o - Daniel Matos\" \/>\n<meta property=\"og:description\" content=\"Advocacia-Geral da Uni\u00e3o obt\u00e9m no TRF1 decis\u00e3o que autoriza continuidade do processo de desapropria\u00e7\u00e3o de \u00e1rea rural de 1,4 mil [&hellip;]\" \/>\n<meta property=\"og:url\" content=\"https:\/\/www.blogsoestado.com\/danielmatos\/justica-anula-desapropriacao-e-mantem-incra-na-posse-de-fazenda-no-maranhao\/\" \/>\n<meta property=\"og:site_name\" content=\"Daniel Matos\" \/>\n<meta property=\"article:published_time\" content=\"2026-04-27T18:49:11+00:00\" \/>\n<meta property=\"article:modified_time\" content=\"2026-04-27T18:49:16+00:00\" \/>\n<meta property=\"og:image\" content=\"https:\/\/www.blogsoestado.com\/danielmatos\/wp-content\/uploads\/sites\/2\/2026\/04\/1005492533.jpg\" \/>\n\t<meta property=\"og:image:width\" content=\"768\" \/>\n\t<meta property=\"og:image:height\" content=\"431\" \/>\n\t<meta property=\"og:image:type\" content=\"image\/jpeg\" \/>\n<meta name=\"author\" content=\"Daniel Matos\" \/>\n<meta name=\"twitter:card\" content=\"summary_large_image\" \/>\n<meta name=\"twitter:label1\" content=\"Escrito por\" \/>\n\t<meta name=\"twitter:data1\" content=\"Daniel Matos\" \/>\n\t<meta name=\"twitter:label2\" content=\"Est. tempo de leitura\" \/>\n\t<meta name=\"twitter:data2\" content=\"4 minutos\" \/>\n<script type=\"application\/ld+json\" class=\"yoast-schema-graph\">{\"@context\":\"https:\/\/schema.org\",\"@graph\":[{\"@type\":\"WebPage\",\"@id\":\"https:\/\/www.blogsoestado.com\/danielmatos\/justica-anula-desapropriacao-e-mantem-incra-na-posse-de-fazenda-no-maranhao\/\",\"url\":\"https:\/\/www.blogsoestado.com\/danielmatos\/justica-anula-desapropriacao-e-mantem-incra-na-posse-de-fazenda-no-maranhao\/\",\"name\":\"Justi\u00e7a anula desapropria\u00e7\u00e3o e mant\u00e9m Incra na posse de fazenda no Maranh\u00e3o - Daniel Matos\",\"isPartOf\":{\"@id\":\"https:\/\/www.blogsoestado.com\/danielmatos\/#website\"},\"primaryImageOfPage\":{\"@id\":\"https:\/\/www.blogsoestado.com\/danielmatos\/justica-anula-desapropriacao-e-mantem-incra-na-posse-de-fazenda-no-maranhao\/#primaryimage\"},\"image\":{\"@id\":\"https:\/\/www.blogsoestado.com\/danielmatos\/justica-anula-desapropriacao-e-mantem-incra-na-posse-de-fazenda-no-maranhao\/#primaryimage\"},\"thumbnailUrl\":\"https:\/\/www.blogsoestado.com\/danielmatos\/wp-content\/uploads\/sites\/2\/2026\/04\/1005492533.jpg\",\"datePublished\":\"2026-04-27T18:49:11+00:00\",\"dateModified\":\"2026-04-27T18:49:16+00:00\",\"author\":{\"@id\":\"https:\/\/www.blogsoestado.com\/danielmatos\/#\/schema\/person\/9a209d407cd45631f131e1285b661bb0\"},\"breadcrumb\":{\"@id\":\"https:\/\/www.blogsoestado.com\/danielmatos\/justica-anula-desapropriacao-e-mantem-incra-na-posse-de-fazenda-no-maranhao\/#breadcrumb\"},\"inLanguage\":\"pt-BR\",\"potentialAction\":[{\"@type\":\"ReadAction\",\"target\":[\"https:\/\/www.blogsoestado.com\/danielmatos\/justica-anula-desapropriacao-e-mantem-incra-na-posse-de-fazenda-no-maranhao\/\"]}]},{\"@type\":\"ImageObject\",\"inLanguage\":\"pt-BR\",\"@id\":\"https:\/\/www.blogsoestado.com\/danielmatos\/justica-anula-desapropriacao-e-mantem-incra-na-posse-de-fazenda-no-maranhao\/#primaryimage\",\"url\":\"https:\/\/www.blogsoestado.com\/danielmatos\/wp-content\/uploads\/sites\/2\/2026\/04\/1005492533.jpg\",\"contentUrl\":\"https:\/\/www.blogsoestado.com\/danielmatos\/wp-content\/uploads\/sites\/2\/2026\/04\/1005492533.jpg\",\"width\":768,\"height\":431},{\"@type\":\"BreadcrumbList\",\"@id\":\"https:\/\/www.blogsoestado.com\/danielmatos\/justica-anula-desapropriacao-e-mantem-incra-na-posse-de-fazenda-no-maranhao\/#breadcrumb\",\"itemListElement\":[{\"@type\":\"ListItem\",\"position\":1,\"name\":\"In\u00edcio\",\"item\":\"https:\/\/www.blogsoestado.com\/danielmatos\/\"},{\"@type\":\"ListItem\",\"position\":2,\"name\":\"Justi\u00e7a anula desapropria\u00e7\u00e3o e mant\u00e9m Incra na posse de fazenda no Maranh\u00e3o\"}]},{\"@type\":\"WebSite\",\"@id\":\"https:\/\/www.blogsoestado.com\/danielmatos\/#website\",\"url\":\"https:\/\/www.blogsoestado.com\/danielmatos\/\",\"name\":\"Daniel Matos\",\"description\":\"\",\"potentialAction\":[{\"@type\":\"SearchAction\",\"target\":{\"@type\":\"EntryPoint\",\"urlTemplate\":\"https:\/\/www.blogsoestado.com\/danielmatos\/?s={search_term_string}\"},\"query-input\":{\"@type\":\"PropertyValueSpecification\",\"valueRequired\":true,\"valueName\":\"search_term_string\"}}],\"inLanguage\":\"pt-BR\"},{\"@type\":\"Person\",\"@id\":\"https:\/\/www.blogsoestado.com\/danielmatos\/#\/schema\/person\/9a209d407cd45631f131e1285b661bb0\",\"name\":\"Daniel Matos\",\"image\":{\"@type\":\"ImageObject\",\"inLanguage\":\"pt-BR\",\"@id\":\"https:\/\/www.blogsoestado.com\/danielmatos\/#\/schema\/person\/image\/\",\"url\":\"https:\/\/secure.gravatar.com\/avatar\/2f26c36ee355da19a257f0dfef43952a2588b324ca35d6719e859fe338ac0392?s=96&d=mm&r=g\",\"contentUrl\":\"https:\/\/secure.gravatar.com\/avatar\/2f26c36ee355da19a257f0dfef43952a2588b324ca35d6719e859fe338ac0392?s=96&d=mm&r=g\",\"caption\":\"Daniel Matos\"},\"url\":\"https:\/\/www.blogsoestado.com\/danielmatos\/author\/danielmatos\/\"}]}<\/script>\n<!-- \/ Yoast SEO plugin. -->","yoast_head_json":{"title":"Justi\u00e7a anula desapropria\u00e7\u00e3o e mant\u00e9m Incra na posse de fazenda no Maranh\u00e3o - Daniel Matos","robots":{"index":"index","follow":"follow","max-snippet":"max-snippet:-1","max-image-preview":"max-image-preview:large","max-video-preview":"max-video-preview:-1"},"canonical":"https:\/\/www.blogsoestado.com\/danielmatos\/justica-anula-desapropriacao-e-mantem-incra-na-posse-de-fazenda-no-maranhao\/","og_locale":"pt_BR","og_type":"article","og_title":"Justi\u00e7a anula desapropria\u00e7\u00e3o e mant\u00e9m Incra na posse de fazenda no Maranh\u00e3o - Daniel Matos","og_description":"Advocacia-Geral da Uni\u00e3o obt\u00e9m no TRF1 decis\u00e3o que autoriza continuidade do processo de desapropria\u00e7\u00e3o de \u00e1rea rural de 1,4 mil [&hellip;]","og_url":"https:\/\/www.blogsoestado.com\/danielmatos\/justica-anula-desapropriacao-e-mantem-incra-na-posse-de-fazenda-no-maranhao\/","og_site_name":"Daniel Matos","article_published_time":"2026-04-27T18:49:11+00:00","article_modified_time":"2026-04-27T18:49:16+00:00","og_image":[{"width":768,"height":431,"url":"https:\/\/www.blogsoestado.com\/danielmatos\/wp-content\/uploads\/sites\/2\/2026\/04\/1005492533.jpg","type":"image\/jpeg"}],"author":"Daniel Matos","twitter_card":"summary_large_image","twitter_misc":{"Escrito por":"Daniel Matos","Est. tempo de leitura":"4 minutos"},"schema":{"@context":"https:\/\/schema.org","@graph":[{"@type":"WebPage","@id":"https:\/\/www.blogsoestado.com\/danielmatos\/justica-anula-desapropriacao-e-mantem-incra-na-posse-de-fazenda-no-maranhao\/","url":"https:\/\/www.blogsoestado.com\/danielmatos\/justica-anula-desapropriacao-e-mantem-incra-na-posse-de-fazenda-no-maranhao\/","name":"Justi\u00e7a anula desapropria\u00e7\u00e3o e mant\u00e9m Incra na posse de fazenda no Maranh\u00e3o - Daniel Matos","isPartOf":{"@id":"https:\/\/www.blogsoestado.com\/danielmatos\/#website"},"primaryImageOfPage":{"@id":"https:\/\/www.blogsoestado.com\/danielmatos\/justica-anula-desapropriacao-e-mantem-incra-na-posse-de-fazenda-no-maranhao\/#primaryimage"},"image":{"@id":"https:\/\/www.blogsoestado.com\/danielmatos\/justica-anula-desapropriacao-e-mantem-incra-na-posse-de-fazenda-no-maranhao\/#primaryimage"},"thumbnailUrl":"https:\/\/www.blogsoestado.com\/danielmatos\/wp-content\/uploads\/sites\/2\/2026\/04\/1005492533.jpg","datePublished":"2026-04-27T18:49:11+00:00","dateModified":"2026-04-27T18:49:16+00:00","author":{"@id":"https:\/\/www.blogsoestado.com\/danielmatos\/#\/schema\/person\/9a209d407cd45631f131e1285b661bb0"},"breadcrumb":{"@id":"https:\/\/www.blogsoestado.com\/danielmatos\/justica-anula-desapropriacao-e-mantem-incra-na-posse-de-fazenda-no-maranhao\/#breadcrumb"},"inLanguage":"pt-BR","potentialAction":[{"@type":"ReadAction","target":["https:\/\/www.blogsoestado.com\/danielmatos\/justica-anula-desapropriacao-e-mantem-incra-na-posse-de-fazenda-no-maranhao\/"]}]},{"@type":"ImageObject","inLanguage":"pt-BR","@id":"https:\/\/www.blogsoestado.com\/danielmatos\/justica-anula-desapropriacao-e-mantem-incra-na-posse-de-fazenda-no-maranhao\/#primaryimage","url":"https:\/\/www.blogsoestado.com\/danielmatos\/wp-content\/uploads\/sites\/2\/2026\/04\/1005492533.jpg","contentUrl":"https:\/\/www.blogsoestado.com\/danielmatos\/wp-content\/uploads\/sites\/2\/2026\/04\/1005492533.jpg","width":768,"height":431},{"@type":"BreadcrumbList","@id":"https:\/\/www.blogsoestado.com\/danielmatos\/justica-anula-desapropriacao-e-mantem-incra-na-posse-de-fazenda-no-maranhao\/#breadcrumb","itemListElement":[{"@type":"ListItem","position":1,"name":"In\u00edcio","item":"https:\/\/www.blogsoestado.com\/danielmatos\/"},{"@type":"ListItem","position":2,"name":"Justi\u00e7a anula desapropria\u00e7\u00e3o e mant\u00e9m Incra na posse de fazenda no Maranh\u00e3o"}]},{"@type":"WebSite","@id":"https:\/\/www.blogsoestado.com\/danielmatos\/#website","url":"https:\/\/www.blogsoestado.com\/danielmatos\/","name":"Daniel Matos","description":"","potentialAction":[{"@type":"SearchAction","target":{"@type":"EntryPoint","urlTemplate":"https:\/\/www.blogsoestado.com\/danielmatos\/?s={search_term_string}"},"query-input":{"@type":"PropertyValueSpecification","valueRequired":true,"valueName":"search_term_string"}}],"inLanguage":"pt-BR"},{"@type":"Person","@id":"https:\/\/www.blogsoestado.com\/danielmatos\/#\/schema\/person\/9a209d407cd45631f131e1285b661bb0","name":"Daniel Matos","image":{"@type":"ImageObject","inLanguage":"pt-BR","@id":"https:\/\/www.blogsoestado.com\/danielmatos\/#\/schema\/person\/image\/","url":"https:\/\/secure.gravatar.com\/avatar\/2f26c36ee355da19a257f0dfef43952a2588b324ca35d6719e859fe338ac0392?s=96&d=mm&r=g","contentUrl":"https:\/\/secure.gravatar.com\/avatar\/2f26c36ee355da19a257f0dfef43952a2588b324ca35d6719e859fe338ac0392?s=96&d=mm&r=g","caption":"Daniel Matos"},"url":"https:\/\/www.blogsoestado.com\/danielmatos\/author\/danielmatos\/"}]}},"jetpack_featured_media_url":"","_links":{"self":[{"href":"https:\/\/www.blogsoestado.com\/danielmatos\/wp-json\/wp\/v2\/posts\/157347","targetHints":{"allow":["GET"]}}],"collection":[{"href":"https:\/\/www.blogsoestado.com\/danielmatos\/wp-json\/wp\/v2\/posts"}],"about":[{"href":"https:\/\/www.blogsoestado.com\/danielmatos\/wp-json\/wp\/v2\/types\/post"}],"author":[{"embeddable":true,"href":"https:\/\/www.blogsoestado.com\/danielmatos\/wp-json\/wp\/v2\/users\/2"}],"replies":[{"embeddable":true,"href":"https:\/\/www.blogsoestado.com\/danielmatos\/wp-json\/wp\/v2\/comments?post=157347"}],"version-history":[{"count":1,"href":"https:\/\/www.blogsoestado.com\/danielmatos\/wp-json\/wp\/v2\/posts\/157347\/revisions"}],"predecessor-version":[{"id":157349,"href":"https:\/\/www.blogsoestado.com\/danielmatos\/wp-json\/wp\/v2\/posts\/157347\/revisions\/157349"}],"wp:attachment":[{"href":"https:\/\/www.blogsoestado.com\/danielmatos\/wp-json\/wp\/v2\/media?parent=157347"}],"wp:term":[{"taxonomy":"category","embeddable":true,"href":"https:\/\/www.blogsoestado.com\/danielmatos\/wp-json\/wp\/v2\/categories?post=157347"},{"taxonomy":"post_tag","embeddable":true,"href":"https:\/\/www.blogsoestado.com\/danielmatos\/wp-json\/wp\/v2\/tags?post=157347"}],"curies":[{"name":"wp","href":"https:\/\/api.w.org\/{rel}","templated":true}]}}