{"id":157354,"date":"2026-04-27T19:09:52","date_gmt":"2026-04-27T22:09:52","guid":{"rendered":"https:\/\/www.blogsoestado.com\/danielmatos\/?p=157354"},"modified":"2026-04-27T19:09:56","modified_gmt":"2026-04-27T22:09:56","slug":"no-mes-das-maes-sao-luis-ganha-novo-palco-e-recebe-roberto-carlos-em-noite-de-inauguracao-do-sao-luis-hall","status":"publish","type":"post","link":"https:\/\/www.blogsoestado.com\/danielmatos\/no-mes-das-maes-sao-luis-ganha-novo-palco-e-recebe-roberto-carlos-em-noite-de-inauguracao-do-sao-luis-hall\/","title":{"rendered":"No m\u00eas das m\u00e3es, S\u00e3o Lu\u00eds ganha novo palco e recebe Roberto Carlos em noite de inaugura\u00e7\u00e3o do S\u00e3o Lu\u00eds Hall"},"content":{"rendered":"\n<p><em><strong><mark style=\"color:#cf2e2e\" class=\"has-inline-color\">S\u00e3o Lu\u00eds Hall abre as portas no dia 09 de maio, no S\u00e3o Lu\u00eds Shopping, a partir das 19h30<\/mark><\/strong><\/em><\/p>\n\n\n\n<figure class=\"wp-block-image aligncenter size-full\"><img fetchpriority=\"high\" decoding=\"async\" width=\"667\" height=\"1000\" src=\"https:\/\/www.blogsoestado.com\/danielmatos\/wp-content\/uploads\/sites\/2\/2026\/04\/1005494002.jpg\" alt=\"\" class=\"wp-image-157355\" srcset=\"https:\/\/www.blogsoestado.com\/danielmatos\/wp-content\/uploads\/sites\/2\/2026\/04\/1005494002.jpg 667w, https:\/\/www.blogsoestado.com\/danielmatos\/wp-content\/uploads\/sites\/2\/2026\/04\/1005494002-200x300.jpg 200w\" sizes=\"(max-width: 667px) 100vw, 667px\" \/><figcaption class=\"wp-element-caption\">Dono de uma das carreiras mais s\u00f3lidas da m\u00fasica mundial, Roberto Carlos acumula mais de 70 \u00e1lbuns lan\u00e7ados no Brasil e mais de 150 milh\u00f5es de c\u00f3pias vendidas ao longo de sua trajet\u00f3ria<\/figcaption><\/figure>\n\n\n\n<p>Uma noite pensada para emocionar. \u00c9 assim que S\u00e3o Lu\u00eds vai celebrar a inaugura\u00e7\u00e3o do S\u00e3o Lu\u00eds Hall, novo espa\u00e7o de eventos da capital maranhense, que abre as portas no pr\u00f3ximo dia 09 de maio com um show especial de Roberto Carlos, artista que, h\u00e1 d\u00e9cadas, embala gera\u00e7\u00f5es com can\u00e7\u00f5es que atravessam o tempo.<\/p>\n\n\n\n<p>Com abertura marcada para as 19h30, o p\u00fablico vai vivenciar uma experi\u00eancia que une m\u00fasica, mem\u00f3ria afetiva e celebra\u00e7\u00e3o, em um espet\u00e1culo que dialoga diretamente com o clima do m\u00eas das m\u00e3es, tradicionalmente associado \u00e0s apresenta\u00e7\u00f5es do cantor.<\/p>\n\n\n\n<p>Dono de uma das carreiras mais s\u00f3lidas da m\u00fasica mundial, Roberto Carlos acumula mais de 70 \u00e1lbuns lan\u00e7ados no Brasil e mais de 150 milh\u00f5es de c\u00f3pias vendidas ao longo de sua trajet\u00f3ria. Em turn\u00ea com o show \u201cEu Ofere\u00e7o Flores\u201d, o artista mant\u00e9m uma rela\u00e7\u00e3o \u00fanica com o p\u00fablico, reunindo sucessos que marcaram diferentes gera\u00e7\u00f5es.<\/p>\n\n\n\n<p>A escolha de S\u00e3o Lu\u00eds para esse momento especial refor\u00e7a o novo posicionamento da cidade no circuito de grandes eventos e inaugura uma fase importante para o entretenimento local.<\/p>\n\n\n\n<p>Localizado na \u00e1rea interna do S\u00e3o Lu\u00eds Shopping, o S\u00e3o Lu\u00eds Hall chega com uma proposta que une estrutura moderna, conforto e versatilidade. Com 5.800 m\u00b2 de \u00e1rea \u00fatil e capacidade para at\u00e9 9 mil pessoas, o espa\u00e7o foi planejado para oferecer experi\u00eancias completas, tanto para o p\u00fablico quanto para artistas e produtores.<\/p>\n\n\n\n<p>O sal\u00e3o principal conta com tr\u00eas bares e seis banheiros. No mezanino, onde est\u00e3o os camarotes, o p\u00fablico encontra bares e banheiros exclusivos, garantindo mais conforto e fluidez durante os eventos.<\/p>\n\n\n\n<p>A estrutura inclui ainda 21 portas de emerg\u00eancia, sistema de preven\u00e7\u00e3o e combate a inc\u00eandio, acessibilidade, climatiza\u00e7\u00e3o, ac\u00fastica qualificada, palco modular, foyer, backstage completo, camarins, docas, energia de alta confiabilidade e internet banda larga em toda a \u00e1rea.<\/p>\n\n\n\n<p>Pensado para receber shows, festivais, feiras, congressos e grandes celebra\u00e7\u00f5es, o S\u00e3o Lu\u00eds Hall nasce com voca\u00e7\u00e3o para se tornar um novo ponto de encontro entre cultura, entretenimento e grandes experi\u00eancias na cidade.<\/p>\n\n\n\n<p>Os ingressos para o show de inaugura\u00e7\u00e3o est\u00e3o dispon\u00edveis no ponto f\u00edsico, no pr\u00f3prio shopping, e tamb\u00e9m de forma online.<\/p>\n\n\n\n<p><strong>SERVI\u00c7O<\/strong><\/p>\n\n\n\n<p>Evento: Inaugura\u00e7\u00e3o do S\u00e3o Lu\u00eds Hall<br>Atra\u00e7\u00e3o: Roberto Carlos<br>Data: 09 de maio<br>Local: S\u00e3o Lu\u00eds Shopping<br>Abertura dos port\u00f5es: 19h30<br>Ingressos: \u00c0 venda no local e online<br>Vendas online: <a href=\"https:\/\/www.acessoticket.com\">https:\/\/www.acessoticket.com<\/a>\/<br>Classifica\u00e7\u00e3o: 18 anos<\/p>\n","protected":false},"excerpt":{"rendered":"<p>S\u00e3o Lu\u00eds Hall abre as portas no dia 09 de maio, no S\u00e3o Lu\u00eds Shopping, a partir das 19h30 Uma [&hellip;]<\/p>\n","protected":false},"author":2,"featured_media":0,"comment_status":"open","ping_status":"open","sticky":false,"template":"","format":"standard","meta":{"site-sidebar-layout":"default","site-content-layout":"","ast-site-content-layout":"default","site-content-style":"default","site-sidebar-style":"default","ast-global-header-display":"","ast-banner-title-visibility":"","ast-main-header-display":"","ast-hfb-above-header-display":"","ast-hfb-below-header-display":"","ast-hfb-mobile-header-display":"","site-post-title":"","ast-breadcrumbs-content":"","ast-featured-img":"","footer-sml-layout":"","ast-disable-related-posts":"","theme-transparent-header-meta":"","adv-header-id-meta":"","stick-header-meta":"","header-above-stick-meta":"","header-main-stick-meta":"","header-below-stick-meta":"","astra-migrate-meta-layouts":"default","ast-page-background-enabled":"default","ast-page-background-meta":{"desktop":{"background-color":"var(--ast-global-color-5)","background-image":"","background-repeat":"repeat","background-position":"center center","background-size":"auto","background-attachment":"scroll","background-type":"","background-media":"","overlay-type":"","overlay-color":"","overlay-opacity":"","overlay-gradient":""},"tablet":{"background-color":"","background-image":"","background-repeat":"repeat","background-position":"center center","background-size":"auto","background-attachment":"scroll","background-type":"","background-media":"","overlay-type":"","overlay-color":"","overlay-opacity":"","overlay-gradient":""},"mobile":{"background-color":"","background-image":"","background-repeat":"repeat","background-position":"center center","background-size":"auto","background-attachment":"scroll","background-type":"","background-media":"","overlay-type":"","overlay-color":"","overlay-opacity":"","overlay-gradient":""}},"ast-content-background-meta":{"desktop":{"background-color":"var(--ast-global-color-4)","background-image":"","background-repeat":"repeat","background-position":"center center","background-size":"auto","background-attachment":"scroll","background-type":"","background-media":"","overlay-type":"","overlay-color":"","overlay-opacity":"","overlay-gradient":""},"tablet":{"background-color":"var(--ast-global-color-4)","background-image":"","background-repeat":"repeat","background-position":"center center","background-size":"auto","background-attachment":"scroll","background-type":"","background-media":"","overlay-type":"","overlay-color":"","overlay-opacity":"","overlay-gradient":""},"mobile":{"background-color":"var(--ast-global-color-4)","background-image":"","background-repeat":"repeat","background-position":"center center","background-size":"auto","background-attachment":"scroll","background-type":"","background-media":"","overlay-type":"","overlay-color":"","overlay-opacity":"","overlay-gradient":""}},"footnotes":""},"categories":[1],"tags":[],"class_list":["post-157354","post","type-post","status-publish","format-standard","hentry","category-sem-categoria"],"yoast_head":"<!-- This site is optimized with the Yoast SEO plugin v26.6 - https:\/\/yoast.com\/wordpress\/plugins\/seo\/ -->\n<title>No m\u00eas das m\u00e3es, S\u00e3o Lu\u00eds ganha novo palco e recebe Roberto Carlos em noite de inaugura\u00e7\u00e3o do S\u00e3o Lu\u00eds Hall - Daniel Matos<\/title>\n<meta name=\"robots\" content=\"index, follow, max-snippet:-1, max-image-preview:large, max-video-preview:-1\" \/>\n<link rel=\"canonical\" href=\"https:\/\/www.blogsoestado.com\/danielmatos\/no-mes-das-maes-sao-luis-ganha-novo-palco-e-recebe-roberto-carlos-em-noite-de-inauguracao-do-sao-luis-hall\/\" \/>\n<meta property=\"og:locale\" content=\"pt_BR\" \/>\n<meta property=\"og:type\" content=\"article\" \/>\n<meta property=\"og:title\" content=\"No m\u00eas das m\u00e3es, S\u00e3o Lu\u00eds ganha novo palco e recebe Roberto Carlos em noite de inaugura\u00e7\u00e3o do S\u00e3o Lu\u00eds Hall - Daniel Matos\" \/>\n<meta property=\"og:description\" content=\"S\u00e3o Lu\u00eds Hall abre as portas no dia 09 de maio, no S\u00e3o Lu\u00eds Shopping, a partir das 19h30 Uma [&hellip;]\" \/>\n<meta property=\"og:url\" content=\"https:\/\/www.blogsoestado.com\/danielmatos\/no-mes-das-maes-sao-luis-ganha-novo-palco-e-recebe-roberto-carlos-em-noite-de-inauguracao-do-sao-luis-hall\/\" \/>\n<meta property=\"og:site_name\" content=\"Daniel Matos\" \/>\n<meta property=\"article:published_time\" content=\"2026-04-27T22:09:52+00:00\" \/>\n<meta property=\"article:modified_time\" content=\"2026-04-27T22:09:56+00:00\" \/>\n<meta property=\"og:image\" content=\"https:\/\/www.blogsoestado.com\/danielmatos\/wp-content\/uploads\/sites\/2\/2026\/04\/1005494002.jpg\" \/>\n\t<meta property=\"og:image:width\" content=\"667\" \/>\n\t<meta property=\"og:image:height\" content=\"1000\" \/>\n\t<meta property=\"og:image:type\" content=\"image\/jpeg\" \/>\n<meta name=\"author\" content=\"Daniel Matos\" \/>\n<meta name=\"twitter:card\" content=\"summary_large_image\" \/>\n<meta name=\"twitter:label1\" content=\"Escrito por\" \/>\n\t<meta name=\"twitter:data1\" content=\"Daniel Matos\" \/>\n\t<meta name=\"twitter:label2\" content=\"Est. tempo de leitura\" \/>\n\t<meta name=\"twitter:data2\" content=\"3 minutos\" \/>\n<script type=\"application\/ld+json\" class=\"yoast-schema-graph\">{\"@context\":\"https:\/\/schema.org\",\"@graph\":[{\"@type\":\"WebPage\",\"@id\":\"https:\/\/www.blogsoestado.com\/danielmatos\/no-mes-das-maes-sao-luis-ganha-novo-palco-e-recebe-roberto-carlos-em-noite-de-inauguracao-do-sao-luis-hall\/\",\"url\":\"https:\/\/www.blogsoestado.com\/danielmatos\/no-mes-das-maes-sao-luis-ganha-novo-palco-e-recebe-roberto-carlos-em-noite-de-inauguracao-do-sao-luis-hall\/\",\"name\":\"No m\u00eas das m\u00e3es, S\u00e3o Lu\u00eds ganha novo palco e recebe Roberto Carlos em noite de inaugura\u00e7\u00e3o do S\u00e3o Lu\u00eds Hall - Daniel Matos\",\"isPartOf\":{\"@id\":\"https:\/\/www.blogsoestado.com\/danielmatos\/#website\"},\"primaryImageOfPage\":{\"@id\":\"https:\/\/www.blogsoestado.com\/danielmatos\/no-mes-das-maes-sao-luis-ganha-novo-palco-e-recebe-roberto-carlos-em-noite-de-inauguracao-do-sao-luis-hall\/#primaryimage\"},\"image\":{\"@id\":\"https:\/\/www.blogsoestado.com\/danielmatos\/no-mes-das-maes-sao-luis-ganha-novo-palco-e-recebe-roberto-carlos-em-noite-de-inauguracao-do-sao-luis-hall\/#primaryimage\"},\"thumbnailUrl\":\"https:\/\/www.blogsoestado.com\/danielmatos\/wp-content\/uploads\/sites\/2\/2026\/04\/1005494002.jpg\",\"datePublished\":\"2026-04-27T22:09:52+00:00\",\"dateModified\":\"2026-04-27T22:09:56+00:00\",\"author\":{\"@id\":\"https:\/\/www.blogsoestado.com\/danielmatos\/#\/schema\/person\/9a209d407cd45631f131e1285b661bb0\"},\"breadcrumb\":{\"@id\":\"https:\/\/www.blogsoestado.com\/danielmatos\/no-mes-das-maes-sao-luis-ganha-novo-palco-e-recebe-roberto-carlos-em-noite-de-inauguracao-do-sao-luis-hall\/#breadcrumb\"},\"inLanguage\":\"pt-BR\",\"potentialAction\":[{\"@type\":\"ReadAction\",\"target\":[\"https:\/\/www.blogsoestado.com\/danielmatos\/no-mes-das-maes-sao-luis-ganha-novo-palco-e-recebe-roberto-carlos-em-noite-de-inauguracao-do-sao-luis-hall\/\"]}]},{\"@type\":\"ImageObject\",\"inLanguage\":\"pt-BR\",\"@id\":\"https:\/\/www.blogsoestado.com\/danielmatos\/no-mes-das-maes-sao-luis-ganha-novo-palco-e-recebe-roberto-carlos-em-noite-de-inauguracao-do-sao-luis-hall\/#primaryimage\",\"url\":\"https:\/\/www.blogsoestado.com\/danielmatos\/wp-content\/uploads\/sites\/2\/2026\/04\/1005494002.jpg\",\"contentUrl\":\"https:\/\/www.blogsoestado.com\/danielmatos\/wp-content\/uploads\/sites\/2\/2026\/04\/1005494002.jpg\",\"width\":667,\"height\":1000},{\"@type\":\"BreadcrumbList\",\"@id\":\"https:\/\/www.blogsoestado.com\/danielmatos\/no-mes-das-maes-sao-luis-ganha-novo-palco-e-recebe-roberto-carlos-em-noite-de-inauguracao-do-sao-luis-hall\/#breadcrumb\",\"itemListElement\":[{\"@type\":\"ListItem\",\"position\":1,\"name\":\"In\u00edcio\",\"item\":\"https:\/\/www.blogsoestado.com\/danielmatos\/\"},{\"@type\":\"ListItem\",\"position\":2,\"name\":\"No m\u00eas das m\u00e3es, S\u00e3o Lu\u00eds ganha novo palco e recebe Roberto Carlos em noite de inaugura\u00e7\u00e3o do S\u00e3o Lu\u00eds Hall\"}]},{\"@type\":\"WebSite\",\"@id\":\"https:\/\/www.blogsoestado.com\/danielmatos\/#website\",\"url\":\"https:\/\/www.blogsoestado.com\/danielmatos\/\",\"name\":\"Daniel Matos\",\"description\":\"\",\"potentialAction\":[{\"@type\":\"SearchAction\",\"target\":{\"@type\":\"EntryPoint\",\"urlTemplate\":\"https:\/\/www.blogsoestado.com\/danielmatos\/?s={search_term_string}\"},\"query-input\":{\"@type\":\"PropertyValueSpecification\",\"valueRequired\":true,\"valueName\":\"search_term_string\"}}],\"inLanguage\":\"pt-BR\"},{\"@type\":\"Person\",\"@id\":\"https:\/\/www.blogsoestado.com\/danielmatos\/#\/schema\/person\/9a209d407cd45631f131e1285b661bb0\",\"name\":\"Daniel Matos\",\"image\":{\"@type\":\"ImageObject\",\"inLanguage\":\"pt-BR\",\"@id\":\"https:\/\/www.blogsoestado.com\/danielmatos\/#\/schema\/person\/image\/\",\"url\":\"https:\/\/secure.gravatar.com\/avatar\/2f26c36ee355da19a257f0dfef43952a2588b324ca35d6719e859fe338ac0392?s=96&d=mm&r=g\",\"contentUrl\":\"https:\/\/secure.gravatar.com\/avatar\/2f26c36ee355da19a257f0dfef43952a2588b324ca35d6719e859fe338ac0392?s=96&d=mm&r=g\",\"caption\":\"Daniel Matos\"},\"url\":\"https:\/\/www.blogsoestado.com\/danielmatos\/author\/danielmatos\/\"}]}<\/script>\n<!-- \/ Yoast SEO plugin. -->","yoast_head_json":{"title":"No m\u00eas das m\u00e3es, S\u00e3o Lu\u00eds ganha novo palco e recebe Roberto Carlos em noite de inaugura\u00e7\u00e3o do S\u00e3o Lu\u00eds Hall - Daniel Matos","robots":{"index":"index","follow":"follow","max-snippet":"max-snippet:-1","max-image-preview":"max-image-preview:large","max-video-preview":"max-video-preview:-1"},"canonical":"https:\/\/www.blogsoestado.com\/danielmatos\/no-mes-das-maes-sao-luis-ganha-novo-palco-e-recebe-roberto-carlos-em-noite-de-inauguracao-do-sao-luis-hall\/","og_locale":"pt_BR","og_type":"article","og_title":"No m\u00eas das m\u00e3es, S\u00e3o Lu\u00eds ganha novo palco e recebe Roberto Carlos em noite de inaugura\u00e7\u00e3o do S\u00e3o Lu\u00eds Hall - Daniel Matos","og_description":"S\u00e3o Lu\u00eds Hall abre as portas no dia 09 de maio, no S\u00e3o Lu\u00eds Shopping, a partir das 19h30 Uma [&hellip;]","og_url":"https:\/\/www.blogsoestado.com\/danielmatos\/no-mes-das-maes-sao-luis-ganha-novo-palco-e-recebe-roberto-carlos-em-noite-de-inauguracao-do-sao-luis-hall\/","og_site_name":"Daniel Matos","article_published_time":"2026-04-27T22:09:52+00:00","article_modified_time":"2026-04-27T22:09:56+00:00","og_image":[{"width":667,"height":1000,"url":"https:\/\/www.blogsoestado.com\/danielmatos\/wp-content\/uploads\/sites\/2\/2026\/04\/1005494002.jpg","type":"image\/jpeg"}],"author":"Daniel Matos","twitter_card":"summary_large_image","twitter_misc":{"Escrito por":"Daniel Matos","Est. tempo de leitura":"3 minutos"},"schema":{"@context":"https:\/\/schema.org","@graph":[{"@type":"WebPage","@id":"https:\/\/www.blogsoestado.com\/danielmatos\/no-mes-das-maes-sao-luis-ganha-novo-palco-e-recebe-roberto-carlos-em-noite-de-inauguracao-do-sao-luis-hall\/","url":"https:\/\/www.blogsoestado.com\/danielmatos\/no-mes-das-maes-sao-luis-ganha-novo-palco-e-recebe-roberto-carlos-em-noite-de-inauguracao-do-sao-luis-hall\/","name":"No m\u00eas das m\u00e3es, S\u00e3o Lu\u00eds ganha novo palco e recebe Roberto Carlos em noite de inaugura\u00e7\u00e3o do S\u00e3o Lu\u00eds Hall - Daniel Matos","isPartOf":{"@id":"https:\/\/www.blogsoestado.com\/danielmatos\/#website"},"primaryImageOfPage":{"@id":"https:\/\/www.blogsoestado.com\/danielmatos\/no-mes-das-maes-sao-luis-ganha-novo-palco-e-recebe-roberto-carlos-em-noite-de-inauguracao-do-sao-luis-hall\/#primaryimage"},"image":{"@id":"https:\/\/www.blogsoestado.com\/danielmatos\/no-mes-das-maes-sao-luis-ganha-novo-palco-e-recebe-roberto-carlos-em-noite-de-inauguracao-do-sao-luis-hall\/#primaryimage"},"thumbnailUrl":"https:\/\/www.blogsoestado.com\/danielmatos\/wp-content\/uploads\/sites\/2\/2026\/04\/1005494002.jpg","datePublished":"2026-04-27T22:09:52+00:00","dateModified":"2026-04-27T22:09:56+00:00","author":{"@id":"https:\/\/www.blogsoestado.com\/danielmatos\/#\/schema\/person\/9a209d407cd45631f131e1285b661bb0"},"breadcrumb":{"@id":"https:\/\/www.blogsoestado.com\/danielmatos\/no-mes-das-maes-sao-luis-ganha-novo-palco-e-recebe-roberto-carlos-em-noite-de-inauguracao-do-sao-luis-hall\/#breadcrumb"},"inLanguage":"pt-BR","potentialAction":[{"@type":"ReadAction","target":["https:\/\/www.blogsoestado.com\/danielmatos\/no-mes-das-maes-sao-luis-ganha-novo-palco-e-recebe-roberto-carlos-em-noite-de-inauguracao-do-sao-luis-hall\/"]}]},{"@type":"ImageObject","inLanguage":"pt-BR","@id":"https:\/\/www.blogsoestado.com\/danielmatos\/no-mes-das-maes-sao-luis-ganha-novo-palco-e-recebe-roberto-carlos-em-noite-de-inauguracao-do-sao-luis-hall\/#primaryimage","url":"https:\/\/www.blogsoestado.com\/danielmatos\/wp-content\/uploads\/sites\/2\/2026\/04\/1005494002.jpg","contentUrl":"https:\/\/www.blogsoestado.com\/danielmatos\/wp-content\/uploads\/sites\/2\/2026\/04\/1005494002.jpg","width":667,"height":1000},{"@type":"BreadcrumbList","@id":"https:\/\/www.blogsoestado.com\/danielmatos\/no-mes-das-maes-sao-luis-ganha-novo-palco-e-recebe-roberto-carlos-em-noite-de-inauguracao-do-sao-luis-hall\/#breadcrumb","itemListElement":[{"@type":"ListItem","position":1,"name":"In\u00edcio","item":"https:\/\/www.blogsoestado.com\/danielmatos\/"},{"@type":"ListItem","position":2,"name":"No m\u00eas das m\u00e3es, S\u00e3o Lu\u00eds ganha novo palco e recebe Roberto Carlos em noite de inaugura\u00e7\u00e3o do S\u00e3o Lu\u00eds Hall"}]},{"@type":"WebSite","@id":"https:\/\/www.blogsoestado.com\/danielmatos\/#website","url":"https:\/\/www.blogsoestado.com\/danielmatos\/","name":"Daniel Matos","description":"","potentialAction":[{"@type":"SearchAction","target":{"@type":"EntryPoint","urlTemplate":"https:\/\/www.blogsoestado.com\/danielmatos\/?s={search_term_string}"},"query-input":{"@type":"PropertyValueSpecification","valueRequired":true,"valueName":"search_term_string"}}],"inLanguage":"pt-BR"},{"@type":"Person","@id":"https:\/\/www.blogsoestado.com\/danielmatos\/#\/schema\/person\/9a209d407cd45631f131e1285b661bb0","name":"Daniel Matos","image":{"@type":"ImageObject","inLanguage":"pt-BR","@id":"https:\/\/www.blogsoestado.com\/danielmatos\/#\/schema\/person\/image\/","url":"https:\/\/secure.gravatar.com\/avatar\/2f26c36ee355da19a257f0dfef43952a2588b324ca35d6719e859fe338ac0392?s=96&d=mm&r=g","contentUrl":"https:\/\/secure.gravatar.com\/avatar\/2f26c36ee355da19a257f0dfef43952a2588b324ca35d6719e859fe338ac0392?s=96&d=mm&r=g","caption":"Daniel Matos"},"url":"https:\/\/www.blogsoestado.com\/danielmatos\/author\/danielmatos\/"}]}},"jetpack_featured_media_url":"","_links":{"self":[{"href":"https:\/\/www.blogsoestado.com\/danielmatos\/wp-json\/wp\/v2\/posts\/157354","targetHints":{"allow":["GET"]}}],"collection":[{"href":"https:\/\/www.blogsoestado.com\/danielmatos\/wp-json\/wp\/v2\/posts"}],"about":[{"href":"https:\/\/www.blogsoestado.com\/danielmatos\/wp-json\/wp\/v2\/types\/post"}],"author":[{"embeddable":true,"href":"https:\/\/www.blogsoestado.com\/danielmatos\/wp-json\/wp\/v2\/users\/2"}],"replies":[{"embeddable":true,"href":"https:\/\/www.blogsoestado.com\/danielmatos\/wp-json\/wp\/v2\/comments?post=157354"}],"version-history":[{"count":1,"href":"https:\/\/www.blogsoestado.com\/danielmatos\/wp-json\/wp\/v2\/posts\/157354\/revisions"}],"predecessor-version":[{"id":157356,"href":"https:\/\/www.blogsoestado.com\/danielmatos\/wp-json\/wp\/v2\/posts\/157354\/revisions\/157356"}],"wp:attachment":[{"href":"https:\/\/www.blogsoestado.com\/danielmatos\/wp-json\/wp\/v2\/media?parent=157354"}],"wp:term":[{"taxonomy":"category","embeddable":true,"href":"https:\/\/www.blogsoestado.com\/danielmatos\/wp-json\/wp\/v2\/categories?post=157354"},{"taxonomy":"post_tag","embeddable":true,"href":"https:\/\/www.blogsoestado.com\/danielmatos\/wp-json\/wp\/v2\/tags?post=157354"}],"curies":[{"name":"wp","href":"https:\/\/api.w.org\/{rel}","templated":true}]}}