{"id":157357,"date":"2026-04-28T06:02:28","date_gmt":"2026-04-28T09:02:28","guid":{"rendered":"https:\/\/www.blogsoestado.com\/danielmatos\/?p=157357"},"modified":"2026-04-28T06:02:31","modified_gmt":"2026-04-28T09:02:31","slug":"i-corrida-corpus-christi-entra-na-reta-final-de-inscricoes-com-novidades-e-presentes-para-participantes","status":"publish","type":"post","link":"https:\/\/www.blogsoestado.com\/danielmatos\/i-corrida-corpus-christi-entra-na-reta-final-de-inscricoes-com-novidades-e-presentes-para-participantes\/","title":{"rendered":"I Corrida Corpus Christi entra na reta final de inscri\u00e7\u00f5es com novidades e presentes para participantes"},"content":{"rendered":"\n<p><strong><mark style=\"color:#cf2e2e\" class=\"has-inline-color\">Prova ter\u00e1 arena de servi\u00e7os, DJ e banda, al\u00e9m de medalha aben\u00e7oada e kit extra <\/mark><\/strong><\/p>\n\n\n\n<figure class=\"wp-block-image aligncenter size-large\"><img fetchpriority=\"high\" decoding=\"async\" width=\"1024\" height=\"657\" src=\"https:\/\/www.blogsoestado.com\/danielmatos\/wp-content\/uploads\/sites\/2\/2026\/04\/1005496198-1024x657.jpg\" alt=\"\" class=\"wp-image-157358\" srcset=\"https:\/\/www.blogsoestado.com\/danielmatos\/wp-content\/uploads\/sites\/2\/2026\/04\/1005496198-1024x657.jpg 1024w, https:\/\/www.blogsoestado.com\/danielmatos\/wp-content\/uploads\/sites\/2\/2026\/04\/1005496198-300x192.jpg 300w, https:\/\/www.blogsoestado.com\/danielmatos\/wp-content\/uploads\/sites\/2\/2026\/04\/1005496198-768x492.jpg 768w, https:\/\/www.blogsoestado.com\/danielmatos\/wp-content\/uploads\/sites\/2\/2026\/04\/1005496198.jpg 1296w\" sizes=\"(max-width: 1024px) 100vw, 1024px\" \/><figcaption class=\"wp-element-caption\">A Banda da Par\u00f3quia far\u00e1 show ao vivo no encerramento da I Corrida de Corpus Christi na Av. Litor\u00e2nea, no domingo (3)<\/figcaption><\/figure>\n\n\n\n<p><\/p>\n\n\n\n<p>A poucos dias da largada, a I Corrida Corpus Christi acelera para seus \u00faltimos momentos de inscri\u00e7\u00e3o e aposta em uma experi\u00eancia ampliada para atrair o p\u00fablico na manh\u00e3 deste domingo (3), na Avenida Litor\u00e2nea, em S\u00e3o Lu\u00eds.<\/p>\n\n\n\n<p>Em sintonia com o crescimento das corridas de rua na capital maranhense, o evento promovido pela Arquidiocese de S\u00e3o Lu\u00eds refor\u00e7a seu diferencial: unir pr\u00e1tica esportiva, estrutura de prova e elementos de espiritualidade. O evento marca tamb\u00e9m o in\u00edcio das celebra\u00e7\u00f5es oficiais de Corpus Christi da Igreja Cat\u00f3lica nesse ano.<\/p>\n\n\n\n<p>Com expectativa de reunir cerca de 2 mil participantes, a organiza\u00e7\u00e3o anuncia novidades na Arena de Servi\u00e7os, que vai receber os corredores e visitantes, na Pra\u00e7a do Pescador \u2014 ponto oficial de largada e chegada \u2014 e que funcionar\u00e1 como o cora\u00e7\u00e3o do evento.<\/p>\n\n\n\n<p>O espa\u00e7o oferece conforto e mimos aos participantes: banheiros, pontos de hidrata\u00e7\u00e3o e distribui\u00e7\u00e3o de frutas, servi\u00e7os m\u00e9dicos, \u00e1rea de relaxamento e estandes de degusta\u00e7\u00e3o de patrocinadores.<\/p>\n\n\n\n<p>A proposta da organiza\u00e7\u00e3o \u00e9 transformar a corrida em uma experi\u00eancia completa, que vai al\u00e9m do percurso. A arena tamb\u00e9m ser\u00e1 palco de programa\u00e7\u00e3o musical, com a presen\u00e7a de DJ e uma apresenta\u00e7\u00e3o mais que especial, e ao vivo, da Banda da Par\u00f3quia S\u00e3o Paulo Ap\u00f3stolo na chegada dos atletas. Grupo criado em 2025 com a proposta de evangelizar por meio de uma linguagem musical mais din\u00e2mica, a Banda \u00e9 sucesso a cada apresenta\u00e7\u00e3o que faz, e mistura louvor tradicional com arranjos contempor\u00e2neos que contagia o p\u00fablico.<\/p>\n\n\n\n<p>A Banda da Par\u00f3quia \u00e9 formada por Frederico Moreira (voz e viol\u00e3o); Edilson Lobato (voz e viol\u00e3o \/ maestro); Werton Luis (bateria); Alex Rahbani (baixo); Nerivaldo (teclado): Luciana Menezes e Karla Baldez (back vocal); Marlise Moreira (tri\u00e2ngulo); Jorge Lima (zabumba); Fabiano Massula e Roclides Lima (sanfona), que prometem um grande show muito especial.<\/p>\n\n\n\n<p><strong>PRESENTES E NOVIDADES PARA OS INSCRITOS<\/strong><\/p>\n\n\n\n<p>Entre as novidades, um detalhe chama aten\u00e7\u00e3o: todas as medalhas trazem o nome Corpus Christi SLZ e estar\u00e3o previamente aben\u00e7oadas pelo arcebispo de S\u00e3o Lu\u00eds, dom Gilberto Pastana. O item, que j\u00e1 carrega valor simb\u00f3lico, ganha aqui uma dimens\u00e3o religiosa. Cada participante receber\u00e1 com a medalha, um suporte pl\u00e1stico para guardar a mesma ou utiliz\u00e1-la em espa\u00e7os de devo\u00e7\u00e3o.<\/p>\n\n\n\n<figure class=\"wp-block-image aligncenter size-large\"><img decoding=\"async\" width=\"1024\" height=\"853\" src=\"https:\/\/www.blogsoestado.com\/danielmatos\/wp-content\/uploads\/sites\/2\/2026\/04\/1005496199-1024x853.jpg\" alt=\"\" class=\"wp-image-157359\" srcset=\"https:\/\/www.blogsoestado.com\/danielmatos\/wp-content\/uploads\/sites\/2\/2026\/04\/1005496199-1024x853.jpg 1024w, https:\/\/www.blogsoestado.com\/danielmatos\/wp-content\/uploads\/sites\/2\/2026\/04\/1005496199-300x250.jpg 300w, https:\/\/www.blogsoestado.com\/danielmatos\/wp-content\/uploads\/sites\/2\/2026\/04\/1005496199-768x640.jpg 768w, https:\/\/www.blogsoestado.com\/danielmatos\/wp-content\/uploads\/sites\/2\/2026\/04\/1005496199-1536x1280.jpg 1536w, https:\/\/www.blogsoestado.com\/danielmatos\/wp-content\/uploads\/sites\/2\/2026\/04\/1005496199.jpg 1600w\" sizes=\"(max-width: 1024px) 100vw, 1024px\" \/><figcaption class=\"wp-element-caption\">As medalhas da prova estar\u00e3o aben\u00e7oadas pelo Arcebispo de S\u00e3o Lu\u00eds dom Gilberto Pastana, e acompanhadas de um suporte<\/figcaption><\/figure>\n\n\n\n<p>Al\u00e9m de receber o kit completo da Corrida, outro presente extra \u00e9 o Kit Corpus Christi, uma bela lembran\u00e7a da solenidade. V\u00e1lido para todas as inscri\u00e7\u00f5es realizadas diretamente no site oficial da Corrida.<\/p>\n\n\n\n<p><strong>ENTREGA DOS KITS NA LOJA DEGRAU\u00b4S SPORTS<\/strong><\/p>\n\n\n\n<p>A retirada dos kits de participantes ser\u00e1 realizada na loja Degraus, no Shopping da Ilha, na quarta-feira (30), durante todo o hor\u00e1rio de funcionamento, e no s\u00e1bado (2), at\u00e9 as 18h.<\/p>\n\n\n\n<p>Com percursos de 5 km, 10 km e caminhada livre, a prova aposta na inclus\u00e3o como um de seus pilares. O evento contar\u00e1 com categorias para o p\u00fablico geral (masculino e feminino), al\u00e9m de modalidades espec\u00edficas para cadeirantes, pessoas com defici\u00eancia andante e defici\u00eancia visual, ampliando o acesso e refor\u00e7ando o car\u00e1ter democr\u00e1tico da prova.<\/p>\n\n\n\n<p>Ao apostar em estrutura, servi\u00e7os e identidade pr\u00f3pria, a I Corrida Corpus Christi vai muito al\u00e9m da prova desportiva, e se consolida como uma experi\u00eancia comunit\u00e1ria que tem tudo para entrar definitivamente no calend\u00e1rio de grandes eventos de S\u00e3o Lu\u00eds.<\/p>\n\n\n\n<p>E conta com o patroc\u00ednio de diversas empresas: Centro El\u00e9trico, Voltz, Lagunas Turismo, Cohortifrut Ceasa, InterM\u00eddia Comunica\u00e7\u00e3o Integrada, CopyMaster, Super Cl\u00ednica, Lacmar Laborat\u00f3rio, Natus Lumine Hospital e Maternidade, Vital Med, Degrau\u00b4s Sports, Cl\u00ednica Pedi\u00e1trica Mil Dias, Grupo Distribuidora, UrbM\u00eddia, Ilha Bela, Farma1, Domvel, Mood Filmes e Higienizadora S\u00e3o Lu\u00eds; al\u00e9m do apoio da SEDEL (Secretaria de Estado do Esporte e Lazer).<\/p>\n\n\n\n<p>As inscri\u00e7\u00f5es seguem abertas nos \u00faltimos dias e podem ser feitas no site centraldacorrida.com.br, enquanto houver vagas. A largada est\u00e1 marcada para as 6h, com a promessa de transformar a Litor\u00e2nea em um ponto de encontro de esporte, f\u00e9 e conviv\u00eancia comunit\u00e1ria.<\/p>\n\n\n\n<figure class=\"wp-block-image aligncenter size-large\"><img decoding=\"async\" width=\"1024\" height=\"646\" src=\"https:\/\/www.blogsoestado.com\/danielmatos\/wp-content\/uploads\/sites\/2\/2026\/04\/1005496201-1024x646.jpg\" alt=\"\" class=\"wp-image-157360\" srcset=\"https:\/\/www.blogsoestado.com\/danielmatos\/wp-content\/uploads\/sites\/2\/2026\/04\/1005496201-1024x646.jpg 1024w, https:\/\/www.blogsoestado.com\/danielmatos\/wp-content\/uploads\/sites\/2\/2026\/04\/1005496201-300x189.jpg 300w, https:\/\/www.blogsoestado.com\/danielmatos\/wp-content\/uploads\/sites\/2\/2026\/04\/1005496201-768x485.jpg 768w, https:\/\/www.blogsoestado.com\/danielmatos\/wp-content\/uploads\/sites\/2\/2026\/04\/1005496201.jpg 1169w\" sizes=\"(max-width: 1024px) 100vw, 1024px\" \/><figcaption class=\"wp-element-caption\">Quem se inscreveu pelo site oficial, al\u00e9m do kit completo da corrida, receber\u00e1 um kit extra de Corpus Christi<\/figcaption><\/figure>\n\n\n\n<p>Mais do que desempenho, a proposta \u00e9 participa\u00e7\u00e3o. Independentemente do ritmo de cada um, o importante \u00e9 n\u00e3o ficar de fora de uma manh\u00e3 de muito esporte, f\u00e9 e qualidade de vida, com muita anima\u00e7\u00e3o.<\/p>\n\n\n\n<p><strong>CONHE\u00c7A A BANDA DA PAR\u00d3QUIA: SUCESSO DE P\u00daBLICO<\/strong><\/p>\n\n\n\n<p>A Banda da Par\u00f3quia nasceu em 2025, a partir de um convite-desafio feito pelos casais Alexandre e Erika, e Fl\u00e1via e Glaydson, coordenadores do Festejo de S\u00e3o Paulo Ap\u00f3stolo naquele ano. Eles sonhavam com um show de louvor aberto, alegre e profundamente evangelizador, que unisse espiritualidade e festa em um mesmo momento. A ideia era incluir na programa\u00e7\u00e3o uma banda que apresentasse m\u00fasicas cat\u00f3licas em uma roupagem mais din\u00e2mica, moderna e festiva, sem perder o sentido da espiritualidade.<\/p>\n\n\n\n<p>Para tornar esse sonho realidade, os coordenadores convidaram Frederico e Edilson, que acolheram o desafio e come\u00e7aram a reunir amigos m\u00fasicos da pr\u00f3pria comunidade. Assim nasceu a Banda da Par\u00f3quia: um grupo formado por pessoas que uniram f\u00e9, amizade e m\u00fasica a servi\u00e7o de Deus e que tem se apresentado em diversos eventos e festejos cat\u00f3licos, arrebatando o p\u00fablico.<\/p>\n\n\n\n<p>Seu show \u00e9 contagiante e agrada todas as faixas et\u00e1rias, e provoca a participa\u00e7\u00e3o do p\u00fablico, com cantos conhecidos e refr\u00f5es marcantes. Tudo isso com uma proposta musical vibrante, festiva, mas profundamente espiritual.<\/p>\n\n\n\n<p>.<\/p>\n","protected":false},"excerpt":{"rendered":"<p>Prova ter\u00e1 arena de servi\u00e7os, DJ e banda, al\u00e9m de medalha aben\u00e7oada e kit extra A poucos dias da largada, [&hellip;]<\/p>\n","protected":false},"author":2,"featured_media":0,"comment_status":"open","ping_status":"open","sticky":false,"template":"","format":"standard","meta":{"site-sidebar-layout":"default","site-content-layout":"","ast-site-content-layout":"default","site-content-style":"default","site-sidebar-style":"default","ast-global-header-display":"","ast-banner-title-visibility":"","ast-main-header-display":"","ast-hfb-above-header-display":"","ast-hfb-below-header-display":"","ast-hfb-mobile-header-display":"","site-post-title":"","ast-breadcrumbs-content":"","ast-featured-img":"","footer-sml-layout":"","ast-disable-related-posts":"","theme-transparent-header-meta":"","adv-header-id-meta":"","stick-header-meta":"","header-above-stick-meta":"","header-main-stick-meta":"","header-below-stick-meta":"","astra-migrate-meta-layouts":"default","ast-page-background-enabled":"default","ast-page-background-meta":{"desktop":{"background-color":"var(--ast-global-color-5)","background-image":"","background-repeat":"repeat","background-position":"center center","background-size":"auto","background-attachment":"scroll","background-type":"","background-media":"","overlay-type":"","overlay-color":"","overlay-opacity":"","overlay-gradient":""},"tablet":{"background-color":"","background-image":"","background-repeat":"repeat","background-position":"center center","background-size":"auto","background-attachment":"scroll","background-type":"","background-media":"","overlay-type":"","overlay-color":"","overlay-opacity":"","overlay-gradient":""},"mobile":{"background-color":"","background-image":"","background-repeat":"repeat","background-position":"center center","background-size":"auto","background-attachment":"scroll","background-type":"","background-media":"","overlay-type":"","overlay-color":"","overlay-opacity":"","overlay-gradient":""}},"ast-content-background-meta":{"desktop":{"background-color":"var(--ast-global-color-4)","background-image":"","background-repeat":"repeat","background-position":"center center","background-size":"auto","background-attachment":"scroll","background-type":"","background-media":"","overlay-type":"","overlay-color":"","overlay-opacity":"","overlay-gradient":""},"tablet":{"background-color":"var(--ast-global-color-4)","background-image":"","background-repeat":"repeat","background-position":"center center","background-size":"auto","background-attachment":"scroll","background-type":"","background-media":"","overlay-type":"","overlay-color":"","overlay-opacity":"","overlay-gradient":""},"mobile":{"background-color":"var(--ast-global-color-4)","background-image":"","background-repeat":"repeat","background-position":"center center","background-size":"auto","background-attachment":"scroll","background-type":"","background-media":"","overlay-type":"","overlay-color":"","overlay-opacity":"","overlay-gradient":""}},"footnotes":""},"categories":[1],"tags":[],"class_list":["post-157357","post","type-post","status-publish","format-standard","hentry","category-sem-categoria"],"yoast_head":"<!-- This site is optimized with the Yoast SEO plugin v26.6 - https:\/\/yoast.com\/wordpress\/plugins\/seo\/ -->\n<title>I Corrida Corpus Christi entra na reta final de inscri\u00e7\u00f5es com novidades e presentes para participantes - Daniel Matos<\/title>\n<meta name=\"robots\" content=\"index, follow, max-snippet:-1, max-image-preview:large, max-video-preview:-1\" \/>\n<link rel=\"canonical\" href=\"https:\/\/www.blogsoestado.com\/danielmatos\/i-corrida-corpus-christi-entra-na-reta-final-de-inscricoes-com-novidades-e-presentes-para-participantes\/\" \/>\n<meta property=\"og:locale\" content=\"pt_BR\" \/>\n<meta property=\"og:type\" content=\"article\" \/>\n<meta property=\"og:title\" content=\"I Corrida Corpus Christi entra na reta final de inscri\u00e7\u00f5es com novidades e presentes para participantes - Daniel Matos\" \/>\n<meta property=\"og:description\" content=\"Prova ter\u00e1 arena de servi\u00e7os, DJ e banda, al\u00e9m de medalha aben\u00e7oada e kit extra A poucos dias da largada, [&hellip;]\" \/>\n<meta property=\"og:url\" content=\"https:\/\/www.blogsoestado.com\/danielmatos\/i-corrida-corpus-christi-entra-na-reta-final-de-inscricoes-com-novidades-e-presentes-para-participantes\/\" \/>\n<meta property=\"og:site_name\" content=\"Daniel Matos\" \/>\n<meta property=\"article:published_time\" content=\"2026-04-28T09:02:28+00:00\" \/>\n<meta property=\"article:modified_time\" content=\"2026-04-28T09:02:31+00:00\" \/>\n<meta property=\"og:image\" content=\"https:\/\/www.blogsoestado.com\/danielmatos\/wp-content\/uploads\/sites\/2\/2026\/04\/1005496198.jpg\" \/>\n\t<meta property=\"og:image:width\" content=\"1296\" \/>\n\t<meta property=\"og:image:height\" content=\"831\" \/>\n\t<meta property=\"og:image:type\" content=\"image\/jpeg\" \/>\n<meta name=\"author\" content=\"Daniel Matos\" \/>\n<meta name=\"twitter:card\" content=\"summary_large_image\" \/>\n<meta name=\"twitter:label1\" content=\"Escrito por\" \/>\n\t<meta name=\"twitter:data1\" content=\"Daniel Matos\" \/>\n\t<meta name=\"twitter:label2\" content=\"Est. tempo de leitura\" \/>\n\t<meta name=\"twitter:data2\" content=\"6 minutos\" \/>\n<script type=\"application\/ld+json\" class=\"yoast-schema-graph\">{\"@context\":\"https:\/\/schema.org\",\"@graph\":[{\"@type\":\"WebPage\",\"@id\":\"https:\/\/www.blogsoestado.com\/danielmatos\/i-corrida-corpus-christi-entra-na-reta-final-de-inscricoes-com-novidades-e-presentes-para-participantes\/\",\"url\":\"https:\/\/www.blogsoestado.com\/danielmatos\/i-corrida-corpus-christi-entra-na-reta-final-de-inscricoes-com-novidades-e-presentes-para-participantes\/\",\"name\":\"I Corrida Corpus Christi entra na reta final de inscri\u00e7\u00f5es com novidades e presentes para participantes - Daniel Matos\",\"isPartOf\":{\"@id\":\"https:\/\/www.blogsoestado.com\/danielmatos\/#website\"},\"primaryImageOfPage\":{\"@id\":\"https:\/\/www.blogsoestado.com\/danielmatos\/i-corrida-corpus-christi-entra-na-reta-final-de-inscricoes-com-novidades-e-presentes-para-participantes\/#primaryimage\"},\"image\":{\"@id\":\"https:\/\/www.blogsoestado.com\/danielmatos\/i-corrida-corpus-christi-entra-na-reta-final-de-inscricoes-com-novidades-e-presentes-para-participantes\/#primaryimage\"},\"thumbnailUrl\":\"https:\/\/www.blogsoestado.com\/danielmatos\/wp-content\/uploads\/sites\/2\/2026\/04\/1005496198-1024x657.jpg\",\"datePublished\":\"2026-04-28T09:02:28+00:00\",\"dateModified\":\"2026-04-28T09:02:31+00:00\",\"author\":{\"@id\":\"https:\/\/www.blogsoestado.com\/danielmatos\/#\/schema\/person\/9a209d407cd45631f131e1285b661bb0\"},\"breadcrumb\":{\"@id\":\"https:\/\/www.blogsoestado.com\/danielmatos\/i-corrida-corpus-christi-entra-na-reta-final-de-inscricoes-com-novidades-e-presentes-para-participantes\/#breadcrumb\"},\"inLanguage\":\"pt-BR\",\"potentialAction\":[{\"@type\":\"ReadAction\",\"target\":[\"https:\/\/www.blogsoestado.com\/danielmatos\/i-corrida-corpus-christi-entra-na-reta-final-de-inscricoes-com-novidades-e-presentes-para-participantes\/\"]}]},{\"@type\":\"ImageObject\",\"inLanguage\":\"pt-BR\",\"@id\":\"https:\/\/www.blogsoestado.com\/danielmatos\/i-corrida-corpus-christi-entra-na-reta-final-de-inscricoes-com-novidades-e-presentes-para-participantes\/#primaryimage\",\"url\":\"https:\/\/www.blogsoestado.com\/danielmatos\/wp-content\/uploads\/sites\/2\/2026\/04\/1005496198.jpg\",\"contentUrl\":\"https:\/\/www.blogsoestado.com\/danielmatos\/wp-content\/uploads\/sites\/2\/2026\/04\/1005496198.jpg\",\"width\":1296,\"height\":831},{\"@type\":\"BreadcrumbList\",\"@id\":\"https:\/\/www.blogsoestado.com\/danielmatos\/i-corrida-corpus-christi-entra-na-reta-final-de-inscricoes-com-novidades-e-presentes-para-participantes\/#breadcrumb\",\"itemListElement\":[{\"@type\":\"ListItem\",\"position\":1,\"name\":\"In\u00edcio\",\"item\":\"https:\/\/www.blogsoestado.com\/danielmatos\/\"},{\"@type\":\"ListItem\",\"position\":2,\"name\":\"I Corrida Corpus Christi entra na reta final de inscri\u00e7\u00f5es com novidades e presentes para participantes\"}]},{\"@type\":\"WebSite\",\"@id\":\"https:\/\/www.blogsoestado.com\/danielmatos\/#website\",\"url\":\"https:\/\/www.blogsoestado.com\/danielmatos\/\",\"name\":\"Daniel Matos\",\"description\":\"\",\"potentialAction\":[{\"@type\":\"SearchAction\",\"target\":{\"@type\":\"EntryPoint\",\"urlTemplate\":\"https:\/\/www.blogsoestado.com\/danielmatos\/?s={search_term_string}\"},\"query-input\":{\"@type\":\"PropertyValueSpecification\",\"valueRequired\":true,\"valueName\":\"search_term_string\"}}],\"inLanguage\":\"pt-BR\"},{\"@type\":\"Person\",\"@id\":\"https:\/\/www.blogsoestado.com\/danielmatos\/#\/schema\/person\/9a209d407cd45631f131e1285b661bb0\",\"name\":\"Daniel Matos\",\"image\":{\"@type\":\"ImageObject\",\"inLanguage\":\"pt-BR\",\"@id\":\"https:\/\/www.blogsoestado.com\/danielmatos\/#\/schema\/person\/image\/\",\"url\":\"https:\/\/secure.gravatar.com\/avatar\/2f26c36ee355da19a257f0dfef43952a2588b324ca35d6719e859fe338ac0392?s=96&d=mm&r=g\",\"contentUrl\":\"https:\/\/secure.gravatar.com\/avatar\/2f26c36ee355da19a257f0dfef43952a2588b324ca35d6719e859fe338ac0392?s=96&d=mm&r=g\",\"caption\":\"Daniel Matos\"},\"url\":\"https:\/\/www.blogsoestado.com\/danielmatos\/author\/danielmatos\/\"}]}<\/script>\n<!-- \/ Yoast SEO plugin. -->","yoast_head_json":{"title":"I Corrida Corpus Christi entra na reta final de inscri\u00e7\u00f5es com novidades e presentes para participantes - Daniel Matos","robots":{"index":"index","follow":"follow","max-snippet":"max-snippet:-1","max-image-preview":"max-image-preview:large","max-video-preview":"max-video-preview:-1"},"canonical":"https:\/\/www.blogsoestado.com\/danielmatos\/i-corrida-corpus-christi-entra-na-reta-final-de-inscricoes-com-novidades-e-presentes-para-participantes\/","og_locale":"pt_BR","og_type":"article","og_title":"I Corrida Corpus Christi entra na reta final de inscri\u00e7\u00f5es com novidades e presentes para participantes - Daniel Matos","og_description":"Prova ter\u00e1 arena de servi\u00e7os, DJ e banda, al\u00e9m de medalha aben\u00e7oada e kit extra A poucos dias da largada, [&hellip;]","og_url":"https:\/\/www.blogsoestado.com\/danielmatos\/i-corrida-corpus-christi-entra-na-reta-final-de-inscricoes-com-novidades-e-presentes-para-participantes\/","og_site_name":"Daniel Matos","article_published_time":"2026-04-28T09:02:28+00:00","article_modified_time":"2026-04-28T09:02:31+00:00","og_image":[{"width":1296,"height":831,"url":"https:\/\/www.blogsoestado.com\/danielmatos\/wp-content\/uploads\/sites\/2\/2026\/04\/1005496198.jpg","type":"image\/jpeg"}],"author":"Daniel Matos","twitter_card":"summary_large_image","twitter_misc":{"Escrito por":"Daniel Matos","Est. tempo de leitura":"6 minutos"},"schema":{"@context":"https:\/\/schema.org","@graph":[{"@type":"WebPage","@id":"https:\/\/www.blogsoestado.com\/danielmatos\/i-corrida-corpus-christi-entra-na-reta-final-de-inscricoes-com-novidades-e-presentes-para-participantes\/","url":"https:\/\/www.blogsoestado.com\/danielmatos\/i-corrida-corpus-christi-entra-na-reta-final-de-inscricoes-com-novidades-e-presentes-para-participantes\/","name":"I Corrida Corpus Christi entra na reta final de inscri\u00e7\u00f5es com novidades e presentes para participantes - Daniel Matos","isPartOf":{"@id":"https:\/\/www.blogsoestado.com\/danielmatos\/#website"},"primaryImageOfPage":{"@id":"https:\/\/www.blogsoestado.com\/danielmatos\/i-corrida-corpus-christi-entra-na-reta-final-de-inscricoes-com-novidades-e-presentes-para-participantes\/#primaryimage"},"image":{"@id":"https:\/\/www.blogsoestado.com\/danielmatos\/i-corrida-corpus-christi-entra-na-reta-final-de-inscricoes-com-novidades-e-presentes-para-participantes\/#primaryimage"},"thumbnailUrl":"https:\/\/www.blogsoestado.com\/danielmatos\/wp-content\/uploads\/sites\/2\/2026\/04\/1005496198-1024x657.jpg","datePublished":"2026-04-28T09:02:28+00:00","dateModified":"2026-04-28T09:02:31+00:00","author":{"@id":"https:\/\/www.blogsoestado.com\/danielmatos\/#\/schema\/person\/9a209d407cd45631f131e1285b661bb0"},"breadcrumb":{"@id":"https:\/\/www.blogsoestado.com\/danielmatos\/i-corrida-corpus-christi-entra-na-reta-final-de-inscricoes-com-novidades-e-presentes-para-participantes\/#breadcrumb"},"inLanguage":"pt-BR","potentialAction":[{"@type":"ReadAction","target":["https:\/\/www.blogsoestado.com\/danielmatos\/i-corrida-corpus-christi-entra-na-reta-final-de-inscricoes-com-novidades-e-presentes-para-participantes\/"]}]},{"@type":"ImageObject","inLanguage":"pt-BR","@id":"https:\/\/www.blogsoestado.com\/danielmatos\/i-corrida-corpus-christi-entra-na-reta-final-de-inscricoes-com-novidades-e-presentes-para-participantes\/#primaryimage","url":"https:\/\/www.blogsoestado.com\/danielmatos\/wp-content\/uploads\/sites\/2\/2026\/04\/1005496198.jpg","contentUrl":"https:\/\/www.blogsoestado.com\/danielmatos\/wp-content\/uploads\/sites\/2\/2026\/04\/1005496198.jpg","width":1296,"height":831},{"@type":"BreadcrumbList","@id":"https:\/\/www.blogsoestado.com\/danielmatos\/i-corrida-corpus-christi-entra-na-reta-final-de-inscricoes-com-novidades-e-presentes-para-participantes\/#breadcrumb","itemListElement":[{"@type":"ListItem","position":1,"name":"In\u00edcio","item":"https:\/\/www.blogsoestado.com\/danielmatos\/"},{"@type":"ListItem","position":2,"name":"I Corrida Corpus Christi entra na reta final de inscri\u00e7\u00f5es com novidades e presentes para participantes"}]},{"@type":"WebSite","@id":"https:\/\/www.blogsoestado.com\/danielmatos\/#website","url":"https:\/\/www.blogsoestado.com\/danielmatos\/","name":"Daniel Matos","description":"","potentialAction":[{"@type":"SearchAction","target":{"@type":"EntryPoint","urlTemplate":"https:\/\/www.blogsoestado.com\/danielmatos\/?s={search_term_string}"},"query-input":{"@type":"PropertyValueSpecification","valueRequired":true,"valueName":"search_term_string"}}],"inLanguage":"pt-BR"},{"@type":"Person","@id":"https:\/\/www.blogsoestado.com\/danielmatos\/#\/schema\/person\/9a209d407cd45631f131e1285b661bb0","name":"Daniel Matos","image":{"@type":"ImageObject","inLanguage":"pt-BR","@id":"https:\/\/www.blogsoestado.com\/danielmatos\/#\/schema\/person\/image\/","url":"https:\/\/secure.gravatar.com\/avatar\/2f26c36ee355da19a257f0dfef43952a2588b324ca35d6719e859fe338ac0392?s=96&d=mm&r=g","contentUrl":"https:\/\/secure.gravatar.com\/avatar\/2f26c36ee355da19a257f0dfef43952a2588b324ca35d6719e859fe338ac0392?s=96&d=mm&r=g","caption":"Daniel Matos"},"url":"https:\/\/www.blogsoestado.com\/danielmatos\/author\/danielmatos\/"}]}},"jetpack_featured_media_url":"","_links":{"self":[{"href":"https:\/\/www.blogsoestado.com\/danielmatos\/wp-json\/wp\/v2\/posts\/157357","targetHints":{"allow":["GET"]}}],"collection":[{"href":"https:\/\/www.blogsoestado.com\/danielmatos\/wp-json\/wp\/v2\/posts"}],"about":[{"href":"https:\/\/www.blogsoestado.com\/danielmatos\/wp-json\/wp\/v2\/types\/post"}],"author":[{"embeddable":true,"href":"https:\/\/www.blogsoestado.com\/danielmatos\/wp-json\/wp\/v2\/users\/2"}],"replies":[{"embeddable":true,"href":"https:\/\/www.blogsoestado.com\/danielmatos\/wp-json\/wp\/v2\/comments?post=157357"}],"version-history":[{"count":1,"href":"https:\/\/www.blogsoestado.com\/danielmatos\/wp-json\/wp\/v2\/posts\/157357\/revisions"}],"predecessor-version":[{"id":157361,"href":"https:\/\/www.blogsoestado.com\/danielmatos\/wp-json\/wp\/v2\/posts\/157357\/revisions\/157361"}],"wp:attachment":[{"href":"https:\/\/www.blogsoestado.com\/danielmatos\/wp-json\/wp\/v2\/media?parent=157357"}],"wp:term":[{"taxonomy":"category","embeddable":true,"href":"https:\/\/www.blogsoestado.com\/danielmatos\/wp-json\/wp\/v2\/categories?post=157357"},{"taxonomy":"post_tag","embeddable":true,"href":"https:\/\/www.blogsoestado.com\/danielmatos\/wp-json\/wp\/v2\/tags?post=157357"}],"curies":[{"name":"wp","href":"https:\/\/api.w.org\/{rel}","templated":true}]}}