{"id":157362,"date":"2026-04-28T07:20:00","date_gmt":"2026-04-28T10:20:00","guid":{"rendered":"https:\/\/www.blogsoestado.com\/danielmatos\/?p=157362"},"modified":"2026-04-28T07:20:05","modified_gmt":"2026-04-28T10:20:05","slug":"com-relatoria-de-amanda-gentil-projeto-que-cria-secretaria-para-fortalecer-garantias-fundamentais-e-promulgado-pela-camara-dos-deputados","status":"publish","type":"post","link":"https:\/\/www.blogsoestado.com\/danielmatos\/com-relatoria-de-amanda-gentil-projeto-que-cria-secretaria-para-fortalecer-garantias-fundamentais-e-promulgado-pela-camara-dos-deputados\/","title":{"rendered":"Com relatoria de Amanda Gentil, projeto que cria secretaria para fortalecer garantias fundamentais \u00e9 promulgado pela C\u00e2mara dos Deputados"},"content":{"rendered":"\n<p><strong><mark style=\"color:#cf2e2e\" class=\"has-inline-color\">A parlamentar maranhense destacou que o \u00f3rg\u00e3o ter\u00e1 a &#8220;miss\u00e3o vital&#8221; de monitorar o cumprimento das senten\u00e7as da Corte Interamericana de Direitos Humanos <\/mark><\/strong><\/p>\n\n\n\n<figure class=\"wp-block-image aligncenter size-full\"><img fetchpriority=\"high\" decoding=\"async\" width=\"768\" height=\"473\" src=\"https:\/\/www.blogsoestado.com\/danielmatos\/wp-content\/uploads\/sites\/2\/2026\/04\/1005496679.jpg\" alt=\"\" class=\"wp-image-157363\" srcset=\"https:\/\/www.blogsoestado.com\/danielmatos\/wp-content\/uploads\/sites\/2\/2026\/04\/1005496679.jpg 768w, https:\/\/www.blogsoestado.com\/danielmatos\/wp-content\/uploads\/sites\/2\/2026\/04\/1005496679-300x185.jpg 300w\" sizes=\"(max-width: 768px) 100vw, 768px\" \/><figcaption class=\"wp-element-caption\">Amanda Gentil: instrumento poderoso no combate \u00e0s viola\u00e7\u00f5es hist\u00f3ricas aos direitos humanosFonte: Ag\u00eancia C\u00e2mara de Not\u00edcias<\/figcaption><\/figure>\n\n\n\n<p>A C\u00e2mara dos Deputados aprovou projeto de resolu\u00e7\u00e3o (PRC) que cria a Secretaria de Monitoramento e Fiscaliza\u00e7\u00e3o das Decis\u00f5es do Sistema Interamericano de Direitos Humanos. O texto j\u00e1 foi promulgado.<\/p>\n\n\n\n<p>De autoria da Mesa Diretora, o Projeto de Resolu\u00e7\u00e3o 22\/26 foi aprovado com parecer favor\u00e1vel da relatora, deputada Amanda Gentil (PP-MA).<\/p>\n\n\n\n<p>Segundo o texto caber\u00e1 \u00e0 nova secretaria monitorar a implementa\u00e7\u00e3o das decis\u00f5es e recomenda\u00e7\u00f5es do Sistema Interamericano de Direitos Humanos em rela\u00e7\u00e3o ao Brasil, bem como atuar para o seu cumprimento efetivo e para prevenir novas viola\u00e7\u00f5es das obriga\u00e7\u00f5es internacionais.<\/p>\n\n\n\n<p>Para isso, poder\u00e1 solicitar informa\u00e7\u00f5es de \u00f3rg\u00e3os e entidades respons\u00e1veis por fazer valer as decis\u00f5es internacionais sobre o tema.<\/p>\n\n\n\n<p>Tamb\u00e9m em rela\u00e7\u00e3o a outros \u00f3rg\u00e3os, atuar\u00e1 como ponto de contato com o Conselho Nacional de Justi\u00e7a (CNJ), que possui unidade de monitoramento do cumprimento das decis\u00f5es.<\/p>\n\n\n\n<p>No \u00e2mbito interno, dever\u00e1 monitorar os processos legislativos em curso na C\u00e2mara dos Deputados que porventura estejam abrangidos pelos efeitos de senten\u00e7as, medidas provis\u00f3rias, opini\u00f5es consultivas ou resolu\u00e7\u00f5es relacionadas ao cumprimento das senten\u00e7as da Corte Interamericana de Direitos Humanos; divulgar oficialmente o teor dessas senten\u00e7as; e acompanhar a implementa\u00e7\u00e3o, nos processos legislativos da C\u00e2mara dos Deputados, de par\u00e2metros de direitos humanos estabelecidos por esse sistema interamericano.<\/p>\n\n\n\n<p>Poder\u00e1 ainda fomentar a cultura de direitos humanos e controle de convencionalidade no Legislativo, recomendando a conformidade das legisla\u00e7\u00f5es brasileiras em rela\u00e7\u00e3o aos tratados internacionais de direitos humanos e \u00e0 jurisprud\u00eancia interamericana.<\/p>\n\n\n\n<p><strong>Despesas<\/strong><\/p>\n\n\n\n<p>Segundo a resolu\u00e7\u00e3o j\u00e1 promulgada, a implanta\u00e7\u00e3o e o funcionamento da secretaria n\u00e3o resultar\u00e3o em aumento de despesa, aproveitando-se estrutura administrativa e cargos e fun\u00e7\u00f5es comissionadas j\u00e1 existentes.<\/p>\n\n\n\n<p>O secret\u00e1rio&nbsp;ser\u00e1 escolhido pelo presidente da C\u00e2mara dos Deputados entre os deputados no exerc\u00edcio do mandato e poder\u00e1 ser substitu\u00eddo a qualquer tempo.<\/p>\n\n\n\n<p><strong>Debates<\/strong><\/p>\n\n\n\n<p>A relatora, deputada Amanda Gentil, afirmou que a nova secretaria ter\u00e1 a &#8220;miss\u00e3o vital&#8221; de monitorar o cumprimento das senten\u00e7as da Corte Interamericana de Direitos Humanos, atuando para prevenir novas viola\u00e7\u00f5es e garantir que o poder p\u00fablico observe as obriga\u00e7\u00f5es internacionais assumidas.<\/p>\n\n\n\n<p>&#8220;Esta secretaria ser\u00e1 um instrumento poderoso no combate \u00e0s viola\u00e7\u00f5es hist\u00f3ricas que atingem, de forma mais cruel, as mulheres e as crian\u00e7as brasileiras&#8221;, disse. Segundo ela, o Sistema Interamericano tem sido, muitas vezes, o \u00faltimo recurso para v\u00edtimas de viol\u00eancia dom\u00e9stica e explora\u00e7\u00e3o infantil.<\/p>\n\n\n\n<p>Para Amanda Gentil, o projeto \u00e9 um avan\u00e7o indispens\u00e1vel para a C\u00e2mara exercer sua compet\u00eancia para normatizar e fiscalizar a prote\u00e7\u00e3o aos direitos fundamentais.<\/p>\n\n\n\n<p>O presidente da C\u00e2mara, Hugo Motta (Republicanos-PB), disse que a secretaria permitir\u00e1 ao Parlamento trabalhar em parceria com a corte para que a legisla\u00e7\u00e3o brasileira esteja vinculada ao que tem sido decidido. &#8220;Vamos, sem ter nenhum aumento de custo para a Casa, criar essa secretaria que ajudar\u00e1 bastante nesse interc\u00e2mbio&#8221;, afirmou.<\/p>\n\n\n\n<p><strong>Fonte: <\/strong>Ag\u00eancia C\u00e2mara de Not\u00edcias<\/p>\n","protected":false},"excerpt":{"rendered":"<p>A parlamentar maranhense destacou que o \u00f3rg\u00e3o ter\u00e1 a &#8220;miss\u00e3o vital&#8221; de monitorar o cumprimento das senten\u00e7as da Corte Interamericana [&hellip;]<\/p>\n","protected":false},"author":2,"featured_media":0,"comment_status":"open","ping_status":"open","sticky":false,"template":"","format":"standard","meta":{"site-sidebar-layout":"default","site-content-layout":"","ast-site-content-layout":"default","site-content-style":"default","site-sidebar-style":"default","ast-global-header-display":"","ast-banner-title-visibility":"","ast-main-header-display":"","ast-hfb-above-header-display":"","ast-hfb-below-header-display":"","ast-hfb-mobile-header-display":"","site-post-title":"","ast-breadcrumbs-content":"","ast-featured-img":"","footer-sml-layout":"","ast-disable-related-posts":"","theme-transparent-header-meta":"","adv-header-id-meta":"","stick-header-meta":"","header-above-stick-meta":"","header-main-stick-meta":"","header-below-stick-meta":"","astra-migrate-meta-layouts":"default","ast-page-background-enabled":"default","ast-page-background-meta":{"desktop":{"background-color":"var(--ast-global-color-5)","background-image":"","background-repeat":"repeat","background-position":"center center","background-size":"auto","background-attachment":"scroll","background-type":"","background-media":"","overlay-type":"","overlay-color":"","overlay-opacity":"","overlay-gradient":""},"tablet":{"background-color":"","background-image":"","background-repeat":"repeat","background-position":"center center","background-size":"auto","background-attachment":"scroll","background-type":"","background-media":"","overlay-type":"","overlay-color":"","overlay-opacity":"","overlay-gradient":""},"mobile":{"background-color":"","background-image":"","background-repeat":"repeat","background-position":"center center","background-size":"auto","background-attachment":"scroll","background-type":"","background-media":"","overlay-type":"","overlay-color":"","overlay-opacity":"","overlay-gradient":""}},"ast-content-background-meta":{"desktop":{"background-color":"var(--ast-global-color-4)","background-image":"","background-repeat":"repeat","background-position":"center center","background-size":"auto","background-attachment":"scroll","background-type":"","background-media":"","overlay-type":"","overlay-color":"","overlay-opacity":"","overlay-gradient":""},"tablet":{"background-color":"var(--ast-global-color-4)","background-image":"","background-repeat":"repeat","background-position":"center center","background-size":"auto","background-attachment":"scroll","background-type":"","background-media":"","overlay-type":"","overlay-color":"","overlay-opacity":"","overlay-gradient":""},"mobile":{"background-color":"var(--ast-global-color-4)","background-image":"","background-repeat":"repeat","background-position":"center center","background-size":"auto","background-attachment":"scroll","background-type":"","background-media":"","overlay-type":"","overlay-color":"","overlay-opacity":"","overlay-gradient":""}},"footnotes":""},"categories":[1],"tags":[],"class_list":["post-157362","post","type-post","status-publish","format-standard","hentry","category-sem-categoria"],"yoast_head":"<!-- This site is optimized with the Yoast SEO plugin v26.6 - https:\/\/yoast.com\/wordpress\/plugins\/seo\/ -->\n<title>Com relatoria de Amanda Gentil, projeto que cria secretaria para fortalecer garantias fundamentais \u00e9 promulgado pela C\u00e2mara dos Deputados - Daniel Matos<\/title>\n<meta name=\"robots\" content=\"index, follow, max-snippet:-1, max-image-preview:large, max-video-preview:-1\" \/>\n<link rel=\"canonical\" href=\"https:\/\/www.blogsoestado.com\/danielmatos\/com-relatoria-de-amanda-gentil-projeto-que-cria-secretaria-para-fortalecer-garantias-fundamentais-e-promulgado-pela-camara-dos-deputados\/\" \/>\n<meta property=\"og:locale\" content=\"pt_BR\" \/>\n<meta property=\"og:type\" content=\"article\" \/>\n<meta property=\"og:title\" content=\"Com relatoria de Amanda Gentil, projeto que cria secretaria para fortalecer garantias fundamentais \u00e9 promulgado pela C\u00e2mara dos Deputados - Daniel Matos\" \/>\n<meta property=\"og:description\" content=\"A parlamentar maranhense destacou que o \u00f3rg\u00e3o ter\u00e1 a &#8220;miss\u00e3o vital&#8221; de monitorar o cumprimento das senten\u00e7as da Corte Interamericana [&hellip;]\" \/>\n<meta property=\"og:url\" content=\"https:\/\/www.blogsoestado.com\/danielmatos\/com-relatoria-de-amanda-gentil-projeto-que-cria-secretaria-para-fortalecer-garantias-fundamentais-e-promulgado-pela-camara-dos-deputados\/\" \/>\n<meta property=\"og:site_name\" content=\"Daniel Matos\" \/>\n<meta property=\"article:published_time\" content=\"2026-04-28T10:20:00+00:00\" \/>\n<meta property=\"article:modified_time\" content=\"2026-04-28T10:20:05+00:00\" \/>\n<meta property=\"og:image\" content=\"https:\/\/www.blogsoestado.com\/danielmatos\/wp-content\/uploads\/sites\/2\/2026\/04\/1005496679.jpg\" \/>\n\t<meta property=\"og:image:width\" content=\"768\" \/>\n\t<meta property=\"og:image:height\" content=\"473\" \/>\n\t<meta property=\"og:image:type\" content=\"image\/jpeg\" \/>\n<meta name=\"author\" content=\"Daniel Matos\" \/>\n<meta name=\"twitter:card\" content=\"summary_large_image\" \/>\n<meta name=\"twitter:label1\" content=\"Escrito por\" \/>\n\t<meta name=\"twitter:data1\" content=\"Daniel Matos\" \/>\n\t<meta name=\"twitter:label2\" content=\"Est. tempo de leitura\" \/>\n\t<meta name=\"twitter:data2\" content=\"3 minutos\" \/>\n<script type=\"application\/ld+json\" class=\"yoast-schema-graph\">{\"@context\":\"https:\/\/schema.org\",\"@graph\":[{\"@type\":\"WebPage\",\"@id\":\"https:\/\/www.blogsoestado.com\/danielmatos\/com-relatoria-de-amanda-gentil-projeto-que-cria-secretaria-para-fortalecer-garantias-fundamentais-e-promulgado-pela-camara-dos-deputados\/\",\"url\":\"https:\/\/www.blogsoestado.com\/danielmatos\/com-relatoria-de-amanda-gentil-projeto-que-cria-secretaria-para-fortalecer-garantias-fundamentais-e-promulgado-pela-camara-dos-deputados\/\",\"name\":\"Com relatoria de Amanda Gentil, projeto que cria secretaria para fortalecer garantias fundamentais \u00e9 promulgado pela C\u00e2mara dos Deputados - Daniel Matos\",\"isPartOf\":{\"@id\":\"https:\/\/www.blogsoestado.com\/danielmatos\/#website\"},\"primaryImageOfPage\":{\"@id\":\"https:\/\/www.blogsoestado.com\/danielmatos\/com-relatoria-de-amanda-gentil-projeto-que-cria-secretaria-para-fortalecer-garantias-fundamentais-e-promulgado-pela-camara-dos-deputados\/#primaryimage\"},\"image\":{\"@id\":\"https:\/\/www.blogsoestado.com\/danielmatos\/com-relatoria-de-amanda-gentil-projeto-que-cria-secretaria-para-fortalecer-garantias-fundamentais-e-promulgado-pela-camara-dos-deputados\/#primaryimage\"},\"thumbnailUrl\":\"https:\/\/www.blogsoestado.com\/danielmatos\/wp-content\/uploads\/sites\/2\/2026\/04\/1005496679.jpg\",\"datePublished\":\"2026-04-28T10:20:00+00:00\",\"dateModified\":\"2026-04-28T10:20:05+00:00\",\"author\":{\"@id\":\"https:\/\/www.blogsoestado.com\/danielmatos\/#\/schema\/person\/9a209d407cd45631f131e1285b661bb0\"},\"breadcrumb\":{\"@id\":\"https:\/\/www.blogsoestado.com\/danielmatos\/com-relatoria-de-amanda-gentil-projeto-que-cria-secretaria-para-fortalecer-garantias-fundamentais-e-promulgado-pela-camara-dos-deputados\/#breadcrumb\"},\"inLanguage\":\"pt-BR\",\"potentialAction\":[{\"@type\":\"ReadAction\",\"target\":[\"https:\/\/www.blogsoestado.com\/danielmatos\/com-relatoria-de-amanda-gentil-projeto-que-cria-secretaria-para-fortalecer-garantias-fundamentais-e-promulgado-pela-camara-dos-deputados\/\"]}]},{\"@type\":\"ImageObject\",\"inLanguage\":\"pt-BR\",\"@id\":\"https:\/\/www.blogsoestado.com\/danielmatos\/com-relatoria-de-amanda-gentil-projeto-que-cria-secretaria-para-fortalecer-garantias-fundamentais-e-promulgado-pela-camara-dos-deputados\/#primaryimage\",\"url\":\"https:\/\/www.blogsoestado.com\/danielmatos\/wp-content\/uploads\/sites\/2\/2026\/04\/1005496679.jpg\",\"contentUrl\":\"https:\/\/www.blogsoestado.com\/danielmatos\/wp-content\/uploads\/sites\/2\/2026\/04\/1005496679.jpg\",\"width\":768,\"height\":473},{\"@type\":\"BreadcrumbList\",\"@id\":\"https:\/\/www.blogsoestado.com\/danielmatos\/com-relatoria-de-amanda-gentil-projeto-que-cria-secretaria-para-fortalecer-garantias-fundamentais-e-promulgado-pela-camara-dos-deputados\/#breadcrumb\",\"itemListElement\":[{\"@type\":\"ListItem\",\"position\":1,\"name\":\"In\u00edcio\",\"item\":\"https:\/\/www.blogsoestado.com\/danielmatos\/\"},{\"@type\":\"ListItem\",\"position\":2,\"name\":\"Com relatoria de Amanda Gentil, projeto que cria secretaria para fortalecer garantias fundamentais \u00e9 promulgado pela C\u00e2mara dos Deputados\"}]},{\"@type\":\"WebSite\",\"@id\":\"https:\/\/www.blogsoestado.com\/danielmatos\/#website\",\"url\":\"https:\/\/www.blogsoestado.com\/danielmatos\/\",\"name\":\"Daniel Matos\",\"description\":\"\",\"potentialAction\":[{\"@type\":\"SearchAction\",\"target\":{\"@type\":\"EntryPoint\",\"urlTemplate\":\"https:\/\/www.blogsoestado.com\/danielmatos\/?s={search_term_string}\"},\"query-input\":{\"@type\":\"PropertyValueSpecification\",\"valueRequired\":true,\"valueName\":\"search_term_string\"}}],\"inLanguage\":\"pt-BR\"},{\"@type\":\"Person\",\"@id\":\"https:\/\/www.blogsoestado.com\/danielmatos\/#\/schema\/person\/9a209d407cd45631f131e1285b661bb0\",\"name\":\"Daniel Matos\",\"image\":{\"@type\":\"ImageObject\",\"inLanguage\":\"pt-BR\",\"@id\":\"https:\/\/www.blogsoestado.com\/danielmatos\/#\/schema\/person\/image\/\",\"url\":\"https:\/\/secure.gravatar.com\/avatar\/2f26c36ee355da19a257f0dfef43952a2588b324ca35d6719e859fe338ac0392?s=96&d=mm&r=g\",\"contentUrl\":\"https:\/\/secure.gravatar.com\/avatar\/2f26c36ee355da19a257f0dfef43952a2588b324ca35d6719e859fe338ac0392?s=96&d=mm&r=g\",\"caption\":\"Daniel Matos\"},\"url\":\"https:\/\/www.blogsoestado.com\/danielmatos\/author\/danielmatos\/\"}]}<\/script>\n<!-- \/ Yoast SEO plugin. -->","yoast_head_json":{"title":"Com relatoria de Amanda Gentil, projeto que cria secretaria para fortalecer garantias fundamentais \u00e9 promulgado pela C\u00e2mara dos Deputados - Daniel Matos","robots":{"index":"index","follow":"follow","max-snippet":"max-snippet:-1","max-image-preview":"max-image-preview:large","max-video-preview":"max-video-preview:-1"},"canonical":"https:\/\/www.blogsoestado.com\/danielmatos\/com-relatoria-de-amanda-gentil-projeto-que-cria-secretaria-para-fortalecer-garantias-fundamentais-e-promulgado-pela-camara-dos-deputados\/","og_locale":"pt_BR","og_type":"article","og_title":"Com relatoria de Amanda Gentil, projeto que cria secretaria para fortalecer garantias fundamentais \u00e9 promulgado pela C\u00e2mara dos Deputados - Daniel Matos","og_description":"A parlamentar maranhense destacou que o \u00f3rg\u00e3o ter\u00e1 a &#8220;miss\u00e3o vital&#8221; de monitorar o cumprimento das senten\u00e7as da Corte Interamericana [&hellip;]","og_url":"https:\/\/www.blogsoestado.com\/danielmatos\/com-relatoria-de-amanda-gentil-projeto-que-cria-secretaria-para-fortalecer-garantias-fundamentais-e-promulgado-pela-camara-dos-deputados\/","og_site_name":"Daniel Matos","article_published_time":"2026-04-28T10:20:00+00:00","article_modified_time":"2026-04-28T10:20:05+00:00","og_image":[{"width":768,"height":473,"url":"https:\/\/www.blogsoestado.com\/danielmatos\/wp-content\/uploads\/sites\/2\/2026\/04\/1005496679.jpg","type":"image\/jpeg"}],"author":"Daniel Matos","twitter_card":"summary_large_image","twitter_misc":{"Escrito por":"Daniel Matos","Est. tempo de leitura":"3 minutos"},"schema":{"@context":"https:\/\/schema.org","@graph":[{"@type":"WebPage","@id":"https:\/\/www.blogsoestado.com\/danielmatos\/com-relatoria-de-amanda-gentil-projeto-que-cria-secretaria-para-fortalecer-garantias-fundamentais-e-promulgado-pela-camara-dos-deputados\/","url":"https:\/\/www.blogsoestado.com\/danielmatos\/com-relatoria-de-amanda-gentil-projeto-que-cria-secretaria-para-fortalecer-garantias-fundamentais-e-promulgado-pela-camara-dos-deputados\/","name":"Com relatoria de Amanda Gentil, projeto que cria secretaria para fortalecer garantias fundamentais \u00e9 promulgado pela C\u00e2mara dos Deputados - Daniel Matos","isPartOf":{"@id":"https:\/\/www.blogsoestado.com\/danielmatos\/#website"},"primaryImageOfPage":{"@id":"https:\/\/www.blogsoestado.com\/danielmatos\/com-relatoria-de-amanda-gentil-projeto-que-cria-secretaria-para-fortalecer-garantias-fundamentais-e-promulgado-pela-camara-dos-deputados\/#primaryimage"},"image":{"@id":"https:\/\/www.blogsoestado.com\/danielmatos\/com-relatoria-de-amanda-gentil-projeto-que-cria-secretaria-para-fortalecer-garantias-fundamentais-e-promulgado-pela-camara-dos-deputados\/#primaryimage"},"thumbnailUrl":"https:\/\/www.blogsoestado.com\/danielmatos\/wp-content\/uploads\/sites\/2\/2026\/04\/1005496679.jpg","datePublished":"2026-04-28T10:20:00+00:00","dateModified":"2026-04-28T10:20:05+00:00","author":{"@id":"https:\/\/www.blogsoestado.com\/danielmatos\/#\/schema\/person\/9a209d407cd45631f131e1285b661bb0"},"breadcrumb":{"@id":"https:\/\/www.blogsoestado.com\/danielmatos\/com-relatoria-de-amanda-gentil-projeto-que-cria-secretaria-para-fortalecer-garantias-fundamentais-e-promulgado-pela-camara-dos-deputados\/#breadcrumb"},"inLanguage":"pt-BR","potentialAction":[{"@type":"ReadAction","target":["https:\/\/www.blogsoestado.com\/danielmatos\/com-relatoria-de-amanda-gentil-projeto-que-cria-secretaria-para-fortalecer-garantias-fundamentais-e-promulgado-pela-camara-dos-deputados\/"]}]},{"@type":"ImageObject","inLanguage":"pt-BR","@id":"https:\/\/www.blogsoestado.com\/danielmatos\/com-relatoria-de-amanda-gentil-projeto-que-cria-secretaria-para-fortalecer-garantias-fundamentais-e-promulgado-pela-camara-dos-deputados\/#primaryimage","url":"https:\/\/www.blogsoestado.com\/danielmatos\/wp-content\/uploads\/sites\/2\/2026\/04\/1005496679.jpg","contentUrl":"https:\/\/www.blogsoestado.com\/danielmatos\/wp-content\/uploads\/sites\/2\/2026\/04\/1005496679.jpg","width":768,"height":473},{"@type":"BreadcrumbList","@id":"https:\/\/www.blogsoestado.com\/danielmatos\/com-relatoria-de-amanda-gentil-projeto-que-cria-secretaria-para-fortalecer-garantias-fundamentais-e-promulgado-pela-camara-dos-deputados\/#breadcrumb","itemListElement":[{"@type":"ListItem","position":1,"name":"In\u00edcio","item":"https:\/\/www.blogsoestado.com\/danielmatos\/"},{"@type":"ListItem","position":2,"name":"Com relatoria de Amanda Gentil, projeto que cria secretaria para fortalecer garantias fundamentais \u00e9 promulgado pela C\u00e2mara dos Deputados"}]},{"@type":"WebSite","@id":"https:\/\/www.blogsoestado.com\/danielmatos\/#website","url":"https:\/\/www.blogsoestado.com\/danielmatos\/","name":"Daniel Matos","description":"","potentialAction":[{"@type":"SearchAction","target":{"@type":"EntryPoint","urlTemplate":"https:\/\/www.blogsoestado.com\/danielmatos\/?s={search_term_string}"},"query-input":{"@type":"PropertyValueSpecification","valueRequired":true,"valueName":"search_term_string"}}],"inLanguage":"pt-BR"},{"@type":"Person","@id":"https:\/\/www.blogsoestado.com\/danielmatos\/#\/schema\/person\/9a209d407cd45631f131e1285b661bb0","name":"Daniel Matos","image":{"@type":"ImageObject","inLanguage":"pt-BR","@id":"https:\/\/www.blogsoestado.com\/danielmatos\/#\/schema\/person\/image\/","url":"https:\/\/secure.gravatar.com\/avatar\/2f26c36ee355da19a257f0dfef43952a2588b324ca35d6719e859fe338ac0392?s=96&d=mm&r=g","contentUrl":"https:\/\/secure.gravatar.com\/avatar\/2f26c36ee355da19a257f0dfef43952a2588b324ca35d6719e859fe338ac0392?s=96&d=mm&r=g","caption":"Daniel Matos"},"url":"https:\/\/www.blogsoestado.com\/danielmatos\/author\/danielmatos\/"}]}},"jetpack_featured_media_url":"","_links":{"self":[{"href":"https:\/\/www.blogsoestado.com\/danielmatos\/wp-json\/wp\/v2\/posts\/157362","targetHints":{"allow":["GET"]}}],"collection":[{"href":"https:\/\/www.blogsoestado.com\/danielmatos\/wp-json\/wp\/v2\/posts"}],"about":[{"href":"https:\/\/www.blogsoestado.com\/danielmatos\/wp-json\/wp\/v2\/types\/post"}],"author":[{"embeddable":true,"href":"https:\/\/www.blogsoestado.com\/danielmatos\/wp-json\/wp\/v2\/users\/2"}],"replies":[{"embeddable":true,"href":"https:\/\/www.blogsoestado.com\/danielmatos\/wp-json\/wp\/v2\/comments?post=157362"}],"version-history":[{"count":1,"href":"https:\/\/www.blogsoestado.com\/danielmatos\/wp-json\/wp\/v2\/posts\/157362\/revisions"}],"predecessor-version":[{"id":157364,"href":"https:\/\/www.blogsoestado.com\/danielmatos\/wp-json\/wp\/v2\/posts\/157362\/revisions\/157364"}],"wp:attachment":[{"href":"https:\/\/www.blogsoestado.com\/danielmatos\/wp-json\/wp\/v2\/media?parent=157362"}],"wp:term":[{"taxonomy":"category","embeddable":true,"href":"https:\/\/www.blogsoestado.com\/danielmatos\/wp-json\/wp\/v2\/categories?post=157362"},{"taxonomy":"post_tag","embeddable":true,"href":"https:\/\/www.blogsoestado.com\/danielmatos\/wp-json\/wp\/v2\/tags?post=157362"}],"curies":[{"name":"wp","href":"https:\/\/api.w.org\/{rel}","templated":true}]}}