{"id":157367,"date":"2026-04-28T09:44:36","date_gmt":"2026-04-28T12:44:36","guid":{"rendered":"https:\/\/www.blogsoestado.com\/danielmatos\/?p=157367"},"modified":"2026-04-28T09:44:42","modified_gmt":"2026-04-28T12:44:42","slug":"governo-do-maranhao-comemora-os-106-anos-de-pedreiras-com-entregas-de-obras-para-a-populacao","status":"publish","type":"post","link":"https:\/\/www.blogsoestado.com\/danielmatos\/governo-do-maranhao-comemora-os-106-anos-de-pedreiras-com-entregas-de-obras-para-a-populacao\/","title":{"rendered":"Governo do Maranh\u00e3o comemora os 106 anos de Pedreiras com entregas de obras para a popula\u00e7\u00e3o"},"content":{"rendered":"\n<figure class=\"wp-block-image aligncenter size-large\"><img fetchpriority=\"high\" decoding=\"async\" width=\"1024\" height=\"682\" src=\"https:\/\/www.blogsoestado.com\/danielmatos\/wp-content\/uploads\/sites\/2\/2026\/04\/1005497644-1024x682.jpg\" alt=\"\" class=\"wp-image-157368\" srcset=\"https:\/\/www.blogsoestado.com\/danielmatos\/wp-content\/uploads\/sites\/2\/2026\/04\/1005497644-1024x682.jpg 1024w, https:\/\/www.blogsoestado.com\/danielmatos\/wp-content\/uploads\/sites\/2\/2026\/04\/1005497644-300x200.jpg 300w, https:\/\/www.blogsoestado.com\/danielmatos\/wp-content\/uploads\/sites\/2\/2026\/04\/1005497644-768x512.jpg 768w, https:\/\/www.blogsoestado.com\/danielmatos\/wp-content\/uploads\/sites\/2\/2026\/04\/1005497644.jpg 1280w\" sizes=\"(max-width: 1024px) 100vw, 1024px\" \/><\/figure>\n\n\n\n<p>O Governo do Maranh\u00e3o comemorou, no \u00faltimo domingo (26), o anivers\u00e1rio de 106 anos de Pedreiras com a entrega de diversas obras. No munic\u00edpio, o governador Carlos Brand\u00e3o inaugurou uma policl\u00ednica, uma unidade do Viva\/Procon, uma Esta\u00e7\u00e3o Tech, entregou tablets e fardamentos para agentes comunit\u00e1rios de sa\u00fade, al\u00e9m de outras obras voltadas ao fortalecimento dos servi\u00e7os p\u00fablicos e \u00e0 melhoria da infraestrutura urbana e rural da cidade.<\/p>\n\n\n\n<p>O governador Carlos Brand\u00e3o frisou as entregas que o Governo do Maranh\u00e3o fez no munic\u00edpio. \u201cN\u00f3s estamos aqui em mais uma agenda municipalista, desta vez comemorando os 106 anos da cidade de Pedreiras com diversas entregas \u00e0 popula\u00e7\u00e3o. Inauguramos a policl\u00ednica com 17 especialidades para a gente cuidar das pessoas. Fizemos ainda a reforma da Ciretran, entregamos uma Esta\u00e7\u00e3o Tech, uma nova unidade do Viva Procon entre outros investimentos que v\u00e3o melhorar a vida da popula\u00e7\u00e3o, trazendo mais cidadania e dignidade para a popula\u00e7\u00e3o\u201d, pontuou.<\/p>\n\n\n\n<p>\u201cS\u00e3o 106 anos de Pedreiras, comemorando aqui com o nosso governador, entregando v\u00e1rios benef\u00edcios para a nossa cidade. Ent\u00e3o, a gente s\u00f3 tem a agradecer e eu tenho a certeza que o povo de Pedreiras est\u00e1 muito feliz com todas essas realiza\u00e7\u00f5es\u201d, disse Vanessa Maia, prefeita de Pedreiras.<\/p>\n\n\n\n<p>A agenda teve in\u00edcio com a inaugura\u00e7\u00e3o da Policl\u00ednica de Pedreiras, na Avenida Jo\u00e3o do Vale, no Center Valley Shopping. A entrega amplia a oferta de atendimentos especializados \u00e0 popula\u00e7\u00e3o.<\/p>\n\n\n\n<p>A nova unidade funcionar\u00e1 de segunda-feira a s\u00e1bado, oferecendo consultas e exames em diversas \u00e1reas da medicina, tais como: endocrinologia, cardiologia com exames de eletrocardiograma, ecocardiograma, Holter, Monitoriza\u00e7\u00e3o Ambulatorial de Press\u00e3o Arterial (M.A.P.A), gastroenterologista, otorrinolaringologista, vascular, urologia com exames de bi\u00f3psias, eletrocoagula\u00e7\u00e3o, nefrologia e psiquiatria.<\/p>\n\n\n\n<figure class=\"wp-block-image aligncenter size-large\"><img decoding=\"async\" width=\"1024\" height=\"682\" src=\"https:\/\/www.blogsoestado.com\/danielmatos\/wp-content\/uploads\/sites\/2\/2026\/04\/1005497648-1024x682.jpg\" alt=\"\" class=\"wp-image-157369\" srcset=\"https:\/\/www.blogsoestado.com\/danielmatos\/wp-content\/uploads\/sites\/2\/2026\/04\/1005497648-1024x682.jpg 1024w, https:\/\/www.blogsoestado.com\/danielmatos\/wp-content\/uploads\/sites\/2\/2026\/04\/1005497648-300x200.jpg 300w, https:\/\/www.blogsoestado.com\/danielmatos\/wp-content\/uploads\/sites\/2\/2026\/04\/1005497648-768x512.jpg 768w, https:\/\/www.blogsoestado.com\/danielmatos\/wp-content\/uploads\/sites\/2\/2026\/04\/1005497648.jpg 1280w\" sizes=\"(max-width: 1024px) 100vw, 1024px\" \/><\/figure>\n\n\n\n<p>Al\u00e9m disso, a policl\u00ednica disponibilizar\u00e1 servi\u00e7os de laborat\u00f3rio, tomografia, ultrassonografia, e raio-X, tornando o equipamento em um ponto considerado crucial para a sa\u00fade da regi\u00e3o.<\/p>\n\n\n\n<p>Em seguida, Brand\u00e3o fez a entrega de 111 tablets e fardamentos para Agentes Comunit\u00e1rios de Sa\u00fade (ACS), refor\u00e7ando as condi\u00e7\u00f5es de trabalho desses profissionais. O equipamento permite o registro em tempo real das visitas domiciliares, atualiza\u00e7\u00e3o de cadastros das fam\u00edlias acompanhadas e monitoramento das condi\u00e7\u00f5es de sa\u00fade da popula\u00e7\u00e3o atendida, o que contribui para maior integra\u00e7\u00e3o das informa\u00e7\u00f5es e agilidade na tomada de decis\u00f5es pelas equipes da rede p\u00fablica.<\/p>\n\n\n\n<p>A distribui\u00e7\u00e3o dos equipamentos faz parte das a\u00e7\u00f5es de fortalecimento da Aten\u00e7\u00e3o Prim\u00e1ria desenvolvidas pelo Programa Cuidar de Todos, iniciativa que amplia a coopera\u00e7\u00e3o entre o Governo do Estado e os munic\u00edpios para qualificar o trabalho dos profissionais.<\/p>\n\n\n\n<p><strong>Obras da Segov<\/strong><\/p>\n\n\n\n<p>Por meio da Secretaria de Estado de Governo (Segov), na \u00e1rea de infraestrutura h\u00eddrica, foram entregues Sistemas Simplificados de Abastecimento de \u00c1gua nos povoados Angical I e Pau d\u2019Arco, garantindo mais acesso \u00e0 \u00e1gua pot\u00e1vel para as comunidades. A programa\u00e7\u00e3o inclui ainda a assinatura da ordem de servi\u00e7o para a reforma da delegacia do munic\u00edpio.<\/p>\n\n\n\n<p>Tamb\u00e9m como parte da agenda e via Segov, a comitiva do Governo do Maranh\u00e3o entregou dois importantes espa\u00e7os: a unidade do Viva\/Procon, na Avenida Rio Branco, fortalecendo os servi\u00e7os de cidadania e defesa do consumidor; e uma Esta\u00e7\u00e3o Tech, na Pra\u00e7a Saturnino Belo, voltado \u00e0 inova\u00e7\u00e3o e capacita\u00e7\u00e3o tecnol\u00f3gica.<\/p>\n\n\n\n<figure class=\"wp-block-image aligncenter size-large\"><img decoding=\"async\" width=\"1024\" height=\"682\" src=\"https:\/\/www.blogsoestado.com\/danielmatos\/wp-content\/uploads\/sites\/2\/2026\/04\/1005497654-1024x682.jpg\" alt=\"\" class=\"wp-image-157370\" srcset=\"https:\/\/www.blogsoestado.com\/danielmatos\/wp-content\/uploads\/sites\/2\/2026\/04\/1005497654-1024x682.jpg 1024w, https:\/\/www.blogsoestado.com\/danielmatos\/wp-content\/uploads\/sites\/2\/2026\/04\/1005497654-300x200.jpg 300w, https:\/\/www.blogsoestado.com\/danielmatos\/wp-content\/uploads\/sites\/2\/2026\/04\/1005497654-768x512.jpg 768w, https:\/\/www.blogsoestado.com\/danielmatos\/wp-content\/uploads\/sites\/2\/2026\/04\/1005497654.jpg 1280w\" sizes=\"(max-width: 1024px) 100vw, 1024px\" \/><\/figure>\n\n\n\n<p>O governo fechou a agenda na cidade com a inaugura\u00e7\u00e3o da Ponte Mista Ant\u00f4nio Eug\u00eanio dos Santos, no Povoado S\u00edtio Novo, e a inaugura\u00e7\u00e3o da Ciretran, na Rua das Laranjeiras, ampliando os servi\u00e7os de tr\u00e2nsito no munic\u00edpio.<\/p>\n\n\n\n<p><div id=\"m#msg-f:1863659081941809509-content\" class=\"mail-message-content collapsible zoom-normal mail-show-images \" style=\"width: 384px;font-family: sans-serif;font-size: 12.8px;font-style: normal;font-weight: 400;letter-spacing: normal;text-align: start;text-indent: 0px;text-transform: none;white-space: normal;padding: 8px 0px 0px\"><div class=\"clear\"><div dir=\"ltr\"><div style=\"text-align: center\"><\/div><\/div><\/div><\/div><\/p>\n\n\n\n<p><div id=\"m#msg-f:1863659081941809509-content\" class=\"mail-message-content collapsible zoom-normal mail-show-images \" style=\"width: 384px;font-family: sans-serif;font-size: 12.8px;font-style: normal;font-weight: 400;letter-spacing: normal;text-align: start;text-indent: 0px;text-transform: none;white-space: normal;padding: 8px 0px 0px\"><div class=\"clear\"><div dir=\"ltr\"><div style=\"text-align: center\"><br><\/div><\/div><\/div><\/div><\/p>\n","protected":false},"excerpt":{"rendered":"<p>O Governo do Maranh\u00e3o comemorou, no \u00faltimo domingo (26), o anivers\u00e1rio de 106 anos de Pedreiras com a entrega de [&hellip;]<\/p>\n","protected":false},"author":2,"featured_media":0,"comment_status":"open","ping_status":"open","sticky":false,"template":"","format":"standard","meta":{"site-sidebar-layout":"default","site-content-layout":"","ast-site-content-layout":"default","site-content-style":"default","site-sidebar-style":"default","ast-global-header-display":"","ast-banner-title-visibility":"","ast-main-header-display":"","ast-hfb-above-header-display":"","ast-hfb-below-header-display":"","ast-hfb-mobile-header-display":"","site-post-title":"disabled","ast-breadcrumbs-content":"","ast-featured-img":"","footer-sml-layout":"","ast-disable-related-posts":"","theme-transparent-header-meta":"","adv-header-id-meta":"","stick-header-meta":"","header-above-stick-meta":"","header-main-stick-meta":"","header-below-stick-meta":"","astra-migrate-meta-layouts":"default","ast-page-background-enabled":"default","ast-page-background-meta":{"desktop":{"background-color":"var(--ast-global-color-5)","background-image":"","background-repeat":"repeat","background-position":"center center","background-size":"auto","background-attachment":"scroll","background-type":"","background-media":"","overlay-type":"","overlay-color":"","overlay-opacity":"","overlay-gradient":""},"tablet":{"background-color":"","background-image":"","background-repeat":"repeat","background-position":"center center","background-size":"auto","background-attachment":"scroll","background-type":"","background-media":"","overlay-type":"","overlay-color":"","overlay-opacity":"","overlay-gradient":""},"mobile":{"background-color":"","background-image":"","background-repeat":"repeat","background-position":"center center","background-size":"auto","background-attachment":"scroll","background-type":"","background-media":"","overlay-type":"","overlay-color":"","overlay-opacity":"","overlay-gradient":""}},"ast-content-background-meta":{"desktop":{"background-color":"var(--ast-global-color-4)","background-image":"","background-repeat":"repeat","background-position":"center center","background-size":"auto","background-attachment":"scroll","background-type":"","background-media":"","overlay-type":"","overlay-color":"","overlay-opacity":"","overlay-gradient":""},"tablet":{"background-color":"var(--ast-global-color-4)","background-image":"","background-repeat":"repeat","background-position":"center center","background-size":"auto","background-attachment":"scroll","background-type":"","background-media":"","overlay-type":"","overlay-color":"","overlay-opacity":"","overlay-gradient":""},"mobile":{"background-color":"var(--ast-global-color-4)","background-image":"","background-repeat":"repeat","background-position":"center center","background-size":"auto","background-attachment":"scroll","background-type":"","background-media":"","overlay-type":"","overlay-color":"","overlay-opacity":"","overlay-gradient":""}},"footnotes":""},"categories":[1],"tags":[],"class_list":["post-157367","post","type-post","status-publish","format-standard","hentry","category-sem-categoria"],"yoast_head":"<!-- This site is optimized with the Yoast SEO plugin v26.6 - https:\/\/yoast.com\/wordpress\/plugins\/seo\/ -->\n<title>Governo do Maranh\u00e3o comemora os 106 anos de Pedreiras com entregas de obras para a popula\u00e7\u00e3o - Daniel Matos<\/title>\n<meta name=\"robots\" content=\"index, follow, max-snippet:-1, max-image-preview:large, max-video-preview:-1\" \/>\n<link rel=\"canonical\" href=\"https:\/\/www.blogsoestado.com\/danielmatos\/governo-do-maranhao-comemora-os-106-anos-de-pedreiras-com-entregas-de-obras-para-a-populacao\/\" \/>\n<meta property=\"og:locale\" content=\"pt_BR\" \/>\n<meta property=\"og:type\" content=\"article\" \/>\n<meta property=\"og:title\" content=\"Governo do Maranh\u00e3o comemora os 106 anos de Pedreiras com entregas de obras para a popula\u00e7\u00e3o - Daniel Matos\" \/>\n<meta property=\"og:description\" content=\"O Governo do Maranh\u00e3o comemorou, no \u00faltimo domingo (26), o anivers\u00e1rio de 106 anos de Pedreiras com a entrega de [&hellip;]\" \/>\n<meta property=\"og:url\" content=\"https:\/\/www.blogsoestado.com\/danielmatos\/governo-do-maranhao-comemora-os-106-anos-de-pedreiras-com-entregas-de-obras-para-a-populacao\/\" \/>\n<meta property=\"og:site_name\" content=\"Daniel Matos\" \/>\n<meta property=\"article:published_time\" content=\"2026-04-28T12:44:36+00:00\" \/>\n<meta property=\"article:modified_time\" content=\"2026-04-28T12:44:42+00:00\" \/>\n<meta property=\"og:image\" content=\"https:\/\/www.blogsoestado.com\/danielmatos\/wp-content\/uploads\/sites\/2\/2026\/04\/1005497644.jpg\" \/>\n\t<meta property=\"og:image:width\" content=\"1280\" \/>\n\t<meta property=\"og:image:height\" content=\"853\" \/>\n\t<meta property=\"og:image:type\" content=\"image\/jpeg\" \/>\n<meta name=\"author\" content=\"Daniel Matos\" \/>\n<meta name=\"twitter:card\" content=\"summary_large_image\" \/>\n<meta name=\"twitter:label1\" content=\"Escrito por\" \/>\n\t<meta name=\"twitter:data1\" content=\"Daniel Matos\" \/>\n\t<meta name=\"twitter:label2\" content=\"Est. tempo de leitura\" \/>\n\t<meta name=\"twitter:data2\" content=\"4 minutos\" \/>\n<script type=\"application\/ld+json\" class=\"yoast-schema-graph\">{\"@context\":\"https:\/\/schema.org\",\"@graph\":[{\"@type\":\"WebPage\",\"@id\":\"https:\/\/www.blogsoestado.com\/danielmatos\/governo-do-maranhao-comemora-os-106-anos-de-pedreiras-com-entregas-de-obras-para-a-populacao\/\",\"url\":\"https:\/\/www.blogsoestado.com\/danielmatos\/governo-do-maranhao-comemora-os-106-anos-de-pedreiras-com-entregas-de-obras-para-a-populacao\/\",\"name\":\"Governo do Maranh\u00e3o comemora os 106 anos de Pedreiras com entregas de obras para a popula\u00e7\u00e3o - Daniel Matos\",\"isPartOf\":{\"@id\":\"https:\/\/www.blogsoestado.com\/danielmatos\/#website\"},\"primaryImageOfPage\":{\"@id\":\"https:\/\/www.blogsoestado.com\/danielmatos\/governo-do-maranhao-comemora-os-106-anos-de-pedreiras-com-entregas-de-obras-para-a-populacao\/#primaryimage\"},\"image\":{\"@id\":\"https:\/\/www.blogsoestado.com\/danielmatos\/governo-do-maranhao-comemora-os-106-anos-de-pedreiras-com-entregas-de-obras-para-a-populacao\/#primaryimage\"},\"thumbnailUrl\":\"https:\/\/www.blogsoestado.com\/danielmatos\/wp-content\/uploads\/sites\/2\/2026\/04\/1005497644-1024x682.jpg\",\"datePublished\":\"2026-04-28T12:44:36+00:00\",\"dateModified\":\"2026-04-28T12:44:42+00:00\",\"author\":{\"@id\":\"https:\/\/www.blogsoestado.com\/danielmatos\/#\/schema\/person\/9a209d407cd45631f131e1285b661bb0\"},\"breadcrumb\":{\"@id\":\"https:\/\/www.blogsoestado.com\/danielmatos\/governo-do-maranhao-comemora-os-106-anos-de-pedreiras-com-entregas-de-obras-para-a-populacao\/#breadcrumb\"},\"inLanguage\":\"pt-BR\",\"potentialAction\":[{\"@type\":\"ReadAction\",\"target\":[\"https:\/\/www.blogsoestado.com\/danielmatos\/governo-do-maranhao-comemora-os-106-anos-de-pedreiras-com-entregas-de-obras-para-a-populacao\/\"]}]},{\"@type\":\"ImageObject\",\"inLanguage\":\"pt-BR\",\"@id\":\"https:\/\/www.blogsoestado.com\/danielmatos\/governo-do-maranhao-comemora-os-106-anos-de-pedreiras-com-entregas-de-obras-para-a-populacao\/#primaryimage\",\"url\":\"https:\/\/www.blogsoestado.com\/danielmatos\/wp-content\/uploads\/sites\/2\/2026\/04\/1005497644.jpg\",\"contentUrl\":\"https:\/\/www.blogsoestado.com\/danielmatos\/wp-content\/uploads\/sites\/2\/2026\/04\/1005497644.jpg\",\"width\":1280,\"height\":853},{\"@type\":\"BreadcrumbList\",\"@id\":\"https:\/\/www.blogsoestado.com\/danielmatos\/governo-do-maranhao-comemora-os-106-anos-de-pedreiras-com-entregas-de-obras-para-a-populacao\/#breadcrumb\",\"itemListElement\":[{\"@type\":\"ListItem\",\"position\":1,\"name\":\"In\u00edcio\",\"item\":\"https:\/\/www.blogsoestado.com\/danielmatos\/\"},{\"@type\":\"ListItem\",\"position\":2,\"name\":\"Governo do Maranh\u00e3o comemora os 106 anos de Pedreiras com entregas de obras para a popula\u00e7\u00e3o\"}]},{\"@type\":\"WebSite\",\"@id\":\"https:\/\/www.blogsoestado.com\/danielmatos\/#website\",\"url\":\"https:\/\/www.blogsoestado.com\/danielmatos\/\",\"name\":\"Daniel Matos\",\"description\":\"\",\"potentialAction\":[{\"@type\":\"SearchAction\",\"target\":{\"@type\":\"EntryPoint\",\"urlTemplate\":\"https:\/\/www.blogsoestado.com\/danielmatos\/?s={search_term_string}\"},\"query-input\":{\"@type\":\"PropertyValueSpecification\",\"valueRequired\":true,\"valueName\":\"search_term_string\"}}],\"inLanguage\":\"pt-BR\"},{\"@type\":\"Person\",\"@id\":\"https:\/\/www.blogsoestado.com\/danielmatos\/#\/schema\/person\/9a209d407cd45631f131e1285b661bb0\",\"name\":\"Daniel Matos\",\"image\":{\"@type\":\"ImageObject\",\"inLanguage\":\"pt-BR\",\"@id\":\"https:\/\/www.blogsoestado.com\/danielmatos\/#\/schema\/person\/image\/\",\"url\":\"https:\/\/secure.gravatar.com\/avatar\/2f26c36ee355da19a257f0dfef43952a2588b324ca35d6719e859fe338ac0392?s=96&d=mm&r=g\",\"contentUrl\":\"https:\/\/secure.gravatar.com\/avatar\/2f26c36ee355da19a257f0dfef43952a2588b324ca35d6719e859fe338ac0392?s=96&d=mm&r=g\",\"caption\":\"Daniel Matos\"},\"url\":\"https:\/\/www.blogsoestado.com\/danielmatos\/author\/danielmatos\/\"}]}<\/script>\n<!-- \/ Yoast SEO plugin. -->","yoast_head_json":{"title":"Governo do Maranh\u00e3o comemora os 106 anos de Pedreiras com entregas de obras para a popula\u00e7\u00e3o - Daniel Matos","robots":{"index":"index","follow":"follow","max-snippet":"max-snippet:-1","max-image-preview":"max-image-preview:large","max-video-preview":"max-video-preview:-1"},"canonical":"https:\/\/www.blogsoestado.com\/danielmatos\/governo-do-maranhao-comemora-os-106-anos-de-pedreiras-com-entregas-de-obras-para-a-populacao\/","og_locale":"pt_BR","og_type":"article","og_title":"Governo do Maranh\u00e3o comemora os 106 anos de Pedreiras com entregas de obras para a popula\u00e7\u00e3o - Daniel Matos","og_description":"O Governo do Maranh\u00e3o comemorou, no \u00faltimo domingo (26), o anivers\u00e1rio de 106 anos de Pedreiras com a entrega de [&hellip;]","og_url":"https:\/\/www.blogsoestado.com\/danielmatos\/governo-do-maranhao-comemora-os-106-anos-de-pedreiras-com-entregas-de-obras-para-a-populacao\/","og_site_name":"Daniel Matos","article_published_time":"2026-04-28T12:44:36+00:00","article_modified_time":"2026-04-28T12:44:42+00:00","og_image":[{"width":1280,"height":853,"url":"https:\/\/www.blogsoestado.com\/danielmatos\/wp-content\/uploads\/sites\/2\/2026\/04\/1005497644.jpg","type":"image\/jpeg"}],"author":"Daniel Matos","twitter_card":"summary_large_image","twitter_misc":{"Escrito por":"Daniel Matos","Est. tempo de leitura":"4 minutos"},"schema":{"@context":"https:\/\/schema.org","@graph":[{"@type":"WebPage","@id":"https:\/\/www.blogsoestado.com\/danielmatos\/governo-do-maranhao-comemora-os-106-anos-de-pedreiras-com-entregas-de-obras-para-a-populacao\/","url":"https:\/\/www.blogsoestado.com\/danielmatos\/governo-do-maranhao-comemora-os-106-anos-de-pedreiras-com-entregas-de-obras-para-a-populacao\/","name":"Governo do Maranh\u00e3o comemora os 106 anos de Pedreiras com entregas de obras para a popula\u00e7\u00e3o - Daniel Matos","isPartOf":{"@id":"https:\/\/www.blogsoestado.com\/danielmatos\/#website"},"primaryImageOfPage":{"@id":"https:\/\/www.blogsoestado.com\/danielmatos\/governo-do-maranhao-comemora-os-106-anos-de-pedreiras-com-entregas-de-obras-para-a-populacao\/#primaryimage"},"image":{"@id":"https:\/\/www.blogsoestado.com\/danielmatos\/governo-do-maranhao-comemora-os-106-anos-de-pedreiras-com-entregas-de-obras-para-a-populacao\/#primaryimage"},"thumbnailUrl":"https:\/\/www.blogsoestado.com\/danielmatos\/wp-content\/uploads\/sites\/2\/2026\/04\/1005497644-1024x682.jpg","datePublished":"2026-04-28T12:44:36+00:00","dateModified":"2026-04-28T12:44:42+00:00","author":{"@id":"https:\/\/www.blogsoestado.com\/danielmatos\/#\/schema\/person\/9a209d407cd45631f131e1285b661bb0"},"breadcrumb":{"@id":"https:\/\/www.blogsoestado.com\/danielmatos\/governo-do-maranhao-comemora-os-106-anos-de-pedreiras-com-entregas-de-obras-para-a-populacao\/#breadcrumb"},"inLanguage":"pt-BR","potentialAction":[{"@type":"ReadAction","target":["https:\/\/www.blogsoestado.com\/danielmatos\/governo-do-maranhao-comemora-os-106-anos-de-pedreiras-com-entregas-de-obras-para-a-populacao\/"]}]},{"@type":"ImageObject","inLanguage":"pt-BR","@id":"https:\/\/www.blogsoestado.com\/danielmatos\/governo-do-maranhao-comemora-os-106-anos-de-pedreiras-com-entregas-de-obras-para-a-populacao\/#primaryimage","url":"https:\/\/www.blogsoestado.com\/danielmatos\/wp-content\/uploads\/sites\/2\/2026\/04\/1005497644.jpg","contentUrl":"https:\/\/www.blogsoestado.com\/danielmatos\/wp-content\/uploads\/sites\/2\/2026\/04\/1005497644.jpg","width":1280,"height":853},{"@type":"BreadcrumbList","@id":"https:\/\/www.blogsoestado.com\/danielmatos\/governo-do-maranhao-comemora-os-106-anos-de-pedreiras-com-entregas-de-obras-para-a-populacao\/#breadcrumb","itemListElement":[{"@type":"ListItem","position":1,"name":"In\u00edcio","item":"https:\/\/www.blogsoestado.com\/danielmatos\/"},{"@type":"ListItem","position":2,"name":"Governo do Maranh\u00e3o comemora os 106 anos de Pedreiras com entregas de obras para a popula\u00e7\u00e3o"}]},{"@type":"WebSite","@id":"https:\/\/www.blogsoestado.com\/danielmatos\/#website","url":"https:\/\/www.blogsoestado.com\/danielmatos\/","name":"Daniel Matos","description":"","potentialAction":[{"@type":"SearchAction","target":{"@type":"EntryPoint","urlTemplate":"https:\/\/www.blogsoestado.com\/danielmatos\/?s={search_term_string}"},"query-input":{"@type":"PropertyValueSpecification","valueRequired":true,"valueName":"search_term_string"}}],"inLanguage":"pt-BR"},{"@type":"Person","@id":"https:\/\/www.blogsoestado.com\/danielmatos\/#\/schema\/person\/9a209d407cd45631f131e1285b661bb0","name":"Daniel Matos","image":{"@type":"ImageObject","inLanguage":"pt-BR","@id":"https:\/\/www.blogsoestado.com\/danielmatos\/#\/schema\/person\/image\/","url":"https:\/\/secure.gravatar.com\/avatar\/2f26c36ee355da19a257f0dfef43952a2588b324ca35d6719e859fe338ac0392?s=96&d=mm&r=g","contentUrl":"https:\/\/secure.gravatar.com\/avatar\/2f26c36ee355da19a257f0dfef43952a2588b324ca35d6719e859fe338ac0392?s=96&d=mm&r=g","caption":"Daniel Matos"},"url":"https:\/\/www.blogsoestado.com\/danielmatos\/author\/danielmatos\/"}]}},"jetpack_featured_media_url":"","_links":{"self":[{"href":"https:\/\/www.blogsoestado.com\/danielmatos\/wp-json\/wp\/v2\/posts\/157367","targetHints":{"allow":["GET"]}}],"collection":[{"href":"https:\/\/www.blogsoestado.com\/danielmatos\/wp-json\/wp\/v2\/posts"}],"about":[{"href":"https:\/\/www.blogsoestado.com\/danielmatos\/wp-json\/wp\/v2\/types\/post"}],"author":[{"embeddable":true,"href":"https:\/\/www.blogsoestado.com\/danielmatos\/wp-json\/wp\/v2\/users\/2"}],"replies":[{"embeddable":true,"href":"https:\/\/www.blogsoestado.com\/danielmatos\/wp-json\/wp\/v2\/comments?post=157367"}],"version-history":[{"count":1,"href":"https:\/\/www.blogsoestado.com\/danielmatos\/wp-json\/wp\/v2\/posts\/157367\/revisions"}],"predecessor-version":[{"id":157371,"href":"https:\/\/www.blogsoestado.com\/danielmatos\/wp-json\/wp\/v2\/posts\/157367\/revisions\/157371"}],"wp:attachment":[{"href":"https:\/\/www.blogsoestado.com\/danielmatos\/wp-json\/wp\/v2\/media?parent=157367"}],"wp:term":[{"taxonomy":"category","embeddable":true,"href":"https:\/\/www.blogsoestado.com\/danielmatos\/wp-json\/wp\/v2\/categories?post=157367"},{"taxonomy":"post_tag","embeddable":true,"href":"https:\/\/www.blogsoestado.com\/danielmatos\/wp-json\/wp\/v2\/tags?post=157367"}],"curies":[{"name":"wp","href":"https:\/\/api.w.org\/{rel}","templated":true}]}}