{"id":157381,"date":"2026-04-28T13:43:54","date_gmt":"2026-04-28T16:43:54","guid":{"rendered":"https:\/\/www.blogsoestado.com\/danielmatos\/?p=157381"},"modified":"2026-04-28T13:44:01","modified_gmt":"2026-04-28T16:44:01","slug":"maranhao-no-top-3-em-media-de-mortes-por-acidentes-de-trabalho-no-pais-aponta-governo-federal","status":"publish","type":"post","link":"https:\/\/www.blogsoestado.com\/danielmatos\/maranhao-no-top-3-em-media-de-mortes-por-acidentes-de-trabalho-no-pais-aponta-governo-federal\/","title":{"rendered":"Maranh\u00e3o no TOP 3 em m\u00e9dia de mortes por acidentes de trabalho no pa\u00eds, aponta Governo Federal"},"content":{"rendered":"\n<p><strong><mark style=\"color:#cf2e2e\" class=\"has-inline-color\">Levantamento aponta 806 mil ocorr\u00eancias e 3,6 mil mortes no ano; pa\u00eds soma 6,4 milh\u00f5es de casos e mais de 27 mil \u00f3bitos entre 2016 e 2025<\/mark><\/strong><\/p>\n\n\n\n<figure class=\"wp-block-image aligncenter size-full\"><img fetchpriority=\"high\" decoding=\"async\" width=\"768\" height=\"362\" src=\"https:\/\/www.blogsoestado.com\/danielmatos\/wp-content\/uploads\/sites\/2\/2026\/04\/1005499186.png\" alt=\"\" class=\"wp-image-157382\" srcset=\"https:\/\/www.blogsoestado.com\/danielmatos\/wp-content\/uploads\/sites\/2\/2026\/04\/1005499186.png 768w, https:\/\/www.blogsoestado.com\/danielmatos\/wp-content\/uploads\/sites\/2\/2026\/04\/1005499186-300x141.png 300w\" sizes=\"(max-width: 768px) 100vw, 768px\" \/><\/figure>\n\n\n\n<p>O Minist\u00e9rio do Trabalho e Emprego (MTE) apresenta, neste Dia Mundial de Seguran\u00e7a e Sa\u00fade no Trabalho (28 de abril), um estudo t\u00e9cnico que consolida o panorama dos acidentes de trabalho no Brasil entre 2016 e 2025, com base em registros oficiais do INSS e do eSocial. O levantamento re\u00fane 6,4 milh\u00f5es de acidentes e 27.486 \u00f3bitos no per\u00edodo, al\u00e9m de mais de 106 milh\u00f5es de dias de trabalho perdidos e cerca de 249 milh\u00f5es de dias debitados (indicador que expressa o impacto permanente das ocorr\u00eancias na vida dos trabalhadores). O Maranh\u00e3o \u00e9 uma das tr\u00eas unidades da federa\u00e7\u00e3o com maior propor\u00e7\u00e3o de mortes em decorr\u00eancia de sinistros laborais.<\/p>\n\n\n\n<p>Os dados mais recentes mostram que, em 2025, foram registrados 806.011 acidentes e 3.644 mortes \u2014 recorde da s\u00e9rie hist\u00f3rica. O crescimento ocorre ap\u00f3s a retra\u00e7\u00e3o observada em 2020, em raz\u00e3o da pandemia, e acompanha a retomada da atividade econ\u00f4mica e a amplia\u00e7\u00e3o do emprego formal no pa\u00eds. Entre 2020 e 2025, os acidentes aumentaram 65,8%, enquanto os \u00f3bitos cresceram 60,8%.<\/p>\n\n\n\n<p>Apesar do aumento em n\u00fameros absolutos, o estudo aponta uma redu\u00e7\u00e3o da taxa de incid\u00eancia ao longo da d\u00e9cada \u2014 de 29,39 para 17,94 acidentes por 100 mil trabalhadores \u2014, indicando que o crescimento do emprego formal contribuiu para diluir o risco m\u00e9dio. Ainda assim, o volume total de ocorr\u00eancias evidencia a necessidade de fortalecer as pol\u00edticas de preven\u00e7\u00e3o e melhorar as condi\u00e7\u00f5es de trabalho.<\/p>\n\n\n\n<p>A an\u00e1lise setorial revela diferentes perfis de risco. O setor de sa\u00fade, especialmente atividades hospitalares e de pronto atendimento, concentra o maior n\u00famero de acidentes, somando quase 633 mil registros no per\u00edodo. J\u00e1 o transporte rodovi\u00e1rio de carga lidera em n\u00famero de mortes, com 2.601 \u00f3bitos, destacando-se como atividade de maior gravidade. Tamb\u00e9m chamam aten\u00e7\u00e3o segmentos com alta exposi\u00e7\u00e3o relativa, como obras de montagem industrial, que apresentam uma das maiores taxas de incid\u00eancia do pa\u00eds.<\/p>\n\n\n\n<p>Entre as ocupa\u00e7\u00f5es, os t\u00e9cnicos de enfermagem registram o maior n\u00famero de acidentes, enquanto os motoristas de caminh\u00e3o concentram o maior n\u00famero de mortes \u2014 foram 4.249 \u00f3bitos em dez anos, m\u00e9dia superior a uma por dia. O estudo tamb\u00e9m evidencia a diversidade de riscos no mercado de trabalho, incluindo fatores como acidentes de trajeto e viol\u00eancia em determinadas atividades, como vigil\u00e2ncia.<\/p>\n\n\n\n<p><strong>Mais um indicador negativo para o Maranh\u00e3o <\/strong><\/p>\n\n\n\n<p>Regionalmente, os dados refletem o peso econ\u00f4mico dos estados. S\u00e3o Paulo (SP) concentra o maior volume absoluto de acidentes e mortes, respondendo por mais de um ter\u00e7o dos registros. Por outro lado, estados como Mato Grosso (MT), Tocantins (TO) e\u00a0<strong>Maranh\u00e3o\u00a0(MA) <\/strong>apresentam taxas mais elevadas de letalidade, indicando maior gravidade dos acidentes. O Mato Grosso se destaca por combinar alta incid\u00eancia e elevada letalidade, cen\u00e1rio associado a atividades como agroneg\u00f3cio, transporte e constru\u00e7\u00e3o.<\/p>\n\n\n\n<p>O levantamento tamb\u00e9m aponta mudan\u00e7as no perfil dos acidentes. Os casos t\u00edpicos seguem predominantes (64,6%), mas os acidentes de trajeto ganham relev\u00e2ncia. As doen\u00e7as ocupacionais tiveram aumento expressivo em 2020, influenciadas pela pandemia. Outro destaque \u00e9 o crescimento da participa\u00e7\u00e3o feminina, que passou a representar 34,2% dos registros, com aumento de 48% ao longo da s\u00e9rie, especialmente em setores como sa\u00fade e servi\u00e7os.<\/p>\n\n\n\n<p>Produzido por auditores-fiscais do Trabalho, o estudo refor\u00e7a a import\u00e2ncia da informa\u00e7\u00e3o qualificada na formula\u00e7\u00e3o de pol\u00edticas p\u00fablicas e no direcionamento das a\u00e7\u00f5es de inspe\u00e7\u00e3o. Para o diretor de Seguran\u00e7a e Sa\u00fade no Trabalho do MTE, Alexandre Scarpelli, os dados evidenciam a necessidade de avan\u00e7ar na cultura de preven\u00e7\u00e3o. \u201cOs n\u00fameros mostram que o pa\u00eds tem ampliado a capacidade de registrar e compreender os acidentes, o que \u00e9 fundamental para orientar pol\u00edticas mais eficazes. Ao mesmo tempo, refor\u00e7am a necessidade de aprimorar continuamente as condi\u00e7\u00f5es de trabalho e fortalecer a preven\u00e7\u00e3o para reduzir riscos e preservar vidas\u201d, afirmou.<\/p>\n\n\n\n<p><strong>Principais observa\u00e7\u00f5es da s\u00e9rie hist\u00f3rica<\/strong><\/p>\n\n\n\n<p>Crescimento p\u00f3s-pandemia: os acidentes aumentaram 65,8% entre 2020 (m\u00ednimo hist\u00f3rico) e 2025 (486.303 \u2192 806.011). Os \u00f3bitos aumentaram 60,8% no mesmo per\u00edodo.<\/p>\n\n\n\n<p>Recorde em 2025: o ano registrou o maior n\u00famero de acidentes (806.011) e de \u00f3bitos (3.644) da s\u00e9rie.<\/p>\n\n\n\n<p><strong><mark style=\"color:#cf2e2e\" class=\"has-inline-color\">Saiba mais <a href=\"https:\/\/www.gov.br\/trabalho-e-emprego\/pt-br\/noticias-e-conteudo\/2026\/abril\/acidentes-de-trabalho-crescem-no-brasil-e-atingem-recorde-em-2025-aponta-estudo-do-mte\">aqui<\/a>.<\/mark><\/strong><\/p>\n","protected":false},"excerpt":{"rendered":"<p>Levantamento aponta 806 mil ocorr\u00eancias e 3,6 mil mortes no ano; pa\u00eds soma 6,4 milh\u00f5es de casos e mais de [&hellip;]<\/p>\n","protected":false},"author":2,"featured_media":0,"comment_status":"open","ping_status":"open","sticky":false,"template":"","format":"standard","meta":{"site-sidebar-layout":"default","site-content-layout":"","ast-site-content-layout":"default","site-content-style":"default","site-sidebar-style":"default","ast-global-header-display":"","ast-banner-title-visibility":"","ast-main-header-display":"","ast-hfb-above-header-display":"","ast-hfb-below-header-display":"","ast-hfb-mobile-header-display":"","site-post-title":"","ast-breadcrumbs-content":"","ast-featured-img":"","footer-sml-layout":"","ast-disable-related-posts":"","theme-transparent-header-meta":"","adv-header-id-meta":"","stick-header-meta":"","header-above-stick-meta":"","header-main-stick-meta":"","header-below-stick-meta":"","astra-migrate-meta-layouts":"default","ast-page-background-enabled":"default","ast-page-background-meta":{"desktop":{"background-color":"var(--ast-global-color-5)","background-image":"","background-repeat":"repeat","background-position":"center center","background-size":"auto","background-attachment":"scroll","background-type":"","background-media":"","overlay-type":"","overlay-color":"","overlay-opacity":"","overlay-gradient":""},"tablet":{"background-color":"","background-image":"","background-repeat":"repeat","background-position":"center center","background-size":"auto","background-attachment":"scroll","background-type":"","background-media":"","overlay-type":"","overlay-color":"","overlay-opacity":"","overlay-gradient":""},"mobile":{"background-color":"","background-image":"","background-repeat":"repeat","background-position":"center center","background-size":"auto","background-attachment":"scroll","background-type":"","background-media":"","overlay-type":"","overlay-color":"","overlay-opacity":"","overlay-gradient":""}},"ast-content-background-meta":{"desktop":{"background-color":"var(--ast-global-color-4)","background-image":"","background-repeat":"repeat","background-position":"center center","background-size":"auto","background-attachment":"scroll","background-type":"","background-media":"","overlay-type":"","overlay-color":"","overlay-opacity":"","overlay-gradient":""},"tablet":{"background-color":"var(--ast-global-color-4)","background-image":"","background-repeat":"repeat","background-position":"center center","background-size":"auto","background-attachment":"scroll","background-type":"","background-media":"","overlay-type":"","overlay-color":"","overlay-opacity":"","overlay-gradient":""},"mobile":{"background-color":"var(--ast-global-color-4)","background-image":"","background-repeat":"repeat","background-position":"center center","background-size":"auto","background-attachment":"scroll","background-type":"","background-media":"","overlay-type":"","overlay-color":"","overlay-opacity":"","overlay-gradient":""}},"footnotes":""},"categories":[1],"tags":[],"class_list":["post-157381","post","type-post","status-publish","format-standard","hentry","category-sem-categoria"],"yoast_head":"<!-- This site is optimized with the Yoast SEO plugin v26.6 - https:\/\/yoast.com\/wordpress\/plugins\/seo\/ -->\n<title>Maranh\u00e3o no TOP 3 em m\u00e9dia de mortes por acidentes de trabalho no pa\u00eds, aponta Governo Federal - Daniel Matos<\/title>\n<meta name=\"robots\" content=\"index, follow, max-snippet:-1, max-image-preview:large, max-video-preview:-1\" \/>\n<link rel=\"canonical\" href=\"https:\/\/www.blogsoestado.com\/danielmatos\/maranhao-no-top-3-em-media-de-mortes-por-acidentes-de-trabalho-no-pais-aponta-governo-federal\/\" \/>\n<meta property=\"og:locale\" content=\"pt_BR\" \/>\n<meta property=\"og:type\" content=\"article\" \/>\n<meta property=\"og:title\" content=\"Maranh\u00e3o no TOP 3 em m\u00e9dia de mortes por acidentes de trabalho no pa\u00eds, aponta Governo Federal - Daniel Matos\" \/>\n<meta property=\"og:description\" content=\"Levantamento aponta 806 mil ocorr\u00eancias e 3,6 mil mortes no ano; pa\u00eds soma 6,4 milh\u00f5es de casos e mais de [&hellip;]\" \/>\n<meta property=\"og:url\" content=\"https:\/\/www.blogsoestado.com\/danielmatos\/maranhao-no-top-3-em-media-de-mortes-por-acidentes-de-trabalho-no-pais-aponta-governo-federal\/\" \/>\n<meta property=\"og:site_name\" content=\"Daniel Matos\" \/>\n<meta property=\"article:published_time\" content=\"2026-04-28T16:43:54+00:00\" \/>\n<meta property=\"article:modified_time\" content=\"2026-04-28T16:44:01+00:00\" \/>\n<meta property=\"og:image\" content=\"https:\/\/www.blogsoestado.com\/danielmatos\/wp-content\/uploads\/sites\/2\/2026\/04\/1005499186.png\" \/>\n\t<meta property=\"og:image:width\" content=\"768\" \/>\n\t<meta property=\"og:image:height\" content=\"362\" \/>\n\t<meta property=\"og:image:type\" content=\"image\/png\" \/>\n<meta name=\"author\" content=\"Daniel Matos\" \/>\n<meta name=\"twitter:card\" content=\"summary_large_image\" \/>\n<meta name=\"twitter:label1\" content=\"Escrito por\" \/>\n\t<meta name=\"twitter:data1\" content=\"Daniel Matos\" \/>\n\t<meta name=\"twitter:label2\" content=\"Est. tempo de leitura\" \/>\n\t<meta name=\"twitter:data2\" content=\"4 minutos\" \/>\n<script type=\"application\/ld+json\" class=\"yoast-schema-graph\">{\"@context\":\"https:\/\/schema.org\",\"@graph\":[{\"@type\":\"WebPage\",\"@id\":\"https:\/\/www.blogsoestado.com\/danielmatos\/maranhao-no-top-3-em-media-de-mortes-por-acidentes-de-trabalho-no-pais-aponta-governo-federal\/\",\"url\":\"https:\/\/www.blogsoestado.com\/danielmatos\/maranhao-no-top-3-em-media-de-mortes-por-acidentes-de-trabalho-no-pais-aponta-governo-federal\/\",\"name\":\"Maranh\u00e3o no TOP 3 em m\u00e9dia de mortes por acidentes de trabalho no pa\u00eds, aponta Governo Federal - Daniel Matos\",\"isPartOf\":{\"@id\":\"https:\/\/www.blogsoestado.com\/danielmatos\/#website\"},\"primaryImageOfPage\":{\"@id\":\"https:\/\/www.blogsoestado.com\/danielmatos\/maranhao-no-top-3-em-media-de-mortes-por-acidentes-de-trabalho-no-pais-aponta-governo-federal\/#primaryimage\"},\"image\":{\"@id\":\"https:\/\/www.blogsoestado.com\/danielmatos\/maranhao-no-top-3-em-media-de-mortes-por-acidentes-de-trabalho-no-pais-aponta-governo-federal\/#primaryimage\"},\"thumbnailUrl\":\"https:\/\/www.blogsoestado.com\/danielmatos\/wp-content\/uploads\/sites\/2\/2026\/04\/1005499186.png\",\"datePublished\":\"2026-04-28T16:43:54+00:00\",\"dateModified\":\"2026-04-28T16:44:01+00:00\",\"author\":{\"@id\":\"https:\/\/www.blogsoestado.com\/danielmatos\/#\/schema\/person\/9a209d407cd45631f131e1285b661bb0\"},\"breadcrumb\":{\"@id\":\"https:\/\/www.blogsoestado.com\/danielmatos\/maranhao-no-top-3-em-media-de-mortes-por-acidentes-de-trabalho-no-pais-aponta-governo-federal\/#breadcrumb\"},\"inLanguage\":\"pt-BR\",\"potentialAction\":[{\"@type\":\"ReadAction\",\"target\":[\"https:\/\/www.blogsoestado.com\/danielmatos\/maranhao-no-top-3-em-media-de-mortes-por-acidentes-de-trabalho-no-pais-aponta-governo-federal\/\"]}]},{\"@type\":\"ImageObject\",\"inLanguage\":\"pt-BR\",\"@id\":\"https:\/\/www.blogsoestado.com\/danielmatos\/maranhao-no-top-3-em-media-de-mortes-por-acidentes-de-trabalho-no-pais-aponta-governo-federal\/#primaryimage\",\"url\":\"https:\/\/www.blogsoestado.com\/danielmatos\/wp-content\/uploads\/sites\/2\/2026\/04\/1005499186.png\",\"contentUrl\":\"https:\/\/www.blogsoestado.com\/danielmatos\/wp-content\/uploads\/sites\/2\/2026\/04\/1005499186.png\",\"width\":768,\"height\":362},{\"@type\":\"BreadcrumbList\",\"@id\":\"https:\/\/www.blogsoestado.com\/danielmatos\/maranhao-no-top-3-em-media-de-mortes-por-acidentes-de-trabalho-no-pais-aponta-governo-federal\/#breadcrumb\",\"itemListElement\":[{\"@type\":\"ListItem\",\"position\":1,\"name\":\"In\u00edcio\",\"item\":\"https:\/\/www.blogsoestado.com\/danielmatos\/\"},{\"@type\":\"ListItem\",\"position\":2,\"name\":\"Maranh\u00e3o no TOP 3 em m\u00e9dia de mortes por acidentes de trabalho no pa\u00eds, aponta Governo Federal\"}]},{\"@type\":\"WebSite\",\"@id\":\"https:\/\/www.blogsoestado.com\/danielmatos\/#website\",\"url\":\"https:\/\/www.blogsoestado.com\/danielmatos\/\",\"name\":\"Daniel Matos\",\"description\":\"\",\"potentialAction\":[{\"@type\":\"SearchAction\",\"target\":{\"@type\":\"EntryPoint\",\"urlTemplate\":\"https:\/\/www.blogsoestado.com\/danielmatos\/?s={search_term_string}\"},\"query-input\":{\"@type\":\"PropertyValueSpecification\",\"valueRequired\":true,\"valueName\":\"search_term_string\"}}],\"inLanguage\":\"pt-BR\"},{\"@type\":\"Person\",\"@id\":\"https:\/\/www.blogsoestado.com\/danielmatos\/#\/schema\/person\/9a209d407cd45631f131e1285b661bb0\",\"name\":\"Daniel Matos\",\"image\":{\"@type\":\"ImageObject\",\"inLanguage\":\"pt-BR\",\"@id\":\"https:\/\/www.blogsoestado.com\/danielmatos\/#\/schema\/person\/image\/\",\"url\":\"https:\/\/secure.gravatar.com\/avatar\/2f26c36ee355da19a257f0dfef43952a2588b324ca35d6719e859fe338ac0392?s=96&d=mm&r=g\",\"contentUrl\":\"https:\/\/secure.gravatar.com\/avatar\/2f26c36ee355da19a257f0dfef43952a2588b324ca35d6719e859fe338ac0392?s=96&d=mm&r=g\",\"caption\":\"Daniel Matos\"},\"url\":\"https:\/\/www.blogsoestado.com\/danielmatos\/author\/danielmatos\/\"}]}<\/script>\n<!-- \/ Yoast SEO plugin. -->","yoast_head_json":{"title":"Maranh\u00e3o no TOP 3 em m\u00e9dia de mortes por acidentes de trabalho no pa\u00eds, aponta Governo Federal - Daniel Matos","robots":{"index":"index","follow":"follow","max-snippet":"max-snippet:-1","max-image-preview":"max-image-preview:large","max-video-preview":"max-video-preview:-1"},"canonical":"https:\/\/www.blogsoestado.com\/danielmatos\/maranhao-no-top-3-em-media-de-mortes-por-acidentes-de-trabalho-no-pais-aponta-governo-federal\/","og_locale":"pt_BR","og_type":"article","og_title":"Maranh\u00e3o no TOP 3 em m\u00e9dia de mortes por acidentes de trabalho no pa\u00eds, aponta Governo Federal - Daniel Matos","og_description":"Levantamento aponta 806 mil ocorr\u00eancias e 3,6 mil mortes no ano; pa\u00eds soma 6,4 milh\u00f5es de casos e mais de [&hellip;]","og_url":"https:\/\/www.blogsoestado.com\/danielmatos\/maranhao-no-top-3-em-media-de-mortes-por-acidentes-de-trabalho-no-pais-aponta-governo-federal\/","og_site_name":"Daniel Matos","article_published_time":"2026-04-28T16:43:54+00:00","article_modified_time":"2026-04-28T16:44:01+00:00","og_image":[{"width":768,"height":362,"url":"https:\/\/www.blogsoestado.com\/danielmatos\/wp-content\/uploads\/sites\/2\/2026\/04\/1005499186.png","type":"image\/png"}],"author":"Daniel Matos","twitter_card":"summary_large_image","twitter_misc":{"Escrito por":"Daniel Matos","Est. tempo de leitura":"4 minutos"},"schema":{"@context":"https:\/\/schema.org","@graph":[{"@type":"WebPage","@id":"https:\/\/www.blogsoestado.com\/danielmatos\/maranhao-no-top-3-em-media-de-mortes-por-acidentes-de-trabalho-no-pais-aponta-governo-federal\/","url":"https:\/\/www.blogsoestado.com\/danielmatos\/maranhao-no-top-3-em-media-de-mortes-por-acidentes-de-trabalho-no-pais-aponta-governo-federal\/","name":"Maranh\u00e3o no TOP 3 em m\u00e9dia de mortes por acidentes de trabalho no pa\u00eds, aponta Governo Federal - Daniel Matos","isPartOf":{"@id":"https:\/\/www.blogsoestado.com\/danielmatos\/#website"},"primaryImageOfPage":{"@id":"https:\/\/www.blogsoestado.com\/danielmatos\/maranhao-no-top-3-em-media-de-mortes-por-acidentes-de-trabalho-no-pais-aponta-governo-federal\/#primaryimage"},"image":{"@id":"https:\/\/www.blogsoestado.com\/danielmatos\/maranhao-no-top-3-em-media-de-mortes-por-acidentes-de-trabalho-no-pais-aponta-governo-federal\/#primaryimage"},"thumbnailUrl":"https:\/\/www.blogsoestado.com\/danielmatos\/wp-content\/uploads\/sites\/2\/2026\/04\/1005499186.png","datePublished":"2026-04-28T16:43:54+00:00","dateModified":"2026-04-28T16:44:01+00:00","author":{"@id":"https:\/\/www.blogsoestado.com\/danielmatos\/#\/schema\/person\/9a209d407cd45631f131e1285b661bb0"},"breadcrumb":{"@id":"https:\/\/www.blogsoestado.com\/danielmatos\/maranhao-no-top-3-em-media-de-mortes-por-acidentes-de-trabalho-no-pais-aponta-governo-federal\/#breadcrumb"},"inLanguage":"pt-BR","potentialAction":[{"@type":"ReadAction","target":["https:\/\/www.blogsoestado.com\/danielmatos\/maranhao-no-top-3-em-media-de-mortes-por-acidentes-de-trabalho-no-pais-aponta-governo-federal\/"]}]},{"@type":"ImageObject","inLanguage":"pt-BR","@id":"https:\/\/www.blogsoestado.com\/danielmatos\/maranhao-no-top-3-em-media-de-mortes-por-acidentes-de-trabalho-no-pais-aponta-governo-federal\/#primaryimage","url":"https:\/\/www.blogsoestado.com\/danielmatos\/wp-content\/uploads\/sites\/2\/2026\/04\/1005499186.png","contentUrl":"https:\/\/www.blogsoestado.com\/danielmatos\/wp-content\/uploads\/sites\/2\/2026\/04\/1005499186.png","width":768,"height":362},{"@type":"BreadcrumbList","@id":"https:\/\/www.blogsoestado.com\/danielmatos\/maranhao-no-top-3-em-media-de-mortes-por-acidentes-de-trabalho-no-pais-aponta-governo-federal\/#breadcrumb","itemListElement":[{"@type":"ListItem","position":1,"name":"In\u00edcio","item":"https:\/\/www.blogsoestado.com\/danielmatos\/"},{"@type":"ListItem","position":2,"name":"Maranh\u00e3o no TOP 3 em m\u00e9dia de mortes por acidentes de trabalho no pa\u00eds, aponta Governo Federal"}]},{"@type":"WebSite","@id":"https:\/\/www.blogsoestado.com\/danielmatos\/#website","url":"https:\/\/www.blogsoestado.com\/danielmatos\/","name":"Daniel Matos","description":"","potentialAction":[{"@type":"SearchAction","target":{"@type":"EntryPoint","urlTemplate":"https:\/\/www.blogsoestado.com\/danielmatos\/?s={search_term_string}"},"query-input":{"@type":"PropertyValueSpecification","valueRequired":true,"valueName":"search_term_string"}}],"inLanguage":"pt-BR"},{"@type":"Person","@id":"https:\/\/www.blogsoestado.com\/danielmatos\/#\/schema\/person\/9a209d407cd45631f131e1285b661bb0","name":"Daniel Matos","image":{"@type":"ImageObject","inLanguage":"pt-BR","@id":"https:\/\/www.blogsoestado.com\/danielmatos\/#\/schema\/person\/image\/","url":"https:\/\/secure.gravatar.com\/avatar\/2f26c36ee355da19a257f0dfef43952a2588b324ca35d6719e859fe338ac0392?s=96&d=mm&r=g","contentUrl":"https:\/\/secure.gravatar.com\/avatar\/2f26c36ee355da19a257f0dfef43952a2588b324ca35d6719e859fe338ac0392?s=96&d=mm&r=g","caption":"Daniel Matos"},"url":"https:\/\/www.blogsoestado.com\/danielmatos\/author\/danielmatos\/"}]}},"jetpack_featured_media_url":"","_links":{"self":[{"href":"https:\/\/www.blogsoestado.com\/danielmatos\/wp-json\/wp\/v2\/posts\/157381","targetHints":{"allow":["GET"]}}],"collection":[{"href":"https:\/\/www.blogsoestado.com\/danielmatos\/wp-json\/wp\/v2\/posts"}],"about":[{"href":"https:\/\/www.blogsoestado.com\/danielmatos\/wp-json\/wp\/v2\/types\/post"}],"author":[{"embeddable":true,"href":"https:\/\/www.blogsoestado.com\/danielmatos\/wp-json\/wp\/v2\/users\/2"}],"replies":[{"embeddable":true,"href":"https:\/\/www.blogsoestado.com\/danielmatos\/wp-json\/wp\/v2\/comments?post=157381"}],"version-history":[{"count":1,"href":"https:\/\/www.blogsoestado.com\/danielmatos\/wp-json\/wp\/v2\/posts\/157381\/revisions"}],"predecessor-version":[{"id":157383,"href":"https:\/\/www.blogsoestado.com\/danielmatos\/wp-json\/wp\/v2\/posts\/157381\/revisions\/157383"}],"wp:attachment":[{"href":"https:\/\/www.blogsoestado.com\/danielmatos\/wp-json\/wp\/v2\/media?parent=157381"}],"wp:term":[{"taxonomy":"category","embeddable":true,"href":"https:\/\/www.blogsoestado.com\/danielmatos\/wp-json\/wp\/v2\/categories?post=157381"},{"taxonomy":"post_tag","embeddable":true,"href":"https:\/\/www.blogsoestado.com\/danielmatos\/wp-json\/wp\/v2\/tags?post=157381"}],"curies":[{"name":"wp","href":"https:\/\/api.w.org\/{rel}","templated":true}]}}