{"id":157386,"date":"2026-04-28T15:50:09","date_gmt":"2026-04-28T18:50:09","guid":{"rendered":"https:\/\/www.blogsoestado.com\/danielmatos\/?p=157386"},"modified":"2026-04-28T15:50:13","modified_gmt":"2026-04-28T18:50:13","slug":"em-parceria-com-o-tjma-policlinica-diamante-realizara-acao-para-fortalecer-rede-de-apoio-a-mulher","status":"publish","type":"post","link":"https:\/\/www.blogsoestado.com\/danielmatos\/em-parceria-com-o-tjma-policlinica-diamante-realizara-acao-para-fortalecer-rede-de-apoio-a-mulher\/","title":{"rendered":"Em parceria com o TJMA, Policl\u00ednica Diamante realizar\u00e1 a\u00e7\u00e3o para fortalecer Rede de Apoio \u00e0 Mulher"},"content":{"rendered":"\n<p><strong><mark style=\"color:#cf2e2e\" class=\"has-inline-color\">Atividade acontecer\u00e1 nessa quarta-feira (29), a partir das 15h, na sede da unidade de sa\u00fade (antigo PAM Diamante)<\/mark><\/strong><\/p>\n\n\n\n<figure class=\"wp-block-image aligncenter size-large\"><img fetchpriority=\"high\" decoding=\"async\" width=\"724\" height=\"1024\" src=\"https:\/\/www.blogsoestado.com\/danielmatos\/wp-content\/uploads\/sites\/2\/2026\/04\/1005500053-724x1024.jpg\" alt=\"\" class=\"wp-image-157387\" srcset=\"https:\/\/www.blogsoestado.com\/danielmatos\/wp-content\/uploads\/sites\/2\/2026\/04\/1005500053-724x1024.jpg 724w, https:\/\/www.blogsoestado.com\/danielmatos\/wp-content\/uploads\/sites\/2\/2026\/04\/1005500053-212x300.jpg 212w, https:\/\/www.blogsoestado.com\/danielmatos\/wp-content\/uploads\/sites\/2\/2026\/04\/1005500053-768x1086.jpg 768w, https:\/\/www.blogsoestado.com\/danielmatos\/wp-content\/uploads\/sites\/2\/2026\/04\/1005500053-1086x1536.jpg 1086w, https:\/\/www.blogsoestado.com\/danielmatos\/wp-content\/uploads\/sites\/2\/2026\/04\/1005500053.jpg 1131w\" sizes=\"(max-width: 724px) 100vw, 724px\" \/><\/figure>\n\n\n\n<p>Em parceria com o Tribunal de Justi\u00e7a do Maranh\u00e3o (TJMA), a Policl\u00ednica Diamante, vinculada \u00e0 Secretaria de Estado da Sa\u00fade (SES), realizar\u00e1, nessa quarta-feira (29), a partir das 15h, uma a\u00e7\u00e3o especial, por meio do <em>Programa Valoriza Mulher<\/em>.<\/p>\n\n\n\n<p>A iniciativa tem como objetivo promover acolhimento, orienta\u00e7\u00e3o e fortalecimento das mulheres, oferecendo informa\u00e7\u00f5es importantes sobre direitos, cidadania e apoio.<\/p>\n\n\n\n<p>Um dos focos principais da programa\u00e7\u00e3o ser\u00e1 a conscientiza\u00e7\u00e3o sobre a preven\u00e7\u00e3o e combate \u00e0 viol\u00eancia contra a viol\u00eancia dom\u00e9stica e outras formas de agress\u00e3o ao sexo feminino.<\/p>\n\n\n\n<p>O evento \u00e9 aberto ao p\u00fablico e toda a popula\u00e7\u00e3o est\u00e1 convidada a participar e refor\u00e7ar a rede de cuidado e valoriza\u00e7\u00e3o das mulheres.<\/p>\n","protected":false},"excerpt":{"rendered":"<p>Atividade acontecer\u00e1 nessa quarta-feira (29), a partir das 15h, na sede da unidade de sa\u00fade (antigo PAM Diamante) Em parceria [&hellip;]<\/p>\n","protected":false},"author":2,"featured_media":0,"comment_status":"open","ping_status":"open","sticky":false,"template":"","format":"standard","meta":{"site-sidebar-layout":"default","site-content-layout":"","ast-site-content-layout":"default","site-content-style":"default","site-sidebar-style":"default","ast-global-header-display":"","ast-banner-title-visibility":"","ast-main-header-display":"","ast-hfb-above-header-display":"","ast-hfb-below-header-display":"","ast-hfb-mobile-header-display":"","site-post-title":"","ast-breadcrumbs-content":"","ast-featured-img":"","footer-sml-layout":"","ast-disable-related-posts":"","theme-transparent-header-meta":"","adv-header-id-meta":"","stick-header-meta":"","header-above-stick-meta":"","header-main-stick-meta":"","header-below-stick-meta":"","astra-migrate-meta-layouts":"default","ast-page-background-enabled":"default","ast-page-background-meta":{"desktop":{"background-color":"var(--ast-global-color-5)","background-image":"","background-repeat":"repeat","background-position":"center center","background-size":"auto","background-attachment":"scroll","background-type":"","background-media":"","overlay-type":"","overlay-color":"","overlay-opacity":"","overlay-gradient":""},"tablet":{"background-color":"","background-image":"","background-repeat":"repeat","background-position":"center center","background-size":"auto","background-attachment":"scroll","background-type":"","background-media":"","overlay-type":"","overlay-color":"","overlay-opacity":"","overlay-gradient":""},"mobile":{"background-color":"","background-image":"","background-repeat":"repeat","background-position":"center center","background-size":"auto","background-attachment":"scroll","background-type":"","background-media":"","overlay-type":"","overlay-color":"","overlay-opacity":"","overlay-gradient":""}},"ast-content-background-meta":{"desktop":{"background-color":"var(--ast-global-color-4)","background-image":"","background-repeat":"repeat","background-position":"center center","background-size":"auto","background-attachment":"scroll","background-type":"","background-media":"","overlay-type":"","overlay-color":"","overlay-opacity":"","overlay-gradient":""},"tablet":{"background-color":"var(--ast-global-color-4)","background-image":"","background-repeat":"repeat","background-position":"center center","background-size":"auto","background-attachment":"scroll","background-type":"","background-media":"","overlay-type":"","overlay-color":"","overlay-opacity":"","overlay-gradient":""},"mobile":{"background-color":"var(--ast-global-color-4)","background-image":"","background-repeat":"repeat","background-position":"center center","background-size":"auto","background-attachment":"scroll","background-type":"","background-media":"","overlay-type":"","overlay-color":"","overlay-opacity":"","overlay-gradient":""}},"footnotes":""},"categories":[1],"tags":[],"class_list":["post-157386","post","type-post","status-publish","format-standard","hentry","category-sem-categoria"],"yoast_head":"<!-- This site is optimized with the Yoast SEO plugin v26.6 - https:\/\/yoast.com\/wordpress\/plugins\/seo\/ -->\n<title>Em parceria com o TJMA, Policl\u00ednica Diamante realizar\u00e1 a\u00e7\u00e3o para fortalecer Rede de Apoio \u00e0 Mulher - Daniel Matos<\/title>\n<meta name=\"robots\" content=\"index, follow, max-snippet:-1, max-image-preview:large, max-video-preview:-1\" \/>\n<link rel=\"canonical\" href=\"https:\/\/www.blogsoestado.com\/danielmatos\/em-parceria-com-o-tjma-policlinica-diamante-realizara-acao-para-fortalecer-rede-de-apoio-a-mulher\/\" \/>\n<meta property=\"og:locale\" content=\"pt_BR\" \/>\n<meta property=\"og:type\" content=\"article\" \/>\n<meta property=\"og:title\" content=\"Em parceria com o TJMA, Policl\u00ednica Diamante realizar\u00e1 a\u00e7\u00e3o para fortalecer Rede de Apoio \u00e0 Mulher - Daniel Matos\" \/>\n<meta property=\"og:description\" content=\"Atividade acontecer\u00e1 nessa quarta-feira (29), a partir das 15h, na sede da unidade de sa\u00fade (antigo PAM Diamante) Em parceria [&hellip;]\" \/>\n<meta property=\"og:url\" content=\"https:\/\/www.blogsoestado.com\/danielmatos\/em-parceria-com-o-tjma-policlinica-diamante-realizara-acao-para-fortalecer-rede-de-apoio-a-mulher\/\" \/>\n<meta property=\"og:site_name\" content=\"Daniel Matos\" \/>\n<meta property=\"article:published_time\" content=\"2026-04-28T18:50:09+00:00\" \/>\n<meta property=\"article:modified_time\" content=\"2026-04-28T18:50:13+00:00\" \/>\n<meta property=\"og:image\" content=\"https:\/\/www.blogsoestado.com\/danielmatos\/wp-content\/uploads\/sites\/2\/2026\/04\/1005500053.jpg\" \/>\n\t<meta property=\"og:image:width\" content=\"1131\" \/>\n\t<meta property=\"og:image:height\" content=\"1600\" \/>\n\t<meta property=\"og:image:type\" content=\"image\/jpeg\" \/>\n<meta name=\"author\" content=\"Daniel Matos\" \/>\n<meta name=\"twitter:card\" content=\"summary_large_image\" \/>\n<meta name=\"twitter:label1\" content=\"Escrito por\" \/>\n\t<meta name=\"twitter:data1\" content=\"Daniel Matos\" \/>\n\t<meta name=\"twitter:label2\" content=\"Est. tempo de leitura\" \/>\n\t<meta name=\"twitter:data2\" content=\"1 minuto\" \/>\n<script type=\"application\/ld+json\" class=\"yoast-schema-graph\">{\"@context\":\"https:\/\/schema.org\",\"@graph\":[{\"@type\":\"WebPage\",\"@id\":\"https:\/\/www.blogsoestado.com\/danielmatos\/em-parceria-com-o-tjma-policlinica-diamante-realizara-acao-para-fortalecer-rede-de-apoio-a-mulher\/\",\"url\":\"https:\/\/www.blogsoestado.com\/danielmatos\/em-parceria-com-o-tjma-policlinica-diamante-realizara-acao-para-fortalecer-rede-de-apoio-a-mulher\/\",\"name\":\"Em parceria com o TJMA, Policl\u00ednica Diamante realizar\u00e1 a\u00e7\u00e3o para fortalecer Rede de Apoio \u00e0 Mulher - Daniel Matos\",\"isPartOf\":{\"@id\":\"https:\/\/www.blogsoestado.com\/danielmatos\/#website\"},\"primaryImageOfPage\":{\"@id\":\"https:\/\/www.blogsoestado.com\/danielmatos\/em-parceria-com-o-tjma-policlinica-diamante-realizara-acao-para-fortalecer-rede-de-apoio-a-mulher\/#primaryimage\"},\"image\":{\"@id\":\"https:\/\/www.blogsoestado.com\/danielmatos\/em-parceria-com-o-tjma-policlinica-diamante-realizara-acao-para-fortalecer-rede-de-apoio-a-mulher\/#primaryimage\"},\"thumbnailUrl\":\"https:\/\/www.blogsoestado.com\/danielmatos\/wp-content\/uploads\/sites\/2\/2026\/04\/1005500053-724x1024.jpg\",\"datePublished\":\"2026-04-28T18:50:09+00:00\",\"dateModified\":\"2026-04-28T18:50:13+00:00\",\"author\":{\"@id\":\"https:\/\/www.blogsoestado.com\/danielmatos\/#\/schema\/person\/9a209d407cd45631f131e1285b661bb0\"},\"breadcrumb\":{\"@id\":\"https:\/\/www.blogsoestado.com\/danielmatos\/em-parceria-com-o-tjma-policlinica-diamante-realizara-acao-para-fortalecer-rede-de-apoio-a-mulher\/#breadcrumb\"},\"inLanguage\":\"pt-BR\",\"potentialAction\":[{\"@type\":\"ReadAction\",\"target\":[\"https:\/\/www.blogsoestado.com\/danielmatos\/em-parceria-com-o-tjma-policlinica-diamante-realizara-acao-para-fortalecer-rede-de-apoio-a-mulher\/\"]}]},{\"@type\":\"ImageObject\",\"inLanguage\":\"pt-BR\",\"@id\":\"https:\/\/www.blogsoestado.com\/danielmatos\/em-parceria-com-o-tjma-policlinica-diamante-realizara-acao-para-fortalecer-rede-de-apoio-a-mulher\/#primaryimage\",\"url\":\"https:\/\/www.blogsoestado.com\/danielmatos\/wp-content\/uploads\/sites\/2\/2026\/04\/1005500053.jpg\",\"contentUrl\":\"https:\/\/www.blogsoestado.com\/danielmatos\/wp-content\/uploads\/sites\/2\/2026\/04\/1005500053.jpg\",\"width\":1131,\"height\":1600},{\"@type\":\"BreadcrumbList\",\"@id\":\"https:\/\/www.blogsoestado.com\/danielmatos\/em-parceria-com-o-tjma-policlinica-diamante-realizara-acao-para-fortalecer-rede-de-apoio-a-mulher\/#breadcrumb\",\"itemListElement\":[{\"@type\":\"ListItem\",\"position\":1,\"name\":\"In\u00edcio\",\"item\":\"https:\/\/www.blogsoestado.com\/danielmatos\/\"},{\"@type\":\"ListItem\",\"position\":2,\"name\":\"Em parceria com o TJMA, Policl\u00ednica Diamante realizar\u00e1 a\u00e7\u00e3o para fortalecer Rede de Apoio \u00e0 Mulher\"}]},{\"@type\":\"WebSite\",\"@id\":\"https:\/\/www.blogsoestado.com\/danielmatos\/#website\",\"url\":\"https:\/\/www.blogsoestado.com\/danielmatos\/\",\"name\":\"Daniel Matos\",\"description\":\"\",\"potentialAction\":[{\"@type\":\"SearchAction\",\"target\":{\"@type\":\"EntryPoint\",\"urlTemplate\":\"https:\/\/www.blogsoestado.com\/danielmatos\/?s={search_term_string}\"},\"query-input\":{\"@type\":\"PropertyValueSpecification\",\"valueRequired\":true,\"valueName\":\"search_term_string\"}}],\"inLanguage\":\"pt-BR\"},{\"@type\":\"Person\",\"@id\":\"https:\/\/www.blogsoestado.com\/danielmatos\/#\/schema\/person\/9a209d407cd45631f131e1285b661bb0\",\"name\":\"Daniel Matos\",\"image\":{\"@type\":\"ImageObject\",\"inLanguage\":\"pt-BR\",\"@id\":\"https:\/\/www.blogsoestado.com\/danielmatos\/#\/schema\/person\/image\/\",\"url\":\"https:\/\/secure.gravatar.com\/avatar\/2f26c36ee355da19a257f0dfef43952a2588b324ca35d6719e859fe338ac0392?s=96&d=mm&r=g\",\"contentUrl\":\"https:\/\/secure.gravatar.com\/avatar\/2f26c36ee355da19a257f0dfef43952a2588b324ca35d6719e859fe338ac0392?s=96&d=mm&r=g\",\"caption\":\"Daniel Matos\"},\"url\":\"https:\/\/www.blogsoestado.com\/danielmatos\/author\/danielmatos\/\"}]}<\/script>\n<!-- \/ Yoast SEO plugin. -->","yoast_head_json":{"title":"Em parceria com o TJMA, Policl\u00ednica Diamante realizar\u00e1 a\u00e7\u00e3o para fortalecer Rede de Apoio \u00e0 Mulher - Daniel Matos","robots":{"index":"index","follow":"follow","max-snippet":"max-snippet:-1","max-image-preview":"max-image-preview:large","max-video-preview":"max-video-preview:-1"},"canonical":"https:\/\/www.blogsoestado.com\/danielmatos\/em-parceria-com-o-tjma-policlinica-diamante-realizara-acao-para-fortalecer-rede-de-apoio-a-mulher\/","og_locale":"pt_BR","og_type":"article","og_title":"Em parceria com o TJMA, Policl\u00ednica Diamante realizar\u00e1 a\u00e7\u00e3o para fortalecer Rede de Apoio \u00e0 Mulher - Daniel Matos","og_description":"Atividade acontecer\u00e1 nessa quarta-feira (29), a partir das 15h, na sede da unidade de sa\u00fade (antigo PAM Diamante) Em parceria [&hellip;]","og_url":"https:\/\/www.blogsoestado.com\/danielmatos\/em-parceria-com-o-tjma-policlinica-diamante-realizara-acao-para-fortalecer-rede-de-apoio-a-mulher\/","og_site_name":"Daniel Matos","article_published_time":"2026-04-28T18:50:09+00:00","article_modified_time":"2026-04-28T18:50:13+00:00","og_image":[{"width":1131,"height":1600,"url":"https:\/\/www.blogsoestado.com\/danielmatos\/wp-content\/uploads\/sites\/2\/2026\/04\/1005500053.jpg","type":"image\/jpeg"}],"author":"Daniel Matos","twitter_card":"summary_large_image","twitter_misc":{"Escrito por":"Daniel Matos","Est. tempo de leitura":"1 minuto"},"schema":{"@context":"https:\/\/schema.org","@graph":[{"@type":"WebPage","@id":"https:\/\/www.blogsoestado.com\/danielmatos\/em-parceria-com-o-tjma-policlinica-diamante-realizara-acao-para-fortalecer-rede-de-apoio-a-mulher\/","url":"https:\/\/www.blogsoestado.com\/danielmatos\/em-parceria-com-o-tjma-policlinica-diamante-realizara-acao-para-fortalecer-rede-de-apoio-a-mulher\/","name":"Em parceria com o TJMA, Policl\u00ednica Diamante realizar\u00e1 a\u00e7\u00e3o para fortalecer Rede de Apoio \u00e0 Mulher - Daniel Matos","isPartOf":{"@id":"https:\/\/www.blogsoestado.com\/danielmatos\/#website"},"primaryImageOfPage":{"@id":"https:\/\/www.blogsoestado.com\/danielmatos\/em-parceria-com-o-tjma-policlinica-diamante-realizara-acao-para-fortalecer-rede-de-apoio-a-mulher\/#primaryimage"},"image":{"@id":"https:\/\/www.blogsoestado.com\/danielmatos\/em-parceria-com-o-tjma-policlinica-diamante-realizara-acao-para-fortalecer-rede-de-apoio-a-mulher\/#primaryimage"},"thumbnailUrl":"https:\/\/www.blogsoestado.com\/danielmatos\/wp-content\/uploads\/sites\/2\/2026\/04\/1005500053-724x1024.jpg","datePublished":"2026-04-28T18:50:09+00:00","dateModified":"2026-04-28T18:50:13+00:00","author":{"@id":"https:\/\/www.blogsoestado.com\/danielmatos\/#\/schema\/person\/9a209d407cd45631f131e1285b661bb0"},"breadcrumb":{"@id":"https:\/\/www.blogsoestado.com\/danielmatos\/em-parceria-com-o-tjma-policlinica-diamante-realizara-acao-para-fortalecer-rede-de-apoio-a-mulher\/#breadcrumb"},"inLanguage":"pt-BR","potentialAction":[{"@type":"ReadAction","target":["https:\/\/www.blogsoestado.com\/danielmatos\/em-parceria-com-o-tjma-policlinica-diamante-realizara-acao-para-fortalecer-rede-de-apoio-a-mulher\/"]}]},{"@type":"ImageObject","inLanguage":"pt-BR","@id":"https:\/\/www.blogsoestado.com\/danielmatos\/em-parceria-com-o-tjma-policlinica-diamante-realizara-acao-para-fortalecer-rede-de-apoio-a-mulher\/#primaryimage","url":"https:\/\/www.blogsoestado.com\/danielmatos\/wp-content\/uploads\/sites\/2\/2026\/04\/1005500053.jpg","contentUrl":"https:\/\/www.blogsoestado.com\/danielmatos\/wp-content\/uploads\/sites\/2\/2026\/04\/1005500053.jpg","width":1131,"height":1600},{"@type":"BreadcrumbList","@id":"https:\/\/www.blogsoestado.com\/danielmatos\/em-parceria-com-o-tjma-policlinica-diamante-realizara-acao-para-fortalecer-rede-de-apoio-a-mulher\/#breadcrumb","itemListElement":[{"@type":"ListItem","position":1,"name":"In\u00edcio","item":"https:\/\/www.blogsoestado.com\/danielmatos\/"},{"@type":"ListItem","position":2,"name":"Em parceria com o TJMA, Policl\u00ednica Diamante realizar\u00e1 a\u00e7\u00e3o para fortalecer Rede de Apoio \u00e0 Mulher"}]},{"@type":"WebSite","@id":"https:\/\/www.blogsoestado.com\/danielmatos\/#website","url":"https:\/\/www.blogsoestado.com\/danielmatos\/","name":"Daniel Matos","description":"","potentialAction":[{"@type":"SearchAction","target":{"@type":"EntryPoint","urlTemplate":"https:\/\/www.blogsoestado.com\/danielmatos\/?s={search_term_string}"},"query-input":{"@type":"PropertyValueSpecification","valueRequired":true,"valueName":"search_term_string"}}],"inLanguage":"pt-BR"},{"@type":"Person","@id":"https:\/\/www.blogsoestado.com\/danielmatos\/#\/schema\/person\/9a209d407cd45631f131e1285b661bb0","name":"Daniel Matos","image":{"@type":"ImageObject","inLanguage":"pt-BR","@id":"https:\/\/www.blogsoestado.com\/danielmatos\/#\/schema\/person\/image\/","url":"https:\/\/secure.gravatar.com\/avatar\/2f26c36ee355da19a257f0dfef43952a2588b324ca35d6719e859fe338ac0392?s=96&d=mm&r=g","contentUrl":"https:\/\/secure.gravatar.com\/avatar\/2f26c36ee355da19a257f0dfef43952a2588b324ca35d6719e859fe338ac0392?s=96&d=mm&r=g","caption":"Daniel Matos"},"url":"https:\/\/www.blogsoestado.com\/danielmatos\/author\/danielmatos\/"}]}},"jetpack_featured_media_url":"","_links":{"self":[{"href":"https:\/\/www.blogsoestado.com\/danielmatos\/wp-json\/wp\/v2\/posts\/157386","targetHints":{"allow":["GET"]}}],"collection":[{"href":"https:\/\/www.blogsoestado.com\/danielmatos\/wp-json\/wp\/v2\/posts"}],"about":[{"href":"https:\/\/www.blogsoestado.com\/danielmatos\/wp-json\/wp\/v2\/types\/post"}],"author":[{"embeddable":true,"href":"https:\/\/www.blogsoestado.com\/danielmatos\/wp-json\/wp\/v2\/users\/2"}],"replies":[{"embeddable":true,"href":"https:\/\/www.blogsoestado.com\/danielmatos\/wp-json\/wp\/v2\/comments?post=157386"}],"version-history":[{"count":1,"href":"https:\/\/www.blogsoestado.com\/danielmatos\/wp-json\/wp\/v2\/posts\/157386\/revisions"}],"predecessor-version":[{"id":157388,"href":"https:\/\/www.blogsoestado.com\/danielmatos\/wp-json\/wp\/v2\/posts\/157386\/revisions\/157388"}],"wp:attachment":[{"href":"https:\/\/www.blogsoestado.com\/danielmatos\/wp-json\/wp\/v2\/media?parent=157386"}],"wp:term":[{"taxonomy":"category","embeddable":true,"href":"https:\/\/www.blogsoestado.com\/danielmatos\/wp-json\/wp\/v2\/categories?post=157386"},{"taxonomy":"post_tag","embeddable":true,"href":"https:\/\/www.blogsoestado.com\/danielmatos\/wp-json\/wp\/v2\/tags?post=157386"}],"curies":[{"name":"wp","href":"https:\/\/api.w.org\/{rel}","templated":true}]}}