{"id":157389,"date":"2026-04-28T18:29:20","date_gmt":"2026-04-28T21:29:20","guid":{"rendered":"https:\/\/www.blogsoestado.com\/danielmatos\/?p=157389"},"modified":"2026-04-28T18:29:22","modified_gmt":"2026-04-28T21:29:22","slug":"deputada-daniella-parabeniza-governador-brandao-por-sancionar-lei-que-reconhece-maternidade-atipica-e-outras-acoes-relevantes","status":"publish","type":"post","link":"https:\/\/www.blogsoestado.com\/danielmatos\/deputada-daniella-parabeniza-governador-brandao-por-sancionar-lei-que-reconhece-maternidade-atipica-e-outras-acoes-relevantes\/","title":{"rendered":"Deputada Daniella parabeniza governador Brand\u00e3o por sancionar lei que reconhece maternidade at\u00edpica e outras a\u00e7\u00f5es relevantes"},"content":{"rendered":"\n<figure class=\"wp-block-image aligncenter size-large\"><img fetchpriority=\"high\" decoding=\"async\" width=\"1024\" height=\"683\" src=\"https:\/\/www.blogsoestado.com\/danielmatos\/wp-content\/uploads\/sites\/2\/2026\/04\/1005501089-1024x683.jpg\" alt=\"\" class=\"wp-image-157390\" srcset=\"https:\/\/www.blogsoestado.com\/danielmatos\/wp-content\/uploads\/sites\/2\/2026\/04\/1005501089-1024x683.jpg 1024w, https:\/\/www.blogsoestado.com\/danielmatos\/wp-content\/uploads\/sites\/2\/2026\/04\/1005501089-300x200.jpg 300w, https:\/\/www.blogsoestado.com\/danielmatos\/wp-content\/uploads\/sites\/2\/2026\/04\/1005501089-768x512.jpg 768w, https:\/\/www.blogsoestado.com\/danielmatos\/wp-content\/uploads\/sites\/2\/2026\/04\/1005501089.jpg 1280w\" sizes=\"(max-width: 1024px) 100vw, 1024px\" \/><figcaption class=\"wp-element-caption\">Deputada Daniella elencou a\u00e7\u00f5es importantes executadas pelo governador Brand\u00e3o e elogiou o trabalho do ex-secret\u00e1rio Orleans Brand\u00e3o<\/figcaption><\/figure>\n\n\n\n<p>Durante a sess\u00e3o plen\u00e1ria desta ter\u00e7a-feira (28), da Assembleia Legislativa do Maranh\u00e3o (Alema), a deputada estadual Daniella (MDB) parabenizou o governador Carlos Brand\u00e3o e toda a sua equipe por colocar em pr\u00e1tica a\u00e7\u00f5es que, segundo a deputada, t\u00eam ocasionado em resultados positivos na vida da popula\u00e7\u00e3o maranhense. Na ocasi\u00e3o, a parlamentar tamb\u00e9m agradeceu ao ex-secret\u00e1rio da Assuntos Municipalistas, Orleans Brand\u00e3o, por conduzir uma pasta t\u00e3o importante e por ter contribu\u00eddo diretamente para levar as a\u00e7\u00f5es do Executivo estadual para quem mais precisa.<\/p>\n\n\n\n<p>Ele iniciou seu discurso destacando a san\u00e7\u00e3o da lei, de sua autoria, que institui a Semana da Maternidade At\u00edpica, sancionada pelo governador Carlos Brand\u00e3o. A iniciativa visa chamar a aten\u00e7\u00e3o da sociedade para o melhor acolhimento das m\u00e3es que possuem filhos com algum tipo de neurodiverg\u00eancia.<\/p>\n\n\n\n<p>\u201cPor meio dessa semana, faremos um chamamento para que possamos conhecer mais a realidade de quem cuida e tamb\u00e9m de quem precisa ser cuidado. Um justo reconhecimento ao nosso governador que mais uma vez foi sens\u00edvel a essa pauta que precisa do reconhecimento, que precisa do olhar do poder p\u00fablico\u201d, destacou.<\/p>\n\n\n\n<p><strong>Gest\u00e3o Municipalista<\/strong><\/p>\n\n\n\n<p>Sobre a condu\u00e7\u00e3o de Orleans Brand\u00e3o \u00e0 frente da Secretaria de Assuntos Municipalistas, Daniella refor\u00e7ou a import\u00e2ncia do seu trabalho na articula\u00e7\u00e3o direta para que a\u00e7\u00f5es de grande relev\u00e2ncia chegassem \u00e0 popula\u00e7\u00e3o.<\/p>\n\n\n\n<p>\u201cO nosso amigo, ex-secret\u00e1rio Orleans tem percorrido os 217 munic\u00edpios do Maranh\u00e3o, conhecendo de perto a realidade do nosso povo, entendendo as reais necessidades do povo do Maranh\u00e3o e, atrav\u00e9s disso, buscado solucionar os problemas do nosso povo\u201d, disse a deputada, enaltecendo ainda a disposi\u00e7\u00e3o do ex-secret\u00e1rio em percorrer todo o estado, dialogar com a popula\u00e7\u00e3o e demais lideran\u00e7as municipais no intuito de encontrar solu\u00e7\u00f5es para os problemas que mais afligem as pessoas.<\/p>\n\n\n\n<p>Diversos parlamentares concordaram com o posicionamento de Daniella. Andreia Rezende (MDB) pontuou a import\u00e2ncia de ser concedida a oportunidade para Orleans Brand\u00e3o dar continuidade \u00e0s a\u00e7\u00f5es que j\u00e1 v\u00eam sendo desenvolvidas pelo Governo. \u201cEu tamb\u00e9m acredito muito na for\u00e7a do Orleans. Concordo que a gente precisa de oportunidade, tanto ele como qualquer outro jovem, de oportunidade para ter experi\u00eancia. A experi\u00eancia pol\u00edtica, ele teve \u00e0 frente da sua secretaria. Ele tamb\u00e9m est\u00e1 criando experi\u00eancia pol\u00edtica quando visita os munic\u00edpios e consegue ver a realidade de cada um desses munic\u00edpios\u201d, destacou.<\/p>\n\n\n\n<p>A mesma opini\u00e3o foi compartilhada pelo deputado Davi Brand\u00e3o (MDB). \u201c\u00c9 com muita alegria e satisfa\u00e7\u00e3o que a gente tem acompanhado essa caminhada do nosso querido Orleans Brand\u00e3o pelo estado do Maranh\u00e3o. Tenho visto a aceita\u00e7\u00e3o maci\u00e7a, porque, por onde ele passa, ele consegue angariar votos, mas, acima de tudo, a confian\u00e7a da popula\u00e7\u00e3o. O Orleans tem reunido para mim duas coisas que s\u00e3o excepcionais: o trabalho e a confian\u00e7a da popula\u00e7\u00e3o no estado do Maranh\u00e3o. A gente sabe que o governador j\u00e1 fez muito e a popula\u00e7\u00e3o ainda quer muito mais. \u00c9 por esse mais e porque a popula\u00e7\u00e3o ainda precisa de muitas coisas que o Orleans Brand\u00e3o tem se colocado \u00e0 disposi\u00e7\u00e3o\u201d, disse.<\/p>\n\n\n\n<p><strong>Di\u00e1logo<\/strong><\/p>\n\n\n\n<p>O deputado Catul\u00e9 J\u00fanior (Republicanos) tamb\u00e9m ressaltou a capacidade de di\u00e1logo de Orleans Brand\u00e3o. \u201cEle tem se notabilizado por ser um homem de di\u00e1logo franco, aberto, acess\u00edvel, sempre acolhedor \u00e0s demandas sociais que chegam\u201d, destacou.<\/p>\n\n\n\n<p>O deputado Ricardo Arruda (MDB), por sua vez, lembrou do evento pol\u00edtico realizado no \u00faltimo s\u00e1bado (25), em Imperatriz, que reuniu cerca de 20 mil pessoas, o que demonstra que o nome de Orleans Brand\u00e3o tem uma boa aceita\u00e7\u00e3o n\u00e3o s\u00f3 entre a classe pol\u00edtica, mas principalmente na popula\u00e7\u00e3o.<\/p>\n\n\n\n<p>\u201cO que a gente viu mais forte foi justamente o sentimento das lideran\u00e7as, dos prefeitos e vereadores, da popula\u00e7\u00e3o como um todo por conta desse governo que se mostra municipalista. Esse governo que ouve as bases, esse governo que se faz presente em todos os cantos do Maranh\u00e3o, esse governo que atravessa o Estreio dos Mosquitos, ou seja, ele \u00e9 voltado para o Estado do Maranh\u00e3o e n\u00e3o para uma regi\u00e3o espec\u00edfica\u201d, pontuou.<\/p>\n\n\n\n<p><strong>A\u00e7\u00f5es realizadas<\/strong><\/p>\n\n\n\n<p>Flor\u00eancio Neto (MDB), por sua vez, enumerou diversas a\u00e7\u00f5es e obras realizadas pelo Governo do Maranh\u00e3o nos munic\u00edpios, destacando a presen\u00e7a de Orleans Brand\u00e3o na concretiza\u00e7\u00e3o desses servi\u00e7os.<\/p>\n\n\n\n<p>\u201cA minha torcida \u00e9 que o Maranh\u00e3o muito brevemente conhe\u00e7a ainda mais o Orleans, principalmente por uma caracter\u00edstica que eu identifiquei nele desde o come\u00e7o e que eu acho fundamental para algu\u00e9m que deseja liderar um estado: humildade. Humildade de ouvir, humildade de saber quando ainda precisa aprender, a mansid\u00e3o de quem n\u00e3o se acha dono da verdade ou conhecedor de todas as coisas e, acima de tudo, altivez para entender momentos que precisam de decis\u00e3o. Acho que tudo isso \u00e9 uma combina\u00e7\u00e3o que o torna apto a estar nessa posi\u00e7\u00e3o de liderar esse momento pol\u00edtico, que \u00e9 uma p\u00e1gina t\u00e3o importante aqui do estado do Maranh\u00e3o\u201d, frisou.<\/p>\n\n\n\n<p>L\u00edder do governo na Casa, o deputado Neto Evangelista (MDB) ressaltou a presen\u00e7a do Governo do Maranh\u00e3o em a\u00e7\u00f5es realizadas em S\u00e3o Lu\u00eds, citando, por exemplo, o prolongamento da Avenida Litor\u00e2nea; a constru\u00e7\u00e3o da Avenida Metropolitana, que faz uma liga\u00e7\u00e3o com a BR-135; e interven\u00e7\u00f5es como no retorno do Olho d\u2019\u00c1gua. Ainda em seu discurso, o parlamentar chamou a aten\u00e7\u00e3o para a necessidade da continuidade de programas importantes, como o Maranh\u00e3o Livre da Fome. \u201cH\u00e1 necessidade de n\u00f3s continuarmos aquilo que est\u00e1 dando certo. E quem mais conhece aquilo que est\u00e1 dando certo \u00e9 o Orleans Brand\u00e3o\u201d, afirmou.<\/p>\n","protected":false},"excerpt":{"rendered":"<p>Durante a sess\u00e3o plen\u00e1ria desta ter\u00e7a-feira (28), da Assembleia Legislativa do Maranh\u00e3o (Alema), a deputada estadual Daniella (MDB) parabenizou o [&hellip;]<\/p>\n","protected":false},"author":2,"featured_media":0,"comment_status":"open","ping_status":"open","sticky":false,"template":"","format":"standard","meta":{"site-sidebar-layout":"default","site-content-layout":"","ast-site-content-layout":"default","site-content-style":"default","site-sidebar-style":"default","ast-global-header-display":"","ast-banner-title-visibility":"","ast-main-header-display":"","ast-hfb-above-header-display":"","ast-hfb-below-header-display":"","ast-hfb-mobile-header-display":"","site-post-title":"","ast-breadcrumbs-content":"","ast-featured-img":"","footer-sml-layout":"","ast-disable-related-posts":"","theme-transparent-header-meta":"","adv-header-id-meta":"","stick-header-meta":"","header-above-stick-meta":"","header-main-stick-meta":"","header-below-stick-meta":"","astra-migrate-meta-layouts":"default","ast-page-background-enabled":"default","ast-page-background-meta":{"desktop":{"background-color":"var(--ast-global-color-5)","background-image":"","background-repeat":"repeat","background-position":"center center","background-size":"auto","background-attachment":"scroll","background-type":"","background-media":"","overlay-type":"","overlay-color":"","overlay-opacity":"","overlay-gradient":""},"tablet":{"background-color":"","background-image":"","background-repeat":"repeat","background-position":"center center","background-size":"auto","background-attachment":"scroll","background-type":"","background-media":"","overlay-type":"","overlay-color":"","overlay-opacity":"","overlay-gradient":""},"mobile":{"background-color":"","background-image":"","background-repeat":"repeat","background-position":"center center","background-size":"auto","background-attachment":"scroll","background-type":"","background-media":"","overlay-type":"","overlay-color":"","overlay-opacity":"","overlay-gradient":""}},"ast-content-background-meta":{"desktop":{"background-color":"var(--ast-global-color-4)","background-image":"","background-repeat":"repeat","background-position":"center center","background-size":"auto","background-attachment":"scroll","background-type":"","background-media":"","overlay-type":"","overlay-color":"","overlay-opacity":"","overlay-gradient":""},"tablet":{"background-color":"var(--ast-global-color-4)","background-image":"","background-repeat":"repeat","background-position":"center center","background-size":"auto","background-attachment":"scroll","background-type":"","background-media":"","overlay-type":"","overlay-color":"","overlay-opacity":"","overlay-gradient":""},"mobile":{"background-color":"var(--ast-global-color-4)","background-image":"","background-repeat":"repeat","background-position":"center center","background-size":"auto","background-attachment":"scroll","background-type":"","background-media":"","overlay-type":"","overlay-color":"","overlay-opacity":"","overlay-gradient":""}},"footnotes":""},"categories":[1],"tags":[],"class_list":["post-157389","post","type-post","status-publish","format-standard","hentry","category-sem-categoria"],"yoast_head":"<!-- This site is optimized with the Yoast SEO plugin v26.6 - https:\/\/yoast.com\/wordpress\/plugins\/seo\/ -->\n<title>Deputada Daniella parabeniza governador Brand\u00e3o por sancionar lei que reconhece maternidade at\u00edpica e outras a\u00e7\u00f5es relevantes - Daniel Matos<\/title>\n<meta name=\"robots\" content=\"index, follow, max-snippet:-1, max-image-preview:large, max-video-preview:-1\" \/>\n<link rel=\"canonical\" href=\"https:\/\/www.blogsoestado.com\/danielmatos\/deputada-daniella-parabeniza-governador-brandao-por-sancionar-lei-que-reconhece-maternidade-atipica-e-outras-acoes-relevantes\/\" \/>\n<meta property=\"og:locale\" content=\"pt_BR\" \/>\n<meta property=\"og:type\" content=\"article\" \/>\n<meta property=\"og:title\" content=\"Deputada Daniella parabeniza governador Brand\u00e3o por sancionar lei que reconhece maternidade at\u00edpica e outras a\u00e7\u00f5es relevantes - Daniel Matos\" \/>\n<meta property=\"og:description\" content=\"Durante a sess\u00e3o plen\u00e1ria desta ter\u00e7a-feira (28), da Assembleia Legislativa do Maranh\u00e3o (Alema), a deputada estadual Daniella (MDB) parabenizou o [&hellip;]\" \/>\n<meta property=\"og:url\" content=\"https:\/\/www.blogsoestado.com\/danielmatos\/deputada-daniella-parabeniza-governador-brandao-por-sancionar-lei-que-reconhece-maternidade-atipica-e-outras-acoes-relevantes\/\" \/>\n<meta property=\"og:site_name\" content=\"Daniel Matos\" \/>\n<meta property=\"article:published_time\" content=\"2026-04-28T21:29:20+00:00\" \/>\n<meta property=\"article:modified_time\" content=\"2026-04-28T21:29:22+00:00\" \/>\n<meta property=\"og:image\" content=\"https:\/\/www.blogsoestado.com\/danielmatos\/wp-content\/uploads\/sites\/2\/2026\/04\/1005501089.jpg\" \/>\n\t<meta property=\"og:image:width\" content=\"1280\" \/>\n\t<meta property=\"og:image:height\" content=\"854\" \/>\n\t<meta property=\"og:image:type\" content=\"image\/jpeg\" \/>\n<meta name=\"author\" content=\"Daniel Matos\" \/>\n<meta name=\"twitter:card\" content=\"summary_large_image\" \/>\n<meta name=\"twitter:label1\" content=\"Escrito por\" \/>\n\t<meta name=\"twitter:data1\" content=\"Daniel Matos\" \/>\n\t<meta name=\"twitter:label2\" content=\"Est. tempo de leitura\" \/>\n\t<meta name=\"twitter:data2\" content=\"6 minutos\" \/>\n<script type=\"application\/ld+json\" class=\"yoast-schema-graph\">{\"@context\":\"https:\/\/schema.org\",\"@graph\":[{\"@type\":\"WebPage\",\"@id\":\"https:\/\/www.blogsoestado.com\/danielmatos\/deputada-daniella-parabeniza-governador-brandao-por-sancionar-lei-que-reconhece-maternidade-atipica-e-outras-acoes-relevantes\/\",\"url\":\"https:\/\/www.blogsoestado.com\/danielmatos\/deputada-daniella-parabeniza-governador-brandao-por-sancionar-lei-que-reconhece-maternidade-atipica-e-outras-acoes-relevantes\/\",\"name\":\"Deputada Daniella parabeniza governador Brand\u00e3o por sancionar lei que reconhece maternidade at\u00edpica e outras a\u00e7\u00f5es relevantes - Daniel Matos\",\"isPartOf\":{\"@id\":\"https:\/\/www.blogsoestado.com\/danielmatos\/#website\"},\"primaryImageOfPage\":{\"@id\":\"https:\/\/www.blogsoestado.com\/danielmatos\/deputada-daniella-parabeniza-governador-brandao-por-sancionar-lei-que-reconhece-maternidade-atipica-e-outras-acoes-relevantes\/#primaryimage\"},\"image\":{\"@id\":\"https:\/\/www.blogsoestado.com\/danielmatos\/deputada-daniella-parabeniza-governador-brandao-por-sancionar-lei-que-reconhece-maternidade-atipica-e-outras-acoes-relevantes\/#primaryimage\"},\"thumbnailUrl\":\"https:\/\/www.blogsoestado.com\/danielmatos\/wp-content\/uploads\/sites\/2\/2026\/04\/1005501089-1024x683.jpg\",\"datePublished\":\"2026-04-28T21:29:20+00:00\",\"dateModified\":\"2026-04-28T21:29:22+00:00\",\"author\":{\"@id\":\"https:\/\/www.blogsoestado.com\/danielmatos\/#\/schema\/person\/9a209d407cd45631f131e1285b661bb0\"},\"breadcrumb\":{\"@id\":\"https:\/\/www.blogsoestado.com\/danielmatos\/deputada-daniella-parabeniza-governador-brandao-por-sancionar-lei-que-reconhece-maternidade-atipica-e-outras-acoes-relevantes\/#breadcrumb\"},\"inLanguage\":\"pt-BR\",\"potentialAction\":[{\"@type\":\"ReadAction\",\"target\":[\"https:\/\/www.blogsoestado.com\/danielmatos\/deputada-daniella-parabeniza-governador-brandao-por-sancionar-lei-que-reconhece-maternidade-atipica-e-outras-acoes-relevantes\/\"]}]},{\"@type\":\"ImageObject\",\"inLanguage\":\"pt-BR\",\"@id\":\"https:\/\/www.blogsoestado.com\/danielmatos\/deputada-daniella-parabeniza-governador-brandao-por-sancionar-lei-que-reconhece-maternidade-atipica-e-outras-acoes-relevantes\/#primaryimage\",\"url\":\"https:\/\/www.blogsoestado.com\/danielmatos\/wp-content\/uploads\/sites\/2\/2026\/04\/1005501089.jpg\",\"contentUrl\":\"https:\/\/www.blogsoestado.com\/danielmatos\/wp-content\/uploads\/sites\/2\/2026\/04\/1005501089.jpg\",\"width\":1280,\"height\":854},{\"@type\":\"BreadcrumbList\",\"@id\":\"https:\/\/www.blogsoestado.com\/danielmatos\/deputada-daniella-parabeniza-governador-brandao-por-sancionar-lei-que-reconhece-maternidade-atipica-e-outras-acoes-relevantes\/#breadcrumb\",\"itemListElement\":[{\"@type\":\"ListItem\",\"position\":1,\"name\":\"In\u00edcio\",\"item\":\"https:\/\/www.blogsoestado.com\/danielmatos\/\"},{\"@type\":\"ListItem\",\"position\":2,\"name\":\"Deputada Daniella parabeniza governador Brand\u00e3o por sancionar lei que reconhece maternidade at\u00edpica e outras a\u00e7\u00f5es relevantes\"}]},{\"@type\":\"WebSite\",\"@id\":\"https:\/\/www.blogsoestado.com\/danielmatos\/#website\",\"url\":\"https:\/\/www.blogsoestado.com\/danielmatos\/\",\"name\":\"Daniel Matos\",\"description\":\"\",\"potentialAction\":[{\"@type\":\"SearchAction\",\"target\":{\"@type\":\"EntryPoint\",\"urlTemplate\":\"https:\/\/www.blogsoestado.com\/danielmatos\/?s={search_term_string}\"},\"query-input\":{\"@type\":\"PropertyValueSpecification\",\"valueRequired\":true,\"valueName\":\"search_term_string\"}}],\"inLanguage\":\"pt-BR\"},{\"@type\":\"Person\",\"@id\":\"https:\/\/www.blogsoestado.com\/danielmatos\/#\/schema\/person\/9a209d407cd45631f131e1285b661bb0\",\"name\":\"Daniel Matos\",\"image\":{\"@type\":\"ImageObject\",\"inLanguage\":\"pt-BR\",\"@id\":\"https:\/\/www.blogsoestado.com\/danielmatos\/#\/schema\/person\/image\/\",\"url\":\"https:\/\/secure.gravatar.com\/avatar\/2f26c36ee355da19a257f0dfef43952a2588b324ca35d6719e859fe338ac0392?s=96&d=mm&r=g\",\"contentUrl\":\"https:\/\/secure.gravatar.com\/avatar\/2f26c36ee355da19a257f0dfef43952a2588b324ca35d6719e859fe338ac0392?s=96&d=mm&r=g\",\"caption\":\"Daniel Matos\"},\"url\":\"https:\/\/www.blogsoestado.com\/danielmatos\/author\/danielmatos\/\"}]}<\/script>\n<!-- \/ Yoast SEO plugin. -->","yoast_head_json":{"title":"Deputada Daniella parabeniza governador Brand\u00e3o por sancionar lei que reconhece maternidade at\u00edpica e outras a\u00e7\u00f5es relevantes - Daniel Matos","robots":{"index":"index","follow":"follow","max-snippet":"max-snippet:-1","max-image-preview":"max-image-preview:large","max-video-preview":"max-video-preview:-1"},"canonical":"https:\/\/www.blogsoestado.com\/danielmatos\/deputada-daniella-parabeniza-governador-brandao-por-sancionar-lei-que-reconhece-maternidade-atipica-e-outras-acoes-relevantes\/","og_locale":"pt_BR","og_type":"article","og_title":"Deputada Daniella parabeniza governador Brand\u00e3o por sancionar lei que reconhece maternidade at\u00edpica e outras a\u00e7\u00f5es relevantes - Daniel Matos","og_description":"Durante a sess\u00e3o plen\u00e1ria desta ter\u00e7a-feira (28), da Assembleia Legislativa do Maranh\u00e3o (Alema), a deputada estadual Daniella (MDB) parabenizou o [&hellip;]","og_url":"https:\/\/www.blogsoestado.com\/danielmatos\/deputada-daniella-parabeniza-governador-brandao-por-sancionar-lei-que-reconhece-maternidade-atipica-e-outras-acoes-relevantes\/","og_site_name":"Daniel Matos","article_published_time":"2026-04-28T21:29:20+00:00","article_modified_time":"2026-04-28T21:29:22+00:00","og_image":[{"width":1280,"height":854,"url":"https:\/\/www.blogsoestado.com\/danielmatos\/wp-content\/uploads\/sites\/2\/2026\/04\/1005501089.jpg","type":"image\/jpeg"}],"author":"Daniel Matos","twitter_card":"summary_large_image","twitter_misc":{"Escrito por":"Daniel Matos","Est. tempo de leitura":"6 minutos"},"schema":{"@context":"https:\/\/schema.org","@graph":[{"@type":"WebPage","@id":"https:\/\/www.blogsoestado.com\/danielmatos\/deputada-daniella-parabeniza-governador-brandao-por-sancionar-lei-que-reconhece-maternidade-atipica-e-outras-acoes-relevantes\/","url":"https:\/\/www.blogsoestado.com\/danielmatos\/deputada-daniella-parabeniza-governador-brandao-por-sancionar-lei-que-reconhece-maternidade-atipica-e-outras-acoes-relevantes\/","name":"Deputada Daniella parabeniza governador Brand\u00e3o por sancionar lei que reconhece maternidade at\u00edpica e outras a\u00e7\u00f5es relevantes - Daniel Matos","isPartOf":{"@id":"https:\/\/www.blogsoestado.com\/danielmatos\/#website"},"primaryImageOfPage":{"@id":"https:\/\/www.blogsoestado.com\/danielmatos\/deputada-daniella-parabeniza-governador-brandao-por-sancionar-lei-que-reconhece-maternidade-atipica-e-outras-acoes-relevantes\/#primaryimage"},"image":{"@id":"https:\/\/www.blogsoestado.com\/danielmatos\/deputada-daniella-parabeniza-governador-brandao-por-sancionar-lei-que-reconhece-maternidade-atipica-e-outras-acoes-relevantes\/#primaryimage"},"thumbnailUrl":"https:\/\/www.blogsoestado.com\/danielmatos\/wp-content\/uploads\/sites\/2\/2026\/04\/1005501089-1024x683.jpg","datePublished":"2026-04-28T21:29:20+00:00","dateModified":"2026-04-28T21:29:22+00:00","author":{"@id":"https:\/\/www.blogsoestado.com\/danielmatos\/#\/schema\/person\/9a209d407cd45631f131e1285b661bb0"},"breadcrumb":{"@id":"https:\/\/www.blogsoestado.com\/danielmatos\/deputada-daniella-parabeniza-governador-brandao-por-sancionar-lei-que-reconhece-maternidade-atipica-e-outras-acoes-relevantes\/#breadcrumb"},"inLanguage":"pt-BR","potentialAction":[{"@type":"ReadAction","target":["https:\/\/www.blogsoestado.com\/danielmatos\/deputada-daniella-parabeniza-governador-brandao-por-sancionar-lei-que-reconhece-maternidade-atipica-e-outras-acoes-relevantes\/"]}]},{"@type":"ImageObject","inLanguage":"pt-BR","@id":"https:\/\/www.blogsoestado.com\/danielmatos\/deputada-daniella-parabeniza-governador-brandao-por-sancionar-lei-que-reconhece-maternidade-atipica-e-outras-acoes-relevantes\/#primaryimage","url":"https:\/\/www.blogsoestado.com\/danielmatos\/wp-content\/uploads\/sites\/2\/2026\/04\/1005501089.jpg","contentUrl":"https:\/\/www.blogsoestado.com\/danielmatos\/wp-content\/uploads\/sites\/2\/2026\/04\/1005501089.jpg","width":1280,"height":854},{"@type":"BreadcrumbList","@id":"https:\/\/www.blogsoestado.com\/danielmatos\/deputada-daniella-parabeniza-governador-brandao-por-sancionar-lei-que-reconhece-maternidade-atipica-e-outras-acoes-relevantes\/#breadcrumb","itemListElement":[{"@type":"ListItem","position":1,"name":"In\u00edcio","item":"https:\/\/www.blogsoestado.com\/danielmatos\/"},{"@type":"ListItem","position":2,"name":"Deputada Daniella parabeniza governador Brand\u00e3o por sancionar lei que reconhece maternidade at\u00edpica e outras a\u00e7\u00f5es relevantes"}]},{"@type":"WebSite","@id":"https:\/\/www.blogsoestado.com\/danielmatos\/#website","url":"https:\/\/www.blogsoestado.com\/danielmatos\/","name":"Daniel Matos","description":"","potentialAction":[{"@type":"SearchAction","target":{"@type":"EntryPoint","urlTemplate":"https:\/\/www.blogsoestado.com\/danielmatos\/?s={search_term_string}"},"query-input":{"@type":"PropertyValueSpecification","valueRequired":true,"valueName":"search_term_string"}}],"inLanguage":"pt-BR"},{"@type":"Person","@id":"https:\/\/www.blogsoestado.com\/danielmatos\/#\/schema\/person\/9a209d407cd45631f131e1285b661bb0","name":"Daniel Matos","image":{"@type":"ImageObject","inLanguage":"pt-BR","@id":"https:\/\/www.blogsoestado.com\/danielmatos\/#\/schema\/person\/image\/","url":"https:\/\/secure.gravatar.com\/avatar\/2f26c36ee355da19a257f0dfef43952a2588b324ca35d6719e859fe338ac0392?s=96&d=mm&r=g","contentUrl":"https:\/\/secure.gravatar.com\/avatar\/2f26c36ee355da19a257f0dfef43952a2588b324ca35d6719e859fe338ac0392?s=96&d=mm&r=g","caption":"Daniel Matos"},"url":"https:\/\/www.blogsoestado.com\/danielmatos\/author\/danielmatos\/"}]}},"jetpack_featured_media_url":"","_links":{"self":[{"href":"https:\/\/www.blogsoestado.com\/danielmatos\/wp-json\/wp\/v2\/posts\/157389","targetHints":{"allow":["GET"]}}],"collection":[{"href":"https:\/\/www.blogsoestado.com\/danielmatos\/wp-json\/wp\/v2\/posts"}],"about":[{"href":"https:\/\/www.blogsoestado.com\/danielmatos\/wp-json\/wp\/v2\/types\/post"}],"author":[{"embeddable":true,"href":"https:\/\/www.blogsoestado.com\/danielmatos\/wp-json\/wp\/v2\/users\/2"}],"replies":[{"embeddable":true,"href":"https:\/\/www.blogsoestado.com\/danielmatos\/wp-json\/wp\/v2\/comments?post=157389"}],"version-history":[{"count":1,"href":"https:\/\/www.blogsoestado.com\/danielmatos\/wp-json\/wp\/v2\/posts\/157389\/revisions"}],"predecessor-version":[{"id":157391,"href":"https:\/\/www.blogsoestado.com\/danielmatos\/wp-json\/wp\/v2\/posts\/157389\/revisions\/157391"}],"wp:attachment":[{"href":"https:\/\/www.blogsoestado.com\/danielmatos\/wp-json\/wp\/v2\/media?parent=157389"}],"wp:term":[{"taxonomy":"category","embeddable":true,"href":"https:\/\/www.blogsoestado.com\/danielmatos\/wp-json\/wp\/v2\/categories?post=157389"},{"taxonomy":"post_tag","embeddable":true,"href":"https:\/\/www.blogsoestado.com\/danielmatos\/wp-json\/wp\/v2\/tags?post=157389"}],"curies":[{"name":"wp","href":"https:\/\/api.w.org\/{rel}","templated":true}]}}