{"id":157392,"date":"2026-04-28T20:39:04","date_gmt":"2026-04-28T23:39:04","guid":{"rendered":"https:\/\/www.blogsoestado.com\/danielmatos\/?p=157392"},"modified":"2026-04-28T20:39:07","modified_gmt":"2026-04-28T23:39:07","slug":"orleans-brandao-e-joao-alberto-discutem-cenario-politico-e-alinham-propostas-para-bacabal","status":"publish","type":"post","link":"https:\/\/www.blogsoestado.com\/danielmatos\/orleans-brandao-e-joao-alberto-discutem-cenario-politico-e-alinham-propostas-para-bacabal\/","title":{"rendered":"Orleans Brand\u00e3o e Jo\u00e3o Alberto discutem cen\u00e1rio pol\u00edtico e alinham propostas para Bacabal"},"content":{"rendered":"\n<figure class=\"wp-block-image aligncenter size-large\"><img fetchpriority=\"high\" decoding=\"async\" width=\"768\" height=\"1024\" src=\"https:\/\/www.blogsoestado.com\/danielmatos\/wp-content\/uploads\/sites\/2\/2026\/04\/1005501821-768x1024.jpg\" alt=\"\" class=\"wp-image-157393\" srcset=\"https:\/\/www.blogsoestado.com\/danielmatos\/wp-content\/uploads\/sites\/2\/2026\/04\/1005501821-768x1024.jpg 768w, https:\/\/www.blogsoestado.com\/danielmatos\/wp-content\/uploads\/sites\/2\/2026\/04\/1005501821-225x300.jpg 225w, https:\/\/www.blogsoestado.com\/danielmatos\/wp-content\/uploads\/sites\/2\/2026\/04\/1005501821.jpg 960w\" sizes=\"(max-width: 768px) 100vw, 768px\" \/><figcaption class=\"wp-element-caption\">O pr\u00e9-candidato ao governo Orleans Brand\u00e3o com o ex-governador e atual vereador de Bacabal, Jo\u00e3o Alberto de Souza<\/figcaption><\/figure>\n\n\n\n<p>O pr\u00e9-candidato ao Governo do Maranh\u00e3o, Orleans Brand\u00e3o, e o vereador de Bacabal, Jo\u00e3o Alberto, reuniram-se na sede do MDB, em S\u00e3o Lu\u00eds, na manh\u00e3 desta segunda-feira (27), para discutir os desafios atuais do estado e alinhar perspectivas pol\u00edticas para os pr\u00f3ximos anos.<\/p>\n\n\n\n<p>Na ocasi\u00e3o, eles tamb\u00e9m conversaram sobre pautas relevantes voltadas ao desenvolvimento do munic\u00edpio de Bacabal, abordando demandas locais e estrat\u00e9gias para fortalecer \u00e1reas priorit\u00e1rias da cidade, onde Jo\u00e3o Alberto tem forte atua\u00e7\u00e3o pol\u00edtica.<\/p>\n\n\n\n<p>Um dos nomes influentes da pol\u00edtica estadual, com uma trajet\u00f3ria marcada por cargos de grande relev\u00e2ncia, Jo\u00e3o Alberto j\u00e1 foi governador do Maranh\u00e3o, senador da Rep\u00fablica e deputado.<\/p>\n\n\n\n<p>Para Orleans, a experi\u00eancia e a import\u00e2ncia de Jo\u00e3o Alberto para a pol\u00edtica do Maranh\u00e3o s\u00e3o inquestion\u00e1veis. Ele afirmou que o vereador tem muito a contribuir com seu projeto pol\u00edtico para o estado, reconhecendo sua lideran\u00e7a como fundamental para o di\u00e1logo pol\u00edtico e para a constru\u00e7\u00e3o de propostas que atendam \u00e0s necessidades da popula\u00e7\u00e3o.<\/p>\n","protected":false},"excerpt":{"rendered":"<p>O pr\u00e9-candidato ao Governo do Maranh\u00e3o, Orleans Brand\u00e3o, e o vereador de Bacabal, Jo\u00e3o Alberto, reuniram-se na sede do MDB, [&hellip;]<\/p>\n","protected":false},"author":2,"featured_media":0,"comment_status":"open","ping_status":"open","sticky":false,"template":"","format":"standard","meta":{"site-sidebar-layout":"default","site-content-layout":"","ast-site-content-layout":"default","site-content-style":"default","site-sidebar-style":"default","ast-global-header-display":"","ast-banner-title-visibility":"","ast-main-header-display":"","ast-hfb-above-header-display":"","ast-hfb-below-header-display":"","ast-hfb-mobile-header-display":"","site-post-title":"","ast-breadcrumbs-content":"","ast-featured-img":"","footer-sml-layout":"","ast-disable-related-posts":"","theme-transparent-header-meta":"","adv-header-id-meta":"","stick-header-meta":"","header-above-stick-meta":"","header-main-stick-meta":"","header-below-stick-meta":"","astra-migrate-meta-layouts":"default","ast-page-background-enabled":"default","ast-page-background-meta":{"desktop":{"background-color":"var(--ast-global-color-5)","background-image":"","background-repeat":"repeat","background-position":"center center","background-size":"auto","background-attachment":"scroll","background-type":"","background-media":"","overlay-type":"","overlay-color":"","overlay-opacity":"","overlay-gradient":""},"tablet":{"background-color":"","background-image":"","background-repeat":"repeat","background-position":"center center","background-size":"auto","background-attachment":"scroll","background-type":"","background-media":"","overlay-type":"","overlay-color":"","overlay-opacity":"","overlay-gradient":""},"mobile":{"background-color":"","background-image":"","background-repeat":"repeat","background-position":"center center","background-size":"auto","background-attachment":"scroll","background-type":"","background-media":"","overlay-type":"","overlay-color":"","overlay-opacity":"","overlay-gradient":""}},"ast-content-background-meta":{"desktop":{"background-color":"var(--ast-global-color-4)","background-image":"","background-repeat":"repeat","background-position":"center center","background-size":"auto","background-attachment":"scroll","background-type":"","background-media":"","overlay-type":"","overlay-color":"","overlay-opacity":"","overlay-gradient":""},"tablet":{"background-color":"var(--ast-global-color-4)","background-image":"","background-repeat":"repeat","background-position":"center center","background-size":"auto","background-attachment":"scroll","background-type":"","background-media":"","overlay-type":"","overlay-color":"","overlay-opacity":"","overlay-gradient":""},"mobile":{"background-color":"var(--ast-global-color-4)","background-image":"","background-repeat":"repeat","background-position":"center center","background-size":"auto","background-attachment":"scroll","background-type":"","background-media":"","overlay-type":"","overlay-color":"","overlay-opacity":"","overlay-gradient":""}},"footnotes":""},"categories":[1],"tags":[],"class_list":["post-157392","post","type-post","status-publish","format-standard","hentry","category-sem-categoria"],"yoast_head":"<!-- This site is optimized with the Yoast SEO plugin v26.6 - https:\/\/yoast.com\/wordpress\/plugins\/seo\/ -->\n<title>Orleans Brand\u00e3o e Jo\u00e3o Alberto discutem cen\u00e1rio pol\u00edtico e alinham propostas para Bacabal - Daniel Matos<\/title>\n<meta name=\"robots\" content=\"index, follow, max-snippet:-1, max-image-preview:large, max-video-preview:-1\" \/>\n<link rel=\"canonical\" href=\"https:\/\/www.blogsoestado.com\/danielmatos\/orleans-brandao-e-joao-alberto-discutem-cenario-politico-e-alinham-propostas-para-bacabal\/\" \/>\n<meta property=\"og:locale\" content=\"pt_BR\" \/>\n<meta property=\"og:type\" content=\"article\" \/>\n<meta property=\"og:title\" content=\"Orleans Brand\u00e3o e Jo\u00e3o Alberto discutem cen\u00e1rio pol\u00edtico e alinham propostas para Bacabal - Daniel Matos\" \/>\n<meta property=\"og:description\" content=\"O pr\u00e9-candidato ao Governo do Maranh\u00e3o, Orleans Brand\u00e3o, e o vereador de Bacabal, Jo\u00e3o Alberto, reuniram-se na sede do MDB, [&hellip;]\" \/>\n<meta property=\"og:url\" content=\"https:\/\/www.blogsoestado.com\/danielmatos\/orleans-brandao-e-joao-alberto-discutem-cenario-politico-e-alinham-propostas-para-bacabal\/\" \/>\n<meta property=\"og:site_name\" content=\"Daniel Matos\" \/>\n<meta property=\"article:published_time\" content=\"2026-04-28T23:39:04+00:00\" \/>\n<meta property=\"article:modified_time\" content=\"2026-04-28T23:39:07+00:00\" \/>\n<meta property=\"og:image\" content=\"https:\/\/www.blogsoestado.com\/danielmatos\/wp-content\/uploads\/sites\/2\/2026\/04\/1005501821.jpg\" \/>\n\t<meta property=\"og:image:width\" content=\"960\" \/>\n\t<meta property=\"og:image:height\" content=\"1280\" \/>\n\t<meta property=\"og:image:type\" content=\"image\/jpeg\" \/>\n<meta name=\"author\" content=\"Daniel Matos\" \/>\n<meta name=\"twitter:card\" content=\"summary_large_image\" \/>\n<meta name=\"twitter:label1\" content=\"Escrito por\" \/>\n\t<meta name=\"twitter:data1\" content=\"Daniel Matos\" \/>\n\t<meta name=\"twitter:label2\" content=\"Est. tempo de leitura\" \/>\n\t<meta name=\"twitter:data2\" content=\"2 minutos\" \/>\n<script type=\"application\/ld+json\" class=\"yoast-schema-graph\">{\"@context\":\"https:\/\/schema.org\",\"@graph\":[{\"@type\":\"WebPage\",\"@id\":\"https:\/\/www.blogsoestado.com\/danielmatos\/orleans-brandao-e-joao-alberto-discutem-cenario-politico-e-alinham-propostas-para-bacabal\/\",\"url\":\"https:\/\/www.blogsoestado.com\/danielmatos\/orleans-brandao-e-joao-alberto-discutem-cenario-politico-e-alinham-propostas-para-bacabal\/\",\"name\":\"Orleans Brand\u00e3o e Jo\u00e3o Alberto discutem cen\u00e1rio pol\u00edtico e alinham propostas para Bacabal - Daniel Matos\",\"isPartOf\":{\"@id\":\"https:\/\/www.blogsoestado.com\/danielmatos\/#website\"},\"primaryImageOfPage\":{\"@id\":\"https:\/\/www.blogsoestado.com\/danielmatos\/orleans-brandao-e-joao-alberto-discutem-cenario-politico-e-alinham-propostas-para-bacabal\/#primaryimage\"},\"image\":{\"@id\":\"https:\/\/www.blogsoestado.com\/danielmatos\/orleans-brandao-e-joao-alberto-discutem-cenario-politico-e-alinham-propostas-para-bacabal\/#primaryimage\"},\"thumbnailUrl\":\"https:\/\/www.blogsoestado.com\/danielmatos\/wp-content\/uploads\/sites\/2\/2026\/04\/1005501821-768x1024.jpg\",\"datePublished\":\"2026-04-28T23:39:04+00:00\",\"dateModified\":\"2026-04-28T23:39:07+00:00\",\"author\":{\"@id\":\"https:\/\/www.blogsoestado.com\/danielmatos\/#\/schema\/person\/9a209d407cd45631f131e1285b661bb0\"},\"breadcrumb\":{\"@id\":\"https:\/\/www.blogsoestado.com\/danielmatos\/orleans-brandao-e-joao-alberto-discutem-cenario-politico-e-alinham-propostas-para-bacabal\/#breadcrumb\"},\"inLanguage\":\"pt-BR\",\"potentialAction\":[{\"@type\":\"ReadAction\",\"target\":[\"https:\/\/www.blogsoestado.com\/danielmatos\/orleans-brandao-e-joao-alberto-discutem-cenario-politico-e-alinham-propostas-para-bacabal\/\"]}]},{\"@type\":\"ImageObject\",\"inLanguage\":\"pt-BR\",\"@id\":\"https:\/\/www.blogsoestado.com\/danielmatos\/orleans-brandao-e-joao-alberto-discutem-cenario-politico-e-alinham-propostas-para-bacabal\/#primaryimage\",\"url\":\"https:\/\/www.blogsoestado.com\/danielmatos\/wp-content\/uploads\/sites\/2\/2026\/04\/1005501821.jpg\",\"contentUrl\":\"https:\/\/www.blogsoestado.com\/danielmatos\/wp-content\/uploads\/sites\/2\/2026\/04\/1005501821.jpg\",\"width\":960,\"height\":1280},{\"@type\":\"BreadcrumbList\",\"@id\":\"https:\/\/www.blogsoestado.com\/danielmatos\/orleans-brandao-e-joao-alberto-discutem-cenario-politico-e-alinham-propostas-para-bacabal\/#breadcrumb\",\"itemListElement\":[{\"@type\":\"ListItem\",\"position\":1,\"name\":\"In\u00edcio\",\"item\":\"https:\/\/www.blogsoestado.com\/danielmatos\/\"},{\"@type\":\"ListItem\",\"position\":2,\"name\":\"Orleans Brand\u00e3o e Jo\u00e3o Alberto discutem cen\u00e1rio pol\u00edtico e alinham propostas para Bacabal\"}]},{\"@type\":\"WebSite\",\"@id\":\"https:\/\/www.blogsoestado.com\/danielmatos\/#website\",\"url\":\"https:\/\/www.blogsoestado.com\/danielmatos\/\",\"name\":\"Daniel Matos\",\"description\":\"\",\"potentialAction\":[{\"@type\":\"SearchAction\",\"target\":{\"@type\":\"EntryPoint\",\"urlTemplate\":\"https:\/\/www.blogsoestado.com\/danielmatos\/?s={search_term_string}\"},\"query-input\":{\"@type\":\"PropertyValueSpecification\",\"valueRequired\":true,\"valueName\":\"search_term_string\"}}],\"inLanguage\":\"pt-BR\"},{\"@type\":\"Person\",\"@id\":\"https:\/\/www.blogsoestado.com\/danielmatos\/#\/schema\/person\/9a209d407cd45631f131e1285b661bb0\",\"name\":\"Daniel Matos\",\"image\":{\"@type\":\"ImageObject\",\"inLanguage\":\"pt-BR\",\"@id\":\"https:\/\/www.blogsoestado.com\/danielmatos\/#\/schema\/person\/image\/\",\"url\":\"https:\/\/secure.gravatar.com\/avatar\/2f26c36ee355da19a257f0dfef43952a2588b324ca35d6719e859fe338ac0392?s=96&d=mm&r=g\",\"contentUrl\":\"https:\/\/secure.gravatar.com\/avatar\/2f26c36ee355da19a257f0dfef43952a2588b324ca35d6719e859fe338ac0392?s=96&d=mm&r=g\",\"caption\":\"Daniel Matos\"},\"url\":\"https:\/\/www.blogsoestado.com\/danielmatos\/author\/danielmatos\/\"}]}<\/script>\n<!-- \/ Yoast SEO plugin. -->","yoast_head_json":{"title":"Orleans Brand\u00e3o e Jo\u00e3o Alberto discutem cen\u00e1rio pol\u00edtico e alinham propostas para Bacabal - Daniel Matos","robots":{"index":"index","follow":"follow","max-snippet":"max-snippet:-1","max-image-preview":"max-image-preview:large","max-video-preview":"max-video-preview:-1"},"canonical":"https:\/\/www.blogsoestado.com\/danielmatos\/orleans-brandao-e-joao-alberto-discutem-cenario-politico-e-alinham-propostas-para-bacabal\/","og_locale":"pt_BR","og_type":"article","og_title":"Orleans Brand\u00e3o e Jo\u00e3o Alberto discutem cen\u00e1rio pol\u00edtico e alinham propostas para Bacabal - Daniel Matos","og_description":"O pr\u00e9-candidato ao Governo do Maranh\u00e3o, Orleans Brand\u00e3o, e o vereador de Bacabal, Jo\u00e3o Alberto, reuniram-se na sede do MDB, [&hellip;]","og_url":"https:\/\/www.blogsoestado.com\/danielmatos\/orleans-brandao-e-joao-alberto-discutem-cenario-politico-e-alinham-propostas-para-bacabal\/","og_site_name":"Daniel Matos","article_published_time":"2026-04-28T23:39:04+00:00","article_modified_time":"2026-04-28T23:39:07+00:00","og_image":[{"width":960,"height":1280,"url":"https:\/\/www.blogsoestado.com\/danielmatos\/wp-content\/uploads\/sites\/2\/2026\/04\/1005501821.jpg","type":"image\/jpeg"}],"author":"Daniel Matos","twitter_card":"summary_large_image","twitter_misc":{"Escrito por":"Daniel Matos","Est. tempo de leitura":"2 minutos"},"schema":{"@context":"https:\/\/schema.org","@graph":[{"@type":"WebPage","@id":"https:\/\/www.blogsoestado.com\/danielmatos\/orleans-brandao-e-joao-alberto-discutem-cenario-politico-e-alinham-propostas-para-bacabal\/","url":"https:\/\/www.blogsoestado.com\/danielmatos\/orleans-brandao-e-joao-alberto-discutem-cenario-politico-e-alinham-propostas-para-bacabal\/","name":"Orleans Brand\u00e3o e Jo\u00e3o Alberto discutem cen\u00e1rio pol\u00edtico e alinham propostas para Bacabal - Daniel Matos","isPartOf":{"@id":"https:\/\/www.blogsoestado.com\/danielmatos\/#website"},"primaryImageOfPage":{"@id":"https:\/\/www.blogsoestado.com\/danielmatos\/orleans-brandao-e-joao-alberto-discutem-cenario-politico-e-alinham-propostas-para-bacabal\/#primaryimage"},"image":{"@id":"https:\/\/www.blogsoestado.com\/danielmatos\/orleans-brandao-e-joao-alberto-discutem-cenario-politico-e-alinham-propostas-para-bacabal\/#primaryimage"},"thumbnailUrl":"https:\/\/www.blogsoestado.com\/danielmatos\/wp-content\/uploads\/sites\/2\/2026\/04\/1005501821-768x1024.jpg","datePublished":"2026-04-28T23:39:04+00:00","dateModified":"2026-04-28T23:39:07+00:00","author":{"@id":"https:\/\/www.blogsoestado.com\/danielmatos\/#\/schema\/person\/9a209d407cd45631f131e1285b661bb0"},"breadcrumb":{"@id":"https:\/\/www.blogsoestado.com\/danielmatos\/orleans-brandao-e-joao-alberto-discutem-cenario-politico-e-alinham-propostas-para-bacabal\/#breadcrumb"},"inLanguage":"pt-BR","potentialAction":[{"@type":"ReadAction","target":["https:\/\/www.blogsoestado.com\/danielmatos\/orleans-brandao-e-joao-alberto-discutem-cenario-politico-e-alinham-propostas-para-bacabal\/"]}]},{"@type":"ImageObject","inLanguage":"pt-BR","@id":"https:\/\/www.blogsoestado.com\/danielmatos\/orleans-brandao-e-joao-alberto-discutem-cenario-politico-e-alinham-propostas-para-bacabal\/#primaryimage","url":"https:\/\/www.blogsoestado.com\/danielmatos\/wp-content\/uploads\/sites\/2\/2026\/04\/1005501821.jpg","contentUrl":"https:\/\/www.blogsoestado.com\/danielmatos\/wp-content\/uploads\/sites\/2\/2026\/04\/1005501821.jpg","width":960,"height":1280},{"@type":"BreadcrumbList","@id":"https:\/\/www.blogsoestado.com\/danielmatos\/orleans-brandao-e-joao-alberto-discutem-cenario-politico-e-alinham-propostas-para-bacabal\/#breadcrumb","itemListElement":[{"@type":"ListItem","position":1,"name":"In\u00edcio","item":"https:\/\/www.blogsoestado.com\/danielmatos\/"},{"@type":"ListItem","position":2,"name":"Orleans Brand\u00e3o e Jo\u00e3o Alberto discutem cen\u00e1rio pol\u00edtico e alinham propostas para Bacabal"}]},{"@type":"WebSite","@id":"https:\/\/www.blogsoestado.com\/danielmatos\/#website","url":"https:\/\/www.blogsoestado.com\/danielmatos\/","name":"Daniel Matos","description":"","potentialAction":[{"@type":"SearchAction","target":{"@type":"EntryPoint","urlTemplate":"https:\/\/www.blogsoestado.com\/danielmatos\/?s={search_term_string}"},"query-input":{"@type":"PropertyValueSpecification","valueRequired":true,"valueName":"search_term_string"}}],"inLanguage":"pt-BR"},{"@type":"Person","@id":"https:\/\/www.blogsoestado.com\/danielmatos\/#\/schema\/person\/9a209d407cd45631f131e1285b661bb0","name":"Daniel Matos","image":{"@type":"ImageObject","inLanguage":"pt-BR","@id":"https:\/\/www.blogsoestado.com\/danielmatos\/#\/schema\/person\/image\/","url":"https:\/\/secure.gravatar.com\/avatar\/2f26c36ee355da19a257f0dfef43952a2588b324ca35d6719e859fe338ac0392?s=96&d=mm&r=g","contentUrl":"https:\/\/secure.gravatar.com\/avatar\/2f26c36ee355da19a257f0dfef43952a2588b324ca35d6719e859fe338ac0392?s=96&d=mm&r=g","caption":"Daniel Matos"},"url":"https:\/\/www.blogsoestado.com\/danielmatos\/author\/danielmatos\/"}]}},"jetpack_featured_media_url":"","_links":{"self":[{"href":"https:\/\/www.blogsoestado.com\/danielmatos\/wp-json\/wp\/v2\/posts\/157392","targetHints":{"allow":["GET"]}}],"collection":[{"href":"https:\/\/www.blogsoestado.com\/danielmatos\/wp-json\/wp\/v2\/posts"}],"about":[{"href":"https:\/\/www.blogsoestado.com\/danielmatos\/wp-json\/wp\/v2\/types\/post"}],"author":[{"embeddable":true,"href":"https:\/\/www.blogsoestado.com\/danielmatos\/wp-json\/wp\/v2\/users\/2"}],"replies":[{"embeddable":true,"href":"https:\/\/www.blogsoestado.com\/danielmatos\/wp-json\/wp\/v2\/comments?post=157392"}],"version-history":[{"count":1,"href":"https:\/\/www.blogsoestado.com\/danielmatos\/wp-json\/wp\/v2\/posts\/157392\/revisions"}],"predecessor-version":[{"id":157394,"href":"https:\/\/www.blogsoestado.com\/danielmatos\/wp-json\/wp\/v2\/posts\/157392\/revisions\/157394"}],"wp:attachment":[{"href":"https:\/\/www.blogsoestado.com\/danielmatos\/wp-json\/wp\/v2\/media?parent=157392"}],"wp:term":[{"taxonomy":"category","embeddable":true,"href":"https:\/\/www.blogsoestado.com\/danielmatos\/wp-json\/wp\/v2\/categories?post=157392"},{"taxonomy":"post_tag","embeddable":true,"href":"https:\/\/www.blogsoestado.com\/danielmatos\/wp-json\/wp\/v2\/tags?post=157392"}],"curies":[{"name":"wp","href":"https:\/\/api.w.org\/{rel}","templated":true}]}}