{"id":157398,"date":"2026-04-28T21:14:08","date_gmt":"2026-04-29T00:14:08","guid":{"rendered":"https:\/\/www.blogsoestado.com\/danielmatos\/?p=157398"},"modified":"2026-04-28T21:14:10","modified_gmt":"2026-04-29T00:14:10","slug":"confianca-do-empresario-do-comercio-desacelera-em-sao-luis","status":"publish","type":"post","link":"https:\/\/www.blogsoestado.com\/danielmatos\/confianca-do-empresario-do-comercio-desacelera-em-sao-luis\/","title":{"rendered":"Confian\u00e7a do empres\u00e1rio do com\u00e9rcio desacelera em S\u00e3o Lu\u00eds"},"content":{"rendered":"\n<p><span style=\"font-family: sans-serif;font-size: large;font-style: normal;font-weight: 400;letter-spacing: normal;text-align: start;text-indent: 0px;text-transform: none;white-space: normal;float: none\"><strong><mark style=\"color:#cf2e2e\" class=\"has-inline-color\">Pesquisa da Fecom\u00e9rcio-MA aponta que empres\u00e1rios mant\u00eam otimismo com o futuro, apesar da deteriora\u00e7\u00e3o das condi\u00e7\u00f5es atuais e do freio nos investimentos<\/mark><\/strong><\/span><\/p>\n\n\n\n<figure class=\"wp-block-image aligncenter size-full\"><img fetchpriority=\"high\" decoding=\"async\" width=\"700\" height=\"460\" src=\"https:\/\/www.blogsoestado.com\/danielmatos\/wp-content\/uploads\/sites\/2\/2026\/04\/1005497688.jpg\" alt=\"\" class=\"wp-image-157399\" srcset=\"https:\/\/www.blogsoestado.com\/danielmatos\/wp-content\/uploads\/sites\/2\/2026\/04\/1005497688.jpg 700w, https:\/\/www.blogsoestado.com\/danielmatos\/wp-content\/uploads\/sites\/2\/2026\/04\/1005497688-300x197.jpg 300w\" sizes=\"(max-width: 700px) 100vw, 700px\" \/><\/figure>\n\n\n\n<p><span style=\"font-family: sans-serif;font-size: large;font-style: normal;font-weight: 400;letter-spacing: normal;text-align: start;text-indent: 0px;text-transform: none;white-space: normal;float: none\"><strong>S\u00e3o Lu\u00eds, 27 de abril de 2026 \u2013<\/strong> O \u00cdndice de Confian\u00e7a do Empres\u00e1rio do Com\u00e9rcio (ICEC), apurado mensalmente pela Federa\u00e7\u00e3o do Com\u00e9rcio de Bens, Servi\u00e7os e Turismo do Estado do Maranh\u00e3o (Fecom\u00e9rcio-MA) em parceria com a Confedera\u00e7\u00e3o Nacional do Com\u00e9rcio (CNC), alcan\u00e7ou 109,1 pontos em mar\u00e7o, com queda de 1,5% no m\u00eas e recuo de 5,1% em rela\u00e7\u00e3o ao pico de agosto de 2025.\u00a0<\/span><\/p>\n\n\n\n<p><span style=\"font-family: sans-serif;font-size: large;font-style: normal;font-weight: 400;letter-spacing: normal;text-align: start;text-indent: 0px;text-transform: none;white-space: normal;float: none\">Embora o \u00edndice ainda se mantenha acima da linha dos 100 pontos \u2013 o que, tecnicamente, mant\u00e9m o setor em terreno de otimismo \u2013, o indicador mostra perda de ritmo e sinaliza um cen\u00e1rio mais moderado. O setor vive um contraponto: a esperan\u00e7a no futuro ainda \u00e9 maior do que a realidade que se apresenta no mercado hoje.\u00a0<\/span><\/p>\n\n\n\n<p><span style=\"font-family: sans-serif;font-size: large;font-style: normal;font-weight: 400;letter-spacing: normal;text-align: start;text-indent: 0px;text-transform: none;white-space: normal;float: none\"><strong>O descompasso entre presente e futuro<\/strong>\u00a0<\/span><\/p>\n\n\n\n<p><span style=\"font-family: sans-serif;font-size: large;font-style: normal;font-weight: 400;letter-spacing: normal;text-align: start;text-indent: 0px;text-transform: none;white-space: normal;float: none\">Os dados revelam uma diferen\u00e7a clara entre a percep\u00e7\u00e3o atual e as expectativas dos empres\u00e1rios. O \u00cdndice de Condi\u00e7\u00f5es Atuais, que mede o sentimento sobre o momento presente, est\u00e1 em 83,1 pontos, abaixo da zona de neutralidade. Para 40,2% dos lojistas, a situa\u00e7\u00e3o atual da economia apresentou forte piora.\u00a0<\/span><\/p>\n\n\n\n<p><span style=\"font-family: sans-serif;font-size: large;font-style: normal;font-weight: 400;letter-spacing: normal;text-align: start;text-indent: 0px;text-transform: none;white-space: normal;float: none\">Em contrapartida, as expectativas futuras continuam robustas, marcando 143,9 pontos, com destaque para a avalia\u00e7\u00e3o das pr\u00f3prias empresas (161,7 pontos). Mais da metade (52,2%) dos empres\u00e1rios acredita em melhora no desempenho das pr\u00f3prias empresas, especialmente entre os pequenos neg\u00f3cios, o que mant\u00e9m o \u00edndice geral em patamar positivo. \u00c9 uma confian\u00e7a ancorada na esperan\u00e7a de retomada, e n\u00e3o na solidez do panorama atual.\u00a0<\/span><\/p>\n\n\n\n<p><span style=\"font-family: sans-serif;font-size: large;font-style: normal;font-weight: 400;letter-spacing: normal;text-align: start;text-indent: 0px;text-transform: none;white-space: normal;float: none\"><strong>Freio nos investimentos e estoques elevados\u00a0<\/strong><\/span><\/p>\n\n\n\n<p><span style=\"font-family: sans-serif;font-size: large;font-style: normal;font-weight: 400;letter-spacing: normal;text-align: start;text-indent: 0px;text-transform: none;white-space: normal;float: none\">A cautela n\u00e3o \u00e9 apenas uma percep\u00e7\u00e3o, mas se traduz em decis\u00f5es concretas de gest\u00e3o. Com o ambiente econ\u00f4mico mais incerto, o empresariado est\u00e1 retraindo gastos. O n\u00edvel de investimento no setor (89,8 pontos) caiu 6% em apenas um m\u00eas, enquanto a inten\u00e7\u00e3o de contratar novos funcion\u00e1rios, embora ainda acima da neutralidade (127 pontos), desacelerou 2,8%. Atualmente, 45,1% dos empres\u00e1rios planejam &#8220;aumentar pouco&#8221; a equipe.\u00a0<\/span><\/p>\n\n\n\n<p><span style=\"font-family: sans-serif;font-size: large;font-style: normal;font-weight: 400;letter-spacing: normal;text-align: start;text-indent: 0px;text-transform: none;white-space: normal;float: none\">Al\u00e9m disso, o indicador de estoques alcan\u00e7ou 84,3 pontos. Cerca de 25,2% das empresas, especialmente no segmento de bens dur\u00e1veis, relatam estoques acima do n\u00edvel ideal, um fen\u00f4meno comum quando as vendas n\u00e3o acompanham o ritmo esperado.\u00a0<\/span><\/p>\n\n\n\n<p><span style=\"font-family: sans-serif;font-size: large;font-style: normal;font-weight: 400;letter-spacing: normal;text-align: start;text-indent: 0px;text-transform: none;white-space: normal;float: none\"><strong>Juros elevados e cr\u00e9dito restritivo\u00a0<\/strong><\/span><\/p>\n\n\n\n<p><span style=\"font-family: sans-serif;font-size: large;font-style: normal;font-weight: 400;letter-spacing: normal;text-align: start;text-indent: 0px;text-transform: none;white-space: normal;float: none\">Com a taxa b\u00e1sica de juros em 14,75% ao ano e o cr\u00e9dito mais caro, com o rotativo do cart\u00e3o chegando a cerca de 436% ao ano em fevereiro, o acesso ao cr\u00e9dito fica mais restrito e seu custo mais elevado, inibindo decis\u00f5es de investimento.\u00a0<\/span><\/p>\n\n\n\n<p><span style=\"font-family: sans-serif;font-size: large;font-style: normal;font-weight: 400;letter-spacing: normal;text-align: start;text-indent: 0px;text-transform: none;white-space: normal;float: none\">Al\u00e9m do custo do cr\u00e9dito, o endividamento das fam\u00edlias \u2013 78,8% das fam\u00edlias de S\u00e3o Lu\u00eds est\u00e3o endividadas e 28,8% inadimplentes \u2013 diminui o poder de compra. Esse ambiente de restri\u00e7\u00e3o, somado \u00e0 instabilidade geopol\u00edtica que pressiona o pre\u00e7o dos combust\u00edveis e, consequentemente, a log\u00edstica e os pre\u00e7os nas prateleiras, limita a margem de manobra dos empres\u00e1rios.\u00a0<\/span><\/p>\n\n\n\n<p><span style=\"font-family: sans-serif;font-size: large;font-style: normal;font-weight: 400;letter-spacing: normal;text-align: start;text-indent: 0px;text-transform: none;white-space: normal;float: none\"><strong>Desafio para o setor\u00a0<\/strong><\/span><\/p>\n\n\n\n<p><span style=\"font-family: sans-serif;font-size: large;font-style: normal;font-weight: 400;letter-spacing: normal;text-align: start;text-indent: 0px;text-transform: none;white-space: normal;float: none\">Para o presidente da Fecom\u00e9rcio-MA, Maur\u00edcio Feij\u00f3, o momento exige uma atua\u00e7\u00e3o mais estrat\u00e9gica por parte dos empres\u00e1rios. \u201cOs dados mostram que h\u00e1 uma desacelera\u00e7\u00e3o da confian\u00e7a, influenciada por um ambiente econ\u00f4mico mais restritivo. Nesse contexto, o crescimento tende a ser mais moderado, o que exige cautela, planejamento e maior efici\u00eancia na gest\u00e3o\u201d, avalia.\u00a0<\/span><\/p>\n\n\n\n<p><span style=\"font-family: sans-serif;font-size: large;font-style: normal;font-weight: 400;letter-spacing: normal;text-align: start;text-indent: 0px;text-transform: none;white-space: normal;float: none\">O ICEC de mar\u00e7o confirma a resili\u00eancia do com\u00e9rcio, ainda em terreno positivo, mas j\u00e1 em um cen\u00e1rio mais desafiador e de crescimento mais moderado.<\/span><\/p>\n\n\n\n<p><\/p>\n","protected":false},"excerpt":{"rendered":"<p>Pesquisa da Fecom\u00e9rcio-MA aponta que empres\u00e1rios mant\u00eam otimismo com o futuro, apesar da deteriora\u00e7\u00e3o das condi\u00e7\u00f5es atuais e do freio [&hellip;]<\/p>\n","protected":false},"author":2,"featured_media":0,"comment_status":"open","ping_status":"open","sticky":false,"template":"","format":"standard","meta":{"site-sidebar-layout":"default","site-content-layout":"","ast-site-content-layout":"default","site-content-style":"default","site-sidebar-style":"default","ast-global-header-display":"","ast-banner-title-visibility":"","ast-main-header-display":"","ast-hfb-above-header-display":"","ast-hfb-below-header-display":"","ast-hfb-mobile-header-display":"","site-post-title":"","ast-breadcrumbs-content":"","ast-featured-img":"","footer-sml-layout":"","ast-disable-related-posts":"","theme-transparent-header-meta":"","adv-header-id-meta":"","stick-header-meta":"","header-above-stick-meta":"","header-main-stick-meta":"","header-below-stick-meta":"","astra-migrate-meta-layouts":"default","ast-page-background-enabled":"default","ast-page-background-meta":{"desktop":{"background-color":"var(--ast-global-color-5)","background-image":"","background-repeat":"repeat","background-position":"center center","background-size":"auto","background-attachment":"scroll","background-type":"","background-media":"","overlay-type":"","overlay-color":"","overlay-opacity":"","overlay-gradient":""},"tablet":{"background-color":"","background-image":"","background-repeat":"repeat","background-position":"center center","background-size":"auto","background-attachment":"scroll","background-type":"","background-media":"","overlay-type":"","overlay-color":"","overlay-opacity":"","overlay-gradient":""},"mobile":{"background-color":"","background-image":"","background-repeat":"repeat","background-position":"center center","background-size":"auto","background-attachment":"scroll","background-type":"","background-media":"","overlay-type":"","overlay-color":"","overlay-opacity":"","overlay-gradient":""}},"ast-content-background-meta":{"desktop":{"background-color":"var(--ast-global-color-4)","background-image":"","background-repeat":"repeat","background-position":"center center","background-size":"auto","background-attachment":"scroll","background-type":"","background-media":"","overlay-type":"","overlay-color":"","overlay-opacity":"","overlay-gradient":""},"tablet":{"background-color":"var(--ast-global-color-4)","background-image":"","background-repeat":"repeat","background-position":"center center","background-size":"auto","background-attachment":"scroll","background-type":"","background-media":"","overlay-type":"","overlay-color":"","overlay-opacity":"","overlay-gradient":""},"mobile":{"background-color":"var(--ast-global-color-4)","background-image":"","background-repeat":"repeat","background-position":"center center","background-size":"auto","background-attachment":"scroll","background-type":"","background-media":"","overlay-type":"","overlay-color":"","overlay-opacity":"","overlay-gradient":""}},"footnotes":""},"categories":[1],"tags":[],"class_list":["post-157398","post","type-post","status-publish","format-standard","hentry","category-sem-categoria"],"yoast_head":"<!-- This site is optimized with the Yoast SEO plugin v26.6 - https:\/\/yoast.com\/wordpress\/plugins\/seo\/ -->\n<title>Confian\u00e7a do empres\u00e1rio do com\u00e9rcio desacelera em S\u00e3o Lu\u00eds - Daniel Matos<\/title>\n<meta name=\"robots\" content=\"index, follow, max-snippet:-1, max-image-preview:large, max-video-preview:-1\" \/>\n<link rel=\"canonical\" href=\"https:\/\/www.blogsoestado.com\/danielmatos\/confianca-do-empresario-do-comercio-desacelera-em-sao-luis\/\" \/>\n<meta property=\"og:locale\" content=\"pt_BR\" \/>\n<meta property=\"og:type\" content=\"article\" \/>\n<meta property=\"og:title\" content=\"Confian\u00e7a do empres\u00e1rio do com\u00e9rcio desacelera em S\u00e3o Lu\u00eds - Daniel Matos\" \/>\n<meta property=\"og:description\" content=\"Pesquisa da Fecom\u00e9rcio-MA aponta que empres\u00e1rios mant\u00eam otimismo com o futuro, apesar da deteriora\u00e7\u00e3o das condi\u00e7\u00f5es atuais e do freio [&hellip;]\" \/>\n<meta property=\"og:url\" content=\"https:\/\/www.blogsoestado.com\/danielmatos\/confianca-do-empresario-do-comercio-desacelera-em-sao-luis\/\" \/>\n<meta property=\"og:site_name\" content=\"Daniel Matos\" \/>\n<meta property=\"article:published_time\" content=\"2026-04-29T00:14:08+00:00\" \/>\n<meta property=\"article:modified_time\" content=\"2026-04-29T00:14:10+00:00\" \/>\n<meta property=\"og:image\" content=\"https:\/\/www.blogsoestado.com\/danielmatos\/wp-content\/uploads\/sites\/2\/2026\/04\/1005497688.jpg\" \/>\n\t<meta property=\"og:image:width\" content=\"700\" \/>\n\t<meta property=\"og:image:height\" content=\"460\" \/>\n\t<meta property=\"og:image:type\" content=\"image\/jpeg\" \/>\n<meta name=\"author\" content=\"Daniel Matos\" \/>\n<meta name=\"twitter:card\" content=\"summary_large_image\" \/>\n<meta name=\"twitter:label1\" content=\"Escrito por\" \/>\n\t<meta name=\"twitter:data1\" content=\"Daniel Matos\" \/>\n\t<meta name=\"twitter:label2\" content=\"Est. tempo de leitura\" \/>\n\t<meta name=\"twitter:data2\" content=\"4 minutos\" \/>\n<script type=\"application\/ld+json\" class=\"yoast-schema-graph\">{\"@context\":\"https:\/\/schema.org\",\"@graph\":[{\"@type\":\"WebPage\",\"@id\":\"https:\/\/www.blogsoestado.com\/danielmatos\/confianca-do-empresario-do-comercio-desacelera-em-sao-luis\/\",\"url\":\"https:\/\/www.blogsoestado.com\/danielmatos\/confianca-do-empresario-do-comercio-desacelera-em-sao-luis\/\",\"name\":\"Confian\u00e7a do empres\u00e1rio do com\u00e9rcio desacelera em S\u00e3o Lu\u00eds - Daniel Matos\",\"isPartOf\":{\"@id\":\"https:\/\/www.blogsoestado.com\/danielmatos\/#website\"},\"primaryImageOfPage\":{\"@id\":\"https:\/\/www.blogsoestado.com\/danielmatos\/confianca-do-empresario-do-comercio-desacelera-em-sao-luis\/#primaryimage\"},\"image\":{\"@id\":\"https:\/\/www.blogsoestado.com\/danielmatos\/confianca-do-empresario-do-comercio-desacelera-em-sao-luis\/#primaryimage\"},\"thumbnailUrl\":\"https:\/\/www.blogsoestado.com\/danielmatos\/wp-content\/uploads\/sites\/2\/2026\/04\/1005497688.jpg\",\"datePublished\":\"2026-04-29T00:14:08+00:00\",\"dateModified\":\"2026-04-29T00:14:10+00:00\",\"author\":{\"@id\":\"https:\/\/www.blogsoestado.com\/danielmatos\/#\/schema\/person\/9a209d407cd45631f131e1285b661bb0\"},\"breadcrumb\":{\"@id\":\"https:\/\/www.blogsoestado.com\/danielmatos\/confianca-do-empresario-do-comercio-desacelera-em-sao-luis\/#breadcrumb\"},\"inLanguage\":\"pt-BR\",\"potentialAction\":[{\"@type\":\"ReadAction\",\"target\":[\"https:\/\/www.blogsoestado.com\/danielmatos\/confianca-do-empresario-do-comercio-desacelera-em-sao-luis\/\"]}]},{\"@type\":\"ImageObject\",\"inLanguage\":\"pt-BR\",\"@id\":\"https:\/\/www.blogsoestado.com\/danielmatos\/confianca-do-empresario-do-comercio-desacelera-em-sao-luis\/#primaryimage\",\"url\":\"https:\/\/www.blogsoestado.com\/danielmatos\/wp-content\/uploads\/sites\/2\/2026\/04\/1005497688.jpg\",\"contentUrl\":\"https:\/\/www.blogsoestado.com\/danielmatos\/wp-content\/uploads\/sites\/2\/2026\/04\/1005497688.jpg\",\"width\":700,\"height\":460},{\"@type\":\"BreadcrumbList\",\"@id\":\"https:\/\/www.blogsoestado.com\/danielmatos\/confianca-do-empresario-do-comercio-desacelera-em-sao-luis\/#breadcrumb\",\"itemListElement\":[{\"@type\":\"ListItem\",\"position\":1,\"name\":\"In\u00edcio\",\"item\":\"https:\/\/www.blogsoestado.com\/danielmatos\/\"},{\"@type\":\"ListItem\",\"position\":2,\"name\":\"Confian\u00e7a do empres\u00e1rio do com\u00e9rcio desacelera em S\u00e3o Lu\u00eds\"}]},{\"@type\":\"WebSite\",\"@id\":\"https:\/\/www.blogsoestado.com\/danielmatos\/#website\",\"url\":\"https:\/\/www.blogsoestado.com\/danielmatos\/\",\"name\":\"Daniel Matos\",\"description\":\"\",\"potentialAction\":[{\"@type\":\"SearchAction\",\"target\":{\"@type\":\"EntryPoint\",\"urlTemplate\":\"https:\/\/www.blogsoestado.com\/danielmatos\/?s={search_term_string}\"},\"query-input\":{\"@type\":\"PropertyValueSpecification\",\"valueRequired\":true,\"valueName\":\"search_term_string\"}}],\"inLanguage\":\"pt-BR\"},{\"@type\":\"Person\",\"@id\":\"https:\/\/www.blogsoestado.com\/danielmatos\/#\/schema\/person\/9a209d407cd45631f131e1285b661bb0\",\"name\":\"Daniel Matos\",\"image\":{\"@type\":\"ImageObject\",\"inLanguage\":\"pt-BR\",\"@id\":\"https:\/\/www.blogsoestado.com\/danielmatos\/#\/schema\/person\/image\/\",\"url\":\"https:\/\/secure.gravatar.com\/avatar\/2f26c36ee355da19a257f0dfef43952a2588b324ca35d6719e859fe338ac0392?s=96&d=mm&r=g\",\"contentUrl\":\"https:\/\/secure.gravatar.com\/avatar\/2f26c36ee355da19a257f0dfef43952a2588b324ca35d6719e859fe338ac0392?s=96&d=mm&r=g\",\"caption\":\"Daniel Matos\"},\"url\":\"https:\/\/www.blogsoestado.com\/danielmatos\/author\/danielmatos\/\"}]}<\/script>\n<!-- \/ Yoast SEO plugin. -->","yoast_head_json":{"title":"Confian\u00e7a do empres\u00e1rio do com\u00e9rcio desacelera em S\u00e3o Lu\u00eds - Daniel Matos","robots":{"index":"index","follow":"follow","max-snippet":"max-snippet:-1","max-image-preview":"max-image-preview:large","max-video-preview":"max-video-preview:-1"},"canonical":"https:\/\/www.blogsoestado.com\/danielmatos\/confianca-do-empresario-do-comercio-desacelera-em-sao-luis\/","og_locale":"pt_BR","og_type":"article","og_title":"Confian\u00e7a do empres\u00e1rio do com\u00e9rcio desacelera em S\u00e3o Lu\u00eds - Daniel Matos","og_description":"Pesquisa da Fecom\u00e9rcio-MA aponta que empres\u00e1rios mant\u00eam otimismo com o futuro, apesar da deteriora\u00e7\u00e3o das condi\u00e7\u00f5es atuais e do freio [&hellip;]","og_url":"https:\/\/www.blogsoestado.com\/danielmatos\/confianca-do-empresario-do-comercio-desacelera-em-sao-luis\/","og_site_name":"Daniel Matos","article_published_time":"2026-04-29T00:14:08+00:00","article_modified_time":"2026-04-29T00:14:10+00:00","og_image":[{"width":700,"height":460,"url":"https:\/\/www.blogsoestado.com\/danielmatos\/wp-content\/uploads\/sites\/2\/2026\/04\/1005497688.jpg","type":"image\/jpeg"}],"author":"Daniel Matos","twitter_card":"summary_large_image","twitter_misc":{"Escrito por":"Daniel Matos","Est. tempo de leitura":"4 minutos"},"schema":{"@context":"https:\/\/schema.org","@graph":[{"@type":"WebPage","@id":"https:\/\/www.blogsoestado.com\/danielmatos\/confianca-do-empresario-do-comercio-desacelera-em-sao-luis\/","url":"https:\/\/www.blogsoestado.com\/danielmatos\/confianca-do-empresario-do-comercio-desacelera-em-sao-luis\/","name":"Confian\u00e7a do empres\u00e1rio do com\u00e9rcio desacelera em S\u00e3o Lu\u00eds - Daniel Matos","isPartOf":{"@id":"https:\/\/www.blogsoestado.com\/danielmatos\/#website"},"primaryImageOfPage":{"@id":"https:\/\/www.blogsoestado.com\/danielmatos\/confianca-do-empresario-do-comercio-desacelera-em-sao-luis\/#primaryimage"},"image":{"@id":"https:\/\/www.blogsoestado.com\/danielmatos\/confianca-do-empresario-do-comercio-desacelera-em-sao-luis\/#primaryimage"},"thumbnailUrl":"https:\/\/www.blogsoestado.com\/danielmatos\/wp-content\/uploads\/sites\/2\/2026\/04\/1005497688.jpg","datePublished":"2026-04-29T00:14:08+00:00","dateModified":"2026-04-29T00:14:10+00:00","author":{"@id":"https:\/\/www.blogsoestado.com\/danielmatos\/#\/schema\/person\/9a209d407cd45631f131e1285b661bb0"},"breadcrumb":{"@id":"https:\/\/www.blogsoestado.com\/danielmatos\/confianca-do-empresario-do-comercio-desacelera-em-sao-luis\/#breadcrumb"},"inLanguage":"pt-BR","potentialAction":[{"@type":"ReadAction","target":["https:\/\/www.blogsoestado.com\/danielmatos\/confianca-do-empresario-do-comercio-desacelera-em-sao-luis\/"]}]},{"@type":"ImageObject","inLanguage":"pt-BR","@id":"https:\/\/www.blogsoestado.com\/danielmatos\/confianca-do-empresario-do-comercio-desacelera-em-sao-luis\/#primaryimage","url":"https:\/\/www.blogsoestado.com\/danielmatos\/wp-content\/uploads\/sites\/2\/2026\/04\/1005497688.jpg","contentUrl":"https:\/\/www.blogsoestado.com\/danielmatos\/wp-content\/uploads\/sites\/2\/2026\/04\/1005497688.jpg","width":700,"height":460},{"@type":"BreadcrumbList","@id":"https:\/\/www.blogsoestado.com\/danielmatos\/confianca-do-empresario-do-comercio-desacelera-em-sao-luis\/#breadcrumb","itemListElement":[{"@type":"ListItem","position":1,"name":"In\u00edcio","item":"https:\/\/www.blogsoestado.com\/danielmatos\/"},{"@type":"ListItem","position":2,"name":"Confian\u00e7a do empres\u00e1rio do com\u00e9rcio desacelera em S\u00e3o Lu\u00eds"}]},{"@type":"WebSite","@id":"https:\/\/www.blogsoestado.com\/danielmatos\/#website","url":"https:\/\/www.blogsoestado.com\/danielmatos\/","name":"Daniel Matos","description":"","potentialAction":[{"@type":"SearchAction","target":{"@type":"EntryPoint","urlTemplate":"https:\/\/www.blogsoestado.com\/danielmatos\/?s={search_term_string}"},"query-input":{"@type":"PropertyValueSpecification","valueRequired":true,"valueName":"search_term_string"}}],"inLanguage":"pt-BR"},{"@type":"Person","@id":"https:\/\/www.blogsoestado.com\/danielmatos\/#\/schema\/person\/9a209d407cd45631f131e1285b661bb0","name":"Daniel Matos","image":{"@type":"ImageObject","inLanguage":"pt-BR","@id":"https:\/\/www.blogsoestado.com\/danielmatos\/#\/schema\/person\/image\/","url":"https:\/\/secure.gravatar.com\/avatar\/2f26c36ee355da19a257f0dfef43952a2588b324ca35d6719e859fe338ac0392?s=96&d=mm&r=g","contentUrl":"https:\/\/secure.gravatar.com\/avatar\/2f26c36ee355da19a257f0dfef43952a2588b324ca35d6719e859fe338ac0392?s=96&d=mm&r=g","caption":"Daniel Matos"},"url":"https:\/\/www.blogsoestado.com\/danielmatos\/author\/danielmatos\/"}]}},"jetpack_featured_media_url":"","_links":{"self":[{"href":"https:\/\/www.blogsoestado.com\/danielmatos\/wp-json\/wp\/v2\/posts\/157398","targetHints":{"allow":["GET"]}}],"collection":[{"href":"https:\/\/www.blogsoestado.com\/danielmatos\/wp-json\/wp\/v2\/posts"}],"about":[{"href":"https:\/\/www.blogsoestado.com\/danielmatos\/wp-json\/wp\/v2\/types\/post"}],"author":[{"embeddable":true,"href":"https:\/\/www.blogsoestado.com\/danielmatos\/wp-json\/wp\/v2\/users\/2"}],"replies":[{"embeddable":true,"href":"https:\/\/www.blogsoestado.com\/danielmatos\/wp-json\/wp\/v2\/comments?post=157398"}],"version-history":[{"count":1,"href":"https:\/\/www.blogsoestado.com\/danielmatos\/wp-json\/wp\/v2\/posts\/157398\/revisions"}],"predecessor-version":[{"id":157400,"href":"https:\/\/www.blogsoestado.com\/danielmatos\/wp-json\/wp\/v2\/posts\/157398\/revisions\/157400"}],"wp:attachment":[{"href":"https:\/\/www.blogsoestado.com\/danielmatos\/wp-json\/wp\/v2\/media?parent=157398"}],"wp:term":[{"taxonomy":"category","embeddable":true,"href":"https:\/\/www.blogsoestado.com\/danielmatos\/wp-json\/wp\/v2\/categories?post=157398"},{"taxonomy":"post_tag","embeddable":true,"href":"https:\/\/www.blogsoestado.com\/danielmatos\/wp-json\/wp\/v2\/tags?post=157398"}],"curies":[{"name":"wp","href":"https:\/\/api.w.org\/{rel}","templated":true}]}}