{"id":157420,"date":"2026-04-29T10:35:08","date_gmt":"2026-04-29T13:35:08","guid":{"rendered":"https:\/\/www.blogsoestado.com\/danielmatos\/?p=157420"},"modified":"2026-04-29T10:35:10","modified_gmt":"2026-04-29T13:35:10","slug":"forte-lideranca-de-sao-domingos-do-azeitao-paulo-dedinho-declara-apoio-a-pre-candidatura-de-orleans-brandao","status":"publish","type":"post","link":"https:\/\/www.blogsoestado.com\/danielmatos\/forte-lideranca-de-sao-domingos-do-azeitao-paulo-dedinho-declara-apoio-a-pre-candidatura-de-orleans-brandao\/","title":{"rendered":"Forte lideran\u00e7a de S\u00e3o Domingos do Azeit\u00e3o, Paulo Dedinho declara apoio \u00e0 pr\u00e9-candidatura de Orleans Brand\u00e3o"},"content":{"rendered":"\n<figure class=\"wp-block-image aligncenter size-large\"><img fetchpriority=\"high\" decoding=\"async\" width=\"1024\" height=\"682\" src=\"https:\/\/www.blogsoestado.com\/danielmatos\/wp-content\/uploads\/sites\/2\/2026\/04\/1005504241-1024x682.jpg\" alt=\"\" class=\"wp-image-157422\" srcset=\"https:\/\/www.blogsoestado.com\/danielmatos\/wp-content\/uploads\/sites\/2\/2026\/04\/1005504241-1024x682.jpg 1024w, https:\/\/www.blogsoestado.com\/danielmatos\/wp-content\/uploads\/sites\/2\/2026\/04\/1005504241-300x200.jpg 300w, https:\/\/www.blogsoestado.com\/danielmatos\/wp-content\/uploads\/sites\/2\/2026\/04\/1005504241-768x512.jpg 768w, https:\/\/www.blogsoestado.com\/danielmatos\/wp-content\/uploads\/sites\/2\/2026\/04\/1005504241-1536x1023.jpg 1536w, https:\/\/www.blogsoestado.com\/danielmatos\/wp-content\/uploads\/sites\/2\/2026\/04\/1005504241.jpg 1600w\" sizes=\"(max-width: 1024px) 100vw, 1024px\" \/><\/figure>\n\n\n\n<p>O pr\u00e9-candidato ao Governo do Maranh\u00e3o, Orleans Brand\u00e3o, iniciou a semana com a confirma\u00e7\u00e3o de novas ades\u00f5es ao seu projeto pol\u00edtico, entre elas a lideran\u00e7a comunit\u00e1ria Paulo Dedinho, de S\u00e3o Domingos do Azeit\u00e3o. Reconhecido por sua atua\u00e7\u00e3o de destaque em prol das causas populares do munic\u00edpio, Dedinho tamb\u00e9m se sobressai pelo forte poder de articula\u00e7\u00e3o junto \u00e0 comunidade local. O encontro contou ainda com a presen\u00e7a do ex-deputado estadual St\u00eanio Rezende.<\/p>\n\n\n\n<p>Durante a reuni\u00e3o, Orleans destacou os avan\u00e7os promovidos pelo governo estadual no munic\u00edpio, elencando um conjunto de investimentos que t\u00eam impactado diretamente na vida da popula\u00e7\u00e3o, os quais tem orgulho de ter contribu\u00eddo para a sua efetiva\u00e7\u00e3o, quando esteve \u00e0 frente da Secretaria de Assuntoa Municipalistas. Entre as a\u00e7\u00f5es citadas est\u00e3o a constru\u00e7\u00e3o de pra\u00e7as, a implanta\u00e7\u00e3o de unidades do Viva\/Procon e do Detran, al\u00e9m da estrutura\u00e7\u00e3o do balne\u00e1rio municipal, j\u00e1 entregue em sua primeira etapa.<\/p>\n\n\n\n<p><strong><mark style=\"color:#cf2e2e\" class=\"has-inline-color\">Clique <a href=\"https:\/\/youtube.com\/shorts\/OTPjTOgWzwk?si=EiHAnLYh7BnOCO4C\">aqui<\/a> e assista ao v\u00eddeo.<\/mark><\/strong><\/p>\n\n\n\n<p>Outro ponto de destaque foi a obra da estrada que liga S\u00e3o Domingos do Azeit\u00e3o \u00e0 cidade de Mirador, considerada estrat\u00e9gica para o desenvolvimento regional. A rodovia, que est\u00e1 em execu\u00e7\u00e3o, deve facilitar o escoamento da produ\u00e7\u00e3o, melhorar a log\u00edstica e ampliar o fluxo na regi\u00e3o.<\/p>\n\n\n\n<figure class=\"wp-block-image aligncenter size-large\"><img decoding=\"async\" width=\"684\" height=\"1024\" src=\"https:\/\/www.blogsoestado.com\/danielmatos\/wp-content\/uploads\/sites\/2\/2026\/04\/1005504242-684x1024.jpg\" alt=\"\" class=\"wp-image-157423\" srcset=\"https:\/\/www.blogsoestado.com\/danielmatos\/wp-content\/uploads\/sites\/2\/2026\/04\/1005504242-684x1024.jpg 684w, https:\/\/www.blogsoestado.com\/danielmatos\/wp-content\/uploads\/sites\/2\/2026\/04\/1005504242-200x300.jpg 200w, https:\/\/www.blogsoestado.com\/danielmatos\/wp-content\/uploads\/sites\/2\/2026\/04\/1005504242-768x1151.jpg 768w, https:\/\/www.blogsoestado.com\/danielmatos\/wp-content\/uploads\/sites\/2\/2026\/04\/1005504242-1025x1536.jpg 1025w, https:\/\/www.blogsoestado.com\/danielmatos\/wp-content\/uploads\/sites\/2\/2026\/04\/1005504242.jpg 1068w\" sizes=\"(max-width: 684px) 100vw, 684px\" \/><\/figure>\n\n\n\n<p>Na reuni\u00e3o, Orleans Brand\u00e3o ressaltou o compromisso de dar continuidade ao trabalho j\u00e1 realizado pelo governo estadual. \u201cEsse mesmo compromisso que o governador Brand\u00e3o teve com S\u00e3o Domingos do Azeit\u00e3o, eu carrego comigo. Pode ter certeza de que vamos desenvolver ainda mais a cidade e toda essa regi\u00e3o\u201d, afirmou.<\/p>\n","protected":false},"excerpt":{"rendered":"<p>O pr\u00e9-candidato ao Governo do Maranh\u00e3o, Orleans Brand\u00e3o, iniciou a semana com a confirma\u00e7\u00e3o de novas ades\u00f5es ao seu projeto [&hellip;]<\/p>\n","protected":false},"author":2,"featured_media":0,"comment_status":"open","ping_status":"open","sticky":false,"template":"","format":"standard","meta":{"site-sidebar-layout":"default","site-content-layout":"","ast-site-content-layout":"default","site-content-style":"default","site-sidebar-style":"default","ast-global-header-display":"","ast-banner-title-visibility":"","ast-main-header-display":"","ast-hfb-above-header-display":"","ast-hfb-below-header-display":"","ast-hfb-mobile-header-display":"","site-post-title":"","ast-breadcrumbs-content":"","ast-featured-img":"","footer-sml-layout":"","ast-disable-related-posts":"","theme-transparent-header-meta":"","adv-header-id-meta":"","stick-header-meta":"","header-above-stick-meta":"","header-main-stick-meta":"","header-below-stick-meta":"","astra-migrate-meta-layouts":"default","ast-page-background-enabled":"default","ast-page-background-meta":{"desktop":{"background-color":"var(--ast-global-color-5)","background-image":"","background-repeat":"repeat","background-position":"center center","background-size":"auto","background-attachment":"scroll","background-type":"","background-media":"","overlay-type":"","overlay-color":"","overlay-opacity":"","overlay-gradient":""},"tablet":{"background-color":"","background-image":"","background-repeat":"repeat","background-position":"center center","background-size":"auto","background-attachment":"scroll","background-type":"","background-media":"","overlay-type":"","overlay-color":"","overlay-opacity":"","overlay-gradient":""},"mobile":{"background-color":"","background-image":"","background-repeat":"repeat","background-position":"center center","background-size":"auto","background-attachment":"scroll","background-type":"","background-media":"","overlay-type":"","overlay-color":"","overlay-opacity":"","overlay-gradient":""}},"ast-content-background-meta":{"desktop":{"background-color":"var(--ast-global-color-4)","background-image":"","background-repeat":"repeat","background-position":"center center","background-size":"auto","background-attachment":"scroll","background-type":"","background-media":"","overlay-type":"","overlay-color":"","overlay-opacity":"","overlay-gradient":""},"tablet":{"background-color":"var(--ast-global-color-4)","background-image":"","background-repeat":"repeat","background-position":"center center","background-size":"auto","background-attachment":"scroll","background-type":"","background-media":"","overlay-type":"","overlay-color":"","overlay-opacity":"","overlay-gradient":""},"mobile":{"background-color":"var(--ast-global-color-4)","background-image":"","background-repeat":"repeat","background-position":"center center","background-size":"auto","background-attachment":"scroll","background-type":"","background-media":"","overlay-type":"","overlay-color":"","overlay-opacity":"","overlay-gradient":""}},"footnotes":""},"categories":[1],"tags":[],"class_list":["post-157420","post","type-post","status-publish","format-standard","hentry","category-sem-categoria"],"yoast_head":"<!-- This site is optimized with the Yoast SEO plugin v26.6 - https:\/\/yoast.com\/wordpress\/plugins\/seo\/ -->\n<title>Forte lideran\u00e7a de S\u00e3o Domingos do Azeit\u00e3o, Paulo Dedinho declara apoio \u00e0 pr\u00e9-candidatura de Orleans Brand\u00e3o - Daniel Matos<\/title>\n<meta name=\"robots\" content=\"index, follow, max-snippet:-1, max-image-preview:large, max-video-preview:-1\" \/>\n<link rel=\"canonical\" href=\"https:\/\/www.blogsoestado.com\/danielmatos\/forte-lideranca-de-sao-domingos-do-azeitao-paulo-dedinho-declara-apoio-a-pre-candidatura-de-orleans-brandao\/\" \/>\n<meta property=\"og:locale\" content=\"pt_BR\" \/>\n<meta property=\"og:type\" content=\"article\" \/>\n<meta property=\"og:title\" content=\"Forte lideran\u00e7a de S\u00e3o Domingos do Azeit\u00e3o, Paulo Dedinho declara apoio \u00e0 pr\u00e9-candidatura de Orleans Brand\u00e3o - Daniel Matos\" \/>\n<meta property=\"og:description\" content=\"O pr\u00e9-candidato ao Governo do Maranh\u00e3o, Orleans Brand\u00e3o, iniciou a semana com a confirma\u00e7\u00e3o de novas ades\u00f5es ao seu projeto [&hellip;]\" \/>\n<meta property=\"og:url\" content=\"https:\/\/www.blogsoestado.com\/danielmatos\/forte-lideranca-de-sao-domingos-do-azeitao-paulo-dedinho-declara-apoio-a-pre-candidatura-de-orleans-brandao\/\" \/>\n<meta property=\"og:site_name\" content=\"Daniel Matos\" \/>\n<meta property=\"article:published_time\" content=\"2026-04-29T13:35:08+00:00\" \/>\n<meta property=\"article:modified_time\" content=\"2026-04-29T13:35:10+00:00\" \/>\n<meta property=\"og:image\" content=\"https:\/\/www.blogsoestado.com\/danielmatos\/wp-content\/uploads\/sites\/2\/2026\/04\/1005504241.jpg\" \/>\n\t<meta property=\"og:image:width\" content=\"1600\" \/>\n\t<meta property=\"og:image:height\" content=\"1066\" \/>\n\t<meta property=\"og:image:type\" content=\"image\/jpeg\" \/>\n<meta name=\"author\" content=\"Daniel Matos\" \/>\n<meta name=\"twitter:card\" content=\"summary_large_image\" \/>\n<meta name=\"twitter:label1\" content=\"Escrito por\" \/>\n\t<meta name=\"twitter:data1\" content=\"Daniel Matos\" \/>\n\t<meta name=\"twitter:label2\" content=\"Est. tempo de leitura\" \/>\n\t<meta name=\"twitter:data2\" content=\"2 minutos\" \/>\n<script type=\"application\/ld+json\" class=\"yoast-schema-graph\">{\"@context\":\"https:\/\/schema.org\",\"@graph\":[{\"@type\":\"WebPage\",\"@id\":\"https:\/\/www.blogsoestado.com\/danielmatos\/forte-lideranca-de-sao-domingos-do-azeitao-paulo-dedinho-declara-apoio-a-pre-candidatura-de-orleans-brandao\/\",\"url\":\"https:\/\/www.blogsoestado.com\/danielmatos\/forte-lideranca-de-sao-domingos-do-azeitao-paulo-dedinho-declara-apoio-a-pre-candidatura-de-orleans-brandao\/\",\"name\":\"Forte lideran\u00e7a de S\u00e3o Domingos do Azeit\u00e3o, Paulo Dedinho declara apoio \u00e0 pr\u00e9-candidatura de Orleans Brand\u00e3o - Daniel Matos\",\"isPartOf\":{\"@id\":\"https:\/\/www.blogsoestado.com\/danielmatos\/#website\"},\"primaryImageOfPage\":{\"@id\":\"https:\/\/www.blogsoestado.com\/danielmatos\/forte-lideranca-de-sao-domingos-do-azeitao-paulo-dedinho-declara-apoio-a-pre-candidatura-de-orleans-brandao\/#primaryimage\"},\"image\":{\"@id\":\"https:\/\/www.blogsoestado.com\/danielmatos\/forte-lideranca-de-sao-domingos-do-azeitao-paulo-dedinho-declara-apoio-a-pre-candidatura-de-orleans-brandao\/#primaryimage\"},\"thumbnailUrl\":\"https:\/\/www.blogsoestado.com\/danielmatos\/wp-content\/uploads\/sites\/2\/2026\/04\/1005504241-1024x682.jpg\",\"datePublished\":\"2026-04-29T13:35:08+00:00\",\"dateModified\":\"2026-04-29T13:35:10+00:00\",\"author\":{\"@id\":\"https:\/\/www.blogsoestado.com\/danielmatos\/#\/schema\/person\/9a209d407cd45631f131e1285b661bb0\"},\"breadcrumb\":{\"@id\":\"https:\/\/www.blogsoestado.com\/danielmatos\/forte-lideranca-de-sao-domingos-do-azeitao-paulo-dedinho-declara-apoio-a-pre-candidatura-de-orleans-brandao\/#breadcrumb\"},\"inLanguage\":\"pt-BR\",\"potentialAction\":[{\"@type\":\"ReadAction\",\"target\":[\"https:\/\/www.blogsoestado.com\/danielmatos\/forte-lideranca-de-sao-domingos-do-azeitao-paulo-dedinho-declara-apoio-a-pre-candidatura-de-orleans-brandao\/\"]}]},{\"@type\":\"ImageObject\",\"inLanguage\":\"pt-BR\",\"@id\":\"https:\/\/www.blogsoestado.com\/danielmatos\/forte-lideranca-de-sao-domingos-do-azeitao-paulo-dedinho-declara-apoio-a-pre-candidatura-de-orleans-brandao\/#primaryimage\",\"url\":\"https:\/\/www.blogsoestado.com\/danielmatos\/wp-content\/uploads\/sites\/2\/2026\/04\/1005504241.jpg\",\"contentUrl\":\"https:\/\/www.blogsoestado.com\/danielmatos\/wp-content\/uploads\/sites\/2\/2026\/04\/1005504241.jpg\",\"width\":1600,\"height\":1066},{\"@type\":\"BreadcrumbList\",\"@id\":\"https:\/\/www.blogsoestado.com\/danielmatos\/forte-lideranca-de-sao-domingos-do-azeitao-paulo-dedinho-declara-apoio-a-pre-candidatura-de-orleans-brandao\/#breadcrumb\",\"itemListElement\":[{\"@type\":\"ListItem\",\"position\":1,\"name\":\"In\u00edcio\",\"item\":\"https:\/\/www.blogsoestado.com\/danielmatos\/\"},{\"@type\":\"ListItem\",\"position\":2,\"name\":\"Forte lideran\u00e7a de S\u00e3o Domingos do Azeit\u00e3o, Paulo Dedinho declara apoio \u00e0 pr\u00e9-candidatura de Orleans Brand\u00e3o\"}]},{\"@type\":\"WebSite\",\"@id\":\"https:\/\/www.blogsoestado.com\/danielmatos\/#website\",\"url\":\"https:\/\/www.blogsoestado.com\/danielmatos\/\",\"name\":\"Daniel Matos\",\"description\":\"\",\"potentialAction\":[{\"@type\":\"SearchAction\",\"target\":{\"@type\":\"EntryPoint\",\"urlTemplate\":\"https:\/\/www.blogsoestado.com\/danielmatos\/?s={search_term_string}\"},\"query-input\":{\"@type\":\"PropertyValueSpecification\",\"valueRequired\":true,\"valueName\":\"search_term_string\"}}],\"inLanguage\":\"pt-BR\"},{\"@type\":\"Person\",\"@id\":\"https:\/\/www.blogsoestado.com\/danielmatos\/#\/schema\/person\/9a209d407cd45631f131e1285b661bb0\",\"name\":\"Daniel Matos\",\"image\":{\"@type\":\"ImageObject\",\"inLanguage\":\"pt-BR\",\"@id\":\"https:\/\/www.blogsoestado.com\/danielmatos\/#\/schema\/person\/image\/\",\"url\":\"https:\/\/secure.gravatar.com\/avatar\/2f26c36ee355da19a257f0dfef43952a2588b324ca35d6719e859fe338ac0392?s=96&d=mm&r=g\",\"contentUrl\":\"https:\/\/secure.gravatar.com\/avatar\/2f26c36ee355da19a257f0dfef43952a2588b324ca35d6719e859fe338ac0392?s=96&d=mm&r=g\",\"caption\":\"Daniel Matos\"},\"url\":\"https:\/\/www.blogsoestado.com\/danielmatos\/author\/danielmatos\/\"}]}<\/script>\n<!-- \/ Yoast SEO plugin. -->","yoast_head_json":{"title":"Forte lideran\u00e7a de S\u00e3o Domingos do Azeit\u00e3o, Paulo Dedinho declara apoio \u00e0 pr\u00e9-candidatura de Orleans Brand\u00e3o - Daniel Matos","robots":{"index":"index","follow":"follow","max-snippet":"max-snippet:-1","max-image-preview":"max-image-preview:large","max-video-preview":"max-video-preview:-1"},"canonical":"https:\/\/www.blogsoestado.com\/danielmatos\/forte-lideranca-de-sao-domingos-do-azeitao-paulo-dedinho-declara-apoio-a-pre-candidatura-de-orleans-brandao\/","og_locale":"pt_BR","og_type":"article","og_title":"Forte lideran\u00e7a de S\u00e3o Domingos do Azeit\u00e3o, Paulo Dedinho declara apoio \u00e0 pr\u00e9-candidatura de Orleans Brand\u00e3o - Daniel Matos","og_description":"O pr\u00e9-candidato ao Governo do Maranh\u00e3o, Orleans Brand\u00e3o, iniciou a semana com a confirma\u00e7\u00e3o de novas ades\u00f5es ao seu projeto [&hellip;]","og_url":"https:\/\/www.blogsoestado.com\/danielmatos\/forte-lideranca-de-sao-domingos-do-azeitao-paulo-dedinho-declara-apoio-a-pre-candidatura-de-orleans-brandao\/","og_site_name":"Daniel Matos","article_published_time":"2026-04-29T13:35:08+00:00","article_modified_time":"2026-04-29T13:35:10+00:00","og_image":[{"width":1600,"height":1066,"url":"https:\/\/www.blogsoestado.com\/danielmatos\/wp-content\/uploads\/sites\/2\/2026\/04\/1005504241.jpg","type":"image\/jpeg"}],"author":"Daniel Matos","twitter_card":"summary_large_image","twitter_misc":{"Escrito por":"Daniel Matos","Est. tempo de leitura":"2 minutos"},"schema":{"@context":"https:\/\/schema.org","@graph":[{"@type":"WebPage","@id":"https:\/\/www.blogsoestado.com\/danielmatos\/forte-lideranca-de-sao-domingos-do-azeitao-paulo-dedinho-declara-apoio-a-pre-candidatura-de-orleans-brandao\/","url":"https:\/\/www.blogsoestado.com\/danielmatos\/forte-lideranca-de-sao-domingos-do-azeitao-paulo-dedinho-declara-apoio-a-pre-candidatura-de-orleans-brandao\/","name":"Forte lideran\u00e7a de S\u00e3o Domingos do Azeit\u00e3o, Paulo Dedinho declara apoio \u00e0 pr\u00e9-candidatura de Orleans Brand\u00e3o - Daniel Matos","isPartOf":{"@id":"https:\/\/www.blogsoestado.com\/danielmatos\/#website"},"primaryImageOfPage":{"@id":"https:\/\/www.blogsoestado.com\/danielmatos\/forte-lideranca-de-sao-domingos-do-azeitao-paulo-dedinho-declara-apoio-a-pre-candidatura-de-orleans-brandao\/#primaryimage"},"image":{"@id":"https:\/\/www.blogsoestado.com\/danielmatos\/forte-lideranca-de-sao-domingos-do-azeitao-paulo-dedinho-declara-apoio-a-pre-candidatura-de-orleans-brandao\/#primaryimage"},"thumbnailUrl":"https:\/\/www.blogsoestado.com\/danielmatos\/wp-content\/uploads\/sites\/2\/2026\/04\/1005504241-1024x682.jpg","datePublished":"2026-04-29T13:35:08+00:00","dateModified":"2026-04-29T13:35:10+00:00","author":{"@id":"https:\/\/www.blogsoestado.com\/danielmatos\/#\/schema\/person\/9a209d407cd45631f131e1285b661bb0"},"breadcrumb":{"@id":"https:\/\/www.blogsoestado.com\/danielmatos\/forte-lideranca-de-sao-domingos-do-azeitao-paulo-dedinho-declara-apoio-a-pre-candidatura-de-orleans-brandao\/#breadcrumb"},"inLanguage":"pt-BR","potentialAction":[{"@type":"ReadAction","target":["https:\/\/www.blogsoestado.com\/danielmatos\/forte-lideranca-de-sao-domingos-do-azeitao-paulo-dedinho-declara-apoio-a-pre-candidatura-de-orleans-brandao\/"]}]},{"@type":"ImageObject","inLanguage":"pt-BR","@id":"https:\/\/www.blogsoestado.com\/danielmatos\/forte-lideranca-de-sao-domingos-do-azeitao-paulo-dedinho-declara-apoio-a-pre-candidatura-de-orleans-brandao\/#primaryimage","url":"https:\/\/www.blogsoestado.com\/danielmatos\/wp-content\/uploads\/sites\/2\/2026\/04\/1005504241.jpg","contentUrl":"https:\/\/www.blogsoestado.com\/danielmatos\/wp-content\/uploads\/sites\/2\/2026\/04\/1005504241.jpg","width":1600,"height":1066},{"@type":"BreadcrumbList","@id":"https:\/\/www.blogsoestado.com\/danielmatos\/forte-lideranca-de-sao-domingos-do-azeitao-paulo-dedinho-declara-apoio-a-pre-candidatura-de-orleans-brandao\/#breadcrumb","itemListElement":[{"@type":"ListItem","position":1,"name":"In\u00edcio","item":"https:\/\/www.blogsoestado.com\/danielmatos\/"},{"@type":"ListItem","position":2,"name":"Forte lideran\u00e7a de S\u00e3o Domingos do Azeit\u00e3o, Paulo Dedinho declara apoio \u00e0 pr\u00e9-candidatura de Orleans Brand\u00e3o"}]},{"@type":"WebSite","@id":"https:\/\/www.blogsoestado.com\/danielmatos\/#website","url":"https:\/\/www.blogsoestado.com\/danielmatos\/","name":"Daniel Matos","description":"","potentialAction":[{"@type":"SearchAction","target":{"@type":"EntryPoint","urlTemplate":"https:\/\/www.blogsoestado.com\/danielmatos\/?s={search_term_string}"},"query-input":{"@type":"PropertyValueSpecification","valueRequired":true,"valueName":"search_term_string"}}],"inLanguage":"pt-BR"},{"@type":"Person","@id":"https:\/\/www.blogsoestado.com\/danielmatos\/#\/schema\/person\/9a209d407cd45631f131e1285b661bb0","name":"Daniel Matos","image":{"@type":"ImageObject","inLanguage":"pt-BR","@id":"https:\/\/www.blogsoestado.com\/danielmatos\/#\/schema\/person\/image\/","url":"https:\/\/secure.gravatar.com\/avatar\/2f26c36ee355da19a257f0dfef43952a2588b324ca35d6719e859fe338ac0392?s=96&d=mm&r=g","contentUrl":"https:\/\/secure.gravatar.com\/avatar\/2f26c36ee355da19a257f0dfef43952a2588b324ca35d6719e859fe338ac0392?s=96&d=mm&r=g","caption":"Daniel Matos"},"url":"https:\/\/www.blogsoestado.com\/danielmatos\/author\/danielmatos\/"}]}},"jetpack_featured_media_url":"","_links":{"self":[{"href":"https:\/\/www.blogsoestado.com\/danielmatos\/wp-json\/wp\/v2\/posts\/157420","targetHints":{"allow":["GET"]}}],"collection":[{"href":"https:\/\/www.blogsoestado.com\/danielmatos\/wp-json\/wp\/v2\/posts"}],"about":[{"href":"https:\/\/www.blogsoestado.com\/danielmatos\/wp-json\/wp\/v2\/types\/post"}],"author":[{"embeddable":true,"href":"https:\/\/www.blogsoestado.com\/danielmatos\/wp-json\/wp\/v2\/users\/2"}],"replies":[{"embeddable":true,"href":"https:\/\/www.blogsoestado.com\/danielmatos\/wp-json\/wp\/v2\/comments?post=157420"}],"version-history":[{"count":1,"href":"https:\/\/www.blogsoestado.com\/danielmatos\/wp-json\/wp\/v2\/posts\/157420\/revisions"}],"predecessor-version":[{"id":157424,"href":"https:\/\/www.blogsoestado.com\/danielmatos\/wp-json\/wp\/v2\/posts\/157420\/revisions\/157424"}],"wp:attachment":[{"href":"https:\/\/www.blogsoestado.com\/danielmatos\/wp-json\/wp\/v2\/media?parent=157420"}],"wp:term":[{"taxonomy":"category","embeddable":true,"href":"https:\/\/www.blogsoestado.com\/danielmatos\/wp-json\/wp\/v2\/categories?post=157420"},{"taxonomy":"post_tag","embeddable":true,"href":"https:\/\/www.blogsoestado.com\/danielmatos\/wp-json\/wp\/v2\/tags?post=157420"}],"curies":[{"name":"wp","href":"https:\/\/api.w.org\/{rel}","templated":true}]}}