{"id":157425,"date":"2026-04-29T11:01:21","date_gmt":"2026-04-29T14:01:21","guid":{"rendered":"https:\/\/www.blogsoestado.com\/danielmatos\/?p=157425"},"modified":"2026-04-29T11:01:25","modified_gmt":"2026-04-29T14:01:25","slug":"saiba-como-sera-o-atendimento-da-equatorial-maranhao-no-feriado-do-dia-do-trabalhador-nesta-sexta-feira-1o","status":"publish","type":"post","link":"https:\/\/www.blogsoestado.com\/danielmatos\/saiba-como-sera-o-atendimento-da-equatorial-maranhao-no-feriado-do-dia-do-trabalhador-nesta-sexta-feira-1o\/","title":{"rendered":"Saiba como ser\u00e1 o atendimento da Equatorial Maranh\u00e3o no feriado do Dia do Trabalhador nesta sexta-feira (1\u00ba)"},"content":{"rendered":"\n<p><strong><mark style=\"color:#cf2e2e\" class=\"has-inline-color\">Ag\u00eancias de atendimento presencial e postos do E+ Reciclagem estar\u00e3o fechados no feriado<\/mark><\/strong><\/p>\n\n\n\n<figure class=\"wp-block-image aligncenter size-full\"><img fetchpriority=\"high\" decoding=\"async\" width=\"351\" height=\"458\" src=\"https:\/\/www.blogsoestado.com\/danielmatos\/wp-content\/uploads\/sites\/2\/2026\/04\/1005504468.jpg\" alt=\"\" class=\"wp-image-157426\" srcset=\"https:\/\/www.blogsoestado.com\/danielmatos\/wp-content\/uploads\/sites\/2\/2026\/04\/1005504468.jpg 351w, https:\/\/www.blogsoestado.com\/danielmatos\/wp-content\/uploads\/sites\/2\/2026\/04\/1005504468-230x300.jpg 230w\" sizes=\"(max-width: 351px) 100vw, 351px\" \/><\/figure>\n\n\n\n<p>Nesta sexta-feira, 1\u00ba de maio de 2026, \u00e9 celebrado o Dia do Trabalhador. Em raz\u00e3o do feriado, a Equatorial Maranh\u00e3o informa que n\u00e3o haver\u00e1 funcionamento nos Pontos de Atendimento Presencial e nos Postos do E+ Reciclagem em todo o estado.<\/p>\n\n\n\n<p>No s\u00e1bado (02\/05), os postos do programa E+ Reciclagem funcionar\u00e3o das 8h \u00e0s 12h, com exce\u00e7\u00e3o das unidades localizadas na UEMA e no bairro da Areinha, em S\u00e3o Lu\u00eds, que permanecer\u00e3o fechadas. As ag\u00eancias de atendimento presencial retomam o funcionamento normal na segunda-feira (04\/05).<\/p>\n\n\n\n<p><strong>Canais digitais funcionam 24h durante o feriado<\/strong><\/p>\n\n\n\n<p>Para garantir comodidade e agilidade durante o feriado e ao longo do fim de semana, a Distribuidora refor\u00e7a seus canais digitais, que seguem dispon\u00edveis normalmente para atendimento aos clientes. Entre as op\u00e7\u00f5es est\u00e3o o site oficial (<a href=\"http:\/\/www.equatorialenergia.com.br\">www.equatorialenergia.com.br<\/a>), o WhatsApp da assistente virtual Clara, pelo n\u00famero (98) 2055-0116, a Central de Atendimento 116, que funciona 24 horas, e o aplicativo m\u00f3vel da empresa, dispon\u00edvel para sistemas Android e iOS.<\/p>\n\n\n\n<p>A assistente virtual Clara permite a solicita\u00e7\u00e3o de diversos servi\u00e7os, como registro de falta de energia, religa\u00e7\u00e3o, consulta de d\u00e9bitos, emiss\u00e3o de segunda via de fatura, gera\u00e7\u00e3o de c\u00f3digo de barras para pagamento, cadastro na Tarifa Social Baixa Renda, al\u00e9m de servi\u00e7os como cadastro de data certa e recebimento de faturas via WhatsApp ou e-mail. Tamb\u00e9m \u00e9 poss\u00edvel informar ocorr\u00eancias emergenciais, como situa\u00e7\u00f5es de risco \u00e0 vida, incluindo fios ca\u00eddos, inc\u00eandios na rede el\u00e9trica e acidentes com postes.<\/p>\n\n\n\n<p>Para quem prefere o atendimento por telefone, a Central 116 permanece operando ininterruptamente, inclusive durante o feriado, com liga\u00e7\u00e3o gratuita. O site oficial da Equatorial Maranh\u00e3o tamb\u00e9m funciona como uma ag\u00eancia virtual completa, reunindo diversos servi\u00e7os de forma pr\u00e1tica. J\u00e1 o aplicativo m\u00f3vel \u201cEquatorial Energia\u201d oferece uma alternativa leve e acess\u00edvel para atendimento direto pelo celular, bastando busc\u00e1-lo nas lojas de aplicativos.<\/p>\n\n\n\n<p>A Distribuidora refor\u00e7a que, mesmo com as altera\u00e7\u00f5es no atendimento presencial, todos os canais digitais seguem dispon\u00edveis para garantir suporte aos clientes durante o feriado.<\/p>\n","protected":false},"excerpt":{"rendered":"<p>Ag\u00eancias de atendimento presencial e postos do E+ Reciclagem estar\u00e3o fechados no feriado Nesta sexta-feira, 1\u00ba de maio de 2026, [&hellip;]<\/p>\n","protected":false},"author":2,"featured_media":0,"comment_status":"open","ping_status":"open","sticky":false,"template":"","format":"standard","meta":{"site-sidebar-layout":"default","site-content-layout":"","ast-site-content-layout":"default","site-content-style":"default","site-sidebar-style":"default","ast-global-header-display":"","ast-banner-title-visibility":"","ast-main-header-display":"","ast-hfb-above-header-display":"","ast-hfb-below-header-display":"","ast-hfb-mobile-header-display":"","site-post-title":"","ast-breadcrumbs-content":"","ast-featured-img":"","footer-sml-layout":"","ast-disable-related-posts":"","theme-transparent-header-meta":"","adv-header-id-meta":"","stick-header-meta":"","header-above-stick-meta":"","header-main-stick-meta":"","header-below-stick-meta":"","astra-migrate-meta-layouts":"default","ast-page-background-enabled":"default","ast-page-background-meta":{"desktop":{"background-color":"var(--ast-global-color-5)","background-image":"","background-repeat":"repeat","background-position":"center center","background-size":"auto","background-attachment":"scroll","background-type":"","background-media":"","overlay-type":"","overlay-color":"","overlay-opacity":"","overlay-gradient":""},"tablet":{"background-color":"","background-image":"","background-repeat":"repeat","background-position":"center center","background-size":"auto","background-attachment":"scroll","background-type":"","background-media":"","overlay-type":"","overlay-color":"","overlay-opacity":"","overlay-gradient":""},"mobile":{"background-color":"","background-image":"","background-repeat":"repeat","background-position":"center center","background-size":"auto","background-attachment":"scroll","background-type":"","background-media":"","overlay-type":"","overlay-color":"","overlay-opacity":"","overlay-gradient":""}},"ast-content-background-meta":{"desktop":{"background-color":"var(--ast-global-color-4)","background-image":"","background-repeat":"repeat","background-position":"center center","background-size":"auto","background-attachment":"scroll","background-type":"","background-media":"","overlay-type":"","overlay-color":"","overlay-opacity":"","overlay-gradient":""},"tablet":{"background-color":"var(--ast-global-color-4)","background-image":"","background-repeat":"repeat","background-position":"center center","background-size":"auto","background-attachment":"scroll","background-type":"","background-media":"","overlay-type":"","overlay-color":"","overlay-opacity":"","overlay-gradient":""},"mobile":{"background-color":"var(--ast-global-color-4)","background-image":"","background-repeat":"repeat","background-position":"center center","background-size":"auto","background-attachment":"scroll","background-type":"","background-media":"","overlay-type":"","overlay-color":"","overlay-opacity":"","overlay-gradient":""}},"footnotes":""},"categories":[1],"tags":[],"class_list":["post-157425","post","type-post","status-publish","format-standard","hentry","category-sem-categoria"],"yoast_head":"<!-- This site is optimized with the Yoast SEO plugin v26.6 - https:\/\/yoast.com\/wordpress\/plugins\/seo\/ -->\n<title>Saiba como ser\u00e1 o atendimento da Equatorial Maranh\u00e3o no feriado do Dia do Trabalhador nesta sexta-feira (1\u00ba) - Daniel Matos<\/title>\n<meta name=\"robots\" content=\"index, follow, max-snippet:-1, max-image-preview:large, max-video-preview:-1\" \/>\n<link rel=\"canonical\" href=\"https:\/\/www.blogsoestado.com\/danielmatos\/saiba-como-sera-o-atendimento-da-equatorial-maranhao-no-feriado-do-dia-do-trabalhador-nesta-sexta-feira-1o\/\" \/>\n<meta property=\"og:locale\" content=\"pt_BR\" \/>\n<meta property=\"og:type\" content=\"article\" \/>\n<meta property=\"og:title\" content=\"Saiba como ser\u00e1 o atendimento da Equatorial Maranh\u00e3o no feriado do Dia do Trabalhador nesta sexta-feira (1\u00ba) - Daniel Matos\" \/>\n<meta property=\"og:description\" content=\"Ag\u00eancias de atendimento presencial e postos do E+ Reciclagem estar\u00e3o fechados no feriado Nesta sexta-feira, 1\u00ba de maio de 2026, [&hellip;]\" \/>\n<meta property=\"og:url\" content=\"https:\/\/www.blogsoestado.com\/danielmatos\/saiba-como-sera-o-atendimento-da-equatorial-maranhao-no-feriado-do-dia-do-trabalhador-nesta-sexta-feira-1o\/\" \/>\n<meta property=\"og:site_name\" content=\"Daniel Matos\" \/>\n<meta property=\"article:published_time\" content=\"2026-04-29T14:01:21+00:00\" \/>\n<meta property=\"article:modified_time\" content=\"2026-04-29T14:01:25+00:00\" \/>\n<meta property=\"og:image\" content=\"https:\/\/www.blogsoestado.com\/danielmatos\/wp-content\/uploads\/sites\/2\/2026\/04\/1005504468.jpg\" \/>\n\t<meta property=\"og:image:width\" content=\"351\" \/>\n\t<meta property=\"og:image:height\" content=\"458\" \/>\n\t<meta property=\"og:image:type\" content=\"image\/jpeg\" \/>\n<meta name=\"author\" content=\"Daniel Matos\" \/>\n<meta name=\"twitter:card\" content=\"summary_large_image\" \/>\n<meta name=\"twitter:label1\" content=\"Escrito por\" \/>\n\t<meta name=\"twitter:data1\" content=\"Daniel Matos\" \/>\n\t<meta name=\"twitter:label2\" content=\"Est. tempo de leitura\" \/>\n\t<meta name=\"twitter:data2\" content=\"3 minutos\" \/>\n<script type=\"application\/ld+json\" class=\"yoast-schema-graph\">{\"@context\":\"https:\/\/schema.org\",\"@graph\":[{\"@type\":\"WebPage\",\"@id\":\"https:\/\/www.blogsoestado.com\/danielmatos\/saiba-como-sera-o-atendimento-da-equatorial-maranhao-no-feriado-do-dia-do-trabalhador-nesta-sexta-feira-1o\/\",\"url\":\"https:\/\/www.blogsoestado.com\/danielmatos\/saiba-como-sera-o-atendimento-da-equatorial-maranhao-no-feriado-do-dia-do-trabalhador-nesta-sexta-feira-1o\/\",\"name\":\"Saiba como ser\u00e1 o atendimento da Equatorial Maranh\u00e3o no feriado do Dia do Trabalhador nesta sexta-feira (1\u00ba) - Daniel Matos\",\"isPartOf\":{\"@id\":\"https:\/\/www.blogsoestado.com\/danielmatos\/#website\"},\"primaryImageOfPage\":{\"@id\":\"https:\/\/www.blogsoestado.com\/danielmatos\/saiba-como-sera-o-atendimento-da-equatorial-maranhao-no-feriado-do-dia-do-trabalhador-nesta-sexta-feira-1o\/#primaryimage\"},\"image\":{\"@id\":\"https:\/\/www.blogsoestado.com\/danielmatos\/saiba-como-sera-o-atendimento-da-equatorial-maranhao-no-feriado-do-dia-do-trabalhador-nesta-sexta-feira-1o\/#primaryimage\"},\"thumbnailUrl\":\"https:\/\/www.blogsoestado.com\/danielmatos\/wp-content\/uploads\/sites\/2\/2026\/04\/1005504468.jpg\",\"datePublished\":\"2026-04-29T14:01:21+00:00\",\"dateModified\":\"2026-04-29T14:01:25+00:00\",\"author\":{\"@id\":\"https:\/\/www.blogsoestado.com\/danielmatos\/#\/schema\/person\/9a209d407cd45631f131e1285b661bb0\"},\"breadcrumb\":{\"@id\":\"https:\/\/www.blogsoestado.com\/danielmatos\/saiba-como-sera-o-atendimento-da-equatorial-maranhao-no-feriado-do-dia-do-trabalhador-nesta-sexta-feira-1o\/#breadcrumb\"},\"inLanguage\":\"pt-BR\",\"potentialAction\":[{\"@type\":\"ReadAction\",\"target\":[\"https:\/\/www.blogsoestado.com\/danielmatos\/saiba-como-sera-o-atendimento-da-equatorial-maranhao-no-feriado-do-dia-do-trabalhador-nesta-sexta-feira-1o\/\"]}]},{\"@type\":\"ImageObject\",\"inLanguage\":\"pt-BR\",\"@id\":\"https:\/\/www.blogsoestado.com\/danielmatos\/saiba-como-sera-o-atendimento-da-equatorial-maranhao-no-feriado-do-dia-do-trabalhador-nesta-sexta-feira-1o\/#primaryimage\",\"url\":\"https:\/\/www.blogsoestado.com\/danielmatos\/wp-content\/uploads\/sites\/2\/2026\/04\/1005504468.jpg\",\"contentUrl\":\"https:\/\/www.blogsoestado.com\/danielmatos\/wp-content\/uploads\/sites\/2\/2026\/04\/1005504468.jpg\",\"width\":351,\"height\":458},{\"@type\":\"BreadcrumbList\",\"@id\":\"https:\/\/www.blogsoestado.com\/danielmatos\/saiba-como-sera-o-atendimento-da-equatorial-maranhao-no-feriado-do-dia-do-trabalhador-nesta-sexta-feira-1o\/#breadcrumb\",\"itemListElement\":[{\"@type\":\"ListItem\",\"position\":1,\"name\":\"In\u00edcio\",\"item\":\"https:\/\/www.blogsoestado.com\/danielmatos\/\"},{\"@type\":\"ListItem\",\"position\":2,\"name\":\"Saiba como ser\u00e1 o atendimento da Equatorial Maranh\u00e3o no feriado do Dia do Trabalhador nesta sexta-feira (1\u00ba)\"}]},{\"@type\":\"WebSite\",\"@id\":\"https:\/\/www.blogsoestado.com\/danielmatos\/#website\",\"url\":\"https:\/\/www.blogsoestado.com\/danielmatos\/\",\"name\":\"Daniel Matos\",\"description\":\"\",\"potentialAction\":[{\"@type\":\"SearchAction\",\"target\":{\"@type\":\"EntryPoint\",\"urlTemplate\":\"https:\/\/www.blogsoestado.com\/danielmatos\/?s={search_term_string}\"},\"query-input\":{\"@type\":\"PropertyValueSpecification\",\"valueRequired\":true,\"valueName\":\"search_term_string\"}}],\"inLanguage\":\"pt-BR\"},{\"@type\":\"Person\",\"@id\":\"https:\/\/www.blogsoestado.com\/danielmatos\/#\/schema\/person\/9a209d407cd45631f131e1285b661bb0\",\"name\":\"Daniel Matos\",\"image\":{\"@type\":\"ImageObject\",\"inLanguage\":\"pt-BR\",\"@id\":\"https:\/\/www.blogsoestado.com\/danielmatos\/#\/schema\/person\/image\/\",\"url\":\"https:\/\/secure.gravatar.com\/avatar\/2f26c36ee355da19a257f0dfef43952a2588b324ca35d6719e859fe338ac0392?s=96&d=mm&r=g\",\"contentUrl\":\"https:\/\/secure.gravatar.com\/avatar\/2f26c36ee355da19a257f0dfef43952a2588b324ca35d6719e859fe338ac0392?s=96&d=mm&r=g\",\"caption\":\"Daniel Matos\"},\"url\":\"https:\/\/www.blogsoestado.com\/danielmatos\/author\/danielmatos\/\"}]}<\/script>\n<!-- \/ Yoast SEO plugin. -->","yoast_head_json":{"title":"Saiba como ser\u00e1 o atendimento da Equatorial Maranh\u00e3o no feriado do Dia do Trabalhador nesta sexta-feira (1\u00ba) - Daniel Matos","robots":{"index":"index","follow":"follow","max-snippet":"max-snippet:-1","max-image-preview":"max-image-preview:large","max-video-preview":"max-video-preview:-1"},"canonical":"https:\/\/www.blogsoestado.com\/danielmatos\/saiba-como-sera-o-atendimento-da-equatorial-maranhao-no-feriado-do-dia-do-trabalhador-nesta-sexta-feira-1o\/","og_locale":"pt_BR","og_type":"article","og_title":"Saiba como ser\u00e1 o atendimento da Equatorial Maranh\u00e3o no feriado do Dia do Trabalhador nesta sexta-feira (1\u00ba) - Daniel Matos","og_description":"Ag\u00eancias de atendimento presencial e postos do E+ Reciclagem estar\u00e3o fechados no feriado Nesta sexta-feira, 1\u00ba de maio de 2026, [&hellip;]","og_url":"https:\/\/www.blogsoestado.com\/danielmatos\/saiba-como-sera-o-atendimento-da-equatorial-maranhao-no-feriado-do-dia-do-trabalhador-nesta-sexta-feira-1o\/","og_site_name":"Daniel Matos","article_published_time":"2026-04-29T14:01:21+00:00","article_modified_time":"2026-04-29T14:01:25+00:00","og_image":[{"width":351,"height":458,"url":"https:\/\/www.blogsoestado.com\/danielmatos\/wp-content\/uploads\/sites\/2\/2026\/04\/1005504468.jpg","type":"image\/jpeg"}],"author":"Daniel Matos","twitter_card":"summary_large_image","twitter_misc":{"Escrito por":"Daniel Matos","Est. tempo de leitura":"3 minutos"},"schema":{"@context":"https:\/\/schema.org","@graph":[{"@type":"WebPage","@id":"https:\/\/www.blogsoestado.com\/danielmatos\/saiba-como-sera-o-atendimento-da-equatorial-maranhao-no-feriado-do-dia-do-trabalhador-nesta-sexta-feira-1o\/","url":"https:\/\/www.blogsoestado.com\/danielmatos\/saiba-como-sera-o-atendimento-da-equatorial-maranhao-no-feriado-do-dia-do-trabalhador-nesta-sexta-feira-1o\/","name":"Saiba como ser\u00e1 o atendimento da Equatorial Maranh\u00e3o no feriado do Dia do Trabalhador nesta sexta-feira (1\u00ba) - Daniel Matos","isPartOf":{"@id":"https:\/\/www.blogsoestado.com\/danielmatos\/#website"},"primaryImageOfPage":{"@id":"https:\/\/www.blogsoestado.com\/danielmatos\/saiba-como-sera-o-atendimento-da-equatorial-maranhao-no-feriado-do-dia-do-trabalhador-nesta-sexta-feira-1o\/#primaryimage"},"image":{"@id":"https:\/\/www.blogsoestado.com\/danielmatos\/saiba-como-sera-o-atendimento-da-equatorial-maranhao-no-feriado-do-dia-do-trabalhador-nesta-sexta-feira-1o\/#primaryimage"},"thumbnailUrl":"https:\/\/www.blogsoestado.com\/danielmatos\/wp-content\/uploads\/sites\/2\/2026\/04\/1005504468.jpg","datePublished":"2026-04-29T14:01:21+00:00","dateModified":"2026-04-29T14:01:25+00:00","author":{"@id":"https:\/\/www.blogsoestado.com\/danielmatos\/#\/schema\/person\/9a209d407cd45631f131e1285b661bb0"},"breadcrumb":{"@id":"https:\/\/www.blogsoestado.com\/danielmatos\/saiba-como-sera-o-atendimento-da-equatorial-maranhao-no-feriado-do-dia-do-trabalhador-nesta-sexta-feira-1o\/#breadcrumb"},"inLanguage":"pt-BR","potentialAction":[{"@type":"ReadAction","target":["https:\/\/www.blogsoestado.com\/danielmatos\/saiba-como-sera-o-atendimento-da-equatorial-maranhao-no-feriado-do-dia-do-trabalhador-nesta-sexta-feira-1o\/"]}]},{"@type":"ImageObject","inLanguage":"pt-BR","@id":"https:\/\/www.blogsoestado.com\/danielmatos\/saiba-como-sera-o-atendimento-da-equatorial-maranhao-no-feriado-do-dia-do-trabalhador-nesta-sexta-feira-1o\/#primaryimage","url":"https:\/\/www.blogsoestado.com\/danielmatos\/wp-content\/uploads\/sites\/2\/2026\/04\/1005504468.jpg","contentUrl":"https:\/\/www.blogsoestado.com\/danielmatos\/wp-content\/uploads\/sites\/2\/2026\/04\/1005504468.jpg","width":351,"height":458},{"@type":"BreadcrumbList","@id":"https:\/\/www.blogsoestado.com\/danielmatos\/saiba-como-sera-o-atendimento-da-equatorial-maranhao-no-feriado-do-dia-do-trabalhador-nesta-sexta-feira-1o\/#breadcrumb","itemListElement":[{"@type":"ListItem","position":1,"name":"In\u00edcio","item":"https:\/\/www.blogsoestado.com\/danielmatos\/"},{"@type":"ListItem","position":2,"name":"Saiba como ser\u00e1 o atendimento da Equatorial Maranh\u00e3o no feriado do Dia do Trabalhador nesta sexta-feira (1\u00ba)"}]},{"@type":"WebSite","@id":"https:\/\/www.blogsoestado.com\/danielmatos\/#website","url":"https:\/\/www.blogsoestado.com\/danielmatos\/","name":"Daniel Matos","description":"","potentialAction":[{"@type":"SearchAction","target":{"@type":"EntryPoint","urlTemplate":"https:\/\/www.blogsoestado.com\/danielmatos\/?s={search_term_string}"},"query-input":{"@type":"PropertyValueSpecification","valueRequired":true,"valueName":"search_term_string"}}],"inLanguage":"pt-BR"},{"@type":"Person","@id":"https:\/\/www.blogsoestado.com\/danielmatos\/#\/schema\/person\/9a209d407cd45631f131e1285b661bb0","name":"Daniel Matos","image":{"@type":"ImageObject","inLanguage":"pt-BR","@id":"https:\/\/www.blogsoestado.com\/danielmatos\/#\/schema\/person\/image\/","url":"https:\/\/secure.gravatar.com\/avatar\/2f26c36ee355da19a257f0dfef43952a2588b324ca35d6719e859fe338ac0392?s=96&d=mm&r=g","contentUrl":"https:\/\/secure.gravatar.com\/avatar\/2f26c36ee355da19a257f0dfef43952a2588b324ca35d6719e859fe338ac0392?s=96&d=mm&r=g","caption":"Daniel Matos"},"url":"https:\/\/www.blogsoestado.com\/danielmatos\/author\/danielmatos\/"}]}},"jetpack_featured_media_url":"","_links":{"self":[{"href":"https:\/\/www.blogsoestado.com\/danielmatos\/wp-json\/wp\/v2\/posts\/157425","targetHints":{"allow":["GET"]}}],"collection":[{"href":"https:\/\/www.blogsoestado.com\/danielmatos\/wp-json\/wp\/v2\/posts"}],"about":[{"href":"https:\/\/www.blogsoestado.com\/danielmatos\/wp-json\/wp\/v2\/types\/post"}],"author":[{"embeddable":true,"href":"https:\/\/www.blogsoestado.com\/danielmatos\/wp-json\/wp\/v2\/users\/2"}],"replies":[{"embeddable":true,"href":"https:\/\/www.blogsoestado.com\/danielmatos\/wp-json\/wp\/v2\/comments?post=157425"}],"version-history":[{"count":1,"href":"https:\/\/www.blogsoestado.com\/danielmatos\/wp-json\/wp\/v2\/posts\/157425\/revisions"}],"predecessor-version":[{"id":157427,"href":"https:\/\/www.blogsoestado.com\/danielmatos\/wp-json\/wp\/v2\/posts\/157425\/revisions\/157427"}],"wp:attachment":[{"href":"https:\/\/www.blogsoestado.com\/danielmatos\/wp-json\/wp\/v2\/media?parent=157425"}],"wp:term":[{"taxonomy":"category","embeddable":true,"href":"https:\/\/www.blogsoestado.com\/danielmatos\/wp-json\/wp\/v2\/categories?post=157425"},{"taxonomy":"post_tag","embeddable":true,"href":"https:\/\/www.blogsoestado.com\/danielmatos\/wp-json\/wp\/v2\/tags?post=157425"}],"curies":[{"name":"wp","href":"https:\/\/api.w.org\/{rel}","templated":true}]}}