{"id":157460,"date":"2026-04-29T20:43:40","date_gmt":"2026-04-29T23:43:40","guid":{"rendered":"https:\/\/www.blogsoestado.com\/danielmatos\/?p=157460"},"modified":"2026-04-29T23:11:43","modified_gmt":"2026-04-30T02:11:43","slug":"grande-ato-na-zona-rural-de-sao-luis-reune-diversas-comunidades-e-amplia-apoio-a-pre-candidatura-de-orleans-brandao-na-capital","status":"publish","type":"post","link":"https:\/\/www.blogsoestado.com\/danielmatos\/grande-ato-na-zona-rural-de-sao-luis-reune-diversas-comunidades-e-amplia-apoio-a-pre-candidatura-de-orleans-brandao-na-capital\/","title":{"rendered":"Grande ato na Zona Rural de S\u00e3o Lu\u00eds re\u00fane diversas comunidades e amplia apoio \u00e0 pr\u00e9-candidatura de Orleans Brand\u00e3o na capital"},"content":{"rendered":"\n<figure class=\"wp-block-image aligncenter size-large\"><img fetchpriority=\"high\" decoding=\"async\" width=\"1024\" height=\"683\" src=\"https:\/\/www.blogsoestado.com\/danielmatos\/wp-content\/uploads\/sites\/2\/2026\/04\/1005507955-1024x683.jpg\" alt=\"\" class=\"wp-image-157461\" srcset=\"https:\/\/www.blogsoestado.com\/danielmatos\/wp-content\/uploads\/sites\/2\/2026\/04\/1005507955-1024x683.jpg 1024w, https:\/\/www.blogsoestado.com\/danielmatos\/wp-content\/uploads\/sites\/2\/2026\/04\/1005507955-300x200.jpg 300w, https:\/\/www.blogsoestado.com\/danielmatos\/wp-content\/uploads\/sites\/2\/2026\/04\/1005507955-768x512.jpg 768w, https:\/\/www.blogsoestado.com\/danielmatos\/wp-content\/uploads\/sites\/2\/2026\/04\/1005507955.jpg 1500w\" sizes=\"(max-width: 1024px) 100vw, 1024px\" \/><\/figure>\n\n\n\n<p>Comunidades da zona rural de S\u00e3o Lu\u00eds realizaram, na noite desta ter\u00e7a-feira (28), uma grande festa popular para receber o pr\u00e9-candidato ao Governo do Estado, Orleans Brand\u00e3o. Realizado na Arena do povoado Rio Grande, o evento reuniu um grande p\u00fablico, mobilizando diversas localidades da capital, entre elas Maracan\u00e3, Vila Nova Rep\u00fablica, Pedrinhas, Vila Sarney, Vila Esperan\u00e7a, Gapara, Tibiri, Cajueiro, Estiva, entre outras.<\/p>\n\n\n\n<p>O encontro foi intermediado pelo vereador Marlon Bot\u00e3o, jovem lideran\u00e7a de S\u00e3o Lu\u00eds que vem se destacando pela atua\u00e7\u00e3o em pol\u00edticas p\u00fablicas voltadas \u00e0 cultura, \u00e0 inclus\u00e3o social e \u00e0 mobilidade urbana. O apoio das comunidades da zona rural fortalece ainda mais o movimento de ades\u00e3o que se expande por diversas regi\u00f5es da capital maranhense, evidenciando o avan\u00e7o da pr\u00e9-candidatura de Orleans Brand\u00e3o em S\u00e3o Lu\u00eds.<\/p>\n\n\n\n<figure class=\"wp-block-image aligncenter size-large\"><img decoding=\"async\" width=\"1024\" height=\"683\" src=\"https:\/\/www.blogsoestado.com\/danielmatos\/wp-content\/uploads\/sites\/2\/2026\/04\/1005507940-1024x683.jpg\" alt=\"\" class=\"wp-image-157462\" srcset=\"https:\/\/www.blogsoestado.com\/danielmatos\/wp-content\/uploads\/sites\/2\/2026\/04\/1005507940-1024x683.jpg 1024w, https:\/\/www.blogsoestado.com\/danielmatos\/wp-content\/uploads\/sites\/2\/2026\/04\/1005507940-300x200.jpg 300w, https:\/\/www.blogsoestado.com\/danielmatos\/wp-content\/uploads\/sites\/2\/2026\/04\/1005507940-768x512.jpg 768w, https:\/\/www.blogsoestado.com\/danielmatos\/wp-content\/uploads\/sites\/2\/2026\/04\/1005507940.jpg 1500w\" sizes=\"(max-width: 1024px) 100vw, 1024px\" \/><\/figure>\n\n\n\n<p>Na ocasi\u00e3o, Orleans destacou a alegria de ser recebido pelos moradores da zona rural e reiterou sua disposi\u00e7\u00e3o de ouvir as demandas das comunidades para a constru\u00e7\u00e3o de seu plano de governo, a fim de poder levar solu\u00e7\u00f5es concretas a essas \u00e1reas da capital, em sua maioria desassistidas pelo poder municipal.<\/p>\n\n\n\n<p><strong><mark style=\"color:#cf2e2e\" class=\"has-inline-color\">Clique <a href=\"https:\/\/youtube.com\/shorts\/83ufoWXcRJo?feature=shared\">aqui<\/a> e <a href=\"https:\/\/youtu.be\/y5aOkj771iY?feature=shared\">aqui<\/a> e assista aos v\u00eddeos.<\/mark><\/strong><\/p>\n\n\n\n<p>\u201cNosso compromisso nasce da escuta. Cada encontro como esse fortalece ainda mais a nossa responsabilidade de buscar solu\u00e7\u00f5es reais para as comunidades. Saio daqui com a certeza de que precisamos avan\u00e7ar e com a determina\u00e7\u00e3o de garantir melhorias para todas as comunidades da zona rural de S\u00e3o Lu\u00eds\u201d, afirmou Orleans Brand\u00e3o.<\/p>\n\n\n\n<p>O vereador Marlon Bot\u00e3o ressaltou o papel essencial da zona rural para o desenvolvimento de S\u00e3o Lu\u00eds e defendeu a amplia\u00e7\u00e3o das pol\u00edticas p\u00fablicas para essas comunidades. Segundo ele, \u00e9 fundamental garantir que os investimentos cheguem a todas as regi\u00f5es do munic\u00edpio.<\/p>\n\n\n\n<figure class=\"wp-block-image aligncenter size-large\"><img decoding=\"async\" width=\"1024\" height=\"683\" src=\"https:\/\/www.blogsoestado.com\/danielmatos\/wp-content\/uploads\/sites\/2\/2026\/04\/1005508030-1024x683.jpg\" alt=\"\" class=\"wp-image-157465\" srcset=\"https:\/\/www.blogsoestado.com\/danielmatos\/wp-content\/uploads\/sites\/2\/2026\/04\/1005508030-1024x683.jpg 1024w, https:\/\/www.blogsoestado.com\/danielmatos\/wp-content\/uploads\/sites\/2\/2026\/04\/1005508030-300x200.jpg 300w, https:\/\/www.blogsoestado.com\/danielmatos\/wp-content\/uploads\/sites\/2\/2026\/04\/1005508030-768x512.jpg 768w, https:\/\/www.blogsoestado.com\/danielmatos\/wp-content\/uploads\/sites\/2\/2026\/04\/1005508030.jpg 1500w\" sizes=\"(max-width: 1024px) 100vw, 1024px\" \/><\/figure>\n\n\n\n<p>\u201cA nossa cidade come\u00e7a na zona rural. Por isso, \u00e9 essencial que as pol\u00edticas p\u00fablicas cheguem at\u00e9 aqui e alcancem os quatro cantos de S\u00e3o Lu\u00eds. Sabemos que isso \u00e9 poss\u00edvel com um jovem como Orleans Brand\u00e3o, que est\u00e1 preparado para construir dias melhores para a nossa cidade e para todo o Maranh\u00e3o\u201d, afirmou o parlamentar.<\/p>\n\n\n\n<p>Antes do grande ato na Arena do povoado Rio Grande, Orleans visitou a sede do Boi de Maracan\u00e3, ocasi\u00e3o em que foi recebido pelos filhos do Mestre Humberto, Ribinha e Maria, atual presidente do grupo. No local, conversou com moradores da comunidade e refor\u00e7ou seu compromisso em valorizar as manifesta\u00e7\u00f5es culturais maranhenses.<\/p>\n\n\n\n<p>\u201c\u00c9 uma grande honra visitar a sede do Boi de Maracan\u00e3 e ser recebido com tanto carinho. Sou um grande admirador da<br>nossa cultura, dos nossos bois, e n\u00e3o tenham d\u00favida de que vamos planejar grandes a\u00e7\u00f5es para valorizar ainda mais nossas manifesta\u00e7\u00f5es e tradi\u00e7\u00f5es\u201d, disse.<\/p>\n\n\n\n<figure class=\"wp-block-image aligncenter size-large\"><img loading=\"lazy\" decoding=\"async\" width=\"683\" height=\"1024\" src=\"https:\/\/www.blogsoestado.com\/danielmatos\/wp-content\/uploads\/sites\/2\/2026\/04\/1005507930-683x1024.jpg\" alt=\"\" class=\"wp-image-157463\" srcset=\"https:\/\/www.blogsoestado.com\/danielmatos\/wp-content\/uploads\/sites\/2\/2026\/04\/1005507930-683x1024.jpg 683w, https:\/\/www.blogsoestado.com\/danielmatos\/wp-content\/uploads\/sites\/2\/2026\/04\/1005507930-200x300.jpg 200w, https:\/\/www.blogsoestado.com\/danielmatos\/wp-content\/uploads\/sites\/2\/2026\/04\/1005507930-768x1152.jpg 768w, https:\/\/www.blogsoestado.com\/danielmatos\/wp-content\/uploads\/sites\/2\/2026\/04\/1005507930.jpg 1000w\" sizes=\"(max-width: 683px) 100vw, 683px\" \/><\/figure>\n\n\n\n<p>Ribinha e Maria de Maracan\u00e3 se dispuseram a alinhar poss\u00edveis melhorias em favor das dan\u00e7as de bumba meu boi e de contribu\u00edrem com na composi\u00e7\u00e3o do plano de governo de Orleans. &#8220;As portas do nosso barrac\u00e3o estar\u00e3o sempre abertas, e foi uma honra receb\u00ea-lo em nossa sede, esse lugar sagrado para todos n\u00f3s. A fam\u00edlia Boi de Maracan\u00e3 agradece a visita e o interesse em se apresentar para conversarmos sobre a nossa cultura e import\u00e2ncia de mais iniciativas na \u00e1rea\u201d, declarou Maria de Maracan\u00e3.<\/p>\n\n\n\n<p><em><strong>Lideran\u00e7as cat\u00f3licas<\/strong><\/em><\/p>\n\n\n\n<p>Ainda na zona rural, Orleans participou tamb\u00e9m de um encontro com lideran\u00e7as cat\u00f3licas da Par\u00f3quia de S\u00e3o Jos\u00e9 dos Migrantes, na Vila Itamar, em mais um momento de escuta de demandas, marcado pelo apoio de diversas lideran\u00e7as com atua\u00e7\u00e3o direta na comunidade.<\/p>\n\n\n\n<figure class=\"wp-block-image aligncenter size-large\"><img loading=\"lazy\" decoding=\"async\" width=\"1024\" height=\"683\" src=\"https:\/\/www.blogsoestado.com\/danielmatos\/wp-content\/uploads\/sites\/2\/2026\/04\/1005507947-1024x683.jpg\" alt=\"\" class=\"wp-image-157464\" srcset=\"https:\/\/www.blogsoestado.com\/danielmatos\/wp-content\/uploads\/sites\/2\/2026\/04\/1005507947-1024x683.jpg 1024w, https:\/\/www.blogsoestado.com\/danielmatos\/wp-content\/uploads\/sites\/2\/2026\/04\/1005507947-300x200.jpg 300w, https:\/\/www.blogsoestado.com\/danielmatos\/wp-content\/uploads\/sites\/2\/2026\/04\/1005507947-768x512.jpg 768w, https:\/\/www.blogsoestado.com\/danielmatos\/wp-content\/uploads\/sites\/2\/2026\/04\/1005507947.jpg 1500w\" sizes=\"(max-width: 1024px) 100vw, 1024px\" \/><\/figure>\n\n\n\n<p>Presente ao ato, a moradora do Rio Grande, Cord\u00e9lia S\u00e1, destacou a car\u00eancia hist\u00f3rica de aten\u00e7\u00e3o do poder municipal com a comunidade, afirmando que a regi\u00e3o nunca recebeu o cuidado necess\u00e1rio. \u201cA realidade do Rio Grande \u00e9 de abandono. S\u00e3o problemas antigos que continuam sem solu\u00e7\u00e3o, principalmente ruas em condi\u00e7\u00f5es prec\u00e1rias e o transporte, que \u00e9 um sofrimento di\u00e1rio. Estou confiante de que Orleans possa olhar para a nossa comunidade\u201d, afirmou.<\/p>\n\n\n\n<p><\/p>\n","protected":false},"excerpt":{"rendered":"<p>Comunidades da zona rural de S\u00e3o Lu\u00eds realizaram, na noite desta ter\u00e7a-feira (28), uma grande festa popular para receber o [&hellip;]<\/p>\n","protected":false},"author":2,"featured_media":0,"comment_status":"open","ping_status":"open","sticky":false,"template":"","format":"standard","meta":{"site-sidebar-layout":"default","site-content-layout":"","ast-site-content-layout":"default","site-content-style":"default","site-sidebar-style":"default","ast-global-header-display":"","ast-banner-title-visibility":"","ast-main-header-display":"","ast-hfb-above-header-display":"","ast-hfb-below-header-display":"","ast-hfb-mobile-header-display":"","site-post-title":"","ast-breadcrumbs-content":"","ast-featured-img":"","footer-sml-layout":"","ast-disable-related-posts":"","theme-transparent-header-meta":"","adv-header-id-meta":"","stick-header-meta":"","header-above-stick-meta":"","header-main-stick-meta":"","header-below-stick-meta":"","astra-migrate-meta-layouts":"default","ast-page-background-enabled":"default","ast-page-background-meta":{"desktop":{"background-color":"var(--ast-global-color-5)","background-image":"","background-repeat":"repeat","background-position":"center center","background-size":"auto","background-attachment":"scroll","background-type":"","background-media":"","overlay-type":"","overlay-color":"","overlay-opacity":"","overlay-gradient":""},"tablet":{"background-color":"","background-image":"","background-repeat":"repeat","background-position":"center center","background-size":"auto","background-attachment":"scroll","background-type":"","background-media":"","overlay-type":"","overlay-color":"","overlay-opacity":"","overlay-gradient":""},"mobile":{"background-color":"","background-image":"","background-repeat":"repeat","background-position":"center center","background-size":"auto","background-attachment":"scroll","background-type":"","background-media":"","overlay-type":"","overlay-color":"","overlay-opacity":"","overlay-gradient":""}},"ast-content-background-meta":{"desktop":{"background-color":"var(--ast-global-color-4)","background-image":"","background-repeat":"repeat","background-position":"center center","background-size":"auto","background-attachment":"scroll","background-type":"","background-media":"","overlay-type":"","overlay-color":"","overlay-opacity":"","overlay-gradient":""},"tablet":{"background-color":"var(--ast-global-color-4)","background-image":"","background-repeat":"repeat","background-position":"center center","background-size":"auto","background-attachment":"scroll","background-type":"","background-media":"","overlay-type":"","overlay-color":"","overlay-opacity":"","overlay-gradient":""},"mobile":{"background-color":"var(--ast-global-color-4)","background-image":"","background-repeat":"repeat","background-position":"center center","background-size":"auto","background-attachment":"scroll","background-type":"","background-media":"","overlay-type":"","overlay-color":"","overlay-opacity":"","overlay-gradient":""}},"footnotes":""},"categories":[1],"tags":[],"class_list":["post-157460","post","type-post","status-publish","format-standard","hentry","category-sem-categoria"],"yoast_head":"<!-- This site is optimized with the Yoast SEO plugin v26.6 - https:\/\/yoast.com\/wordpress\/plugins\/seo\/ -->\n<title>Grande ato na Zona Rural de S\u00e3o Lu\u00eds re\u00fane diversas comunidades e amplia apoio \u00e0 pr\u00e9-candidatura de Orleans Brand\u00e3o na capital - Daniel Matos<\/title>\n<meta name=\"robots\" content=\"index, follow, max-snippet:-1, max-image-preview:large, max-video-preview:-1\" \/>\n<link rel=\"canonical\" href=\"https:\/\/www.blogsoestado.com\/danielmatos\/grande-ato-na-zona-rural-de-sao-luis-reune-diversas-comunidades-e-amplia-apoio-a-pre-candidatura-de-orleans-brandao-na-capital\/\" \/>\n<meta property=\"og:locale\" content=\"pt_BR\" \/>\n<meta property=\"og:type\" content=\"article\" \/>\n<meta property=\"og:title\" content=\"Grande ato na Zona Rural de S\u00e3o Lu\u00eds re\u00fane diversas comunidades e amplia apoio \u00e0 pr\u00e9-candidatura de Orleans Brand\u00e3o na capital - Daniel Matos\" \/>\n<meta property=\"og:description\" content=\"Comunidades da zona rural de S\u00e3o Lu\u00eds realizaram, na noite desta ter\u00e7a-feira (28), uma grande festa popular para receber o [&hellip;]\" \/>\n<meta property=\"og:url\" content=\"https:\/\/www.blogsoestado.com\/danielmatos\/grande-ato-na-zona-rural-de-sao-luis-reune-diversas-comunidades-e-amplia-apoio-a-pre-candidatura-de-orleans-brandao-na-capital\/\" \/>\n<meta property=\"og:site_name\" content=\"Daniel Matos\" \/>\n<meta property=\"article:published_time\" content=\"2026-04-29T23:43:40+00:00\" \/>\n<meta property=\"article:modified_time\" content=\"2026-04-30T02:11:43+00:00\" \/>\n<meta property=\"og:image\" content=\"https:\/\/www.blogsoestado.com\/danielmatos\/wp-content\/uploads\/sites\/2\/2026\/04\/1005507955.jpg\" \/>\n\t<meta property=\"og:image:width\" content=\"1500\" \/>\n\t<meta property=\"og:image:height\" content=\"1000\" \/>\n\t<meta property=\"og:image:type\" content=\"image\/jpeg\" \/>\n<meta name=\"author\" content=\"Daniel Matos\" \/>\n<meta name=\"twitter:card\" content=\"summary_large_image\" \/>\n<meta name=\"twitter:label1\" content=\"Escrito por\" \/>\n\t<meta name=\"twitter:data1\" content=\"Daniel Matos\" \/>\n\t<meta name=\"twitter:label2\" content=\"Est. tempo de leitura\" \/>\n\t<meta name=\"twitter:data2\" content=\"5 minutos\" \/>\n<script type=\"application\/ld+json\" class=\"yoast-schema-graph\">{\"@context\":\"https:\/\/schema.org\",\"@graph\":[{\"@type\":\"WebPage\",\"@id\":\"https:\/\/www.blogsoestado.com\/danielmatos\/grande-ato-na-zona-rural-de-sao-luis-reune-diversas-comunidades-e-amplia-apoio-a-pre-candidatura-de-orleans-brandao-na-capital\/\",\"url\":\"https:\/\/www.blogsoestado.com\/danielmatos\/grande-ato-na-zona-rural-de-sao-luis-reune-diversas-comunidades-e-amplia-apoio-a-pre-candidatura-de-orleans-brandao-na-capital\/\",\"name\":\"Grande ato na Zona Rural de S\u00e3o Lu\u00eds re\u00fane diversas comunidades e amplia apoio \u00e0 pr\u00e9-candidatura de Orleans Brand\u00e3o na capital - Daniel Matos\",\"isPartOf\":{\"@id\":\"https:\/\/www.blogsoestado.com\/danielmatos\/#website\"},\"primaryImageOfPage\":{\"@id\":\"https:\/\/www.blogsoestado.com\/danielmatos\/grande-ato-na-zona-rural-de-sao-luis-reune-diversas-comunidades-e-amplia-apoio-a-pre-candidatura-de-orleans-brandao-na-capital\/#primaryimage\"},\"image\":{\"@id\":\"https:\/\/www.blogsoestado.com\/danielmatos\/grande-ato-na-zona-rural-de-sao-luis-reune-diversas-comunidades-e-amplia-apoio-a-pre-candidatura-de-orleans-brandao-na-capital\/#primaryimage\"},\"thumbnailUrl\":\"https:\/\/www.blogsoestado.com\/danielmatos\/wp-content\/uploads\/sites\/2\/2026\/04\/1005507955-1024x683.jpg\",\"datePublished\":\"2026-04-29T23:43:40+00:00\",\"dateModified\":\"2026-04-30T02:11:43+00:00\",\"author\":{\"@id\":\"https:\/\/www.blogsoestado.com\/danielmatos\/#\/schema\/person\/9a209d407cd45631f131e1285b661bb0\"},\"breadcrumb\":{\"@id\":\"https:\/\/www.blogsoestado.com\/danielmatos\/grande-ato-na-zona-rural-de-sao-luis-reune-diversas-comunidades-e-amplia-apoio-a-pre-candidatura-de-orleans-brandao-na-capital\/#breadcrumb\"},\"inLanguage\":\"pt-BR\",\"potentialAction\":[{\"@type\":\"ReadAction\",\"target\":[\"https:\/\/www.blogsoestado.com\/danielmatos\/grande-ato-na-zona-rural-de-sao-luis-reune-diversas-comunidades-e-amplia-apoio-a-pre-candidatura-de-orleans-brandao-na-capital\/\"]}]},{\"@type\":\"ImageObject\",\"inLanguage\":\"pt-BR\",\"@id\":\"https:\/\/www.blogsoestado.com\/danielmatos\/grande-ato-na-zona-rural-de-sao-luis-reune-diversas-comunidades-e-amplia-apoio-a-pre-candidatura-de-orleans-brandao-na-capital\/#primaryimage\",\"url\":\"https:\/\/www.blogsoestado.com\/danielmatos\/wp-content\/uploads\/sites\/2\/2026\/04\/1005507955.jpg\",\"contentUrl\":\"https:\/\/www.blogsoestado.com\/danielmatos\/wp-content\/uploads\/sites\/2\/2026\/04\/1005507955.jpg\",\"width\":1500,\"height\":1000},{\"@type\":\"BreadcrumbList\",\"@id\":\"https:\/\/www.blogsoestado.com\/danielmatos\/grande-ato-na-zona-rural-de-sao-luis-reune-diversas-comunidades-e-amplia-apoio-a-pre-candidatura-de-orleans-brandao-na-capital\/#breadcrumb\",\"itemListElement\":[{\"@type\":\"ListItem\",\"position\":1,\"name\":\"In\u00edcio\",\"item\":\"https:\/\/www.blogsoestado.com\/danielmatos\/\"},{\"@type\":\"ListItem\",\"position\":2,\"name\":\"Grande ato na Zona Rural de S\u00e3o Lu\u00eds re\u00fane diversas comunidades e amplia apoio \u00e0 pr\u00e9-candidatura de Orleans Brand\u00e3o na capital\"}]},{\"@type\":\"WebSite\",\"@id\":\"https:\/\/www.blogsoestado.com\/danielmatos\/#website\",\"url\":\"https:\/\/www.blogsoestado.com\/danielmatos\/\",\"name\":\"Daniel Matos\",\"description\":\"\",\"potentialAction\":[{\"@type\":\"SearchAction\",\"target\":{\"@type\":\"EntryPoint\",\"urlTemplate\":\"https:\/\/www.blogsoestado.com\/danielmatos\/?s={search_term_string}\"},\"query-input\":{\"@type\":\"PropertyValueSpecification\",\"valueRequired\":true,\"valueName\":\"search_term_string\"}}],\"inLanguage\":\"pt-BR\"},{\"@type\":\"Person\",\"@id\":\"https:\/\/www.blogsoestado.com\/danielmatos\/#\/schema\/person\/9a209d407cd45631f131e1285b661bb0\",\"name\":\"Daniel Matos\",\"image\":{\"@type\":\"ImageObject\",\"inLanguage\":\"pt-BR\",\"@id\":\"https:\/\/www.blogsoestado.com\/danielmatos\/#\/schema\/person\/image\/\",\"url\":\"https:\/\/secure.gravatar.com\/avatar\/2f26c36ee355da19a257f0dfef43952a2588b324ca35d6719e859fe338ac0392?s=96&d=mm&r=g\",\"contentUrl\":\"https:\/\/secure.gravatar.com\/avatar\/2f26c36ee355da19a257f0dfef43952a2588b324ca35d6719e859fe338ac0392?s=96&d=mm&r=g\",\"caption\":\"Daniel Matos\"},\"url\":\"https:\/\/www.blogsoestado.com\/danielmatos\/author\/danielmatos\/\"}]}<\/script>\n<!-- \/ Yoast SEO plugin. -->","yoast_head_json":{"title":"Grande ato na Zona Rural de S\u00e3o Lu\u00eds re\u00fane diversas comunidades e amplia apoio \u00e0 pr\u00e9-candidatura de Orleans Brand\u00e3o na capital - Daniel Matos","robots":{"index":"index","follow":"follow","max-snippet":"max-snippet:-1","max-image-preview":"max-image-preview:large","max-video-preview":"max-video-preview:-1"},"canonical":"https:\/\/www.blogsoestado.com\/danielmatos\/grande-ato-na-zona-rural-de-sao-luis-reune-diversas-comunidades-e-amplia-apoio-a-pre-candidatura-de-orleans-brandao-na-capital\/","og_locale":"pt_BR","og_type":"article","og_title":"Grande ato na Zona Rural de S\u00e3o Lu\u00eds re\u00fane diversas comunidades e amplia apoio \u00e0 pr\u00e9-candidatura de Orleans Brand\u00e3o na capital - Daniel Matos","og_description":"Comunidades da zona rural de S\u00e3o Lu\u00eds realizaram, na noite desta ter\u00e7a-feira (28), uma grande festa popular para receber o [&hellip;]","og_url":"https:\/\/www.blogsoestado.com\/danielmatos\/grande-ato-na-zona-rural-de-sao-luis-reune-diversas-comunidades-e-amplia-apoio-a-pre-candidatura-de-orleans-brandao-na-capital\/","og_site_name":"Daniel Matos","article_published_time":"2026-04-29T23:43:40+00:00","article_modified_time":"2026-04-30T02:11:43+00:00","og_image":[{"width":1500,"height":1000,"url":"https:\/\/www.blogsoestado.com\/danielmatos\/wp-content\/uploads\/sites\/2\/2026\/04\/1005507955.jpg","type":"image\/jpeg"}],"author":"Daniel Matos","twitter_card":"summary_large_image","twitter_misc":{"Escrito por":"Daniel Matos","Est. tempo de leitura":"5 minutos"},"schema":{"@context":"https:\/\/schema.org","@graph":[{"@type":"WebPage","@id":"https:\/\/www.blogsoestado.com\/danielmatos\/grande-ato-na-zona-rural-de-sao-luis-reune-diversas-comunidades-e-amplia-apoio-a-pre-candidatura-de-orleans-brandao-na-capital\/","url":"https:\/\/www.blogsoestado.com\/danielmatos\/grande-ato-na-zona-rural-de-sao-luis-reune-diversas-comunidades-e-amplia-apoio-a-pre-candidatura-de-orleans-brandao-na-capital\/","name":"Grande ato na Zona Rural de S\u00e3o Lu\u00eds re\u00fane diversas comunidades e amplia apoio \u00e0 pr\u00e9-candidatura de Orleans Brand\u00e3o na capital - Daniel Matos","isPartOf":{"@id":"https:\/\/www.blogsoestado.com\/danielmatos\/#website"},"primaryImageOfPage":{"@id":"https:\/\/www.blogsoestado.com\/danielmatos\/grande-ato-na-zona-rural-de-sao-luis-reune-diversas-comunidades-e-amplia-apoio-a-pre-candidatura-de-orleans-brandao-na-capital\/#primaryimage"},"image":{"@id":"https:\/\/www.blogsoestado.com\/danielmatos\/grande-ato-na-zona-rural-de-sao-luis-reune-diversas-comunidades-e-amplia-apoio-a-pre-candidatura-de-orleans-brandao-na-capital\/#primaryimage"},"thumbnailUrl":"https:\/\/www.blogsoestado.com\/danielmatos\/wp-content\/uploads\/sites\/2\/2026\/04\/1005507955-1024x683.jpg","datePublished":"2026-04-29T23:43:40+00:00","dateModified":"2026-04-30T02:11:43+00:00","author":{"@id":"https:\/\/www.blogsoestado.com\/danielmatos\/#\/schema\/person\/9a209d407cd45631f131e1285b661bb0"},"breadcrumb":{"@id":"https:\/\/www.blogsoestado.com\/danielmatos\/grande-ato-na-zona-rural-de-sao-luis-reune-diversas-comunidades-e-amplia-apoio-a-pre-candidatura-de-orleans-brandao-na-capital\/#breadcrumb"},"inLanguage":"pt-BR","potentialAction":[{"@type":"ReadAction","target":["https:\/\/www.blogsoestado.com\/danielmatos\/grande-ato-na-zona-rural-de-sao-luis-reune-diversas-comunidades-e-amplia-apoio-a-pre-candidatura-de-orleans-brandao-na-capital\/"]}]},{"@type":"ImageObject","inLanguage":"pt-BR","@id":"https:\/\/www.blogsoestado.com\/danielmatos\/grande-ato-na-zona-rural-de-sao-luis-reune-diversas-comunidades-e-amplia-apoio-a-pre-candidatura-de-orleans-brandao-na-capital\/#primaryimage","url":"https:\/\/www.blogsoestado.com\/danielmatos\/wp-content\/uploads\/sites\/2\/2026\/04\/1005507955.jpg","contentUrl":"https:\/\/www.blogsoestado.com\/danielmatos\/wp-content\/uploads\/sites\/2\/2026\/04\/1005507955.jpg","width":1500,"height":1000},{"@type":"BreadcrumbList","@id":"https:\/\/www.blogsoestado.com\/danielmatos\/grande-ato-na-zona-rural-de-sao-luis-reune-diversas-comunidades-e-amplia-apoio-a-pre-candidatura-de-orleans-brandao-na-capital\/#breadcrumb","itemListElement":[{"@type":"ListItem","position":1,"name":"In\u00edcio","item":"https:\/\/www.blogsoestado.com\/danielmatos\/"},{"@type":"ListItem","position":2,"name":"Grande ato na Zona Rural de S\u00e3o Lu\u00eds re\u00fane diversas comunidades e amplia apoio \u00e0 pr\u00e9-candidatura de Orleans Brand\u00e3o na capital"}]},{"@type":"WebSite","@id":"https:\/\/www.blogsoestado.com\/danielmatos\/#website","url":"https:\/\/www.blogsoestado.com\/danielmatos\/","name":"Daniel Matos","description":"","potentialAction":[{"@type":"SearchAction","target":{"@type":"EntryPoint","urlTemplate":"https:\/\/www.blogsoestado.com\/danielmatos\/?s={search_term_string}"},"query-input":{"@type":"PropertyValueSpecification","valueRequired":true,"valueName":"search_term_string"}}],"inLanguage":"pt-BR"},{"@type":"Person","@id":"https:\/\/www.blogsoestado.com\/danielmatos\/#\/schema\/person\/9a209d407cd45631f131e1285b661bb0","name":"Daniel Matos","image":{"@type":"ImageObject","inLanguage":"pt-BR","@id":"https:\/\/www.blogsoestado.com\/danielmatos\/#\/schema\/person\/image\/","url":"https:\/\/secure.gravatar.com\/avatar\/2f26c36ee355da19a257f0dfef43952a2588b324ca35d6719e859fe338ac0392?s=96&d=mm&r=g","contentUrl":"https:\/\/secure.gravatar.com\/avatar\/2f26c36ee355da19a257f0dfef43952a2588b324ca35d6719e859fe338ac0392?s=96&d=mm&r=g","caption":"Daniel Matos"},"url":"https:\/\/www.blogsoestado.com\/danielmatos\/author\/danielmatos\/"}]}},"jetpack_featured_media_url":"","_links":{"self":[{"href":"https:\/\/www.blogsoestado.com\/danielmatos\/wp-json\/wp\/v2\/posts\/157460","targetHints":{"allow":["GET"]}}],"collection":[{"href":"https:\/\/www.blogsoestado.com\/danielmatos\/wp-json\/wp\/v2\/posts"}],"about":[{"href":"https:\/\/www.blogsoestado.com\/danielmatos\/wp-json\/wp\/v2\/types\/post"}],"author":[{"embeddable":true,"href":"https:\/\/www.blogsoestado.com\/danielmatos\/wp-json\/wp\/v2\/users\/2"}],"replies":[{"embeddable":true,"href":"https:\/\/www.blogsoestado.com\/danielmatos\/wp-json\/wp\/v2\/comments?post=157460"}],"version-history":[{"count":2,"href":"https:\/\/www.blogsoestado.com\/danielmatos\/wp-json\/wp\/v2\/posts\/157460\/revisions"}],"predecessor-version":[{"id":157468,"href":"https:\/\/www.blogsoestado.com\/danielmatos\/wp-json\/wp\/v2\/posts\/157460\/revisions\/157468"}],"wp:attachment":[{"href":"https:\/\/www.blogsoestado.com\/danielmatos\/wp-json\/wp\/v2\/media?parent=157460"}],"wp:term":[{"taxonomy":"category","embeddable":true,"href":"https:\/\/www.blogsoestado.com\/danielmatos\/wp-json\/wp\/v2\/categories?post=157460"},{"taxonomy":"post_tag","embeddable":true,"href":"https:\/\/www.blogsoestado.com\/danielmatos\/wp-json\/wp\/v2\/tags?post=157460"}],"curies":[{"name":"wp","href":"https:\/\/api.w.org\/{rel}","templated":true}]}}