{"id":157469,"date":"2026-04-30T00:51:13","date_gmt":"2026-04-30T03:51:13","guid":{"rendered":"https:\/\/www.blogsoestado.com\/danielmatos\/?p=157469"},"modified":"2026-04-30T00:51:16","modified_gmt":"2026-04-30T03:51:16","slug":"projeto-fonte-de-futuro-do-instituto-brk-amplia-acesso-a-agua-tratada-em-escolas-e-reforca-agenda-de-saneamento-no-maranhao","status":"publish","type":"post","link":"https:\/\/www.blogsoestado.com\/danielmatos\/projeto-fonte-de-futuro-do-instituto-brk-amplia-acesso-a-agua-tratada-em-escolas-e-reforca-agenda-de-saneamento-no-maranhao\/","title":{"rendered":"Projeto \u201cFonte de Futuro\u201d, do Instituto BRK, amplia acesso \u00e0 \u00e1gua tratada em escolas e refor\u00e7a agenda de saneamento no Maranh\u00e3o"},"content":{"rendered":"\n<p><strong><mark style=\"color:#cf2e2e\" class=\"has-inline-color\">Iniciativa chega a mais uma escola maranhense em solenidade com presen\u00e7a de representantes da ONU e do Trata Brasil<\/mark><\/strong><\/p>\n\n\n\n<figure class=\"wp-block-image aligncenter size-large\"><img fetchpriority=\"high\" decoding=\"async\" width=\"1024\" height=\"683\" src=\"https:\/\/www.blogsoestado.com\/danielmatos\/wp-content\/uploads\/sites\/2\/2026\/04\/1005509229-1024x683.jpg\" alt=\"\" class=\"wp-image-157470\" srcset=\"https:\/\/www.blogsoestado.com\/danielmatos\/wp-content\/uploads\/sites\/2\/2026\/04\/1005509229-1024x683.jpg 1024w, https:\/\/www.blogsoestado.com\/danielmatos\/wp-content\/uploads\/sites\/2\/2026\/04\/1005509229-300x200.jpg 300w, https:\/\/www.blogsoestado.com\/danielmatos\/wp-content\/uploads\/sites\/2\/2026\/04\/1005509229-768x512.jpg 768w, https:\/\/www.blogsoestado.com\/danielmatos\/wp-content\/uploads\/sites\/2\/2026\/04\/1005509229.jpg 1368w\" sizes=\"(max-width: 1024px) 100vw, 1024px\" \/><figcaption class=\"wp-element-caption\">O CEO da BRK, Alexandre Thiollier, conversando com os alunos da Escola Municipal Bernardo S\u00e9rgio da Cunha sobre a import\u00e2ncia da \u00e1gua tratada<\/figcaption><\/figure>\n\n\n\n<p>A expans\u00e3o do Projeto Fonte de Futuro, iniciativa do Instituto BRK e Zurich Seguros, com apoio de parceiros, avan\u00e7a como um dos exemplos mais consistentes de interven\u00e7\u00e3o privada com impacto direto em sa\u00fade e educa\u00e7\u00e3o.<\/p>\n\n\n\n<p>A Escola Municipal Bernardo S\u00e9rgio da Cunha, localizada no bairro Bom Jardim, zona rural de S\u00e3o Jos\u00e9 de Ribamar (MA), foi mais uma escola maranhense beneficiada com o projeto. A solenidade que marcou a implanta\u00e7\u00e3o do Fonte de Futuro na unidade aconteceu nesta \u00faltima ter\u00e7a-feira (28) e reuniu autoridades municipais, al\u00e9m de lideran\u00e7as institucionais e especialistas do setor, incluindo o CEO da BRK, Alexandre Thiollier; o presidente do Instituto BRK, Carlos Almiro; a diretora da BRK Maranh\u00e3o, Sandra Leal; e a gerente de Rela\u00e7\u00f5es Institucionais e Comunica\u00e7\u00e3o do Instituto Trata Brasil, Cintia Torquetto.<\/p>\n\n\n\n<figure class=\"wp-block-image aligncenter size-large\"><img decoding=\"async\" width=\"1024\" height=\"683\" src=\"https:\/\/www.blogsoestado.com\/danielmatos\/wp-content\/uploads\/sites\/2\/2026\/04\/1005509231-1024x683.jpg\" alt=\"\" class=\"wp-image-157471\" srcset=\"https:\/\/www.blogsoestado.com\/danielmatos\/wp-content\/uploads\/sites\/2\/2026\/04\/1005509231-1024x683.jpg 1024w, https:\/\/www.blogsoestado.com\/danielmatos\/wp-content\/uploads\/sites\/2\/2026\/04\/1005509231-300x200.jpg 300w, https:\/\/www.blogsoestado.com\/danielmatos\/wp-content\/uploads\/sites\/2\/2026\/04\/1005509231-768x512.jpg 768w, https:\/\/www.blogsoestado.com\/danielmatos\/wp-content\/uploads\/sites\/2\/2026\/04\/1005509231.jpg 1368w\" sizes=\"(max-width: 1024px) 100vw, 1024px\" \/><figcaption class=\"wp-element-caption\">O aluno do sexto ano, Willian Levy, escreveu e declamou um cordel em agradecimento<\/figcaption><\/figure>\n\n\n\n<p>A equipe de documentaristas da Organiza\u00e7\u00e3o das Na\u00e7\u00f5es Unidas (ONU), que produz o filme \u201cAgenda 2030\u201d sobre iniciativas de impacto social, tamb\u00e9m esteve presente. O projeto Fonte de Futuro foi inclu\u00eddo no document\u00e1rio como um case de sucesso. Segundo Pedro Saad, integrante da equipe e embaixador do ODS 17 da ONU no Brasil, \u201cainda h\u00e1 cerca de 38 mil escolas sem \u00e1gua pot\u00e1vel no pa\u00eds, uma realidade que precisamos mudar\u201d.<\/p>\n\n\n\n<p><strong>AMPLIA\u00c7\u00c3O DO FONTE DE FUTURO<\/strong><\/p>\n\n\n\n<p>Com mais essa escola contemplada, a expans\u00e3o do projeto eleva para 52 o n\u00famero de institui\u00e7\u00f5es atendidas pelo Fonte de Futuro em todo o pa\u00eds, sendo 10 no Maranh\u00e3o, em Pa\u00e7o do Lumiar e S\u00e3o Jos\u00e9 de Ribamar.<\/p>\n\n\n\n<figure class=\"wp-block-image aligncenter size-large\"><img decoding=\"async\" width=\"1024\" height=\"683\" src=\"https:\/\/www.blogsoestado.com\/danielmatos\/wp-content\/uploads\/sites\/2\/2026\/04\/1005509232-1024x683.jpg\" alt=\"\" class=\"wp-image-157472\" srcset=\"https:\/\/www.blogsoestado.com\/danielmatos\/wp-content\/uploads\/sites\/2\/2026\/04\/1005509232-1024x683.jpg 1024w, https:\/\/www.blogsoestado.com\/danielmatos\/wp-content\/uploads\/sites\/2\/2026\/04\/1005509232-300x200.jpg 300w, https:\/\/www.blogsoestado.com\/danielmatos\/wp-content\/uploads\/sites\/2\/2026\/04\/1005509232-768x512.jpg 768w, https:\/\/www.blogsoestado.com\/danielmatos\/wp-content\/uploads\/sites\/2\/2026\/04\/1005509232.jpg 1368w\" sizes=\"(max-width: 1024px) 100vw, 1024px\" \/><figcaption class=\"wp-element-caption\">O brinde dos alunos com a \u00e1gua pot\u00e1vel na sede da escola na zona rural de Ribamar<\/figcaption><\/figure>\n\n\n\n<p>O projeto \u00e9 voltado a comunidades sem acesso \u00e0 rede p\u00fablica de abastecimento de \u00e1gua, e que est\u00e3o fora da \u00e1rea de atua\u00e7\u00e3o direta da concession\u00e1ria. Combina o fornecimento gratuito de \u00e1gua pot\u00e1vel tratada com a\u00e7\u00f5es estruturadas de educa\u00e7\u00e3o ambiental \u2014 uma abordagem que dialoga com metas da Agenda 2030 da ONU, especialmente nos eixos de sa\u00fade, educa\u00e7\u00e3o e acesso \u00e0 \u00e1gua.<\/p>\n\n\n\n<p>Para o prefeito de S\u00e3o Jos\u00e9 de Ribamar, Dr. Julinho, o impacto vai al\u00e9m da infraestrutura: \u201cOs benef\u00edcios desse projeto s\u00e3o fabulosos e a BRK MA e o Instituto BRK est\u00e3o de parab\u00e9ns por esse investimento, que garante sa\u00fade e dignidade. A BRK tem sido uma excelente parceira para o nosso munic\u00edpio\u201d.<\/p>\n\n\n\n<figure class=\"wp-block-image aligncenter size-large\"><img loading=\"lazy\" decoding=\"async\" width=\"1024\" height=\"683\" src=\"https:\/\/www.blogsoestado.com\/danielmatos\/wp-content\/uploads\/sites\/2\/2026\/04\/1005509233-1024x683.jpg\" alt=\"\" class=\"wp-image-157473\" srcset=\"https:\/\/www.blogsoestado.com\/danielmatos\/wp-content\/uploads\/sites\/2\/2026\/04\/1005509233-1024x683.jpg 1024w, https:\/\/www.blogsoestado.com\/danielmatos\/wp-content\/uploads\/sites\/2\/2026\/04\/1005509233-300x200.jpg 300w, https:\/\/www.blogsoestado.com\/danielmatos\/wp-content\/uploads\/sites\/2\/2026\/04\/1005509233-768x512.jpg 768w, https:\/\/www.blogsoestado.com\/danielmatos\/wp-content\/uploads\/sites\/2\/2026\/04\/1005509233.jpg 1368w\" sizes=\"(max-width: 1024px) 100vw, 1024px\" \/><figcaption class=\"wp-element-caption\">Time BRK envolvido na implanta\u00e7\u00e3o do projeto Fonte de Futuro na Escola Municipal Bernardo S\u00e9rgio da Cunha, em S\u00e3o Jos\u00e9 de Ribamar<\/figcaption><\/figure>\n\n\n\n<p>Segundo Carlos Almiro, presidente do Instituto BRK, a iniciativa \u00e9 fruto de m\u00faltiplas articula\u00e7\u00f5es e ajuda a mudar vidas: \u201cEsse projeto \u00e9 uma iniciativa do Instituto BRK e da Zurich Seguradora, viabilizado com parcerias importantes de empresas patrocinadoras, do Pacto Global da ONU e das prefeituras, e engloba o esfor\u00e7o de muitos para transformar a realidade no pa\u00eds. Sem acesso \u00e0 \u00e1gua pot\u00e1vel n\u00e3o h\u00e1 desenvolvimento educacional pleno. O Fonte de Futuro proporciona mais sa\u00fade, mais qualidade de educa\u00e7\u00e3o e um futuro melhor para os jovens brasileiros. Dados do Trata Brasil mostram que, em escolas onde n\u00e3o h\u00e1 \u00e1gua tratada, o atraso escolar \u00e9 da ordem de 1,8 anos\u201d.<\/p>\n\n\n\n<p>O reconhecimento nacional e internacional comprova a relev\u00e2ncia do projeto. O Fonte de Futuro foi eleito o melhor projeto de impacto social do Brasil pelo GRI Infra Awards 2025. Sandra Leal, diretora da BRK Maranh\u00e3o, refor\u00e7a que esse reconhecimento fortalece a amplia\u00e7\u00e3o do projeto: \u201cFicamos muito felizes em poder contribuir com a sa\u00fade e o desenvolvimento escolar de centenas de alunos maranhenses, al\u00e9m de professores e servidores, em mais uma escola beneficiada com o Fonte de Futuro. E ter uma equipe da ONU aqui, reconhecendo todo o nosso trabalho, al\u00e9m da presen\u00e7a do Instituto Trata Brasil \u2014 que \u00e9 uma entidade de refer\u00eancia nacional na \u00e1rea de saneamento \u2014, com todos elogiando a BRK e o projeto, \u00e9 um grande incentivo\u201d.<\/p>\n\n\n\n<figure class=\"wp-block-image aligncenter size-large\"><img loading=\"lazy\" decoding=\"async\" width=\"1024\" height=\"683\" src=\"https:\/\/www.blogsoestado.com\/danielmatos\/wp-content\/uploads\/sites\/2\/2026\/04\/1005509235-1024x683.jpg\" alt=\"\" class=\"wp-image-157474\" srcset=\"https:\/\/www.blogsoestado.com\/danielmatos\/wp-content\/uploads\/sites\/2\/2026\/04\/1005509235-1024x683.jpg 1024w, https:\/\/www.blogsoestado.com\/danielmatos\/wp-content\/uploads\/sites\/2\/2026\/04\/1005509235-300x200.jpg 300w, https:\/\/www.blogsoestado.com\/danielmatos\/wp-content\/uploads\/sites\/2\/2026\/04\/1005509235-768x512.jpg 768w, https:\/\/www.blogsoestado.com\/danielmatos\/wp-content\/uploads\/sites\/2\/2026\/04\/1005509235.jpg 1368w\" sizes=\"(max-width: 1024px) 100vw, 1024px\" \/><figcaption class=\"wp-element-caption\">A felicidade dos alunos com a chegada da \u00e1gua tratada na escola<\/figcaption><\/figure>\n\n\n\n<p>Ana de Jesus, gestora da Escola Municipal Bernardo S\u00e9rgio da Cunha, comemora a diminui\u00e7\u00e3o do absente\u00edsmo com a chegada do projeto e ressalta a rela\u00e7\u00e3o direta entre acesso \u00e0 \u00e1gua tratada e desempenho escolar: \u201cEsse projeto traz seguran\u00e7a h\u00eddrica para a nossa escola e vai ajudar a diminuir a evas\u00e3o escolar por doen\u00e7as causadas pela contamina\u00e7\u00e3o da \u00e1gua. Antes, t\u00ednhamos muitos alunos que faltavam \u00e0s aulas por conta de diarreias\u201d. <\/p>\n\n\n\n<p>O secret\u00e1rio municipal de Meio Ambiente, Carlos Eug\u00eanio, completa: \u201cEsse \u00e9 um projeto muito salutar, pois trata da base da sociedade, que \u00e9 a educa\u00e7\u00e3o, e traz dignidade aos alunos, professores e familiares dessa escola\u201d.<\/p>\n\n\n\n<figure class=\"wp-block-image aligncenter size-large\"><img loading=\"lazy\" decoding=\"async\" width=\"1024\" height=\"768\" src=\"https:\/\/www.blogsoestado.com\/danielmatos\/wp-content\/uploads\/sites\/2\/2026\/04\/1005509237-1024x768.jpg\" alt=\"\" class=\"wp-image-157475\" srcset=\"https:\/\/www.blogsoestado.com\/danielmatos\/wp-content\/uploads\/sites\/2\/2026\/04\/1005509237-1024x768.jpg 1024w, https:\/\/www.blogsoestado.com\/danielmatos\/wp-content\/uploads\/sites\/2\/2026\/04\/1005509237-300x225.jpg 300w, https:\/\/www.blogsoestado.com\/danielmatos\/wp-content\/uploads\/sites\/2\/2026\/04\/1005509237-768x576.jpg 768w, https:\/\/www.blogsoestado.com\/danielmatos\/wp-content\/uploads\/sites\/2\/2026\/04\/1005509237.jpg 1280w\" sizes=\"(max-width: 1024px) 100vw, 1024px\" \/><figcaption class=\"wp-element-caption\">Equipe da BRK MA que testou e aprovou a qualidade da \u00e1gua na escola<\/figcaption><\/figure>\n\n\n\n<p>O aluno do sexto ano, Willian Levy, traduziu o impacto do projeto em forma de cordel, que ele declamou em agradecimento a todos que viabilizaram o Fonte de Futuro em sua escola: \u201cPe\u00e7o licen\u00e7a a todos para um verso aqui tra\u00e7ar, pois a nossa escola hoje tem motivos para festejar, com a chegada dessa \u00e1gua, que vem para nos renovar. O progresso aqui chegou e a sa\u00fade se firmou, com a BRK e a Prefeitura que o tratamento implantou. A \u00e1gua pura na torneira \u00e9 direito e dever, traz sa\u00fade pra crian\u00e7a e ajuda a gente a crescer. Na zona rural vivemos, com orgulho e com valor; e receber esse cuidado nos traz muito mais vigor\u201d, concluiu o aluno.<\/p>\n\n\n\n<p><strong>BRK NO MARANH\u00c3O: 10 ANOS DE AVAN\u00c7OS E MAIS INVESTIMENTOS PREVISTOS<\/strong><\/p>\n\n\n\n<p>O saneamento b\u00e1sico segue como um dos principais desafios estruturais do pa\u00eds. No Maranh\u00e3o, nos dois munic\u00edpios atendidos pela BRK, h\u00e1 previs\u00e3o de mais investimentos para melhorias nos servi\u00e7os de \u00e1gua e esgotamento sanit\u00e1rio.<\/p>\n\n\n\n<figure class=\"wp-block-image aligncenter size-large\"><img loading=\"lazy\" decoding=\"async\" width=\"1024\" height=\"813\" src=\"https:\/\/www.blogsoestado.com\/danielmatos\/wp-content\/uploads\/sites\/2\/2026\/04\/1005509239-1024x813.jpg\" alt=\"\" class=\"wp-image-157476\" srcset=\"https:\/\/www.blogsoestado.com\/danielmatos\/wp-content\/uploads\/sites\/2\/2026\/04\/1005509239-1024x813.jpg 1024w, https:\/\/www.blogsoestado.com\/danielmatos\/wp-content\/uploads\/sites\/2\/2026\/04\/1005509239-300x238.jpg 300w, https:\/\/www.blogsoestado.com\/danielmatos\/wp-content\/uploads\/sites\/2\/2026\/04\/1005509239-768x610.jpg 768w, https:\/\/www.blogsoestado.com\/danielmatos\/wp-content\/uploads\/sites\/2\/2026\/04\/1005509239.jpg 1149w\" sizes=\"(max-width: 1024px) 100vw, 1024px\" \/><figcaption class=\"wp-element-caption\">Inaugura\u00e7\u00e3o oficial do Projeto Fonte de Futuro com o secret\u00e1rio municipal de Meio Ambiente, Carlos Eug\u00eanio; Sandra Leal (BRK MA); a gestora da escola Ana de Jesus; o prefeito de Ribamar Dr. Julinho; o CEO da BRK Alexandre Thiollier; e Pedro Saad (Pacto Global da ONU)<\/figcaption><\/figure>\n\n\n\n<p>O CEO da BRK, Alexandre Thiollier, destacou os avan\u00e7os j\u00e1 alcan\u00e7ados em dez anos de opera\u00e7\u00e3o da BRK no Estado, como concession\u00e1ria de \u00e1gua e esgotamento sanit\u00e1rio em Pa\u00e7o do Lumiar e S\u00e3o Jos\u00e9 de Ribamar: \u201cTemos muito orgulho do trabalho que fazemos nessas duas cidades maranhenses, que j\u00e1 contam com uma cobertura de \u00e1gua de 95% e de esgotamento sanit\u00e1rio chegando a 45% da popula\u00e7\u00e3o. N\u00f3s sabemos que \u00e1gua pot\u00e1vel e esgotamento sanit\u00e1rio s\u00e3o mais que infraestrutura, s\u00e3o sin\u00f4nimos de sa\u00fade e de dignidade para a popula\u00e7\u00e3o. O saneamento demanda investimentos cont\u00ednuos na opera\u00e7\u00e3o e a BRK n\u00e3o tem medido esfor\u00e7os para avan\u00e7ar ainda mais nesses dois munic\u00edpios maranhenses\u201d, destacou o CEO Alexandre Thiollier.<\/p>\n","protected":false},"excerpt":{"rendered":"<p>Iniciativa chega a mais uma escola maranhense em solenidade com presen\u00e7a de representantes da ONU e do Trata Brasil A [&hellip;]<\/p>\n","protected":false},"author":2,"featured_media":0,"comment_status":"open","ping_status":"open","sticky":false,"template":"","format":"standard","meta":{"site-sidebar-layout":"default","site-content-layout":"","ast-site-content-layout":"default","site-content-style":"default","site-sidebar-style":"default","ast-global-header-display":"","ast-banner-title-visibility":"","ast-main-header-display":"","ast-hfb-above-header-display":"","ast-hfb-below-header-display":"","ast-hfb-mobile-header-display":"","site-post-title":"","ast-breadcrumbs-content":"","ast-featured-img":"","footer-sml-layout":"","ast-disable-related-posts":"","theme-transparent-header-meta":"","adv-header-id-meta":"","stick-header-meta":"","header-above-stick-meta":"","header-main-stick-meta":"","header-below-stick-meta":"","astra-migrate-meta-layouts":"default","ast-page-background-enabled":"default","ast-page-background-meta":{"desktop":{"background-color":"var(--ast-global-color-5)","background-image":"","background-repeat":"repeat","background-position":"center center","background-size":"auto","background-attachment":"scroll","background-type":"","background-media":"","overlay-type":"","overlay-color":"","overlay-opacity":"","overlay-gradient":""},"tablet":{"background-color":"","background-image":"","background-repeat":"repeat","background-position":"center center","background-size":"auto","background-attachment":"scroll","background-type":"","background-media":"","overlay-type":"","overlay-color":"","overlay-opacity":"","overlay-gradient":""},"mobile":{"background-color":"","background-image":"","background-repeat":"repeat","background-position":"center center","background-size":"auto","background-attachment":"scroll","background-type":"","background-media":"","overlay-type":"","overlay-color":"","overlay-opacity":"","overlay-gradient":""}},"ast-content-background-meta":{"desktop":{"background-color":"var(--ast-global-color-4)","background-image":"","background-repeat":"repeat","background-position":"center center","background-size":"auto","background-attachment":"scroll","background-type":"","background-media":"","overlay-type":"","overlay-color":"","overlay-opacity":"","overlay-gradient":""},"tablet":{"background-color":"var(--ast-global-color-4)","background-image":"","background-repeat":"repeat","background-position":"center center","background-size":"auto","background-attachment":"scroll","background-type":"","background-media":"","overlay-type":"","overlay-color":"","overlay-opacity":"","overlay-gradient":""},"mobile":{"background-color":"var(--ast-global-color-4)","background-image":"","background-repeat":"repeat","background-position":"center center","background-size":"auto","background-attachment":"scroll","background-type":"","background-media":"","overlay-type":"","overlay-color":"","overlay-opacity":"","overlay-gradient":""}},"footnotes":""},"categories":[1],"tags":[],"class_list":["post-157469","post","type-post","status-publish","format-standard","hentry","category-sem-categoria"],"yoast_head":"<!-- This site is optimized with the Yoast SEO plugin v26.6 - https:\/\/yoast.com\/wordpress\/plugins\/seo\/ -->\n<title>Projeto \u201cFonte de Futuro\u201d, do Instituto BRK, amplia acesso \u00e0 \u00e1gua tratada em escolas e refor\u00e7a agenda de saneamento no Maranh\u00e3o - Daniel Matos<\/title>\n<meta name=\"robots\" content=\"index, follow, max-snippet:-1, max-image-preview:large, max-video-preview:-1\" \/>\n<link rel=\"canonical\" href=\"https:\/\/www.blogsoestado.com\/danielmatos\/projeto-fonte-de-futuro-do-instituto-brk-amplia-acesso-a-agua-tratada-em-escolas-e-reforca-agenda-de-saneamento-no-maranhao\/\" \/>\n<meta property=\"og:locale\" content=\"pt_BR\" \/>\n<meta property=\"og:type\" content=\"article\" \/>\n<meta property=\"og:title\" content=\"Projeto \u201cFonte de Futuro\u201d, do Instituto BRK, amplia acesso \u00e0 \u00e1gua tratada em escolas e refor\u00e7a agenda de saneamento no Maranh\u00e3o - Daniel Matos\" \/>\n<meta property=\"og:description\" content=\"Iniciativa chega a mais uma escola maranhense em solenidade com presen\u00e7a de representantes da ONU e do Trata Brasil A [&hellip;]\" \/>\n<meta property=\"og:url\" content=\"https:\/\/www.blogsoestado.com\/danielmatos\/projeto-fonte-de-futuro-do-instituto-brk-amplia-acesso-a-agua-tratada-em-escolas-e-reforca-agenda-de-saneamento-no-maranhao\/\" \/>\n<meta property=\"og:site_name\" content=\"Daniel Matos\" \/>\n<meta property=\"article:published_time\" content=\"2026-04-30T03:51:13+00:00\" \/>\n<meta property=\"article:modified_time\" content=\"2026-04-30T03:51:16+00:00\" \/>\n<meta property=\"og:image\" content=\"https:\/\/www.blogsoestado.com\/danielmatos\/wp-content\/uploads\/sites\/2\/2026\/04\/1005509229.jpg\" \/>\n\t<meta property=\"og:image:width\" content=\"1368\" \/>\n\t<meta property=\"og:image:height\" content=\"912\" \/>\n\t<meta property=\"og:image:type\" content=\"image\/jpeg\" \/>\n<meta name=\"author\" content=\"Daniel Matos\" \/>\n<meta name=\"twitter:card\" content=\"summary_large_image\" \/>\n<meta name=\"twitter:label1\" content=\"Escrito por\" \/>\n\t<meta name=\"twitter:data1\" content=\"Daniel Matos\" \/>\n\t<meta name=\"twitter:label2\" content=\"Est. tempo de leitura\" \/>\n\t<meta name=\"twitter:data2\" content=\"8 minutos\" \/>\n<script type=\"application\/ld+json\" class=\"yoast-schema-graph\">{\"@context\":\"https:\/\/schema.org\",\"@graph\":[{\"@type\":\"WebPage\",\"@id\":\"https:\/\/www.blogsoestado.com\/danielmatos\/projeto-fonte-de-futuro-do-instituto-brk-amplia-acesso-a-agua-tratada-em-escolas-e-reforca-agenda-de-saneamento-no-maranhao\/\",\"url\":\"https:\/\/www.blogsoestado.com\/danielmatos\/projeto-fonte-de-futuro-do-instituto-brk-amplia-acesso-a-agua-tratada-em-escolas-e-reforca-agenda-de-saneamento-no-maranhao\/\",\"name\":\"Projeto \u201cFonte de Futuro\u201d, do Instituto BRK, amplia acesso \u00e0 \u00e1gua tratada em escolas e refor\u00e7a agenda de saneamento no Maranh\u00e3o - Daniel Matos\",\"isPartOf\":{\"@id\":\"https:\/\/www.blogsoestado.com\/danielmatos\/#website\"},\"primaryImageOfPage\":{\"@id\":\"https:\/\/www.blogsoestado.com\/danielmatos\/projeto-fonte-de-futuro-do-instituto-brk-amplia-acesso-a-agua-tratada-em-escolas-e-reforca-agenda-de-saneamento-no-maranhao\/#primaryimage\"},\"image\":{\"@id\":\"https:\/\/www.blogsoestado.com\/danielmatos\/projeto-fonte-de-futuro-do-instituto-brk-amplia-acesso-a-agua-tratada-em-escolas-e-reforca-agenda-de-saneamento-no-maranhao\/#primaryimage\"},\"thumbnailUrl\":\"https:\/\/www.blogsoestado.com\/danielmatos\/wp-content\/uploads\/sites\/2\/2026\/04\/1005509229-1024x683.jpg\",\"datePublished\":\"2026-04-30T03:51:13+00:00\",\"dateModified\":\"2026-04-30T03:51:16+00:00\",\"author\":{\"@id\":\"https:\/\/www.blogsoestado.com\/danielmatos\/#\/schema\/person\/9a209d407cd45631f131e1285b661bb0\"},\"breadcrumb\":{\"@id\":\"https:\/\/www.blogsoestado.com\/danielmatos\/projeto-fonte-de-futuro-do-instituto-brk-amplia-acesso-a-agua-tratada-em-escolas-e-reforca-agenda-de-saneamento-no-maranhao\/#breadcrumb\"},\"inLanguage\":\"pt-BR\",\"potentialAction\":[{\"@type\":\"ReadAction\",\"target\":[\"https:\/\/www.blogsoestado.com\/danielmatos\/projeto-fonte-de-futuro-do-instituto-brk-amplia-acesso-a-agua-tratada-em-escolas-e-reforca-agenda-de-saneamento-no-maranhao\/\"]}]},{\"@type\":\"ImageObject\",\"inLanguage\":\"pt-BR\",\"@id\":\"https:\/\/www.blogsoestado.com\/danielmatos\/projeto-fonte-de-futuro-do-instituto-brk-amplia-acesso-a-agua-tratada-em-escolas-e-reforca-agenda-de-saneamento-no-maranhao\/#primaryimage\",\"url\":\"https:\/\/www.blogsoestado.com\/danielmatos\/wp-content\/uploads\/sites\/2\/2026\/04\/1005509229.jpg\",\"contentUrl\":\"https:\/\/www.blogsoestado.com\/danielmatos\/wp-content\/uploads\/sites\/2\/2026\/04\/1005509229.jpg\",\"width\":1368,\"height\":912},{\"@type\":\"BreadcrumbList\",\"@id\":\"https:\/\/www.blogsoestado.com\/danielmatos\/projeto-fonte-de-futuro-do-instituto-brk-amplia-acesso-a-agua-tratada-em-escolas-e-reforca-agenda-de-saneamento-no-maranhao\/#breadcrumb\",\"itemListElement\":[{\"@type\":\"ListItem\",\"position\":1,\"name\":\"In\u00edcio\",\"item\":\"https:\/\/www.blogsoestado.com\/danielmatos\/\"},{\"@type\":\"ListItem\",\"position\":2,\"name\":\"Projeto \u201cFonte de Futuro\u201d, do Instituto BRK, amplia acesso \u00e0 \u00e1gua tratada em escolas e refor\u00e7a agenda de saneamento no Maranh\u00e3o\"}]},{\"@type\":\"WebSite\",\"@id\":\"https:\/\/www.blogsoestado.com\/danielmatos\/#website\",\"url\":\"https:\/\/www.blogsoestado.com\/danielmatos\/\",\"name\":\"Daniel Matos\",\"description\":\"\",\"potentialAction\":[{\"@type\":\"SearchAction\",\"target\":{\"@type\":\"EntryPoint\",\"urlTemplate\":\"https:\/\/www.blogsoestado.com\/danielmatos\/?s={search_term_string}\"},\"query-input\":{\"@type\":\"PropertyValueSpecification\",\"valueRequired\":true,\"valueName\":\"search_term_string\"}}],\"inLanguage\":\"pt-BR\"},{\"@type\":\"Person\",\"@id\":\"https:\/\/www.blogsoestado.com\/danielmatos\/#\/schema\/person\/9a209d407cd45631f131e1285b661bb0\",\"name\":\"Daniel Matos\",\"image\":{\"@type\":\"ImageObject\",\"inLanguage\":\"pt-BR\",\"@id\":\"https:\/\/www.blogsoestado.com\/danielmatos\/#\/schema\/person\/image\/\",\"url\":\"https:\/\/secure.gravatar.com\/avatar\/2f26c36ee355da19a257f0dfef43952a2588b324ca35d6719e859fe338ac0392?s=96&d=mm&r=g\",\"contentUrl\":\"https:\/\/secure.gravatar.com\/avatar\/2f26c36ee355da19a257f0dfef43952a2588b324ca35d6719e859fe338ac0392?s=96&d=mm&r=g\",\"caption\":\"Daniel Matos\"},\"url\":\"https:\/\/www.blogsoestado.com\/danielmatos\/author\/danielmatos\/\"}]}<\/script>\n<!-- \/ Yoast SEO plugin. -->","yoast_head_json":{"title":"Projeto \u201cFonte de Futuro\u201d, do Instituto BRK, amplia acesso \u00e0 \u00e1gua tratada em escolas e refor\u00e7a agenda de saneamento no Maranh\u00e3o - Daniel Matos","robots":{"index":"index","follow":"follow","max-snippet":"max-snippet:-1","max-image-preview":"max-image-preview:large","max-video-preview":"max-video-preview:-1"},"canonical":"https:\/\/www.blogsoestado.com\/danielmatos\/projeto-fonte-de-futuro-do-instituto-brk-amplia-acesso-a-agua-tratada-em-escolas-e-reforca-agenda-de-saneamento-no-maranhao\/","og_locale":"pt_BR","og_type":"article","og_title":"Projeto \u201cFonte de Futuro\u201d, do Instituto BRK, amplia acesso \u00e0 \u00e1gua tratada em escolas e refor\u00e7a agenda de saneamento no Maranh\u00e3o - Daniel Matos","og_description":"Iniciativa chega a mais uma escola maranhense em solenidade com presen\u00e7a de representantes da ONU e do Trata Brasil A [&hellip;]","og_url":"https:\/\/www.blogsoestado.com\/danielmatos\/projeto-fonte-de-futuro-do-instituto-brk-amplia-acesso-a-agua-tratada-em-escolas-e-reforca-agenda-de-saneamento-no-maranhao\/","og_site_name":"Daniel Matos","article_published_time":"2026-04-30T03:51:13+00:00","article_modified_time":"2026-04-30T03:51:16+00:00","og_image":[{"width":1368,"height":912,"url":"https:\/\/www.blogsoestado.com\/danielmatos\/wp-content\/uploads\/sites\/2\/2026\/04\/1005509229.jpg","type":"image\/jpeg"}],"author":"Daniel Matos","twitter_card":"summary_large_image","twitter_misc":{"Escrito por":"Daniel Matos","Est. tempo de leitura":"8 minutos"},"schema":{"@context":"https:\/\/schema.org","@graph":[{"@type":"WebPage","@id":"https:\/\/www.blogsoestado.com\/danielmatos\/projeto-fonte-de-futuro-do-instituto-brk-amplia-acesso-a-agua-tratada-em-escolas-e-reforca-agenda-de-saneamento-no-maranhao\/","url":"https:\/\/www.blogsoestado.com\/danielmatos\/projeto-fonte-de-futuro-do-instituto-brk-amplia-acesso-a-agua-tratada-em-escolas-e-reforca-agenda-de-saneamento-no-maranhao\/","name":"Projeto \u201cFonte de Futuro\u201d, do Instituto BRK, amplia acesso \u00e0 \u00e1gua tratada em escolas e refor\u00e7a agenda de saneamento no Maranh\u00e3o - Daniel Matos","isPartOf":{"@id":"https:\/\/www.blogsoestado.com\/danielmatos\/#website"},"primaryImageOfPage":{"@id":"https:\/\/www.blogsoestado.com\/danielmatos\/projeto-fonte-de-futuro-do-instituto-brk-amplia-acesso-a-agua-tratada-em-escolas-e-reforca-agenda-de-saneamento-no-maranhao\/#primaryimage"},"image":{"@id":"https:\/\/www.blogsoestado.com\/danielmatos\/projeto-fonte-de-futuro-do-instituto-brk-amplia-acesso-a-agua-tratada-em-escolas-e-reforca-agenda-de-saneamento-no-maranhao\/#primaryimage"},"thumbnailUrl":"https:\/\/www.blogsoestado.com\/danielmatos\/wp-content\/uploads\/sites\/2\/2026\/04\/1005509229-1024x683.jpg","datePublished":"2026-04-30T03:51:13+00:00","dateModified":"2026-04-30T03:51:16+00:00","author":{"@id":"https:\/\/www.blogsoestado.com\/danielmatos\/#\/schema\/person\/9a209d407cd45631f131e1285b661bb0"},"breadcrumb":{"@id":"https:\/\/www.blogsoestado.com\/danielmatos\/projeto-fonte-de-futuro-do-instituto-brk-amplia-acesso-a-agua-tratada-em-escolas-e-reforca-agenda-de-saneamento-no-maranhao\/#breadcrumb"},"inLanguage":"pt-BR","potentialAction":[{"@type":"ReadAction","target":["https:\/\/www.blogsoestado.com\/danielmatos\/projeto-fonte-de-futuro-do-instituto-brk-amplia-acesso-a-agua-tratada-em-escolas-e-reforca-agenda-de-saneamento-no-maranhao\/"]}]},{"@type":"ImageObject","inLanguage":"pt-BR","@id":"https:\/\/www.blogsoestado.com\/danielmatos\/projeto-fonte-de-futuro-do-instituto-brk-amplia-acesso-a-agua-tratada-em-escolas-e-reforca-agenda-de-saneamento-no-maranhao\/#primaryimage","url":"https:\/\/www.blogsoestado.com\/danielmatos\/wp-content\/uploads\/sites\/2\/2026\/04\/1005509229.jpg","contentUrl":"https:\/\/www.blogsoestado.com\/danielmatos\/wp-content\/uploads\/sites\/2\/2026\/04\/1005509229.jpg","width":1368,"height":912},{"@type":"BreadcrumbList","@id":"https:\/\/www.blogsoestado.com\/danielmatos\/projeto-fonte-de-futuro-do-instituto-brk-amplia-acesso-a-agua-tratada-em-escolas-e-reforca-agenda-de-saneamento-no-maranhao\/#breadcrumb","itemListElement":[{"@type":"ListItem","position":1,"name":"In\u00edcio","item":"https:\/\/www.blogsoestado.com\/danielmatos\/"},{"@type":"ListItem","position":2,"name":"Projeto \u201cFonte de Futuro\u201d, do Instituto BRK, amplia acesso \u00e0 \u00e1gua tratada em escolas e refor\u00e7a agenda de saneamento no Maranh\u00e3o"}]},{"@type":"WebSite","@id":"https:\/\/www.blogsoestado.com\/danielmatos\/#website","url":"https:\/\/www.blogsoestado.com\/danielmatos\/","name":"Daniel Matos","description":"","potentialAction":[{"@type":"SearchAction","target":{"@type":"EntryPoint","urlTemplate":"https:\/\/www.blogsoestado.com\/danielmatos\/?s={search_term_string}"},"query-input":{"@type":"PropertyValueSpecification","valueRequired":true,"valueName":"search_term_string"}}],"inLanguage":"pt-BR"},{"@type":"Person","@id":"https:\/\/www.blogsoestado.com\/danielmatos\/#\/schema\/person\/9a209d407cd45631f131e1285b661bb0","name":"Daniel Matos","image":{"@type":"ImageObject","inLanguage":"pt-BR","@id":"https:\/\/www.blogsoestado.com\/danielmatos\/#\/schema\/person\/image\/","url":"https:\/\/secure.gravatar.com\/avatar\/2f26c36ee355da19a257f0dfef43952a2588b324ca35d6719e859fe338ac0392?s=96&d=mm&r=g","contentUrl":"https:\/\/secure.gravatar.com\/avatar\/2f26c36ee355da19a257f0dfef43952a2588b324ca35d6719e859fe338ac0392?s=96&d=mm&r=g","caption":"Daniel Matos"},"url":"https:\/\/www.blogsoestado.com\/danielmatos\/author\/danielmatos\/"}]}},"jetpack_featured_media_url":"","_links":{"self":[{"href":"https:\/\/www.blogsoestado.com\/danielmatos\/wp-json\/wp\/v2\/posts\/157469","targetHints":{"allow":["GET"]}}],"collection":[{"href":"https:\/\/www.blogsoestado.com\/danielmatos\/wp-json\/wp\/v2\/posts"}],"about":[{"href":"https:\/\/www.blogsoestado.com\/danielmatos\/wp-json\/wp\/v2\/types\/post"}],"author":[{"embeddable":true,"href":"https:\/\/www.blogsoestado.com\/danielmatos\/wp-json\/wp\/v2\/users\/2"}],"replies":[{"embeddable":true,"href":"https:\/\/www.blogsoestado.com\/danielmatos\/wp-json\/wp\/v2\/comments?post=157469"}],"version-history":[{"count":1,"href":"https:\/\/www.blogsoestado.com\/danielmatos\/wp-json\/wp\/v2\/posts\/157469\/revisions"}],"predecessor-version":[{"id":157477,"href":"https:\/\/www.blogsoestado.com\/danielmatos\/wp-json\/wp\/v2\/posts\/157469\/revisions\/157477"}],"wp:attachment":[{"href":"https:\/\/www.blogsoestado.com\/danielmatos\/wp-json\/wp\/v2\/media?parent=157469"}],"wp:term":[{"taxonomy":"category","embeddable":true,"href":"https:\/\/www.blogsoestado.com\/danielmatos\/wp-json\/wp\/v2\/categories?post=157469"},{"taxonomy":"post_tag","embeddable":true,"href":"https:\/\/www.blogsoestado.com\/danielmatos\/wp-json\/wp\/v2\/tags?post=157469"}],"curies":[{"name":"wp","href":"https:\/\/api.w.org\/{rel}","templated":true}]}}