{"id":157496,"date":"2026-04-30T10:55:52","date_gmt":"2026-04-30T13:55:52","guid":{"rendered":"https:\/\/www.blogsoestado.com\/danielmatos\/?p=157496"},"modified":"2026-04-30T10:55:54","modified_gmt":"2026-04-30T13:55:54","slug":"projeto-geracao-delas-promove-aprendizado-pratico-e-fortalece-redes-de-apoio-entre-mulheres","status":"publish","type":"post","link":"https:\/\/www.blogsoestado.com\/danielmatos\/projeto-geracao-delas-promove-aprendizado-pratico-e-fortalece-redes-de-apoio-entre-mulheres\/","title":{"rendered":"Projeto Gera\u00e7\u00e3o Delas promove aprendizado pr\u00e1tico e fortalece redes de apoio entre mulheres"},"content":{"rendered":"\n<figure class=\"wp-block-image aligncenter size-full\"><img fetchpriority=\"high\" decoding=\"async\" width=\"568\" height=\"322\" src=\"https:\/\/www.blogsoestado.com\/danielmatos\/wp-content\/uploads\/sites\/2\/2026\/04\/1005512653.jpg\" alt=\"\" class=\"wp-image-157497\" srcset=\"https:\/\/www.blogsoestado.com\/danielmatos\/wp-content\/uploads\/sites\/2\/2026\/04\/1005512653.jpg 568w, https:\/\/www.blogsoestado.com\/danielmatos\/wp-content\/uploads\/sites\/2\/2026\/04\/1005512653-300x170.jpg 300w\" sizes=\"(max-width: 568px) 100vw, 568px\" \/><figcaption class=\"wp-element-caption\">O laborat\u00f3rio aconteceu ao longo de quatro dias, distribu\u00eddos durante o m\u00eas de abril, e foi organizado para unir conhecimento t\u00e9cnico com viv\u00eancia pr\u00e1tica<\/figcaption><\/figure>\n\n\n\n<p>Durante o m\u00eas de abril, um grupo de 13 mulheres viveu uma experi\u00eancia de aprendizado que foi al\u00e9m da sala de aula. O Projeto Gera\u00e7\u00e3o Delas promoveu um laborat\u00f3rio pr\u00e1tico de aprendizagem com foco em comunica\u00e7\u00e3o, divulga\u00e7\u00e3o digital e organiza\u00e7\u00e3o financeira, oferecendo ferramentas simples e acess\u00edveis para fortalecer pequenos empreendimentos e a autonomia das participantes.<\/p>\n\n\n\n<p>A iniciativa foi pensada a partir da realidade dessas mulheres. Muitas delas enfrentam desafios di\u00e1rios para manter suas casas e neg\u00f3cios funcionando. A renda familiar das participantes \u00e9 menor do que um sal\u00e1rio m\u00ednimo e mais da metade \u00e9 respons\u00e1vel pelo sustento do lar. Al\u00e9m disso, grande parte n\u00e3o possui casa pr\u00f3pria e nunca teve acesso a orienta\u00e7\u00f5es sobre finan\u00e7as, o que dificulta o planejamento e a tomada de decis\u00f5es. A maioria tamb\u00e9m possui apenas o n\u00edvel b\u00e1sico de escolaridade, o que refor\u00e7ou a import\u00e2ncia de uma metodologia clara, pr\u00e1tica e pr\u00f3xima da realidade de cada uma.<\/p>\n\n\n\n<p>O laborat\u00f3rio aconteceu ao longo de quatro dias, distribu\u00eddos durante o m\u00eas de abril, e foi organizado para unir conhecimento t\u00e9cnico com viv\u00eancia pr\u00e1tica. Os encontros foram realizados em parceria com o Centro de Obras Sociais Frei Ant\u00f4nio Sinibaldi, localizado no bairro do S\u00e3o Francisco, que disponibilizou o espa\u00e7o para a realiza\u00e7\u00e3o dos treinamentos. A parceria foi fundamental para garantir um ambiente acolhedor, pr\u00f3ximo da comunidade e acess\u00edvel para todas as participantes.<\/p>\n\n\n\n<p>Na \u00e1rea de comunica\u00e7\u00e3o e marketing, os encontros foram conduzidos por Jayron Ramos, supervisor de comunica\u00e7\u00e3o do IADVH. De forma simples e direta, ele apresentou no\u00e7\u00f5es b\u00e1sicas de divulga\u00e7\u00e3o digital, uso consciente das redes sociais e formas de se comunicar melhor com clientes, ajudando as mulheres a enxergarem o potencial dos seus neg\u00f3cios e a import\u00e2ncia de se posicionarem no ambiente digital.<\/p>\n\n\n\n<p>J\u00e1 os temas relacionados \u00e0 organiza\u00e7\u00e3o financeira e presta\u00e7\u00e3o de contas foram trabalhados por Cleulis Gomes, Executiva de Presta\u00e7\u00e3o de Contas do IADVH, e Diheimy Costa, Analista de Presta\u00e7\u00e3o de Contas S\u00eanior. Os encontros abordaram controle de gastos, organiza\u00e7\u00e3o do dinheiro e a import\u00e2ncia de entender para onde v\u00e3o os recursos do empreendimento. Para muitas participantes, foi o primeiro contato com esse tipo de conte\u00fado, o que trouxe mais seguran\u00e7a e clareza para lidar com as finan\u00e7as.<\/p>\n\n\n\n<p>Todo o processo foi acompanhado de perto por Val\u00e9ria Cutrim, Especialista de Responsabilidade Social do IADVH, e Andreza Berredo, Assistente de Responsabilidade Social. A condu\u00e7\u00e3o cuidadosa garantiu um ambiente acolhedor, de escuta e troca, onde cada mulher se sentiu \u00e0 vontade para aprender, perguntar e compartilhar sua hist\u00f3ria.<\/p>\n\n\n\n<p>Al\u00e9m do aprendizado t\u00e9cnico, o Projeto Gera\u00e7\u00e3o Delas tamb\u00e9m cumpriu um papel importante no fortalecimento dos v\u00ednculos entre as participantes. Ao longo dos encontros, surgiram trocas, parcerias e redes de apoio que seguem para al\u00e9m do projeto. Ao final do laborat\u00f3rio, as mulheres sa\u00edram com novos insights, mais confian\u00e7a e motiva\u00e7\u00e3o para aplicar o que aprenderam em seus pr\u00f3prios neg\u00f3cios.<\/p>\n\n\n\n<p>O Gera\u00e7\u00e3o Delas mostra que quando o conhecimento chega de forma acess\u00edvel e conectada \u00e0 realidade, ele se transforma em ferramenta de mudan\u00e7a. O IADVH segue acreditando na for\u00e7a das mulheres e no poder do aprendizado coletivo para gerar autonomia, renda e novas oportunidades nas comunidades.<\/p>\n\n\n\n<p><\/p>\n","protected":false},"excerpt":{"rendered":"<p>Durante o m\u00eas de abril, um grupo de 13 mulheres viveu uma experi\u00eancia de aprendizado que foi al\u00e9m da sala [&hellip;]<\/p>\n","protected":false},"author":2,"featured_media":0,"comment_status":"open","ping_status":"open","sticky":false,"template":"","format":"standard","meta":{"site-sidebar-layout":"default","site-content-layout":"","ast-site-content-layout":"default","site-content-style":"default","site-sidebar-style":"default","ast-global-header-display":"","ast-banner-title-visibility":"","ast-main-header-display":"","ast-hfb-above-header-display":"","ast-hfb-below-header-display":"","ast-hfb-mobile-header-display":"","site-post-title":"","ast-breadcrumbs-content":"","ast-featured-img":"","footer-sml-layout":"","ast-disable-related-posts":"","theme-transparent-header-meta":"","adv-header-id-meta":"","stick-header-meta":"","header-above-stick-meta":"","header-main-stick-meta":"","header-below-stick-meta":"","astra-migrate-meta-layouts":"default","ast-page-background-enabled":"default","ast-page-background-meta":{"desktop":{"background-color":"var(--ast-global-color-5)","background-image":"","background-repeat":"repeat","background-position":"center center","background-size":"auto","background-attachment":"scroll","background-type":"","background-media":"","overlay-type":"","overlay-color":"","overlay-opacity":"","overlay-gradient":""},"tablet":{"background-color":"","background-image":"","background-repeat":"repeat","background-position":"center center","background-size":"auto","background-attachment":"scroll","background-type":"","background-media":"","overlay-type":"","overlay-color":"","overlay-opacity":"","overlay-gradient":""},"mobile":{"background-color":"","background-image":"","background-repeat":"repeat","background-position":"center center","background-size":"auto","background-attachment":"scroll","background-type":"","background-media":"","overlay-type":"","overlay-color":"","overlay-opacity":"","overlay-gradient":""}},"ast-content-background-meta":{"desktop":{"background-color":"var(--ast-global-color-4)","background-image":"","background-repeat":"repeat","background-position":"center center","background-size":"auto","background-attachment":"scroll","background-type":"","background-media":"","overlay-type":"","overlay-color":"","overlay-opacity":"","overlay-gradient":""},"tablet":{"background-color":"var(--ast-global-color-4)","background-image":"","background-repeat":"repeat","background-position":"center center","background-size":"auto","background-attachment":"scroll","background-type":"","background-media":"","overlay-type":"","overlay-color":"","overlay-opacity":"","overlay-gradient":""},"mobile":{"background-color":"var(--ast-global-color-4)","background-image":"","background-repeat":"repeat","background-position":"center center","background-size":"auto","background-attachment":"scroll","background-type":"","background-media":"","overlay-type":"","overlay-color":"","overlay-opacity":"","overlay-gradient":""}},"footnotes":""},"categories":[1],"tags":[],"class_list":["post-157496","post","type-post","status-publish","format-standard","hentry","category-sem-categoria"],"yoast_head":"<!-- This site is optimized with the Yoast SEO plugin v26.6 - https:\/\/yoast.com\/wordpress\/plugins\/seo\/ -->\n<title>Projeto Gera\u00e7\u00e3o Delas promove aprendizado pr\u00e1tico e fortalece redes de apoio entre mulheres - Daniel Matos<\/title>\n<meta name=\"robots\" content=\"index, follow, max-snippet:-1, max-image-preview:large, max-video-preview:-1\" \/>\n<link rel=\"canonical\" href=\"https:\/\/www.blogsoestado.com\/danielmatos\/projeto-geracao-delas-promove-aprendizado-pratico-e-fortalece-redes-de-apoio-entre-mulheres\/\" \/>\n<meta property=\"og:locale\" content=\"pt_BR\" \/>\n<meta property=\"og:type\" content=\"article\" \/>\n<meta property=\"og:title\" content=\"Projeto Gera\u00e7\u00e3o Delas promove aprendizado pr\u00e1tico e fortalece redes de apoio entre mulheres - Daniel Matos\" \/>\n<meta property=\"og:description\" content=\"Durante o m\u00eas de abril, um grupo de 13 mulheres viveu uma experi\u00eancia de aprendizado que foi al\u00e9m da sala [&hellip;]\" \/>\n<meta property=\"og:url\" content=\"https:\/\/www.blogsoestado.com\/danielmatos\/projeto-geracao-delas-promove-aprendizado-pratico-e-fortalece-redes-de-apoio-entre-mulheres\/\" \/>\n<meta property=\"og:site_name\" content=\"Daniel Matos\" \/>\n<meta property=\"article:published_time\" content=\"2026-04-30T13:55:52+00:00\" \/>\n<meta property=\"article:modified_time\" content=\"2026-04-30T13:55:54+00:00\" \/>\n<meta property=\"og:image\" content=\"https:\/\/www.blogsoestado.com\/danielmatos\/wp-content\/uploads\/sites\/2\/2026\/04\/1005512653.jpg\" \/>\n\t<meta property=\"og:image:width\" content=\"568\" \/>\n\t<meta property=\"og:image:height\" content=\"322\" \/>\n\t<meta property=\"og:image:type\" content=\"image\/jpeg\" \/>\n<meta name=\"author\" content=\"Daniel Matos\" \/>\n<meta name=\"twitter:card\" content=\"summary_large_image\" \/>\n<meta name=\"twitter:label1\" content=\"Escrito por\" \/>\n\t<meta name=\"twitter:data1\" content=\"Daniel Matos\" \/>\n\t<meta name=\"twitter:label2\" content=\"Est. tempo de leitura\" \/>\n\t<meta name=\"twitter:data2\" content=\"4 minutos\" \/>\n<script type=\"application\/ld+json\" class=\"yoast-schema-graph\">{\"@context\":\"https:\/\/schema.org\",\"@graph\":[{\"@type\":\"WebPage\",\"@id\":\"https:\/\/www.blogsoestado.com\/danielmatos\/projeto-geracao-delas-promove-aprendizado-pratico-e-fortalece-redes-de-apoio-entre-mulheres\/\",\"url\":\"https:\/\/www.blogsoestado.com\/danielmatos\/projeto-geracao-delas-promove-aprendizado-pratico-e-fortalece-redes-de-apoio-entre-mulheres\/\",\"name\":\"Projeto Gera\u00e7\u00e3o Delas promove aprendizado pr\u00e1tico e fortalece redes de apoio entre mulheres - Daniel Matos\",\"isPartOf\":{\"@id\":\"https:\/\/www.blogsoestado.com\/danielmatos\/#website\"},\"primaryImageOfPage\":{\"@id\":\"https:\/\/www.blogsoestado.com\/danielmatos\/projeto-geracao-delas-promove-aprendizado-pratico-e-fortalece-redes-de-apoio-entre-mulheres\/#primaryimage\"},\"image\":{\"@id\":\"https:\/\/www.blogsoestado.com\/danielmatos\/projeto-geracao-delas-promove-aprendizado-pratico-e-fortalece-redes-de-apoio-entre-mulheres\/#primaryimage\"},\"thumbnailUrl\":\"https:\/\/www.blogsoestado.com\/danielmatos\/wp-content\/uploads\/sites\/2\/2026\/04\/1005512653.jpg\",\"datePublished\":\"2026-04-30T13:55:52+00:00\",\"dateModified\":\"2026-04-30T13:55:54+00:00\",\"author\":{\"@id\":\"https:\/\/www.blogsoestado.com\/danielmatos\/#\/schema\/person\/9a209d407cd45631f131e1285b661bb0\"},\"breadcrumb\":{\"@id\":\"https:\/\/www.blogsoestado.com\/danielmatos\/projeto-geracao-delas-promove-aprendizado-pratico-e-fortalece-redes-de-apoio-entre-mulheres\/#breadcrumb\"},\"inLanguage\":\"pt-BR\",\"potentialAction\":[{\"@type\":\"ReadAction\",\"target\":[\"https:\/\/www.blogsoestado.com\/danielmatos\/projeto-geracao-delas-promove-aprendizado-pratico-e-fortalece-redes-de-apoio-entre-mulheres\/\"]}]},{\"@type\":\"ImageObject\",\"inLanguage\":\"pt-BR\",\"@id\":\"https:\/\/www.blogsoestado.com\/danielmatos\/projeto-geracao-delas-promove-aprendizado-pratico-e-fortalece-redes-de-apoio-entre-mulheres\/#primaryimage\",\"url\":\"https:\/\/www.blogsoestado.com\/danielmatos\/wp-content\/uploads\/sites\/2\/2026\/04\/1005512653.jpg\",\"contentUrl\":\"https:\/\/www.blogsoestado.com\/danielmatos\/wp-content\/uploads\/sites\/2\/2026\/04\/1005512653.jpg\",\"width\":568,\"height\":322},{\"@type\":\"BreadcrumbList\",\"@id\":\"https:\/\/www.blogsoestado.com\/danielmatos\/projeto-geracao-delas-promove-aprendizado-pratico-e-fortalece-redes-de-apoio-entre-mulheres\/#breadcrumb\",\"itemListElement\":[{\"@type\":\"ListItem\",\"position\":1,\"name\":\"In\u00edcio\",\"item\":\"https:\/\/www.blogsoestado.com\/danielmatos\/\"},{\"@type\":\"ListItem\",\"position\":2,\"name\":\"Projeto Gera\u00e7\u00e3o Delas promove aprendizado pr\u00e1tico e fortalece redes de apoio entre mulheres\"}]},{\"@type\":\"WebSite\",\"@id\":\"https:\/\/www.blogsoestado.com\/danielmatos\/#website\",\"url\":\"https:\/\/www.blogsoestado.com\/danielmatos\/\",\"name\":\"Daniel Matos\",\"description\":\"\",\"potentialAction\":[{\"@type\":\"SearchAction\",\"target\":{\"@type\":\"EntryPoint\",\"urlTemplate\":\"https:\/\/www.blogsoestado.com\/danielmatos\/?s={search_term_string}\"},\"query-input\":{\"@type\":\"PropertyValueSpecification\",\"valueRequired\":true,\"valueName\":\"search_term_string\"}}],\"inLanguage\":\"pt-BR\"},{\"@type\":\"Person\",\"@id\":\"https:\/\/www.blogsoestado.com\/danielmatos\/#\/schema\/person\/9a209d407cd45631f131e1285b661bb0\",\"name\":\"Daniel Matos\",\"image\":{\"@type\":\"ImageObject\",\"inLanguage\":\"pt-BR\",\"@id\":\"https:\/\/www.blogsoestado.com\/danielmatos\/#\/schema\/person\/image\/\",\"url\":\"https:\/\/secure.gravatar.com\/avatar\/2f26c36ee355da19a257f0dfef43952a2588b324ca35d6719e859fe338ac0392?s=96&d=mm&r=g\",\"contentUrl\":\"https:\/\/secure.gravatar.com\/avatar\/2f26c36ee355da19a257f0dfef43952a2588b324ca35d6719e859fe338ac0392?s=96&d=mm&r=g\",\"caption\":\"Daniel Matos\"},\"url\":\"https:\/\/www.blogsoestado.com\/danielmatos\/author\/danielmatos\/\"}]}<\/script>\n<!-- \/ Yoast SEO plugin. -->","yoast_head_json":{"title":"Projeto Gera\u00e7\u00e3o Delas promove aprendizado pr\u00e1tico e fortalece redes de apoio entre mulheres - Daniel Matos","robots":{"index":"index","follow":"follow","max-snippet":"max-snippet:-1","max-image-preview":"max-image-preview:large","max-video-preview":"max-video-preview:-1"},"canonical":"https:\/\/www.blogsoestado.com\/danielmatos\/projeto-geracao-delas-promove-aprendizado-pratico-e-fortalece-redes-de-apoio-entre-mulheres\/","og_locale":"pt_BR","og_type":"article","og_title":"Projeto Gera\u00e7\u00e3o Delas promove aprendizado pr\u00e1tico e fortalece redes de apoio entre mulheres - Daniel Matos","og_description":"Durante o m\u00eas de abril, um grupo de 13 mulheres viveu uma experi\u00eancia de aprendizado que foi al\u00e9m da sala [&hellip;]","og_url":"https:\/\/www.blogsoestado.com\/danielmatos\/projeto-geracao-delas-promove-aprendizado-pratico-e-fortalece-redes-de-apoio-entre-mulheres\/","og_site_name":"Daniel Matos","article_published_time":"2026-04-30T13:55:52+00:00","article_modified_time":"2026-04-30T13:55:54+00:00","og_image":[{"width":568,"height":322,"url":"https:\/\/www.blogsoestado.com\/danielmatos\/wp-content\/uploads\/sites\/2\/2026\/04\/1005512653.jpg","type":"image\/jpeg"}],"author":"Daniel Matos","twitter_card":"summary_large_image","twitter_misc":{"Escrito por":"Daniel Matos","Est. tempo de leitura":"4 minutos"},"schema":{"@context":"https:\/\/schema.org","@graph":[{"@type":"WebPage","@id":"https:\/\/www.blogsoestado.com\/danielmatos\/projeto-geracao-delas-promove-aprendizado-pratico-e-fortalece-redes-de-apoio-entre-mulheres\/","url":"https:\/\/www.blogsoestado.com\/danielmatos\/projeto-geracao-delas-promove-aprendizado-pratico-e-fortalece-redes-de-apoio-entre-mulheres\/","name":"Projeto Gera\u00e7\u00e3o Delas promove aprendizado pr\u00e1tico e fortalece redes de apoio entre mulheres - Daniel Matos","isPartOf":{"@id":"https:\/\/www.blogsoestado.com\/danielmatos\/#website"},"primaryImageOfPage":{"@id":"https:\/\/www.blogsoestado.com\/danielmatos\/projeto-geracao-delas-promove-aprendizado-pratico-e-fortalece-redes-de-apoio-entre-mulheres\/#primaryimage"},"image":{"@id":"https:\/\/www.blogsoestado.com\/danielmatos\/projeto-geracao-delas-promove-aprendizado-pratico-e-fortalece-redes-de-apoio-entre-mulheres\/#primaryimage"},"thumbnailUrl":"https:\/\/www.blogsoestado.com\/danielmatos\/wp-content\/uploads\/sites\/2\/2026\/04\/1005512653.jpg","datePublished":"2026-04-30T13:55:52+00:00","dateModified":"2026-04-30T13:55:54+00:00","author":{"@id":"https:\/\/www.blogsoestado.com\/danielmatos\/#\/schema\/person\/9a209d407cd45631f131e1285b661bb0"},"breadcrumb":{"@id":"https:\/\/www.blogsoestado.com\/danielmatos\/projeto-geracao-delas-promove-aprendizado-pratico-e-fortalece-redes-de-apoio-entre-mulheres\/#breadcrumb"},"inLanguage":"pt-BR","potentialAction":[{"@type":"ReadAction","target":["https:\/\/www.blogsoestado.com\/danielmatos\/projeto-geracao-delas-promove-aprendizado-pratico-e-fortalece-redes-de-apoio-entre-mulheres\/"]}]},{"@type":"ImageObject","inLanguage":"pt-BR","@id":"https:\/\/www.blogsoestado.com\/danielmatos\/projeto-geracao-delas-promove-aprendizado-pratico-e-fortalece-redes-de-apoio-entre-mulheres\/#primaryimage","url":"https:\/\/www.blogsoestado.com\/danielmatos\/wp-content\/uploads\/sites\/2\/2026\/04\/1005512653.jpg","contentUrl":"https:\/\/www.blogsoestado.com\/danielmatos\/wp-content\/uploads\/sites\/2\/2026\/04\/1005512653.jpg","width":568,"height":322},{"@type":"BreadcrumbList","@id":"https:\/\/www.blogsoestado.com\/danielmatos\/projeto-geracao-delas-promove-aprendizado-pratico-e-fortalece-redes-de-apoio-entre-mulheres\/#breadcrumb","itemListElement":[{"@type":"ListItem","position":1,"name":"In\u00edcio","item":"https:\/\/www.blogsoestado.com\/danielmatos\/"},{"@type":"ListItem","position":2,"name":"Projeto Gera\u00e7\u00e3o Delas promove aprendizado pr\u00e1tico e fortalece redes de apoio entre mulheres"}]},{"@type":"WebSite","@id":"https:\/\/www.blogsoestado.com\/danielmatos\/#website","url":"https:\/\/www.blogsoestado.com\/danielmatos\/","name":"Daniel Matos","description":"","potentialAction":[{"@type":"SearchAction","target":{"@type":"EntryPoint","urlTemplate":"https:\/\/www.blogsoestado.com\/danielmatos\/?s={search_term_string}"},"query-input":{"@type":"PropertyValueSpecification","valueRequired":true,"valueName":"search_term_string"}}],"inLanguage":"pt-BR"},{"@type":"Person","@id":"https:\/\/www.blogsoestado.com\/danielmatos\/#\/schema\/person\/9a209d407cd45631f131e1285b661bb0","name":"Daniel Matos","image":{"@type":"ImageObject","inLanguage":"pt-BR","@id":"https:\/\/www.blogsoestado.com\/danielmatos\/#\/schema\/person\/image\/","url":"https:\/\/secure.gravatar.com\/avatar\/2f26c36ee355da19a257f0dfef43952a2588b324ca35d6719e859fe338ac0392?s=96&d=mm&r=g","contentUrl":"https:\/\/secure.gravatar.com\/avatar\/2f26c36ee355da19a257f0dfef43952a2588b324ca35d6719e859fe338ac0392?s=96&d=mm&r=g","caption":"Daniel Matos"},"url":"https:\/\/www.blogsoestado.com\/danielmatos\/author\/danielmatos\/"}]}},"jetpack_featured_media_url":"","_links":{"self":[{"href":"https:\/\/www.blogsoestado.com\/danielmatos\/wp-json\/wp\/v2\/posts\/157496","targetHints":{"allow":["GET"]}}],"collection":[{"href":"https:\/\/www.blogsoestado.com\/danielmatos\/wp-json\/wp\/v2\/posts"}],"about":[{"href":"https:\/\/www.blogsoestado.com\/danielmatos\/wp-json\/wp\/v2\/types\/post"}],"author":[{"embeddable":true,"href":"https:\/\/www.blogsoestado.com\/danielmatos\/wp-json\/wp\/v2\/users\/2"}],"replies":[{"embeddable":true,"href":"https:\/\/www.blogsoestado.com\/danielmatos\/wp-json\/wp\/v2\/comments?post=157496"}],"version-history":[{"count":1,"href":"https:\/\/www.blogsoestado.com\/danielmatos\/wp-json\/wp\/v2\/posts\/157496\/revisions"}],"predecessor-version":[{"id":157498,"href":"https:\/\/www.blogsoestado.com\/danielmatos\/wp-json\/wp\/v2\/posts\/157496\/revisions\/157498"}],"wp:attachment":[{"href":"https:\/\/www.blogsoestado.com\/danielmatos\/wp-json\/wp\/v2\/media?parent=157496"}],"wp:term":[{"taxonomy":"category","embeddable":true,"href":"https:\/\/www.blogsoestado.com\/danielmatos\/wp-json\/wp\/v2\/categories?post=157496"},{"taxonomy":"post_tag","embeddable":true,"href":"https:\/\/www.blogsoestado.com\/danielmatos\/wp-json\/wp\/v2\/tags?post=157496"}],"curies":[{"name":"wp","href":"https:\/\/api.w.org\/{rel}","templated":true}]}}