{"id":157502,"date":"2026-04-30T13:23:30","date_gmt":"2026-04-30T16:23:30","guid":{"rendered":"https:\/\/www.blogsoestado.com\/danielmatos\/?p=157502"},"modified":"2026-04-30T13:23:33","modified_gmt":"2026-04-30T16:23:33","slug":"147-pessoas-no-maranhao-estao-sob-protecao-federal-por-amecas-a-defesa-dos-direitos-humanos-e-do-meio-ambiente","status":"publish","type":"post","link":"https:\/\/www.blogsoestado.com\/danielmatos\/147-pessoas-no-maranhao-estao-sob-protecao-federal-por-amecas-a-defesa-dos-direitos-humanos-e-do-meio-ambiente\/","title":{"rendered":"147 pessoas no Maranh\u00e3o est\u00e3o sob prote\u00e7\u00e3o federal por ame\u00e7as \u00e0 defesa dos direitos humanos e do meio ambiente"},"content":{"rendered":"\n<p><strong><mark style=\"color:#cf2e2e\" class=\"has-inline-color\">Balan\u00e7o do Programa de Prote\u00e7\u00e3o a Defensores de Direitos Humanos, Comunicadores e Ambientalistas (PPDDH) no Brasil foi apresentado pelo Minist\u00e9rio dos Direitos Humanos e da Cidadania<\/mark><\/strong><\/p>\n\n\n\n<figure class=\"wp-block-image aligncenter size-large\"><img fetchpriority=\"high\" decoding=\"async\" width=\"1024\" height=\"683\" src=\"https:\/\/www.blogsoestado.com\/danielmatos\/wp-content\/uploads\/sites\/2\/2026\/04\/1005514333-1024x683.jpg\" alt=\"\" class=\"wp-image-157503\" srcset=\"https:\/\/www.blogsoestado.com\/danielmatos\/wp-content\/uploads\/sites\/2\/2026\/04\/1005514333-1024x683.jpg 1024w, https:\/\/www.blogsoestado.com\/danielmatos\/wp-content\/uploads\/sites\/2\/2026\/04\/1005514333-300x200.jpg 300w, https:\/\/www.blogsoestado.com\/danielmatos\/wp-content\/uploads\/sites\/2\/2026\/04\/1005514333-768x512.jpg 768w, https:\/\/www.blogsoestado.com\/danielmatos\/wp-content\/uploads\/sites\/2\/2026\/04\/1005514333.jpg 1050w\" sizes=\"(max-width: 1024px) 100vw, 1024px\" \/><\/figure>\n\n\n\n<p>O Programa de Prote\u00e7\u00e3o a Defensores de Direitos Humanos, Comunicadores e Ambientalistas (PPDDH) do Minist\u00e9rio dos Direitos Humanos e da Cidadania (MDHC) acompanhou, em 2025, 1.524 pessoas em situa\u00e7\u00e3o de risco. Desse total, 75% \u00e9 formado por lideran\u00e7as que defendem o direito \u00e0 terra, povos e comunidades tradicionais, e o meio ambiente. No Maranh\u00e3o, 147 homens e mulheres recebem esse tipo de prote\u00e7\u00e3o.<\/p>\n\n\n\n<p>Em 2025, o programa ganhou novo impulso por um novo arcabou\u00e7o normativo que trouxe maior consist\u00eancia, previsibilidade e efetividade \u00e0 pol\u00edtica p\u00fablica. A Portaria n\u00ba 892 padronizou os fluxos operacionais e t\u00e9cnicos, enquanto o Decreto n\u00ba 12.710 instituiu o Plano Nacional de Prote\u00e7\u00e3o (PlanoDDH), estabelecendo uma governan\u00e7a articulada e estrat\u00e9gica entre os entes federativos. Complementando essas medidas, a edi\u00e7\u00e3o da Portaria Conjunta n\u00ba 6 definiu um plano de a\u00e7\u00e3o concreto e um comit\u00ea de monitoramento interministerial, assegurando a execu\u00e7\u00e3o organizada e o acompanhamento institucional das metas de prote\u00e7\u00e3o at\u00e9 o ano de 2035.<\/p>\n\n\n\n<p><strong>Regi\u00f5es<\/strong><\/p>\n\n\n\n<p>O maior n\u00famero de casos acompanhados pelo programa est\u00e1 nos estados da regi\u00e3o Norte. Ao todo, s\u00e3o 540 pessoas protegidas. Em segundo lugar, vem o Nordeste (421), seguido pelo Sudeste (305), Centro-Oeste (138), e Sul (120).<\/p>\n\n\n\n<p>Na divis\u00e3o por unidade federativa, o Par\u00e1 lidera com 186 casos, seguido por&nbsp;Maranh\u00e3o&nbsp;(147), Bahia (140), Minas Gerais (125), Cear\u00e1 (117), Amazonas (116), Rio de Janeiro (92), Mato Grosso do Sul (76), Paran\u00e1 (54), Rond\u00f4nia (52), Pernambuco (50), S\u00e3o Paulo (46), Mato Grosso (43), Esp\u00edrito Santo (42), Rio Grande do Sul (40), Roraima (31), Santa Catarina (25), Para\u00edba (23), Piau\u00ed (22), Sergipe (17), Alagoas (16), Acre (14), Tocantins (13), Goi\u00e1s (10), Amap\u00e1 (9), Distrito Federal (9) e Rio Grande do Norte (9).<\/p>\n\n\n\n<p>A pol\u00edtica p\u00fablica de prote\u00e7\u00e3o a defensoras e defensores de direitos humanos no Brasil \u00e9 estruturada a partir de uma coopera\u00e7\u00e3o entre diferentes n\u00edveis de governo. O governo federal coordena a pol\u00edtica nacional e estabelece diretrizes gerais, enquanto programas estaduais e regionais s\u00e3o respons\u00e1veis pela implementa\u00e7\u00e3o das medidas protetivas nos territ\u00f3rios.<\/p>\n\n\n\n<p><strong>Perfil<\/strong><\/p>\n\n\n\n<p>Entre as pessoas protegidas pelo PPDDH, est\u00e3o ind\u00edgenas (58,51%), quilombolas (29,53%), extrativistas (10,59%), pescadores, geraizeiros, catadores de mangaba, comunidades de fundos e fecho de pasto, comunidades de terreiros e matriz africana, seringueiros, veredeiros, entre outros (1,37%). Do total, 39,96% eram pessoas do g\u00eanero feminino; e os outros 60,04% eram do g\u00eanero masculino.<\/p>\n\n\n\n<p>A concentra\u00e7\u00e3o de casos nesses contextos est\u00e1 associada, em grande medida, a contextos de disputa por terra, conflitos socioambientais, press\u00f5es sobre territ\u00f3rios ind\u00edgenas e quilombolas, al\u00e9m da atua\u00e7\u00e3o de lideran\u00e7as comunit\u00e1rias em defesa de direitos sociais.<\/p>\n\n\n\n<p>Dentre as mais variadas \u00e1reas de atua\u00e7\u00e3o sob prote\u00e7\u00e3o, destacam-se a defesa do direito \u00e0 terra (29,33%); dos direitos de povos e comunidades tradicionais ind\u00edgenas (28,14%) e quilombolas (14,63%); e a defesa do meio ambiente (3,34%).<\/p>\n\n\n\n<p>A maioria das situa\u00e7\u00f5es de risco registradas envolve disputas relacionadas a conflitos fundi\u00e1rios e disputas territoriais envolvendo povos ind\u00edgenas e comunidades tradicionais, conflitos socioambientais relacionados \u00e0 explora\u00e7\u00e3o de recursos naturais, den\u00fancias de crimes ambientais e viola\u00e7\u00f5es de direitos humanos. &#8220;Esses conflitos evidenciam como a defesa de direitos humanos est\u00e1 frequentemente associada \u00e0 prote\u00e7\u00e3o de territ\u00f3rios, recursos naturais e direitos coletivos&#8221;, destaca Igo Martini.<\/p>\n\n\n\n<p><strong>Prote\u00e7\u00e3o<\/strong><\/p>\n\n\n\n<p>Para garantir a integridade das pessoas inclu\u00eddas no PPDDH, o programa adota medidas proporcionais ao n\u00edvel de risco identificado em cada caso. Segundo o coordenador-geral do programa, Igo Martini, a prote\u00e7\u00e3o exige leitura qualificada dos contextos de risco e constru\u00e7\u00e3o de respostas compat\u00edveis com a realidade de cada territ\u00f3rio.<\/p>\n\n\n\n<p><strong><mark style=\"color:#cf2e2e\" class=\"has-inline-color\">Saiba mais <a href=\"https:\/\/www.gov.br\/mdh\/pt-br\/assuntos\/noticias\/2026\/abril\/governo-do-brasil-protegeu-1-524-pessoas-por-ameacas-relacionadas-a-defesa-dos-direitos-humanos-e-do-meio-ambiente-em-2025\">aqui<\/a>.<\/mark><\/strong><\/p>\n","protected":false},"excerpt":{"rendered":"<p>Balan\u00e7o do Programa de Prote\u00e7\u00e3o a Defensores de Direitos Humanos, Comunicadores e Ambientalistas (PPDDH) no Brasil foi apresentado pelo Minist\u00e9rio [&hellip;]<\/p>\n","protected":false},"author":2,"featured_media":0,"comment_status":"open","ping_status":"open","sticky":false,"template":"","format":"standard","meta":{"site-sidebar-layout":"default","site-content-layout":"","ast-site-content-layout":"default","site-content-style":"default","site-sidebar-style":"default","ast-global-header-display":"","ast-banner-title-visibility":"","ast-main-header-display":"","ast-hfb-above-header-display":"","ast-hfb-below-header-display":"","ast-hfb-mobile-header-display":"","site-post-title":"","ast-breadcrumbs-content":"","ast-featured-img":"","footer-sml-layout":"","ast-disable-related-posts":"","theme-transparent-header-meta":"","adv-header-id-meta":"","stick-header-meta":"","header-above-stick-meta":"","header-main-stick-meta":"","header-below-stick-meta":"","astra-migrate-meta-layouts":"default","ast-page-background-enabled":"default","ast-page-background-meta":{"desktop":{"background-color":"var(--ast-global-color-5)","background-image":"","background-repeat":"repeat","background-position":"center center","background-size":"auto","background-attachment":"scroll","background-type":"","background-media":"","overlay-type":"","overlay-color":"","overlay-opacity":"","overlay-gradient":""},"tablet":{"background-color":"","background-image":"","background-repeat":"repeat","background-position":"center center","background-size":"auto","background-attachment":"scroll","background-type":"","background-media":"","overlay-type":"","overlay-color":"","overlay-opacity":"","overlay-gradient":""},"mobile":{"background-color":"","background-image":"","background-repeat":"repeat","background-position":"center center","background-size":"auto","background-attachment":"scroll","background-type":"","background-media":"","overlay-type":"","overlay-color":"","overlay-opacity":"","overlay-gradient":""}},"ast-content-background-meta":{"desktop":{"background-color":"var(--ast-global-color-4)","background-image":"","background-repeat":"repeat","background-position":"center center","background-size":"auto","background-attachment":"scroll","background-type":"","background-media":"","overlay-type":"","overlay-color":"","overlay-opacity":"","overlay-gradient":""},"tablet":{"background-color":"var(--ast-global-color-4)","background-image":"","background-repeat":"repeat","background-position":"center center","background-size":"auto","background-attachment":"scroll","background-type":"","background-media":"","overlay-type":"","overlay-color":"","overlay-opacity":"","overlay-gradient":""},"mobile":{"background-color":"var(--ast-global-color-4)","background-image":"","background-repeat":"repeat","background-position":"center center","background-size":"auto","background-attachment":"scroll","background-type":"","background-media":"","overlay-type":"","overlay-color":"","overlay-opacity":"","overlay-gradient":""}},"footnotes":""},"categories":[1],"tags":[],"class_list":["post-157502","post","type-post","status-publish","format-standard","hentry","category-sem-categoria"],"yoast_head":"<!-- This site is optimized with the Yoast SEO plugin v26.6 - https:\/\/yoast.com\/wordpress\/plugins\/seo\/ -->\n<title>147 pessoas no Maranh\u00e3o est\u00e3o sob prote\u00e7\u00e3o federal por ame\u00e7as \u00e0 defesa dos direitos humanos e do meio ambiente - Daniel Matos<\/title>\n<meta name=\"robots\" content=\"index, follow, max-snippet:-1, max-image-preview:large, max-video-preview:-1\" \/>\n<link rel=\"canonical\" href=\"https:\/\/www.blogsoestado.com\/danielmatos\/147-pessoas-no-maranhao-estao-sob-protecao-federal-por-amecas-a-defesa-dos-direitos-humanos-e-do-meio-ambiente\/\" \/>\n<meta property=\"og:locale\" content=\"pt_BR\" \/>\n<meta property=\"og:type\" content=\"article\" \/>\n<meta property=\"og:title\" content=\"147 pessoas no Maranh\u00e3o est\u00e3o sob prote\u00e7\u00e3o federal por ame\u00e7as \u00e0 defesa dos direitos humanos e do meio ambiente - Daniel Matos\" \/>\n<meta property=\"og:description\" content=\"Balan\u00e7o do Programa de Prote\u00e7\u00e3o a Defensores de Direitos Humanos, Comunicadores e Ambientalistas (PPDDH) no Brasil foi apresentado pelo Minist\u00e9rio [&hellip;]\" \/>\n<meta property=\"og:url\" content=\"https:\/\/www.blogsoestado.com\/danielmatos\/147-pessoas-no-maranhao-estao-sob-protecao-federal-por-amecas-a-defesa-dos-direitos-humanos-e-do-meio-ambiente\/\" \/>\n<meta property=\"og:site_name\" content=\"Daniel Matos\" \/>\n<meta property=\"article:published_time\" content=\"2026-04-30T16:23:30+00:00\" \/>\n<meta property=\"article:modified_time\" content=\"2026-04-30T16:23:33+00:00\" \/>\n<meta property=\"og:image\" content=\"https:\/\/www.blogsoestado.com\/danielmatos\/wp-content\/uploads\/sites\/2\/2026\/04\/1005514333.jpg\" \/>\n\t<meta property=\"og:image:width\" content=\"1050\" \/>\n\t<meta property=\"og:image:height\" content=\"700\" \/>\n\t<meta property=\"og:image:type\" content=\"image\/jpeg\" \/>\n<meta name=\"author\" content=\"Daniel Matos\" \/>\n<meta name=\"twitter:card\" content=\"summary_large_image\" \/>\n<meta name=\"twitter:label1\" content=\"Escrito por\" \/>\n\t<meta name=\"twitter:data1\" content=\"Daniel Matos\" \/>\n\t<meta name=\"twitter:label2\" content=\"Est. tempo de leitura\" \/>\n\t<meta name=\"twitter:data2\" content=\"4 minutos\" \/>\n<script type=\"application\/ld+json\" class=\"yoast-schema-graph\">{\"@context\":\"https:\/\/schema.org\",\"@graph\":[{\"@type\":\"WebPage\",\"@id\":\"https:\/\/www.blogsoestado.com\/danielmatos\/147-pessoas-no-maranhao-estao-sob-protecao-federal-por-amecas-a-defesa-dos-direitos-humanos-e-do-meio-ambiente\/\",\"url\":\"https:\/\/www.blogsoestado.com\/danielmatos\/147-pessoas-no-maranhao-estao-sob-protecao-federal-por-amecas-a-defesa-dos-direitos-humanos-e-do-meio-ambiente\/\",\"name\":\"147 pessoas no Maranh\u00e3o est\u00e3o sob prote\u00e7\u00e3o federal por ame\u00e7as \u00e0 defesa dos direitos humanos e do meio ambiente - Daniel Matos\",\"isPartOf\":{\"@id\":\"https:\/\/www.blogsoestado.com\/danielmatos\/#website\"},\"primaryImageOfPage\":{\"@id\":\"https:\/\/www.blogsoestado.com\/danielmatos\/147-pessoas-no-maranhao-estao-sob-protecao-federal-por-amecas-a-defesa-dos-direitos-humanos-e-do-meio-ambiente\/#primaryimage\"},\"image\":{\"@id\":\"https:\/\/www.blogsoestado.com\/danielmatos\/147-pessoas-no-maranhao-estao-sob-protecao-federal-por-amecas-a-defesa-dos-direitos-humanos-e-do-meio-ambiente\/#primaryimage\"},\"thumbnailUrl\":\"https:\/\/www.blogsoestado.com\/danielmatos\/wp-content\/uploads\/sites\/2\/2026\/04\/1005514333-1024x683.jpg\",\"datePublished\":\"2026-04-30T16:23:30+00:00\",\"dateModified\":\"2026-04-30T16:23:33+00:00\",\"author\":{\"@id\":\"https:\/\/www.blogsoestado.com\/danielmatos\/#\/schema\/person\/9a209d407cd45631f131e1285b661bb0\"},\"breadcrumb\":{\"@id\":\"https:\/\/www.blogsoestado.com\/danielmatos\/147-pessoas-no-maranhao-estao-sob-protecao-federal-por-amecas-a-defesa-dos-direitos-humanos-e-do-meio-ambiente\/#breadcrumb\"},\"inLanguage\":\"pt-BR\",\"potentialAction\":[{\"@type\":\"ReadAction\",\"target\":[\"https:\/\/www.blogsoestado.com\/danielmatos\/147-pessoas-no-maranhao-estao-sob-protecao-federal-por-amecas-a-defesa-dos-direitos-humanos-e-do-meio-ambiente\/\"]}]},{\"@type\":\"ImageObject\",\"inLanguage\":\"pt-BR\",\"@id\":\"https:\/\/www.blogsoestado.com\/danielmatos\/147-pessoas-no-maranhao-estao-sob-protecao-federal-por-amecas-a-defesa-dos-direitos-humanos-e-do-meio-ambiente\/#primaryimage\",\"url\":\"https:\/\/www.blogsoestado.com\/danielmatos\/wp-content\/uploads\/sites\/2\/2026\/04\/1005514333.jpg\",\"contentUrl\":\"https:\/\/www.blogsoestado.com\/danielmatos\/wp-content\/uploads\/sites\/2\/2026\/04\/1005514333.jpg\",\"width\":1050,\"height\":700},{\"@type\":\"BreadcrumbList\",\"@id\":\"https:\/\/www.blogsoestado.com\/danielmatos\/147-pessoas-no-maranhao-estao-sob-protecao-federal-por-amecas-a-defesa-dos-direitos-humanos-e-do-meio-ambiente\/#breadcrumb\",\"itemListElement\":[{\"@type\":\"ListItem\",\"position\":1,\"name\":\"In\u00edcio\",\"item\":\"https:\/\/www.blogsoestado.com\/danielmatos\/\"},{\"@type\":\"ListItem\",\"position\":2,\"name\":\"147 pessoas no Maranh\u00e3o est\u00e3o sob prote\u00e7\u00e3o federal por ame\u00e7as \u00e0 defesa dos direitos humanos e do meio ambiente\"}]},{\"@type\":\"WebSite\",\"@id\":\"https:\/\/www.blogsoestado.com\/danielmatos\/#website\",\"url\":\"https:\/\/www.blogsoestado.com\/danielmatos\/\",\"name\":\"Daniel Matos\",\"description\":\"\",\"potentialAction\":[{\"@type\":\"SearchAction\",\"target\":{\"@type\":\"EntryPoint\",\"urlTemplate\":\"https:\/\/www.blogsoestado.com\/danielmatos\/?s={search_term_string}\"},\"query-input\":{\"@type\":\"PropertyValueSpecification\",\"valueRequired\":true,\"valueName\":\"search_term_string\"}}],\"inLanguage\":\"pt-BR\"},{\"@type\":\"Person\",\"@id\":\"https:\/\/www.blogsoestado.com\/danielmatos\/#\/schema\/person\/9a209d407cd45631f131e1285b661bb0\",\"name\":\"Daniel Matos\",\"image\":{\"@type\":\"ImageObject\",\"inLanguage\":\"pt-BR\",\"@id\":\"https:\/\/www.blogsoestado.com\/danielmatos\/#\/schema\/person\/image\/\",\"url\":\"https:\/\/secure.gravatar.com\/avatar\/2f26c36ee355da19a257f0dfef43952a2588b324ca35d6719e859fe338ac0392?s=96&d=mm&r=g\",\"contentUrl\":\"https:\/\/secure.gravatar.com\/avatar\/2f26c36ee355da19a257f0dfef43952a2588b324ca35d6719e859fe338ac0392?s=96&d=mm&r=g\",\"caption\":\"Daniel Matos\"},\"url\":\"https:\/\/www.blogsoestado.com\/danielmatos\/author\/danielmatos\/\"}]}<\/script>\n<!-- \/ Yoast SEO plugin. -->","yoast_head_json":{"title":"147 pessoas no Maranh\u00e3o est\u00e3o sob prote\u00e7\u00e3o federal por ame\u00e7as \u00e0 defesa dos direitos humanos e do meio ambiente - Daniel Matos","robots":{"index":"index","follow":"follow","max-snippet":"max-snippet:-1","max-image-preview":"max-image-preview:large","max-video-preview":"max-video-preview:-1"},"canonical":"https:\/\/www.blogsoestado.com\/danielmatos\/147-pessoas-no-maranhao-estao-sob-protecao-federal-por-amecas-a-defesa-dos-direitos-humanos-e-do-meio-ambiente\/","og_locale":"pt_BR","og_type":"article","og_title":"147 pessoas no Maranh\u00e3o est\u00e3o sob prote\u00e7\u00e3o federal por ame\u00e7as \u00e0 defesa dos direitos humanos e do meio ambiente - Daniel Matos","og_description":"Balan\u00e7o do Programa de Prote\u00e7\u00e3o a Defensores de Direitos Humanos, Comunicadores e Ambientalistas (PPDDH) no Brasil foi apresentado pelo Minist\u00e9rio [&hellip;]","og_url":"https:\/\/www.blogsoestado.com\/danielmatos\/147-pessoas-no-maranhao-estao-sob-protecao-federal-por-amecas-a-defesa-dos-direitos-humanos-e-do-meio-ambiente\/","og_site_name":"Daniel Matos","article_published_time":"2026-04-30T16:23:30+00:00","article_modified_time":"2026-04-30T16:23:33+00:00","og_image":[{"width":1050,"height":700,"url":"https:\/\/www.blogsoestado.com\/danielmatos\/wp-content\/uploads\/sites\/2\/2026\/04\/1005514333.jpg","type":"image\/jpeg"}],"author":"Daniel Matos","twitter_card":"summary_large_image","twitter_misc":{"Escrito por":"Daniel Matos","Est. tempo de leitura":"4 minutos"},"schema":{"@context":"https:\/\/schema.org","@graph":[{"@type":"WebPage","@id":"https:\/\/www.blogsoestado.com\/danielmatos\/147-pessoas-no-maranhao-estao-sob-protecao-federal-por-amecas-a-defesa-dos-direitos-humanos-e-do-meio-ambiente\/","url":"https:\/\/www.blogsoestado.com\/danielmatos\/147-pessoas-no-maranhao-estao-sob-protecao-federal-por-amecas-a-defesa-dos-direitos-humanos-e-do-meio-ambiente\/","name":"147 pessoas no Maranh\u00e3o est\u00e3o sob prote\u00e7\u00e3o federal por ame\u00e7as \u00e0 defesa dos direitos humanos e do meio ambiente - Daniel Matos","isPartOf":{"@id":"https:\/\/www.blogsoestado.com\/danielmatos\/#website"},"primaryImageOfPage":{"@id":"https:\/\/www.blogsoestado.com\/danielmatos\/147-pessoas-no-maranhao-estao-sob-protecao-federal-por-amecas-a-defesa-dos-direitos-humanos-e-do-meio-ambiente\/#primaryimage"},"image":{"@id":"https:\/\/www.blogsoestado.com\/danielmatos\/147-pessoas-no-maranhao-estao-sob-protecao-federal-por-amecas-a-defesa-dos-direitos-humanos-e-do-meio-ambiente\/#primaryimage"},"thumbnailUrl":"https:\/\/www.blogsoestado.com\/danielmatos\/wp-content\/uploads\/sites\/2\/2026\/04\/1005514333-1024x683.jpg","datePublished":"2026-04-30T16:23:30+00:00","dateModified":"2026-04-30T16:23:33+00:00","author":{"@id":"https:\/\/www.blogsoestado.com\/danielmatos\/#\/schema\/person\/9a209d407cd45631f131e1285b661bb0"},"breadcrumb":{"@id":"https:\/\/www.blogsoestado.com\/danielmatos\/147-pessoas-no-maranhao-estao-sob-protecao-federal-por-amecas-a-defesa-dos-direitos-humanos-e-do-meio-ambiente\/#breadcrumb"},"inLanguage":"pt-BR","potentialAction":[{"@type":"ReadAction","target":["https:\/\/www.blogsoestado.com\/danielmatos\/147-pessoas-no-maranhao-estao-sob-protecao-federal-por-amecas-a-defesa-dos-direitos-humanos-e-do-meio-ambiente\/"]}]},{"@type":"ImageObject","inLanguage":"pt-BR","@id":"https:\/\/www.blogsoestado.com\/danielmatos\/147-pessoas-no-maranhao-estao-sob-protecao-federal-por-amecas-a-defesa-dos-direitos-humanos-e-do-meio-ambiente\/#primaryimage","url":"https:\/\/www.blogsoestado.com\/danielmatos\/wp-content\/uploads\/sites\/2\/2026\/04\/1005514333.jpg","contentUrl":"https:\/\/www.blogsoestado.com\/danielmatos\/wp-content\/uploads\/sites\/2\/2026\/04\/1005514333.jpg","width":1050,"height":700},{"@type":"BreadcrumbList","@id":"https:\/\/www.blogsoestado.com\/danielmatos\/147-pessoas-no-maranhao-estao-sob-protecao-federal-por-amecas-a-defesa-dos-direitos-humanos-e-do-meio-ambiente\/#breadcrumb","itemListElement":[{"@type":"ListItem","position":1,"name":"In\u00edcio","item":"https:\/\/www.blogsoestado.com\/danielmatos\/"},{"@type":"ListItem","position":2,"name":"147 pessoas no Maranh\u00e3o est\u00e3o sob prote\u00e7\u00e3o federal por ame\u00e7as \u00e0 defesa dos direitos humanos e do meio ambiente"}]},{"@type":"WebSite","@id":"https:\/\/www.blogsoestado.com\/danielmatos\/#website","url":"https:\/\/www.blogsoestado.com\/danielmatos\/","name":"Daniel Matos","description":"","potentialAction":[{"@type":"SearchAction","target":{"@type":"EntryPoint","urlTemplate":"https:\/\/www.blogsoestado.com\/danielmatos\/?s={search_term_string}"},"query-input":{"@type":"PropertyValueSpecification","valueRequired":true,"valueName":"search_term_string"}}],"inLanguage":"pt-BR"},{"@type":"Person","@id":"https:\/\/www.blogsoestado.com\/danielmatos\/#\/schema\/person\/9a209d407cd45631f131e1285b661bb0","name":"Daniel Matos","image":{"@type":"ImageObject","inLanguage":"pt-BR","@id":"https:\/\/www.blogsoestado.com\/danielmatos\/#\/schema\/person\/image\/","url":"https:\/\/secure.gravatar.com\/avatar\/2f26c36ee355da19a257f0dfef43952a2588b324ca35d6719e859fe338ac0392?s=96&d=mm&r=g","contentUrl":"https:\/\/secure.gravatar.com\/avatar\/2f26c36ee355da19a257f0dfef43952a2588b324ca35d6719e859fe338ac0392?s=96&d=mm&r=g","caption":"Daniel Matos"},"url":"https:\/\/www.blogsoestado.com\/danielmatos\/author\/danielmatos\/"}]}},"jetpack_featured_media_url":"","_links":{"self":[{"href":"https:\/\/www.blogsoestado.com\/danielmatos\/wp-json\/wp\/v2\/posts\/157502","targetHints":{"allow":["GET"]}}],"collection":[{"href":"https:\/\/www.blogsoestado.com\/danielmatos\/wp-json\/wp\/v2\/posts"}],"about":[{"href":"https:\/\/www.blogsoestado.com\/danielmatos\/wp-json\/wp\/v2\/types\/post"}],"author":[{"embeddable":true,"href":"https:\/\/www.blogsoestado.com\/danielmatos\/wp-json\/wp\/v2\/users\/2"}],"replies":[{"embeddable":true,"href":"https:\/\/www.blogsoestado.com\/danielmatos\/wp-json\/wp\/v2\/comments?post=157502"}],"version-history":[{"count":1,"href":"https:\/\/www.blogsoestado.com\/danielmatos\/wp-json\/wp\/v2\/posts\/157502\/revisions"}],"predecessor-version":[{"id":157504,"href":"https:\/\/www.blogsoestado.com\/danielmatos\/wp-json\/wp\/v2\/posts\/157502\/revisions\/157504"}],"wp:attachment":[{"href":"https:\/\/www.blogsoestado.com\/danielmatos\/wp-json\/wp\/v2\/media?parent=157502"}],"wp:term":[{"taxonomy":"category","embeddable":true,"href":"https:\/\/www.blogsoestado.com\/danielmatos\/wp-json\/wp\/v2\/categories?post=157502"},{"taxonomy":"post_tag","embeddable":true,"href":"https:\/\/www.blogsoestado.com\/danielmatos\/wp-json\/wp\/v2\/tags?post=157502"}],"curies":[{"name":"wp","href":"https:\/\/api.w.org\/{rel}","templated":true}]}}