{"id":157520,"date":"2026-04-30T18:09:48","date_gmt":"2026-04-30T21:09:48","guid":{"rendered":"https:\/\/www.blogsoestado.com\/danielmatos\/?p=157520"},"modified":"2026-04-30T18:09:50","modified_gmt":"2026-04-30T21:09:50","slug":"parada-no-italuis-afeta-abastecimento-de-agua-em-mais-de-70-bairros-da-capital","status":"publish","type":"post","link":"https:\/\/www.blogsoestado.com\/danielmatos\/parada-no-italuis-afeta-abastecimento-de-agua-em-mais-de-70-bairros-da-capital\/","title":{"rendered":"Parada no Italu\u00eds afeta abastecimento de \u00e1gua em mais de 70 bairros da capital"},"content":{"rendered":"\n<figure class=\"wp-block-image aligncenter size-large\"><img fetchpriority=\"high\" decoding=\"async\" width=\"855\" height=\"1024\" src=\"https:\/\/www.blogsoestado.com\/danielmatos\/wp-content\/uploads\/sites\/2\/2026\/04\/1005517177-855x1024.png\" alt=\"\" class=\"wp-image-157521\" srcset=\"https:\/\/www.blogsoestado.com\/danielmatos\/wp-content\/uploads\/sites\/2\/2026\/04\/1005517177-855x1024.png 855w, https:\/\/www.blogsoestado.com\/danielmatos\/wp-content\/uploads\/sites\/2\/2026\/04\/1005517177-251x300.png 251w, https:\/\/www.blogsoestado.com\/danielmatos\/wp-content\/uploads\/sites\/2\/2026\/04\/1005517177-768x919.png 768w, https:\/\/www.blogsoestado.com\/danielmatos\/wp-content\/uploads\/sites\/2\/2026\/04\/1005517177.png 1080w\" sizes=\"(max-width: 855px) 100vw, 855px\" \/><\/figure>\n\n\n\n<p>A Companhia de Saneamento Ambiental do Maranh\u00e3o (CAEMA) informa a parada parcial do Sistema de Abastecimento de \u00c1gua do munic\u00edpio de S\u00e3o Lu\u00eds, no Sistema Italu\u00eds, devido a problemas na capta\u00e7\u00e3o de \u00e1gua da unidade.<\/p>\n\n\n\n<p>Equipes operacionais foram mobilizadas para os reparos t\u00e9cnicos. O abastecimento ser\u00e1 retomado, gradativamente, ap\u00f3s a conclus\u00e3o dos servi\u00e7os prevista para \u00e0s 23h desta quinta-feira (30).<\/p>\n\n\n\n<p>A normaliza\u00e7\u00e3o completa do abastecimento ocorrer\u00e1 de forma progressiva nos dias seguintes.<\/p>\n\n\n\n<p>\u00c1rea afetada: Angelim Velho, Bequim\u00e3o, Cohajoli, Cohama, condom\u00ednio Villagio Esperan\u00e7a, conjunto Angelim, Residencial Marfim, conjunto Boa Morada, conjunto Vinhais, Ecovillagio, Maranh\u00e3o Novo, Planalto Vinhais I e II, Recanto Vinhais, Residencial Jaqueira, Residencial Esperan\u00e7a, Residencial Vinhais II e III, Rio Anil, Vila Fialho, Villagio do Angelim, Vivendas da Cohama, Vinhais Velho, Residencial S\u00e3o Domingos I, Olho D&#8217;\u00c1gua, parte do Habitacional Turu, condom\u00ednio Fit Vivare II, Anjo da Guarda, Alto da Esperan\u00e7a, Residencial Ana Jansen, Vila Nova, Bom Fim, Vila Verde, Fumac\u00ea, Pi\u00e7arra, Estiva, Vila Funil, Residencial Batat\u0103, Residencial Magn\u00f3lia, Mangue Seco I e II, Vila Progresso, Vila Cabral, Pedrinhas, Vila Samara, Distrito Industrial, Centro, S\u00e3o Pantale\u00e3o, Madre Deus, Goiabal, Codozinho, Vila Bessa, Belira, Lira, parte da Areinha, Maca\u00faba, Apicum, Camboa, Vila Bangu, Diamante, Coreia de Baixo e Coreia de Cima, S\u00edtio do Meio, Alto de Boa Vista, Retiro Natal, Liberdade, Tom\u00e9 de Sousa, F\u00e9 em Deus, Floresta, parte do Monte Castelo e Avenida Beira-Mar.<\/p>\n","protected":false},"excerpt":{"rendered":"<p>A Companhia de Saneamento Ambiental do Maranh\u00e3o (CAEMA) informa a parada parcial do Sistema de Abastecimento de \u00c1gua do munic\u00edpio [&hellip;]<\/p>\n","protected":false},"author":2,"featured_media":0,"comment_status":"open","ping_status":"open","sticky":false,"template":"","format":"standard","meta":{"site-sidebar-layout":"default","site-content-layout":"","ast-site-content-layout":"default","site-content-style":"default","site-sidebar-style":"default","ast-global-header-display":"","ast-banner-title-visibility":"","ast-main-header-display":"","ast-hfb-above-header-display":"","ast-hfb-below-header-display":"","ast-hfb-mobile-header-display":"","site-post-title":"","ast-breadcrumbs-content":"","ast-featured-img":"","footer-sml-layout":"","ast-disable-related-posts":"","theme-transparent-header-meta":"","adv-header-id-meta":"","stick-header-meta":"","header-above-stick-meta":"","header-main-stick-meta":"","header-below-stick-meta":"","astra-migrate-meta-layouts":"default","ast-page-background-enabled":"default","ast-page-background-meta":{"desktop":{"background-color":"var(--ast-global-color-5)","background-image":"","background-repeat":"repeat","background-position":"center center","background-size":"auto","background-attachment":"scroll","background-type":"","background-media":"","overlay-type":"","overlay-color":"","overlay-opacity":"","overlay-gradient":""},"tablet":{"background-color":"","background-image":"","background-repeat":"repeat","background-position":"center center","background-size":"auto","background-attachment":"scroll","background-type":"","background-media":"","overlay-type":"","overlay-color":"","overlay-opacity":"","overlay-gradient":""},"mobile":{"background-color":"","background-image":"","background-repeat":"repeat","background-position":"center center","background-size":"auto","background-attachment":"scroll","background-type":"","background-media":"","overlay-type":"","overlay-color":"","overlay-opacity":"","overlay-gradient":""}},"ast-content-background-meta":{"desktop":{"background-color":"var(--ast-global-color-4)","background-image":"","background-repeat":"repeat","background-position":"center center","background-size":"auto","background-attachment":"scroll","background-type":"","background-media":"","overlay-type":"","overlay-color":"","overlay-opacity":"","overlay-gradient":""},"tablet":{"background-color":"var(--ast-global-color-4)","background-image":"","background-repeat":"repeat","background-position":"center center","background-size":"auto","background-attachment":"scroll","background-type":"","background-media":"","overlay-type":"","overlay-color":"","overlay-opacity":"","overlay-gradient":""},"mobile":{"background-color":"var(--ast-global-color-4)","background-image":"","background-repeat":"repeat","background-position":"center center","background-size":"auto","background-attachment":"scroll","background-type":"","background-media":"","overlay-type":"","overlay-color":"","overlay-opacity":"","overlay-gradient":""}},"footnotes":""},"categories":[1],"tags":[],"class_list":["post-157520","post","type-post","status-publish","format-standard","hentry","category-sem-categoria"],"yoast_head":"<!-- This site is optimized with the Yoast SEO plugin v26.6 - https:\/\/yoast.com\/wordpress\/plugins\/seo\/ -->\n<title>Parada no Italu\u00eds afeta abastecimento de \u00e1gua em mais de 70 bairros da capital - Daniel Matos<\/title>\n<meta name=\"robots\" content=\"index, follow, max-snippet:-1, max-image-preview:large, max-video-preview:-1\" \/>\n<link rel=\"canonical\" href=\"https:\/\/www.blogsoestado.com\/danielmatos\/parada-no-italuis-afeta-abastecimento-de-agua-em-mais-de-70-bairros-da-capital\/\" \/>\n<meta property=\"og:locale\" content=\"pt_BR\" \/>\n<meta property=\"og:type\" content=\"article\" \/>\n<meta property=\"og:title\" content=\"Parada no Italu\u00eds afeta abastecimento de \u00e1gua em mais de 70 bairros da capital - Daniel Matos\" \/>\n<meta property=\"og:description\" content=\"A Companhia de Saneamento Ambiental do Maranh\u00e3o (CAEMA) informa a parada parcial do Sistema de Abastecimento de \u00c1gua do munic\u00edpio [&hellip;]\" \/>\n<meta property=\"og:url\" content=\"https:\/\/www.blogsoestado.com\/danielmatos\/parada-no-italuis-afeta-abastecimento-de-agua-em-mais-de-70-bairros-da-capital\/\" \/>\n<meta property=\"og:site_name\" content=\"Daniel Matos\" \/>\n<meta property=\"article:published_time\" content=\"2026-04-30T21:09:48+00:00\" \/>\n<meta property=\"article:modified_time\" content=\"2026-04-30T21:09:50+00:00\" \/>\n<meta property=\"og:image\" content=\"https:\/\/www.blogsoestado.com\/danielmatos\/wp-content\/uploads\/sites\/2\/2026\/04\/1005517177.png\" \/>\n\t<meta property=\"og:image:width\" content=\"1080\" \/>\n\t<meta property=\"og:image:height\" content=\"1293\" \/>\n\t<meta property=\"og:image:type\" content=\"image\/png\" \/>\n<meta name=\"author\" content=\"Daniel Matos\" \/>\n<meta name=\"twitter:card\" content=\"summary_large_image\" \/>\n<meta name=\"twitter:label1\" content=\"Escrito por\" \/>\n\t<meta name=\"twitter:data1\" content=\"Daniel Matos\" \/>\n\t<meta name=\"twitter:label2\" content=\"Est. tempo de leitura\" \/>\n\t<meta name=\"twitter:data2\" content=\"2 minutos\" \/>\n<script type=\"application\/ld+json\" class=\"yoast-schema-graph\">{\"@context\":\"https:\/\/schema.org\",\"@graph\":[{\"@type\":\"WebPage\",\"@id\":\"https:\/\/www.blogsoestado.com\/danielmatos\/parada-no-italuis-afeta-abastecimento-de-agua-em-mais-de-70-bairros-da-capital\/\",\"url\":\"https:\/\/www.blogsoestado.com\/danielmatos\/parada-no-italuis-afeta-abastecimento-de-agua-em-mais-de-70-bairros-da-capital\/\",\"name\":\"Parada no Italu\u00eds afeta abastecimento de \u00e1gua em mais de 70 bairros da capital - Daniel Matos\",\"isPartOf\":{\"@id\":\"https:\/\/www.blogsoestado.com\/danielmatos\/#website\"},\"primaryImageOfPage\":{\"@id\":\"https:\/\/www.blogsoestado.com\/danielmatos\/parada-no-italuis-afeta-abastecimento-de-agua-em-mais-de-70-bairros-da-capital\/#primaryimage\"},\"image\":{\"@id\":\"https:\/\/www.blogsoestado.com\/danielmatos\/parada-no-italuis-afeta-abastecimento-de-agua-em-mais-de-70-bairros-da-capital\/#primaryimage\"},\"thumbnailUrl\":\"https:\/\/www.blogsoestado.com\/danielmatos\/wp-content\/uploads\/sites\/2\/2026\/04\/1005517177-855x1024.png\",\"datePublished\":\"2026-04-30T21:09:48+00:00\",\"dateModified\":\"2026-04-30T21:09:50+00:00\",\"author\":{\"@id\":\"https:\/\/www.blogsoestado.com\/danielmatos\/#\/schema\/person\/9a209d407cd45631f131e1285b661bb0\"},\"breadcrumb\":{\"@id\":\"https:\/\/www.blogsoestado.com\/danielmatos\/parada-no-italuis-afeta-abastecimento-de-agua-em-mais-de-70-bairros-da-capital\/#breadcrumb\"},\"inLanguage\":\"pt-BR\",\"potentialAction\":[{\"@type\":\"ReadAction\",\"target\":[\"https:\/\/www.blogsoestado.com\/danielmatos\/parada-no-italuis-afeta-abastecimento-de-agua-em-mais-de-70-bairros-da-capital\/\"]}]},{\"@type\":\"ImageObject\",\"inLanguage\":\"pt-BR\",\"@id\":\"https:\/\/www.blogsoestado.com\/danielmatos\/parada-no-italuis-afeta-abastecimento-de-agua-em-mais-de-70-bairros-da-capital\/#primaryimage\",\"url\":\"https:\/\/www.blogsoestado.com\/danielmatos\/wp-content\/uploads\/sites\/2\/2026\/04\/1005517177.png\",\"contentUrl\":\"https:\/\/www.blogsoestado.com\/danielmatos\/wp-content\/uploads\/sites\/2\/2026\/04\/1005517177.png\",\"width\":1080,\"height\":1293},{\"@type\":\"BreadcrumbList\",\"@id\":\"https:\/\/www.blogsoestado.com\/danielmatos\/parada-no-italuis-afeta-abastecimento-de-agua-em-mais-de-70-bairros-da-capital\/#breadcrumb\",\"itemListElement\":[{\"@type\":\"ListItem\",\"position\":1,\"name\":\"In\u00edcio\",\"item\":\"https:\/\/www.blogsoestado.com\/danielmatos\/\"},{\"@type\":\"ListItem\",\"position\":2,\"name\":\"Parada no Italu\u00eds afeta abastecimento de \u00e1gua em mais de 70 bairros da capital\"}]},{\"@type\":\"WebSite\",\"@id\":\"https:\/\/www.blogsoestado.com\/danielmatos\/#website\",\"url\":\"https:\/\/www.blogsoestado.com\/danielmatos\/\",\"name\":\"Daniel Matos\",\"description\":\"\",\"potentialAction\":[{\"@type\":\"SearchAction\",\"target\":{\"@type\":\"EntryPoint\",\"urlTemplate\":\"https:\/\/www.blogsoestado.com\/danielmatos\/?s={search_term_string}\"},\"query-input\":{\"@type\":\"PropertyValueSpecification\",\"valueRequired\":true,\"valueName\":\"search_term_string\"}}],\"inLanguage\":\"pt-BR\"},{\"@type\":\"Person\",\"@id\":\"https:\/\/www.blogsoestado.com\/danielmatos\/#\/schema\/person\/9a209d407cd45631f131e1285b661bb0\",\"name\":\"Daniel Matos\",\"image\":{\"@type\":\"ImageObject\",\"inLanguage\":\"pt-BR\",\"@id\":\"https:\/\/www.blogsoestado.com\/danielmatos\/#\/schema\/person\/image\/\",\"url\":\"https:\/\/secure.gravatar.com\/avatar\/2f26c36ee355da19a257f0dfef43952a2588b324ca35d6719e859fe338ac0392?s=96&d=mm&r=g\",\"contentUrl\":\"https:\/\/secure.gravatar.com\/avatar\/2f26c36ee355da19a257f0dfef43952a2588b324ca35d6719e859fe338ac0392?s=96&d=mm&r=g\",\"caption\":\"Daniel Matos\"},\"url\":\"https:\/\/www.blogsoestado.com\/danielmatos\/author\/danielmatos\/\"}]}<\/script>\n<!-- \/ Yoast SEO plugin. -->","yoast_head_json":{"title":"Parada no Italu\u00eds afeta abastecimento de \u00e1gua em mais de 70 bairros da capital - Daniel Matos","robots":{"index":"index","follow":"follow","max-snippet":"max-snippet:-1","max-image-preview":"max-image-preview:large","max-video-preview":"max-video-preview:-1"},"canonical":"https:\/\/www.blogsoestado.com\/danielmatos\/parada-no-italuis-afeta-abastecimento-de-agua-em-mais-de-70-bairros-da-capital\/","og_locale":"pt_BR","og_type":"article","og_title":"Parada no Italu\u00eds afeta abastecimento de \u00e1gua em mais de 70 bairros da capital - Daniel Matos","og_description":"A Companhia de Saneamento Ambiental do Maranh\u00e3o (CAEMA) informa a parada parcial do Sistema de Abastecimento de \u00c1gua do munic\u00edpio [&hellip;]","og_url":"https:\/\/www.blogsoestado.com\/danielmatos\/parada-no-italuis-afeta-abastecimento-de-agua-em-mais-de-70-bairros-da-capital\/","og_site_name":"Daniel Matos","article_published_time":"2026-04-30T21:09:48+00:00","article_modified_time":"2026-04-30T21:09:50+00:00","og_image":[{"width":1080,"height":1293,"url":"https:\/\/www.blogsoestado.com\/danielmatos\/wp-content\/uploads\/sites\/2\/2026\/04\/1005517177.png","type":"image\/png"}],"author":"Daniel Matos","twitter_card":"summary_large_image","twitter_misc":{"Escrito por":"Daniel Matos","Est. tempo de leitura":"2 minutos"},"schema":{"@context":"https:\/\/schema.org","@graph":[{"@type":"WebPage","@id":"https:\/\/www.blogsoestado.com\/danielmatos\/parada-no-italuis-afeta-abastecimento-de-agua-em-mais-de-70-bairros-da-capital\/","url":"https:\/\/www.blogsoestado.com\/danielmatos\/parada-no-italuis-afeta-abastecimento-de-agua-em-mais-de-70-bairros-da-capital\/","name":"Parada no Italu\u00eds afeta abastecimento de \u00e1gua em mais de 70 bairros da capital - Daniel Matos","isPartOf":{"@id":"https:\/\/www.blogsoestado.com\/danielmatos\/#website"},"primaryImageOfPage":{"@id":"https:\/\/www.blogsoestado.com\/danielmatos\/parada-no-italuis-afeta-abastecimento-de-agua-em-mais-de-70-bairros-da-capital\/#primaryimage"},"image":{"@id":"https:\/\/www.blogsoestado.com\/danielmatos\/parada-no-italuis-afeta-abastecimento-de-agua-em-mais-de-70-bairros-da-capital\/#primaryimage"},"thumbnailUrl":"https:\/\/www.blogsoestado.com\/danielmatos\/wp-content\/uploads\/sites\/2\/2026\/04\/1005517177-855x1024.png","datePublished":"2026-04-30T21:09:48+00:00","dateModified":"2026-04-30T21:09:50+00:00","author":{"@id":"https:\/\/www.blogsoestado.com\/danielmatos\/#\/schema\/person\/9a209d407cd45631f131e1285b661bb0"},"breadcrumb":{"@id":"https:\/\/www.blogsoestado.com\/danielmatos\/parada-no-italuis-afeta-abastecimento-de-agua-em-mais-de-70-bairros-da-capital\/#breadcrumb"},"inLanguage":"pt-BR","potentialAction":[{"@type":"ReadAction","target":["https:\/\/www.blogsoestado.com\/danielmatos\/parada-no-italuis-afeta-abastecimento-de-agua-em-mais-de-70-bairros-da-capital\/"]}]},{"@type":"ImageObject","inLanguage":"pt-BR","@id":"https:\/\/www.blogsoestado.com\/danielmatos\/parada-no-italuis-afeta-abastecimento-de-agua-em-mais-de-70-bairros-da-capital\/#primaryimage","url":"https:\/\/www.blogsoestado.com\/danielmatos\/wp-content\/uploads\/sites\/2\/2026\/04\/1005517177.png","contentUrl":"https:\/\/www.blogsoestado.com\/danielmatos\/wp-content\/uploads\/sites\/2\/2026\/04\/1005517177.png","width":1080,"height":1293},{"@type":"BreadcrumbList","@id":"https:\/\/www.blogsoestado.com\/danielmatos\/parada-no-italuis-afeta-abastecimento-de-agua-em-mais-de-70-bairros-da-capital\/#breadcrumb","itemListElement":[{"@type":"ListItem","position":1,"name":"In\u00edcio","item":"https:\/\/www.blogsoestado.com\/danielmatos\/"},{"@type":"ListItem","position":2,"name":"Parada no Italu\u00eds afeta abastecimento de \u00e1gua em mais de 70 bairros da capital"}]},{"@type":"WebSite","@id":"https:\/\/www.blogsoestado.com\/danielmatos\/#website","url":"https:\/\/www.blogsoestado.com\/danielmatos\/","name":"Daniel Matos","description":"","potentialAction":[{"@type":"SearchAction","target":{"@type":"EntryPoint","urlTemplate":"https:\/\/www.blogsoestado.com\/danielmatos\/?s={search_term_string}"},"query-input":{"@type":"PropertyValueSpecification","valueRequired":true,"valueName":"search_term_string"}}],"inLanguage":"pt-BR"},{"@type":"Person","@id":"https:\/\/www.blogsoestado.com\/danielmatos\/#\/schema\/person\/9a209d407cd45631f131e1285b661bb0","name":"Daniel Matos","image":{"@type":"ImageObject","inLanguage":"pt-BR","@id":"https:\/\/www.blogsoestado.com\/danielmatos\/#\/schema\/person\/image\/","url":"https:\/\/secure.gravatar.com\/avatar\/2f26c36ee355da19a257f0dfef43952a2588b324ca35d6719e859fe338ac0392?s=96&d=mm&r=g","contentUrl":"https:\/\/secure.gravatar.com\/avatar\/2f26c36ee355da19a257f0dfef43952a2588b324ca35d6719e859fe338ac0392?s=96&d=mm&r=g","caption":"Daniel Matos"},"url":"https:\/\/www.blogsoestado.com\/danielmatos\/author\/danielmatos\/"}]}},"jetpack_featured_media_url":"","_links":{"self":[{"href":"https:\/\/www.blogsoestado.com\/danielmatos\/wp-json\/wp\/v2\/posts\/157520","targetHints":{"allow":["GET"]}}],"collection":[{"href":"https:\/\/www.blogsoestado.com\/danielmatos\/wp-json\/wp\/v2\/posts"}],"about":[{"href":"https:\/\/www.blogsoestado.com\/danielmatos\/wp-json\/wp\/v2\/types\/post"}],"author":[{"embeddable":true,"href":"https:\/\/www.blogsoestado.com\/danielmatos\/wp-json\/wp\/v2\/users\/2"}],"replies":[{"embeddable":true,"href":"https:\/\/www.blogsoestado.com\/danielmatos\/wp-json\/wp\/v2\/comments?post=157520"}],"version-history":[{"count":1,"href":"https:\/\/www.blogsoestado.com\/danielmatos\/wp-json\/wp\/v2\/posts\/157520\/revisions"}],"predecessor-version":[{"id":157522,"href":"https:\/\/www.blogsoestado.com\/danielmatos\/wp-json\/wp\/v2\/posts\/157520\/revisions\/157522"}],"wp:attachment":[{"href":"https:\/\/www.blogsoestado.com\/danielmatos\/wp-json\/wp\/v2\/media?parent=157520"}],"wp:term":[{"taxonomy":"category","embeddable":true,"href":"https:\/\/www.blogsoestado.com\/danielmatos\/wp-json\/wp\/v2\/categories?post=157520"},{"taxonomy":"post_tag","embeddable":true,"href":"https:\/\/www.blogsoestado.com\/danielmatos\/wp-json\/wp\/v2\/tags?post=157520"}],"curies":[{"name":"wp","href":"https:\/\/api.w.org\/{rel}","templated":true}]}}