{"id":157523,"date":"2026-05-01T00:31:10","date_gmt":"2026-05-01T03:31:10","guid":{"rendered":"https:\/\/www.blogsoestado.com\/danielmatos\/?p=157523"},"modified":"2026-05-01T00:31:15","modified_gmt":"2026-05-01T03:31:15","slug":"em-barra-do-corda-encontro-com-grupo-politico-de-rigo-teles-e-abigail-cunha-consolida-apoio-a-pre-candidatura-de-orleans-brandao","status":"publish","type":"post","link":"https:\/\/www.blogsoestado.com\/danielmatos\/em-barra-do-corda-encontro-com-grupo-politico-de-rigo-teles-e-abigail-cunha-consolida-apoio-a-pre-candidatura-de-orleans-brandao\/","title":{"rendered":"Em Barra do Corda, encontro com grupo pol\u00edtico de Rigo Teles e Abigail Cunha consolida apoio \u00e0 pr\u00e9-candidatura de Orleans Brand\u00e3o"},"content":{"rendered":"\n<figure class=\"wp-block-image aligncenter size-large\"><img fetchpriority=\"high\" decoding=\"async\" width=\"1024\" height=\"683\" src=\"https:\/\/www.blogsoestado.com\/danielmatos\/wp-content\/uploads\/sites\/2\/2026\/05\/1005520199-1024x683.jpg\" alt=\"\" class=\"wp-image-157524\" srcset=\"https:\/\/www.blogsoestado.com\/danielmatos\/wp-content\/uploads\/sites\/2\/2026\/05\/1005520199-1024x683.jpg 1024w, https:\/\/www.blogsoestado.com\/danielmatos\/wp-content\/uploads\/sites\/2\/2026\/05\/1005520199-300x200.jpg 300w, https:\/\/www.blogsoestado.com\/danielmatos\/wp-content\/uploads\/sites\/2\/2026\/05\/1005520199-768x512.jpg 768w, https:\/\/www.blogsoestado.com\/danielmatos\/wp-content\/uploads\/sites\/2\/2026\/05\/1005520199-1536x1024.jpg 1536w, https:\/\/www.blogsoestado.com\/danielmatos\/wp-content\/uploads\/sites\/2\/2026\/05\/1005520199-2048x1366.jpg 2048w\" sizes=\"(max-width: 1024px) 100vw, 1024px\" \/><\/figure>\n\n\n\n<p>Durante agenda em Barra do Corda, nesta quinta-feira (30), o pr\u00e9-candidato ao Governo do Maranh\u00e3o, Orleans Brand\u00e3o, se reuniu com o grupo pol\u00edtico liderado pelo prefeito Rigo Teles e pela deputada estadual Abigail Cunha, consolidando uma ampla frente de apoio \u00e0 sua pr\u00e9-candidatura. O encontro reuniu vereadores, lideran\u00e7as pol\u00edticas e comunit\u00e1rias do munic\u00edpio, que reafirmaram ades\u00e3o ao seu projeto pol\u00edtico e destacaram os resultados de parcerias j\u00e1 estabelecidas na cidade.<\/p>\n\n\n\n<figure class=\"wp-block-image aligncenter size-large\"><img decoding=\"async\" width=\"1024\" height=\"683\" src=\"https:\/\/www.blogsoestado.com\/danielmatos\/wp-content\/uploads\/sites\/2\/2026\/05\/1005520200-1024x683.jpg\" alt=\"\" class=\"wp-image-157525\" srcset=\"https:\/\/www.blogsoestado.com\/danielmatos\/wp-content\/uploads\/sites\/2\/2026\/05\/1005520200-1024x683.jpg 1024w, https:\/\/www.blogsoestado.com\/danielmatos\/wp-content\/uploads\/sites\/2\/2026\/05\/1005520200-300x200.jpg 300w, https:\/\/www.blogsoestado.com\/danielmatos\/wp-content\/uploads\/sites\/2\/2026\/05\/1005520200-768x512.jpg 768w, https:\/\/www.blogsoestado.com\/danielmatos\/wp-content\/uploads\/sites\/2\/2026\/05\/1005520200-1536x1024.jpg 1536w, https:\/\/www.blogsoestado.com\/danielmatos\/wp-content\/uploads\/sites\/2\/2026\/05\/1005520200-2048x1366.jpg 2048w\" sizes=\"(max-width: 1024px) 100vw, 1024px\" \/><\/figure>\n\n\n\n<p>Na reuni\u00e3o, Orleans destacou sua trajet\u00f3ria de di\u00e1logo com a popula\u00e7\u00e3o, as parcerias constru\u00eddas no munic\u00edpio e as a\u00e7\u00f5es j\u00e1 realizadas em Barra do Corda:<\/p>\n\n\n\n<figure class=\"wp-block-image aligncenter size-large\"><img decoding=\"async\" width=\"1024\" height=\"683\" src=\"https:\/\/www.blogsoestado.com\/danielmatos\/wp-content\/uploads\/sites\/2\/2026\/05\/1005520201-1024x683.jpg\" alt=\"\" class=\"wp-image-157526\" srcset=\"https:\/\/www.blogsoestado.com\/danielmatos\/wp-content\/uploads\/sites\/2\/2026\/05\/1005520201-1024x683.jpg 1024w, https:\/\/www.blogsoestado.com\/danielmatos\/wp-content\/uploads\/sites\/2\/2026\/05\/1005520201-300x200.jpg 300w, https:\/\/www.blogsoestado.com\/danielmatos\/wp-content\/uploads\/sites\/2\/2026\/05\/1005520201-768x512.jpg 768w, https:\/\/www.blogsoestado.com\/danielmatos\/wp-content\/uploads\/sites\/2\/2026\/05\/1005520201-1536x1024.jpg 1536w, https:\/\/www.blogsoestado.com\/danielmatos\/wp-content\/uploads\/sites\/2\/2026\/05\/1005520201-2048x1366.jpg 2048w\" sizes=\"(max-width: 1024px) 100vw, 1024px\" \/><\/figure>\n\n\n\n<p>\u201cDesde o primeiro dia, eu fiz quest\u00e3o de conversar com as pessoas, ouvir cada demanda e entender de perto a realidade de Barra do Corda, pois sempre existiu um carinho e uma parceria muito especial. Ao lado de lideran\u00e7as como a deputada Abigail, do prefeito Rigo e de diversas outros l\u00edderes da regi\u00e3o, conseguimos a\u00e7\u00f5es importantes para atender \u00e0s necessidades da popula\u00e7\u00e3o\u201d, disse Orleans.<\/p>\n\n\n\n<figure class=\"wp-block-image aligncenter size-large\"><img loading=\"lazy\" decoding=\"async\" width=\"1024\" height=\"683\" src=\"https:\/\/www.blogsoestado.com\/danielmatos\/wp-content\/uploads\/sites\/2\/2026\/05\/1005520202-1024x683.jpg\" alt=\"\" class=\"wp-image-157527\" srcset=\"https:\/\/www.blogsoestado.com\/danielmatos\/wp-content\/uploads\/sites\/2\/2026\/05\/1005520202-1024x683.jpg 1024w, https:\/\/www.blogsoestado.com\/danielmatos\/wp-content\/uploads\/sites\/2\/2026\/05\/1005520202-300x200.jpg 300w, https:\/\/www.blogsoestado.com\/danielmatos\/wp-content\/uploads\/sites\/2\/2026\/05\/1005520202-768x512.jpg 768w, https:\/\/www.blogsoestado.com\/danielmatos\/wp-content\/uploads\/sites\/2\/2026\/05\/1005520202-1536x1024.jpg 1536w, https:\/\/www.blogsoestado.com\/danielmatos\/wp-content\/uploads\/sites\/2\/2026\/05\/1005520202-2048x1366.jpg 2048w\" sizes=\"(max-width: 1024px) 100vw, 1024px\" \/><\/figure>\n\n\n\n<p>Ele lembrou que foram mais de 50 quil\u00f4metros de pavimenta\u00e7\u00e3o asf\u00e1ltica entregues ao munic\u00edpio, al\u00e9m da constru\u00e7\u00e3o do complexo esportivo, da maternidade, de ambul\u00e2ncias, ve\u00edculos para a sa\u00fade e educa\u00e7\u00e3o, e de a\u00e7\u00f5es como mutir\u00f5es de sa\u00fade, a Casa da Mulher Maranhense e a Carreta da Mulher, por exemplo.<\/p>\n\n\n\n<figure class=\"wp-block-image aligncenter size-large\"><img loading=\"lazy\" decoding=\"async\" width=\"1024\" height=\"683\" src=\"https:\/\/www.blogsoestado.com\/danielmatos\/wp-content\/uploads\/sites\/2\/2026\/05\/1005520203-1-1024x683.jpg\" alt=\"\" class=\"wp-image-157529\" srcset=\"https:\/\/www.blogsoestado.com\/danielmatos\/wp-content\/uploads\/sites\/2\/2026\/05\/1005520203-1-1024x683.jpg 1024w, https:\/\/www.blogsoestado.com\/danielmatos\/wp-content\/uploads\/sites\/2\/2026\/05\/1005520203-1-300x200.jpg 300w, https:\/\/www.blogsoestado.com\/danielmatos\/wp-content\/uploads\/sites\/2\/2026\/05\/1005520203-1-768x512.jpg 768w, https:\/\/www.blogsoestado.com\/danielmatos\/wp-content\/uploads\/sites\/2\/2026\/05\/1005520203-1-1536x1024.jpg 1536w, https:\/\/www.blogsoestado.com\/danielmatos\/wp-content\/uploads\/sites\/2\/2026\/05\/1005520203-1-2048x1366.jpg 2048w\" sizes=\"(max-width: 1024px) 100vw, 1024px\" \/><\/figure>\n\n\n\n<p>\u201cQuando estive \u00e0 frente da Secretaria de Assuntos Municipalistas, o governo estadual esteve presente de forma concreta, com obras e a\u00e7\u00f5es, mas tamb\u00e9m com presen\u00e7a f\u00edsica, ouvindo as pessoas e buscando solu\u00e7\u00f5es. Nada disso se faz sozinho. Foi preciso parceria, uni\u00e3o e compromisso com o povo. Por isso, agrade\u00e7o a todos os vereadores e a cada lideran\u00e7a que ajudou a tornar essas conquistas poss\u00edveis\u201d, ressaltou.<\/p>\n\n\n\n<figure class=\"wp-block-image aligncenter size-large\"><img loading=\"lazy\" decoding=\"async\" width=\"1024\" height=\"683\" src=\"https:\/\/www.blogsoestado.com\/danielmatos\/wp-content\/uploads\/sites\/2\/2026\/05\/1005520206-1024x683.jpg\" alt=\"\" class=\"wp-image-157530\" srcset=\"https:\/\/www.blogsoestado.com\/danielmatos\/wp-content\/uploads\/sites\/2\/2026\/05\/1005520206-1024x683.jpg 1024w, https:\/\/www.blogsoestado.com\/danielmatos\/wp-content\/uploads\/sites\/2\/2026\/05\/1005520206-300x200.jpg 300w, https:\/\/www.blogsoestado.com\/danielmatos\/wp-content\/uploads\/sites\/2\/2026\/05\/1005520206-768x512.jpg 768w, https:\/\/www.blogsoestado.com\/danielmatos\/wp-content\/uploads\/sites\/2\/2026\/05\/1005520206-1536x1024.jpg 1536w, https:\/\/www.blogsoestado.com\/danielmatos\/wp-content\/uploads\/sites\/2\/2026\/05\/1005520206-2048x1366.jpg 2048w\" sizes=\"(max-width: 1024px) 100vw, 1024px\" \/><\/figure>\n\n\n\n<p>Durante discurso sobre as a\u00e7\u00f5es e parcerias que v\u00eam impulsionando o desenvolvimento de Barra do Corda, o prefeito Rigo Teles destacou o compromisso da gest\u00e3o estadual com melhorias concretas para a popula\u00e7\u00e3o.<\/p>\n\n\n\n<figure class=\"wp-block-image aligncenter size-large\"><img loading=\"lazy\" decoding=\"async\" width=\"1024\" height=\"683\" src=\"https:\/\/www.blogsoestado.com\/danielmatos\/wp-content\/uploads\/sites\/2\/2026\/05\/1005520207-1024x683.jpg\" alt=\"\" class=\"wp-image-157531\" srcset=\"https:\/\/www.blogsoestado.com\/danielmatos\/wp-content\/uploads\/sites\/2\/2026\/05\/1005520207-1024x683.jpg 1024w, https:\/\/www.blogsoestado.com\/danielmatos\/wp-content\/uploads\/sites\/2\/2026\/05\/1005520207-300x200.jpg 300w, https:\/\/www.blogsoestado.com\/danielmatos\/wp-content\/uploads\/sites\/2\/2026\/05\/1005520207-768x512.jpg 768w, https:\/\/www.blogsoestado.com\/danielmatos\/wp-content\/uploads\/sites\/2\/2026\/05\/1005520207-1536x1024.jpg 1536w, https:\/\/www.blogsoestado.com\/danielmatos\/wp-content\/uploads\/sites\/2\/2026\/05\/1005520207-2048x1366.jpg 2048w\" sizes=\"(max-width: 1024px) 100vw, 1024px\" \/><\/figure>\n\n\n\n<p>\u201cO Orleans, quando foi secret\u00e1rio de Assuntos Municipalistas, colaborou muito e nunca nos disse n\u00e3o, sempre trabalhando por Barra do Corda e fazendo o que a cidade merece. J\u00e1 avan\u00e7amos muito, principalmente na sa\u00fade, adquirindo equipamentos importantes como ambul\u00e2ncias, levando melhorias e implantando consult\u00f3rios odontol\u00f3gicos em todas as UBS, fruto dessas parcerias\u201d, frisou Rigo Teles.<\/p>\n\n\n\n<figure class=\"wp-block-image aligncenter size-large\"><img loading=\"lazy\" decoding=\"async\" width=\"1024\" height=\"683\" src=\"https:\/\/www.blogsoestado.com\/danielmatos\/wp-content\/uploads\/sites\/2\/2026\/05\/1005520208-1024x683.jpg\" alt=\"\" class=\"wp-image-157532\" srcset=\"https:\/\/www.blogsoestado.com\/danielmatos\/wp-content\/uploads\/sites\/2\/2026\/05\/1005520208-1024x683.jpg 1024w, https:\/\/www.blogsoestado.com\/danielmatos\/wp-content\/uploads\/sites\/2\/2026\/05\/1005520208-300x200.jpg 300w, https:\/\/www.blogsoestado.com\/danielmatos\/wp-content\/uploads\/sites\/2\/2026\/05\/1005520208-768x512.jpg 768w, https:\/\/www.blogsoestado.com\/danielmatos\/wp-content\/uploads\/sites\/2\/2026\/05\/1005520208-1536x1024.jpg 1536w, https:\/\/www.blogsoestado.com\/danielmatos\/wp-content\/uploads\/sites\/2\/2026\/05\/1005520208-2048x1366.jpg 2048w\" sizes=\"(max-width: 1024px) 100vw, 1024px\" \/><\/figure>\n\n\n\n<p>A deputada Abigail Cunha destacou a import\u00e2ncia da continuidade de uma gest\u00e3o comprometida com resultados reais para Barra do Corda e o Maranh\u00e3o.<\/p>\n\n\n\n<figure class=\"wp-block-image aligncenter size-large\"><img loading=\"lazy\" decoding=\"async\" width=\"1024\" height=\"683\" src=\"https:\/\/www.blogsoestado.com\/danielmatos\/wp-content\/uploads\/sites\/2\/2026\/05\/1005520209-1024x683.jpg\" alt=\"\" class=\"wp-image-157534\" srcset=\"https:\/\/www.blogsoestado.com\/danielmatos\/wp-content\/uploads\/sites\/2\/2026\/05\/1005520209-1024x683.jpg 1024w, https:\/\/www.blogsoestado.com\/danielmatos\/wp-content\/uploads\/sites\/2\/2026\/05\/1005520209-300x200.jpg 300w, https:\/\/www.blogsoestado.com\/danielmatos\/wp-content\/uploads\/sites\/2\/2026\/05\/1005520209-768x512.jpg 768w, https:\/\/www.blogsoestado.com\/danielmatos\/wp-content\/uploads\/sites\/2\/2026\/05\/1005520209-1536x1024.jpg 1536w, https:\/\/www.blogsoestado.com\/danielmatos\/wp-content\/uploads\/sites\/2\/2026\/05\/1005520209-2048x1366.jpg 2048w\" sizes=\"(max-width: 1024px) 100vw, 1024px\" \/><\/figure>\n\n\n\n<p>\u201cQuem conhece de verdade o Maranh\u00e3o sabe que governar exige compromisso, sensibilidade e presen\u00e7a. \u00c9 por isso que acredito em um projeto que tenha responsabilidade, que saiba ouvir o povo e que esteja preparado para dar continuidade aos avan\u00e7os que o Maranh\u00e3o precisa. Por isso, acredito que Orleans \u00e9 o nome certo\u201d, disse a parlamentar.<\/p>\n\n\n\n<figure class=\"wp-block-image aligncenter size-large\"><img loading=\"lazy\" decoding=\"async\" width=\"1024\" height=\"683\" src=\"https:\/\/www.blogsoestado.com\/danielmatos\/wp-content\/uploads\/sites\/2\/2026\/05\/1005520214-1024x683.jpg\" alt=\"\" class=\"wp-image-157536\" srcset=\"https:\/\/www.blogsoestado.com\/danielmatos\/wp-content\/uploads\/sites\/2\/2026\/05\/1005520214-1024x683.jpg 1024w, https:\/\/www.blogsoestado.com\/danielmatos\/wp-content\/uploads\/sites\/2\/2026\/05\/1005520214-300x200.jpg 300w, https:\/\/www.blogsoestado.com\/danielmatos\/wp-content\/uploads\/sites\/2\/2026\/05\/1005520214-768x512.jpg 768w, https:\/\/www.blogsoestado.com\/danielmatos\/wp-content\/uploads\/sites\/2\/2026\/05\/1005520214-1536x1024.jpg 1536w, https:\/\/www.blogsoestado.com\/danielmatos\/wp-content\/uploads\/sites\/2\/2026\/05\/1005520214-2048x1366.jpg 2048w\" sizes=\"(max-width: 1024px) 100vw, 1024px\" \/><\/figure>\n\n\n\n<p>Tamb\u00e9m presente ao encontro, o presidente da C\u00e2mara de Barra do Corda, Etevaldo Sampaio, acompanhado de diversos vereadores do munic\u00edpio, refor\u00e7ou a confian\u00e7a no projeto pol\u00edtico de Orleans, constru\u00eddo com di\u00e1logo, experi\u00eancia e proximidade com a popula\u00e7\u00e3o.<\/p>\n\n\n\n<figure class=\"wp-block-image aligncenter size-large\"><img loading=\"lazy\" decoding=\"async\" width=\"1024\" height=\"683\" src=\"https:\/\/www.blogsoestado.com\/danielmatos\/wp-content\/uploads\/sites\/2\/2026\/05\/1005520215-1024x683.jpg\" alt=\"\" class=\"wp-image-157537\" srcset=\"https:\/\/www.blogsoestado.com\/danielmatos\/wp-content\/uploads\/sites\/2\/2026\/05\/1005520215-1024x683.jpg 1024w, https:\/\/www.blogsoestado.com\/danielmatos\/wp-content\/uploads\/sites\/2\/2026\/05\/1005520215-300x200.jpg 300w, https:\/\/www.blogsoestado.com\/danielmatos\/wp-content\/uploads\/sites\/2\/2026\/05\/1005520215-768x512.jpg 768w, https:\/\/www.blogsoestado.com\/danielmatos\/wp-content\/uploads\/sites\/2\/2026\/05\/1005520215-1536x1024.jpg 1536w, https:\/\/www.blogsoestado.com\/danielmatos\/wp-content\/uploads\/sites\/2\/2026\/05\/1005520215-2048x1366.jpg 2048w\" sizes=\"(max-width: 1024px) 100vw, 1024px\" \/><\/figure>\n\n\n\n<p>\u201cHoje, como presidente da C\u00e2mara, eu reafirmo que, quando h\u00e1 compromisso e parceria, os resultados chegam. Barra do Corda tem avan\u00e7ado porque existe um olhar atento para as necessidades do nosso povo. A nossa cidade n\u00e3o pode parar, e o caminho \u00e9 continuar com responsabilidade, uni\u00e3o e foco no desenvolvimento que a nossa gente merece\u201d, disse.<\/p>\n","protected":false},"excerpt":{"rendered":"<p>Durante agenda em Barra do Corda, nesta quinta-feira (30), o pr\u00e9-candidato ao Governo do Maranh\u00e3o, Orleans Brand\u00e3o, se reuniu com [&hellip;]<\/p>\n","protected":false},"author":2,"featured_media":0,"comment_status":"open","ping_status":"open","sticky":false,"template":"","format":"standard","meta":{"site-sidebar-layout":"default","site-content-layout":"","ast-site-content-layout":"default","site-content-style":"default","site-sidebar-style":"default","ast-global-header-display":"","ast-banner-title-visibility":"","ast-main-header-display":"","ast-hfb-above-header-display":"","ast-hfb-below-header-display":"","ast-hfb-mobile-header-display":"","site-post-title":"","ast-breadcrumbs-content":"","ast-featured-img":"","footer-sml-layout":"","ast-disable-related-posts":"","theme-transparent-header-meta":"","adv-header-id-meta":"","stick-header-meta":"","header-above-stick-meta":"","header-main-stick-meta":"","header-below-stick-meta":"","astra-migrate-meta-layouts":"default","ast-page-background-enabled":"default","ast-page-background-meta":{"desktop":{"background-color":"var(--ast-global-color-5)","background-image":"","background-repeat":"repeat","background-position":"center center","background-size":"auto","background-attachment":"scroll","background-type":"","background-media":"","overlay-type":"","overlay-color":"","overlay-opacity":"","overlay-gradient":""},"tablet":{"background-color":"","background-image":"","background-repeat":"repeat","background-position":"center center","background-size":"auto","background-attachment":"scroll","background-type":"","background-media":"","overlay-type":"","overlay-color":"","overlay-opacity":"","overlay-gradient":""},"mobile":{"background-color":"","background-image":"","background-repeat":"repeat","background-position":"center center","background-size":"auto","background-attachment":"scroll","background-type":"","background-media":"","overlay-type":"","overlay-color":"","overlay-opacity":"","overlay-gradient":""}},"ast-content-background-meta":{"desktop":{"background-color":"var(--ast-global-color-4)","background-image":"","background-repeat":"repeat","background-position":"center center","background-size":"auto","background-attachment":"scroll","background-type":"","background-media":"","overlay-type":"","overlay-color":"","overlay-opacity":"","overlay-gradient":""},"tablet":{"background-color":"var(--ast-global-color-4)","background-image":"","background-repeat":"repeat","background-position":"center center","background-size":"auto","background-attachment":"scroll","background-type":"","background-media":"","overlay-type":"","overlay-color":"","overlay-opacity":"","overlay-gradient":""},"mobile":{"background-color":"var(--ast-global-color-4)","background-image":"","background-repeat":"repeat","background-position":"center center","background-size":"auto","background-attachment":"scroll","background-type":"","background-media":"","overlay-type":"","overlay-color":"","overlay-opacity":"","overlay-gradient":""}},"footnotes":""},"categories":[1],"tags":[],"class_list":["post-157523","post","type-post","status-publish","format-standard","hentry","category-sem-categoria"],"yoast_head":"<!-- This site is optimized with the Yoast SEO plugin v26.6 - https:\/\/yoast.com\/wordpress\/plugins\/seo\/ -->\n<title>Em Barra do Corda, encontro com grupo pol\u00edtico de Rigo Teles e Abigail Cunha consolida apoio \u00e0 pr\u00e9-candidatura de Orleans Brand\u00e3o - Daniel Matos<\/title>\n<meta name=\"robots\" content=\"index, follow, max-snippet:-1, max-image-preview:large, max-video-preview:-1\" \/>\n<link rel=\"canonical\" href=\"https:\/\/www.blogsoestado.com\/danielmatos\/em-barra-do-corda-encontro-com-grupo-politico-de-rigo-teles-e-abigail-cunha-consolida-apoio-a-pre-candidatura-de-orleans-brandao\/\" \/>\n<meta property=\"og:locale\" content=\"pt_BR\" \/>\n<meta property=\"og:type\" content=\"article\" \/>\n<meta property=\"og:title\" content=\"Em Barra do Corda, encontro com grupo pol\u00edtico de Rigo Teles e Abigail Cunha consolida apoio \u00e0 pr\u00e9-candidatura de Orleans Brand\u00e3o - Daniel Matos\" \/>\n<meta property=\"og:description\" content=\"Durante agenda em Barra do Corda, nesta quinta-feira (30), o pr\u00e9-candidato ao Governo do Maranh\u00e3o, Orleans Brand\u00e3o, se reuniu com [&hellip;]\" \/>\n<meta property=\"og:url\" content=\"https:\/\/www.blogsoestado.com\/danielmatos\/em-barra-do-corda-encontro-com-grupo-politico-de-rigo-teles-e-abigail-cunha-consolida-apoio-a-pre-candidatura-de-orleans-brandao\/\" \/>\n<meta property=\"og:site_name\" content=\"Daniel Matos\" \/>\n<meta property=\"article:published_time\" content=\"2026-05-01T03:31:10+00:00\" \/>\n<meta property=\"article:modified_time\" content=\"2026-05-01T03:31:15+00:00\" \/>\n<meta property=\"og:image\" content=\"https:\/\/www.blogsoestado.com\/danielmatos\/wp-content\/uploads\/sites\/2\/2026\/05\/1005520199.jpg\" \/>\n\t<meta property=\"og:image:width\" content=\"2560\" \/>\n\t<meta property=\"og:image:height\" content=\"1707\" \/>\n\t<meta property=\"og:image:type\" content=\"image\/jpeg\" \/>\n<meta name=\"author\" content=\"Daniel Matos\" \/>\n<meta name=\"twitter:card\" content=\"summary_large_image\" \/>\n<meta name=\"twitter:label1\" content=\"Escrito por\" \/>\n\t<meta name=\"twitter:data1\" content=\"Daniel Matos\" \/>\n\t<meta name=\"twitter:label2\" content=\"Est. tempo de leitura\" \/>\n\t<meta name=\"twitter:data2\" content=\"6 minutos\" \/>\n<script type=\"application\/ld+json\" class=\"yoast-schema-graph\">{\"@context\":\"https:\/\/schema.org\",\"@graph\":[{\"@type\":\"WebPage\",\"@id\":\"https:\/\/www.blogsoestado.com\/danielmatos\/em-barra-do-corda-encontro-com-grupo-politico-de-rigo-teles-e-abigail-cunha-consolida-apoio-a-pre-candidatura-de-orleans-brandao\/\",\"url\":\"https:\/\/www.blogsoestado.com\/danielmatos\/em-barra-do-corda-encontro-com-grupo-politico-de-rigo-teles-e-abigail-cunha-consolida-apoio-a-pre-candidatura-de-orleans-brandao\/\",\"name\":\"Em Barra do Corda, encontro com grupo pol\u00edtico de Rigo Teles e Abigail Cunha consolida apoio \u00e0 pr\u00e9-candidatura de Orleans Brand\u00e3o - Daniel Matos\",\"isPartOf\":{\"@id\":\"https:\/\/www.blogsoestado.com\/danielmatos\/#website\"},\"primaryImageOfPage\":{\"@id\":\"https:\/\/www.blogsoestado.com\/danielmatos\/em-barra-do-corda-encontro-com-grupo-politico-de-rigo-teles-e-abigail-cunha-consolida-apoio-a-pre-candidatura-de-orleans-brandao\/#primaryimage\"},\"image\":{\"@id\":\"https:\/\/www.blogsoestado.com\/danielmatos\/em-barra-do-corda-encontro-com-grupo-politico-de-rigo-teles-e-abigail-cunha-consolida-apoio-a-pre-candidatura-de-orleans-brandao\/#primaryimage\"},\"thumbnailUrl\":\"https:\/\/www.blogsoestado.com\/danielmatos\/wp-content\/uploads\/sites\/2\/2026\/05\/1005520199-1024x683.jpg\",\"datePublished\":\"2026-05-01T03:31:10+00:00\",\"dateModified\":\"2026-05-01T03:31:15+00:00\",\"author\":{\"@id\":\"https:\/\/www.blogsoestado.com\/danielmatos\/#\/schema\/person\/9a209d407cd45631f131e1285b661bb0\"},\"breadcrumb\":{\"@id\":\"https:\/\/www.blogsoestado.com\/danielmatos\/em-barra-do-corda-encontro-com-grupo-politico-de-rigo-teles-e-abigail-cunha-consolida-apoio-a-pre-candidatura-de-orleans-brandao\/#breadcrumb\"},\"inLanguage\":\"pt-BR\",\"potentialAction\":[{\"@type\":\"ReadAction\",\"target\":[\"https:\/\/www.blogsoestado.com\/danielmatos\/em-barra-do-corda-encontro-com-grupo-politico-de-rigo-teles-e-abigail-cunha-consolida-apoio-a-pre-candidatura-de-orleans-brandao\/\"]}]},{\"@type\":\"ImageObject\",\"inLanguage\":\"pt-BR\",\"@id\":\"https:\/\/www.blogsoestado.com\/danielmatos\/em-barra-do-corda-encontro-com-grupo-politico-de-rigo-teles-e-abigail-cunha-consolida-apoio-a-pre-candidatura-de-orleans-brandao\/#primaryimage\",\"url\":\"https:\/\/www.blogsoestado.com\/danielmatos\/wp-content\/uploads\/sites\/2\/2026\/05\/1005520199.jpg\",\"contentUrl\":\"https:\/\/www.blogsoestado.com\/danielmatos\/wp-content\/uploads\/sites\/2\/2026\/05\/1005520199.jpg\",\"width\":2560,\"height\":1707},{\"@type\":\"BreadcrumbList\",\"@id\":\"https:\/\/www.blogsoestado.com\/danielmatos\/em-barra-do-corda-encontro-com-grupo-politico-de-rigo-teles-e-abigail-cunha-consolida-apoio-a-pre-candidatura-de-orleans-brandao\/#breadcrumb\",\"itemListElement\":[{\"@type\":\"ListItem\",\"position\":1,\"name\":\"In\u00edcio\",\"item\":\"https:\/\/www.blogsoestado.com\/danielmatos\/\"},{\"@type\":\"ListItem\",\"position\":2,\"name\":\"Em Barra do Corda, encontro com grupo pol\u00edtico de Rigo Teles e Abigail Cunha consolida apoio \u00e0 pr\u00e9-candidatura de Orleans Brand\u00e3o\"}]},{\"@type\":\"WebSite\",\"@id\":\"https:\/\/www.blogsoestado.com\/danielmatos\/#website\",\"url\":\"https:\/\/www.blogsoestado.com\/danielmatos\/\",\"name\":\"Daniel Matos\",\"description\":\"\",\"potentialAction\":[{\"@type\":\"SearchAction\",\"target\":{\"@type\":\"EntryPoint\",\"urlTemplate\":\"https:\/\/www.blogsoestado.com\/danielmatos\/?s={search_term_string}\"},\"query-input\":{\"@type\":\"PropertyValueSpecification\",\"valueRequired\":true,\"valueName\":\"search_term_string\"}}],\"inLanguage\":\"pt-BR\"},{\"@type\":\"Person\",\"@id\":\"https:\/\/www.blogsoestado.com\/danielmatos\/#\/schema\/person\/9a209d407cd45631f131e1285b661bb0\",\"name\":\"Daniel Matos\",\"image\":{\"@type\":\"ImageObject\",\"inLanguage\":\"pt-BR\",\"@id\":\"https:\/\/www.blogsoestado.com\/danielmatos\/#\/schema\/person\/image\/\",\"url\":\"https:\/\/secure.gravatar.com\/avatar\/2f26c36ee355da19a257f0dfef43952a2588b324ca35d6719e859fe338ac0392?s=96&d=mm&r=g\",\"contentUrl\":\"https:\/\/secure.gravatar.com\/avatar\/2f26c36ee355da19a257f0dfef43952a2588b324ca35d6719e859fe338ac0392?s=96&d=mm&r=g\",\"caption\":\"Daniel Matos\"},\"url\":\"https:\/\/www.blogsoestado.com\/danielmatos\/author\/danielmatos\/\"}]}<\/script>\n<!-- \/ Yoast SEO plugin. -->","yoast_head_json":{"title":"Em Barra do Corda, encontro com grupo pol\u00edtico de Rigo Teles e Abigail Cunha consolida apoio \u00e0 pr\u00e9-candidatura de Orleans Brand\u00e3o - Daniel Matos","robots":{"index":"index","follow":"follow","max-snippet":"max-snippet:-1","max-image-preview":"max-image-preview:large","max-video-preview":"max-video-preview:-1"},"canonical":"https:\/\/www.blogsoestado.com\/danielmatos\/em-barra-do-corda-encontro-com-grupo-politico-de-rigo-teles-e-abigail-cunha-consolida-apoio-a-pre-candidatura-de-orleans-brandao\/","og_locale":"pt_BR","og_type":"article","og_title":"Em Barra do Corda, encontro com grupo pol\u00edtico de Rigo Teles e Abigail Cunha consolida apoio \u00e0 pr\u00e9-candidatura de Orleans Brand\u00e3o - Daniel Matos","og_description":"Durante agenda em Barra do Corda, nesta quinta-feira (30), o pr\u00e9-candidato ao Governo do Maranh\u00e3o, Orleans Brand\u00e3o, se reuniu com [&hellip;]","og_url":"https:\/\/www.blogsoestado.com\/danielmatos\/em-barra-do-corda-encontro-com-grupo-politico-de-rigo-teles-e-abigail-cunha-consolida-apoio-a-pre-candidatura-de-orleans-brandao\/","og_site_name":"Daniel Matos","article_published_time":"2026-05-01T03:31:10+00:00","article_modified_time":"2026-05-01T03:31:15+00:00","og_image":[{"width":2560,"height":1707,"url":"https:\/\/www.blogsoestado.com\/danielmatos\/wp-content\/uploads\/sites\/2\/2026\/05\/1005520199.jpg","type":"image\/jpeg"}],"author":"Daniel Matos","twitter_card":"summary_large_image","twitter_misc":{"Escrito por":"Daniel Matos","Est. tempo de leitura":"6 minutos"},"schema":{"@context":"https:\/\/schema.org","@graph":[{"@type":"WebPage","@id":"https:\/\/www.blogsoestado.com\/danielmatos\/em-barra-do-corda-encontro-com-grupo-politico-de-rigo-teles-e-abigail-cunha-consolida-apoio-a-pre-candidatura-de-orleans-brandao\/","url":"https:\/\/www.blogsoestado.com\/danielmatos\/em-barra-do-corda-encontro-com-grupo-politico-de-rigo-teles-e-abigail-cunha-consolida-apoio-a-pre-candidatura-de-orleans-brandao\/","name":"Em Barra do Corda, encontro com grupo pol\u00edtico de Rigo Teles e Abigail Cunha consolida apoio \u00e0 pr\u00e9-candidatura de Orleans Brand\u00e3o - Daniel Matos","isPartOf":{"@id":"https:\/\/www.blogsoestado.com\/danielmatos\/#website"},"primaryImageOfPage":{"@id":"https:\/\/www.blogsoestado.com\/danielmatos\/em-barra-do-corda-encontro-com-grupo-politico-de-rigo-teles-e-abigail-cunha-consolida-apoio-a-pre-candidatura-de-orleans-brandao\/#primaryimage"},"image":{"@id":"https:\/\/www.blogsoestado.com\/danielmatos\/em-barra-do-corda-encontro-com-grupo-politico-de-rigo-teles-e-abigail-cunha-consolida-apoio-a-pre-candidatura-de-orleans-brandao\/#primaryimage"},"thumbnailUrl":"https:\/\/www.blogsoestado.com\/danielmatos\/wp-content\/uploads\/sites\/2\/2026\/05\/1005520199-1024x683.jpg","datePublished":"2026-05-01T03:31:10+00:00","dateModified":"2026-05-01T03:31:15+00:00","author":{"@id":"https:\/\/www.blogsoestado.com\/danielmatos\/#\/schema\/person\/9a209d407cd45631f131e1285b661bb0"},"breadcrumb":{"@id":"https:\/\/www.blogsoestado.com\/danielmatos\/em-barra-do-corda-encontro-com-grupo-politico-de-rigo-teles-e-abigail-cunha-consolida-apoio-a-pre-candidatura-de-orleans-brandao\/#breadcrumb"},"inLanguage":"pt-BR","potentialAction":[{"@type":"ReadAction","target":["https:\/\/www.blogsoestado.com\/danielmatos\/em-barra-do-corda-encontro-com-grupo-politico-de-rigo-teles-e-abigail-cunha-consolida-apoio-a-pre-candidatura-de-orleans-brandao\/"]}]},{"@type":"ImageObject","inLanguage":"pt-BR","@id":"https:\/\/www.blogsoestado.com\/danielmatos\/em-barra-do-corda-encontro-com-grupo-politico-de-rigo-teles-e-abigail-cunha-consolida-apoio-a-pre-candidatura-de-orleans-brandao\/#primaryimage","url":"https:\/\/www.blogsoestado.com\/danielmatos\/wp-content\/uploads\/sites\/2\/2026\/05\/1005520199.jpg","contentUrl":"https:\/\/www.blogsoestado.com\/danielmatos\/wp-content\/uploads\/sites\/2\/2026\/05\/1005520199.jpg","width":2560,"height":1707},{"@type":"BreadcrumbList","@id":"https:\/\/www.blogsoestado.com\/danielmatos\/em-barra-do-corda-encontro-com-grupo-politico-de-rigo-teles-e-abigail-cunha-consolida-apoio-a-pre-candidatura-de-orleans-brandao\/#breadcrumb","itemListElement":[{"@type":"ListItem","position":1,"name":"In\u00edcio","item":"https:\/\/www.blogsoestado.com\/danielmatos\/"},{"@type":"ListItem","position":2,"name":"Em Barra do Corda, encontro com grupo pol\u00edtico de Rigo Teles e Abigail Cunha consolida apoio \u00e0 pr\u00e9-candidatura de Orleans Brand\u00e3o"}]},{"@type":"WebSite","@id":"https:\/\/www.blogsoestado.com\/danielmatos\/#website","url":"https:\/\/www.blogsoestado.com\/danielmatos\/","name":"Daniel Matos","description":"","potentialAction":[{"@type":"SearchAction","target":{"@type":"EntryPoint","urlTemplate":"https:\/\/www.blogsoestado.com\/danielmatos\/?s={search_term_string}"},"query-input":{"@type":"PropertyValueSpecification","valueRequired":true,"valueName":"search_term_string"}}],"inLanguage":"pt-BR"},{"@type":"Person","@id":"https:\/\/www.blogsoestado.com\/danielmatos\/#\/schema\/person\/9a209d407cd45631f131e1285b661bb0","name":"Daniel Matos","image":{"@type":"ImageObject","inLanguage":"pt-BR","@id":"https:\/\/www.blogsoestado.com\/danielmatos\/#\/schema\/person\/image\/","url":"https:\/\/secure.gravatar.com\/avatar\/2f26c36ee355da19a257f0dfef43952a2588b324ca35d6719e859fe338ac0392?s=96&d=mm&r=g","contentUrl":"https:\/\/secure.gravatar.com\/avatar\/2f26c36ee355da19a257f0dfef43952a2588b324ca35d6719e859fe338ac0392?s=96&d=mm&r=g","caption":"Daniel Matos"},"url":"https:\/\/www.blogsoestado.com\/danielmatos\/author\/danielmatos\/"}]}},"jetpack_featured_media_url":"","_links":{"self":[{"href":"https:\/\/www.blogsoestado.com\/danielmatos\/wp-json\/wp\/v2\/posts\/157523","targetHints":{"allow":["GET"]}}],"collection":[{"href":"https:\/\/www.blogsoestado.com\/danielmatos\/wp-json\/wp\/v2\/posts"}],"about":[{"href":"https:\/\/www.blogsoestado.com\/danielmatos\/wp-json\/wp\/v2\/types\/post"}],"author":[{"embeddable":true,"href":"https:\/\/www.blogsoestado.com\/danielmatos\/wp-json\/wp\/v2\/users\/2"}],"replies":[{"embeddable":true,"href":"https:\/\/www.blogsoestado.com\/danielmatos\/wp-json\/wp\/v2\/comments?post=157523"}],"version-history":[{"count":1,"href":"https:\/\/www.blogsoestado.com\/danielmatos\/wp-json\/wp\/v2\/posts\/157523\/revisions"}],"predecessor-version":[{"id":157538,"href":"https:\/\/www.blogsoestado.com\/danielmatos\/wp-json\/wp\/v2\/posts\/157523\/revisions\/157538"}],"wp:attachment":[{"href":"https:\/\/www.blogsoestado.com\/danielmatos\/wp-json\/wp\/v2\/media?parent=157523"}],"wp:term":[{"taxonomy":"category","embeddable":true,"href":"https:\/\/www.blogsoestado.com\/danielmatos\/wp-json\/wp\/v2\/categories?post=157523"},{"taxonomy":"post_tag","embeddable":true,"href":"https:\/\/www.blogsoestado.com\/danielmatos\/wp-json\/wp\/v2\/tags?post=157523"}],"curies":[{"name":"wp","href":"https:\/\/api.w.org\/{rel}","templated":true}]}}