{"id":157539,"date":"2026-05-01T01:02:35","date_gmt":"2026-05-01T04:02:35","guid":{"rendered":"https:\/\/www.blogsoestado.com\/danielmatos\/?p=157539"},"modified":"2026-05-01T01:02:38","modified_gmt":"2026-05-01T04:02:38","slug":"inscricoes-abertas-premio-sebrae-de-jornalismo-recebe-trabalhos-ate-o-dia-8-de-junho","status":"publish","type":"post","link":"https:\/\/www.blogsoestado.com\/danielmatos\/inscricoes-abertas-premio-sebrae-de-jornalismo-recebe-trabalhos-ate-o-dia-8-de-junho\/","title":{"rendered":"Inscri\u00e7\u00f5es abertas: Pr\u00eamio Sebrae de Jornalismo recebe trabalhos at\u00e9 o dia 8 de junho"},"content":{"rendered":"\n<p><strong><mark style=\"color:#cf2e2e\" class=\"has-inline-color\">Jornalistas e estudantes podem inscrever trabalhos que retratem inova\u00e7\u00e3o, inclus\u00e3o produtiva e desenvolvimento com foco nos pequenos neg\u00f3cios<\/mark><\/strong><\/p>\n\n\n\n<figure class=\"wp-block-image aligncenter size-large\"><img fetchpriority=\"high\" decoding=\"async\" width=\"1024\" height=\"683\" src=\"https:\/\/www.blogsoestado.com\/danielmatos\/wp-content\/uploads\/sites\/2\/2026\/05\/1005520315-1-1024x683.jpg\" alt=\"\" class=\"wp-image-157541\" srcset=\"https:\/\/www.blogsoestado.com\/danielmatos\/wp-content\/uploads\/sites\/2\/2026\/05\/1005520315-1-1024x683.jpg 1024w, https:\/\/www.blogsoestado.com\/danielmatos\/wp-content\/uploads\/sites\/2\/2026\/05\/1005520315-1-300x200.jpg 300w, https:\/\/www.blogsoestado.com\/danielmatos\/wp-content\/uploads\/sites\/2\/2026\/05\/1005520315-1-768x512.jpg 768w, https:\/\/www.blogsoestado.com\/danielmatos\/wp-content\/uploads\/sites\/2\/2026\/05\/1005520315-1-1536x1024.jpg 1536w, https:\/\/www.blogsoestado.com\/danielmatos\/wp-content\/uploads\/sites\/2\/2026\/05\/1005520315-1.jpg 1599w\" sizes=\"(max-width: 1024px) 100vw, 1024px\" \/><figcaption class=\"wp-element-caption\"><span style=\"font-family: sans-serif;font-size: large;font-style: normal;font-weight: 400;letter-spacing: normal;text-align: start;text-indent: 0px;text-transform: none;white-space: normal;float: none\">Pr\u00eamio Sebrae de Jornalismo valoriza produ\u00e7\u00f5es que destacam o impacto dos pequenos neg\u00f3cios no Maranh\u00e3o<\/span><\/figcaption><\/figure>\n\n\n\n<p>Contar boas hist\u00f3rias sempre foi a ess\u00eancia do jornalismo. Mas quando essas narrativas revelam o impacto do empreendedorismo na vida das pessoas, elas t\u00eam o potencial de ir ainda mais longe: podem conquistar reconhecimento em todo o pa\u00eds.<\/p>\n\n\n\n<p>Est\u00e3o abertas as inscri\u00e7\u00f5es para o Pr\u00eamio Sebrae de Jornalismo (PSJ), que chega \u00e0 sua 13\u00aa edi\u00e7\u00e3o valorizando produ\u00e7\u00f5es que destacam o papel do empreendedorismo e dos pequenos neg\u00f3cios no desenvolvimento econ\u00f4mico e social. A premia\u00e7\u00e3o reconhece conte\u00fados que abordam temas como inova\u00e7\u00e3o, transforma\u00e7\u00e3o digital, inclus\u00e3o produtiva, sustentabilidade e empreendedorismo feminino.<\/p>\n\n\n\n<p>At\u00e9 o dia 8 de junho, profissionais e estudantes poder\u00e3o inscrever seus trabalhos pelo site <a href=\"http:\/\/www.premiosebraejornalismo.com.br\">www.premiosebraejornalismo.com.br<\/a>, onde tamb\u00e9m est\u00e3o dispon\u00edveis o cronograma e o regulamento da 13\u00aa edi\u00e7\u00e3o. Cada participante pode submeter at\u00e9 tr\u00eas conte\u00fados, sem limite de inscri\u00e7\u00f5es por ve\u00edculo ou institui\u00e7\u00e3o de ensino.<\/p>\n\n\n\n<p>O pr\u00eamio permite n\u00e3o apenas resgatar reportagens j\u00e1 publicadas, mas tamb\u00e9m produzir novos conte\u00fados que destaquem hist\u00f3rias reais de transforma\u00e7\u00e3o impulsionadas pelo empreendedorismo local.<\/p>\n\n\n\n<p><strong>Jornalismo que cresce junto com o Maranh\u00e3o<\/strong><\/p>\n\n\n\n<p>No Maranh\u00e3o, o interesse pelo Pr\u00eamio Sebrae de Jornalismo tem acompanhado de perto o fortalecimento do ecossistema empreendedor, refletindo uma mudan\u00e7a significativa na forma como o jornalismo local tem olhado para as pautas de desenvolvimento. Esse movimento se revela nos n\u00fameros de participa\u00e7\u00e3o ao longo dos \u00faltimos anos: de 2022 a 2025, o total de inscritos cresceu de 21 para 157, atingindo um novo recorde estadual.<\/p>\n\n\n\n<p>A evolu\u00e7\u00e3o evidencia, sobretudo, um maior engajamento da imprensa local com temas que dialogam diretamente com a realidade econ\u00f4mica e social do estado, como destaca o gerente de Comunica\u00e7\u00e3o do Sebrae Maranh\u00e3o, Jo\u00e3o Torres. \u201cO crescimento das inscri\u00e7\u00f5es acompanha a amplia\u00e7\u00e3o de pautas voltadas ao empreendedorismo, \u00e0 inova\u00e7\u00e3o e ao desenvolvimento territorial, indicando que os jornalistas maranhenses t\u00eam se dedicado cada vez mais a contar hist\u00f3rias que evidenciam o impacto dos pequenos neg\u00f3cios na transforma\u00e7\u00e3o de comunidades e na gera\u00e7\u00e3o de oportunidades\u201d, afirmou.<\/p>\n\n\n\n<p><strong>Categorias que valorizam m\u00faltiplas narrativas<\/strong><\/p>\n\n\n\n<p>O Pr\u00eamio Sebrae de Jornalismo reconhece a pluralidade de formatos e linguagens que comp\u00f5em o fazer jornal\u00edstico contempor\u00e2neo, contemplando diferentes categorias: Texto, \u00c1udio, V\u00eddeo, Fotojornalismo e Jornalismo Universit\u00e1rio, abrangendo desde produ\u00e7\u00f5es tradicionais da imprensa at\u00e9 conte\u00fados desenvolvidos para plataformas digitais e ambientes acad\u00eamicos.<\/p>\n\n\n\n<figure class=\"wp-block-image aligncenter size-large\"><img decoding=\"async\" width=\"1024\" height=\"683\" src=\"https:\/\/www.blogsoestado.com\/danielmatos\/wp-content\/uploads\/sites\/2\/2026\/05\/1005520320-1024x683.jpg\" alt=\"\" class=\"wp-image-157542\" srcset=\"https:\/\/www.blogsoestado.com\/danielmatos\/wp-content\/uploads\/sites\/2\/2026\/05\/1005520320-1024x683.jpg 1024w, https:\/\/www.blogsoestado.com\/danielmatos\/wp-content\/uploads\/sites\/2\/2026\/05\/1005520320-300x200.jpg 300w, https:\/\/www.blogsoestado.com\/danielmatos\/wp-content\/uploads\/sites\/2\/2026\/05\/1005520320-768x512.jpg 768w, https:\/\/www.blogsoestado.com\/danielmatos\/wp-content\/uploads\/sites\/2\/2026\/05\/1005520320-1536x1024.jpg 1536w, https:\/\/www.blogsoestado.com\/danielmatos\/wp-content\/uploads\/sites\/2\/2026\/05\/1005520320.jpg 1600w\" sizes=\"(max-width: 1024px) 100vw, 1024px\" \/><figcaption class=\"wp-element-caption\"><span style=\", serif;font-size: 16px;font-style: normal;font-weight: 400;letter-spacing: normal;text-align: start;text-indent: 0px;text-transform: none;white-space: pre-wrap;float: none\">Reconhecimento estadual evidencia o talento de Jornalistas que d\u00e3o visibilidade ao empreendedorismo<\/span><\/figcaption><\/figure>\n\n\n\n<p>O diretor-superintendente do Sebrae Maranh\u00e3o, Albertino Leal, ressalta que a diversidade de categorias do pr\u00eamio dialoga diretamente com as transforma\u00e7\u00f5es da pr\u00f3pria produ\u00e7\u00e3o jornal\u00edstica. \u201cMais do que o formato, o pr\u00eamio tem como foco a qualidade: s\u00e3o valorizados trabalhos que apresentem relev\u00e2ncia tem\u00e1tica, consist\u00eancia na apura\u00e7\u00e3o, for\u00e7a narrativa e compromisso com hist\u00f3rias que evidenciam o impacto do empreendedorismo na sociedade. Pontos estes ligados \u00e0 miss\u00e3o do Sebrae como agente de transforma\u00e7\u00e3o nos territ\u00f3rios\u201d, afirma.<\/p>\n\n\n\n<p>Do local ao nacional: uma jornada em tr\u00eas etapas<br>Os trabalhos inscritos no Pr\u00eamio Sebrae de Jornalismo passam por tr\u00eas fases: estadual, regional e nacional. Na etapa estadual, os tr\u00eas melhores trabalhos de cada categoria recebem premia\u00e7\u00e3o em dinheiro: R$ 5 mil para o primeiro lugar, R$ 4 mil para o segundo e R$ 3 mil para o terceiro colocado. O trabalho vencedor da categoria Jornalismo Universit\u00e1rio recebe R$ 2 mil.<\/p>\n\n\n\n<p>J\u00e1 os vencedores das categorias principais da etapa nacional (Texto, \u00c1udio, V\u00eddeo, Fotojornalismo) ser\u00e3o contemplados com um notebook, enquanto o destaque da categoria Jornalismo Universit\u00e1rio recebe um celular de \u00faltima gera\u00e7\u00e3o.<\/p>\n\n\n\n<p>Entre os vencedores nacionais das categorias principais, ainda \u00e9 anunciado o comunicador que conquistou o Grande Pr\u00eamio Sebrae de Jornalismo, reconhecimento m\u00e1ximo da premia\u00e7\u00e3o em n\u00edvel nacional, que tamb\u00e9m garante um celular de \u00faltima gera\u00e7\u00e3o ao vencedor.<\/p>\n\n\n\n<p><strong>Uma oportunidade que come\u00e7a na pauta<\/strong><\/p>\n\n\n\n<p>E, como refor\u00e7a o pr\u00f3prio pr\u00eamio, \u201cquem d\u00e1 voz ao pequeno constr\u00f3i o pa\u00eds no detalhe\u201d. Al\u00e9m de reconhecer boas reportagens, o PSJ tamb\u00e9m convida \u00e0 reflex\u00e3o sobre o papel essencial do jornalismo na constru\u00e7\u00e3o de narrativas que revelam o Brasil que empreende.<\/p>\n\n\n\n<p>Ao contar a trajet\u00f3ria de um pequeno neg\u00f3cio que transformou uma comunidade, analisar pol\u00edticas p\u00fablicas ou interpretar tend\u00eancias econ\u00f4micas, cada trabalho inscrito contribui para ampliar a visibilidade de quem movimenta a economia real e impulsiona o desenvolvimento do pa\u00eds.<\/p>\n\n\n\n<figure class=\"wp-block-image aligncenter size-large\"><img decoding=\"async\" width=\"1024\" height=\"682\" src=\"https:\/\/www.blogsoestado.com\/danielmatos\/wp-content\/uploads\/sites\/2\/2026\/05\/1005520321-1024x682.jpg\" alt=\"\" class=\"wp-image-157543\" srcset=\"https:\/\/www.blogsoestado.com\/danielmatos\/wp-content\/uploads\/sites\/2\/2026\/05\/1005520321-1024x682.jpg 1024w, https:\/\/www.blogsoestado.com\/danielmatos\/wp-content\/uploads\/sites\/2\/2026\/05\/1005520321-300x200.jpg 300w, https:\/\/www.blogsoestado.com\/danielmatos\/wp-content\/uploads\/sites\/2\/2026\/05\/1005520321-768x512.jpg 768w, https:\/\/www.blogsoestado.com\/danielmatos\/wp-content\/uploads\/sites\/2\/2026\/05\/1005520321-1536x1023.jpg 1536w, https:\/\/www.blogsoestado.com\/danielmatos\/wp-content\/uploads\/sites\/2\/2026\/05\/1005520321.jpg 1600w\" sizes=\"(max-width: 1024px) 100vw, 1024px\" \/><figcaption class=\"wp-element-caption\"><span style=\", serif;font-size: 16px;font-style: normal;font-weight: 400;letter-spacing: normal;text-align: start;text-indent: 0px;text-transform: none;white-space: pre-wrap;float: none\">PSJ chega \u00e0 13\u00aa Edi\u00e7\u00e3o como uma das principais iniciativas de valoriza\u00e7\u00e3o do Jornalismo voltado ao empreendedorismo local<\/span><\/figcaption><\/figure>\n\n\n\n<p>Jo\u00e3o Torres avalia que essa \u00e9 a ess\u00eancia da premia\u00e7\u00e3o: \u201cO pr\u00eamio refor\u00e7a o compromisso do jornalismo com hist\u00f3rias que muitas vezes n\u00e3o ganham destaque, mas que t\u00eam um impacto profundo na vida das pessoas. S\u00e3o narrativas que mostram como o empreendedorismo transforma realidades e fortalece a economia desde a base\u201d, conclui o gerente de Comunica\u00e7\u00e3o do Sebrae Maranh\u00e3o.<\/p>\n\n\n\n<p><strong>Siga o Sebrae \u2013 <\/strong>Acompanhe conte\u00fados, oportunidades e informa\u00e7\u00f5es atualizadas por meio dos canais digitais do Sebrae no Maranh\u00e3o: Instagram (<a href=\"http:\/\/@sebraemaranhao\">@sebraemaranhao<\/a>) e YouTube (<a href=\"http:\/\/youtube.com\/sebraemaranhao\">youtube.com\/sebraemaranhao<\/a>) e Ag\u00eancia Sebrae de Not\u00edcias (<a href=\"https:\/\/ma.agenciasebrae.com.br\">https:\/\/ma.agenciasebrae.com.br<\/a>).<\/p>\n\n\n\n<p><strong>Servi\u00e7o<\/strong><\/p>\n\n\n\n<p>Pr\u00eamio Sebrae de Jornalismo \u2013 13\u00aa edi\u00e7\u00e3o<br>\ud83d\udcc5 Inscri\u00e7\u00f5es: a partir de 7 de abril at\u00e9 8 de junho<br>\ud83c\udf10 Site: <a href=\"http:\/\/www.premiosebraejornalismo.com.br\">www.premiosebraejornalismo.com.br<\/a><br>\ud83d\udccc Cada participante pode inscrever at\u00e9 3 trabalhos<\/p>\n","protected":false},"excerpt":{"rendered":"<p>Jornalistas e estudantes podem inscrever trabalhos que retratem inova\u00e7\u00e3o, inclus\u00e3o produtiva e desenvolvimento com foco nos pequenos neg\u00f3cios Contar boas [&hellip;]<\/p>\n","protected":false},"author":2,"featured_media":0,"comment_status":"open","ping_status":"open","sticky":false,"template":"","format":"standard","meta":{"site-sidebar-layout":"default","site-content-layout":"","ast-site-content-layout":"default","site-content-style":"default","site-sidebar-style":"default","ast-global-header-display":"","ast-banner-title-visibility":"","ast-main-header-display":"","ast-hfb-above-header-display":"","ast-hfb-below-header-display":"","ast-hfb-mobile-header-display":"","site-post-title":"","ast-breadcrumbs-content":"","ast-featured-img":"","footer-sml-layout":"","ast-disable-related-posts":"","theme-transparent-header-meta":"","adv-header-id-meta":"","stick-header-meta":"","header-above-stick-meta":"","header-main-stick-meta":"","header-below-stick-meta":"","astra-migrate-meta-layouts":"default","ast-page-background-enabled":"default","ast-page-background-meta":{"desktop":{"background-color":"var(--ast-global-color-5)","background-image":"","background-repeat":"repeat","background-position":"center center","background-size":"auto","background-attachment":"scroll","background-type":"","background-media":"","overlay-type":"","overlay-color":"","overlay-opacity":"","overlay-gradient":""},"tablet":{"background-color":"","background-image":"","background-repeat":"repeat","background-position":"center center","background-size":"auto","background-attachment":"scroll","background-type":"","background-media":"","overlay-type":"","overlay-color":"","overlay-opacity":"","overlay-gradient":""},"mobile":{"background-color":"","background-image":"","background-repeat":"repeat","background-position":"center center","background-size":"auto","background-attachment":"scroll","background-type":"","background-media":"","overlay-type":"","overlay-color":"","overlay-opacity":"","overlay-gradient":""}},"ast-content-background-meta":{"desktop":{"background-color":"var(--ast-global-color-4)","background-image":"","background-repeat":"repeat","background-position":"center center","background-size":"auto","background-attachment":"scroll","background-type":"","background-media":"","overlay-type":"","overlay-color":"","overlay-opacity":"","overlay-gradient":""},"tablet":{"background-color":"var(--ast-global-color-4)","background-image":"","background-repeat":"repeat","background-position":"center center","background-size":"auto","background-attachment":"scroll","background-type":"","background-media":"","overlay-type":"","overlay-color":"","overlay-opacity":"","overlay-gradient":""},"mobile":{"background-color":"var(--ast-global-color-4)","background-image":"","background-repeat":"repeat","background-position":"center center","background-size":"auto","background-attachment":"scroll","background-type":"","background-media":"","overlay-type":"","overlay-color":"","overlay-opacity":"","overlay-gradient":""}},"footnotes":""},"categories":[1],"tags":[],"class_list":["post-157539","post","type-post","status-publish","format-standard","hentry","category-sem-categoria"],"yoast_head":"<!-- This site is optimized with the Yoast SEO plugin v26.6 - https:\/\/yoast.com\/wordpress\/plugins\/seo\/ -->\n<title>Inscri\u00e7\u00f5es abertas: Pr\u00eamio Sebrae de Jornalismo recebe trabalhos at\u00e9 o dia 8 de junho - Daniel Matos<\/title>\n<meta name=\"robots\" content=\"index, follow, max-snippet:-1, max-image-preview:large, max-video-preview:-1\" \/>\n<link rel=\"canonical\" href=\"https:\/\/www.blogsoestado.com\/danielmatos\/inscricoes-abertas-premio-sebrae-de-jornalismo-recebe-trabalhos-ate-o-dia-8-de-junho\/\" \/>\n<meta property=\"og:locale\" content=\"pt_BR\" \/>\n<meta property=\"og:type\" content=\"article\" \/>\n<meta property=\"og:title\" content=\"Inscri\u00e7\u00f5es abertas: Pr\u00eamio Sebrae de Jornalismo recebe trabalhos at\u00e9 o dia 8 de junho - Daniel Matos\" \/>\n<meta property=\"og:description\" content=\"Jornalistas e estudantes podem inscrever trabalhos que retratem inova\u00e7\u00e3o, inclus\u00e3o produtiva e desenvolvimento com foco nos pequenos neg\u00f3cios Contar boas [&hellip;]\" \/>\n<meta property=\"og:url\" content=\"https:\/\/www.blogsoestado.com\/danielmatos\/inscricoes-abertas-premio-sebrae-de-jornalismo-recebe-trabalhos-ate-o-dia-8-de-junho\/\" \/>\n<meta property=\"og:site_name\" content=\"Daniel Matos\" \/>\n<meta property=\"article:published_time\" content=\"2026-05-01T04:02:35+00:00\" \/>\n<meta property=\"article:modified_time\" content=\"2026-05-01T04:02:38+00:00\" \/>\n<meta property=\"og:image\" content=\"https:\/\/www.blogsoestado.com\/danielmatos\/wp-content\/uploads\/sites\/2\/2026\/05\/1005520315-1.jpg\" \/>\n\t<meta property=\"og:image:width\" content=\"1599\" \/>\n\t<meta property=\"og:image:height\" content=\"1066\" \/>\n\t<meta property=\"og:image:type\" content=\"image\/jpeg\" \/>\n<meta name=\"author\" content=\"Daniel Matos\" \/>\n<meta name=\"twitter:card\" content=\"summary_large_image\" \/>\n<meta name=\"twitter:label1\" content=\"Escrito por\" \/>\n\t<meta name=\"twitter:data1\" content=\"Daniel Matos\" \/>\n\t<meta name=\"twitter:label2\" content=\"Est. tempo de leitura\" \/>\n\t<meta name=\"twitter:data2\" content=\"6 minutos\" \/>\n<script type=\"application\/ld+json\" class=\"yoast-schema-graph\">{\"@context\":\"https:\/\/schema.org\",\"@graph\":[{\"@type\":\"WebPage\",\"@id\":\"https:\/\/www.blogsoestado.com\/danielmatos\/inscricoes-abertas-premio-sebrae-de-jornalismo-recebe-trabalhos-ate-o-dia-8-de-junho\/\",\"url\":\"https:\/\/www.blogsoestado.com\/danielmatos\/inscricoes-abertas-premio-sebrae-de-jornalismo-recebe-trabalhos-ate-o-dia-8-de-junho\/\",\"name\":\"Inscri\u00e7\u00f5es abertas: Pr\u00eamio Sebrae de Jornalismo recebe trabalhos at\u00e9 o dia 8 de junho - Daniel Matos\",\"isPartOf\":{\"@id\":\"https:\/\/www.blogsoestado.com\/danielmatos\/#website\"},\"primaryImageOfPage\":{\"@id\":\"https:\/\/www.blogsoestado.com\/danielmatos\/inscricoes-abertas-premio-sebrae-de-jornalismo-recebe-trabalhos-ate-o-dia-8-de-junho\/#primaryimage\"},\"image\":{\"@id\":\"https:\/\/www.blogsoestado.com\/danielmatos\/inscricoes-abertas-premio-sebrae-de-jornalismo-recebe-trabalhos-ate-o-dia-8-de-junho\/#primaryimage\"},\"thumbnailUrl\":\"https:\/\/www.blogsoestado.com\/danielmatos\/wp-content\/uploads\/sites\/2\/2026\/05\/1005520315-1-1024x683.jpg\",\"datePublished\":\"2026-05-01T04:02:35+00:00\",\"dateModified\":\"2026-05-01T04:02:38+00:00\",\"author\":{\"@id\":\"https:\/\/www.blogsoestado.com\/danielmatos\/#\/schema\/person\/9a209d407cd45631f131e1285b661bb0\"},\"breadcrumb\":{\"@id\":\"https:\/\/www.blogsoestado.com\/danielmatos\/inscricoes-abertas-premio-sebrae-de-jornalismo-recebe-trabalhos-ate-o-dia-8-de-junho\/#breadcrumb\"},\"inLanguage\":\"pt-BR\",\"potentialAction\":[{\"@type\":\"ReadAction\",\"target\":[\"https:\/\/www.blogsoestado.com\/danielmatos\/inscricoes-abertas-premio-sebrae-de-jornalismo-recebe-trabalhos-ate-o-dia-8-de-junho\/\"]}]},{\"@type\":\"ImageObject\",\"inLanguage\":\"pt-BR\",\"@id\":\"https:\/\/www.blogsoestado.com\/danielmatos\/inscricoes-abertas-premio-sebrae-de-jornalismo-recebe-trabalhos-ate-o-dia-8-de-junho\/#primaryimage\",\"url\":\"https:\/\/www.blogsoestado.com\/danielmatos\/wp-content\/uploads\/sites\/2\/2026\/05\/1005520315-1.jpg\",\"contentUrl\":\"https:\/\/www.blogsoestado.com\/danielmatos\/wp-content\/uploads\/sites\/2\/2026\/05\/1005520315-1.jpg\",\"width\":1599,\"height\":1066},{\"@type\":\"BreadcrumbList\",\"@id\":\"https:\/\/www.blogsoestado.com\/danielmatos\/inscricoes-abertas-premio-sebrae-de-jornalismo-recebe-trabalhos-ate-o-dia-8-de-junho\/#breadcrumb\",\"itemListElement\":[{\"@type\":\"ListItem\",\"position\":1,\"name\":\"In\u00edcio\",\"item\":\"https:\/\/www.blogsoestado.com\/danielmatos\/\"},{\"@type\":\"ListItem\",\"position\":2,\"name\":\"Inscri\u00e7\u00f5es abertas: Pr\u00eamio Sebrae de Jornalismo recebe trabalhos at\u00e9 o dia 8 de junho\"}]},{\"@type\":\"WebSite\",\"@id\":\"https:\/\/www.blogsoestado.com\/danielmatos\/#website\",\"url\":\"https:\/\/www.blogsoestado.com\/danielmatos\/\",\"name\":\"Daniel Matos\",\"description\":\"\",\"potentialAction\":[{\"@type\":\"SearchAction\",\"target\":{\"@type\":\"EntryPoint\",\"urlTemplate\":\"https:\/\/www.blogsoestado.com\/danielmatos\/?s={search_term_string}\"},\"query-input\":{\"@type\":\"PropertyValueSpecification\",\"valueRequired\":true,\"valueName\":\"search_term_string\"}}],\"inLanguage\":\"pt-BR\"},{\"@type\":\"Person\",\"@id\":\"https:\/\/www.blogsoestado.com\/danielmatos\/#\/schema\/person\/9a209d407cd45631f131e1285b661bb0\",\"name\":\"Daniel Matos\",\"image\":{\"@type\":\"ImageObject\",\"inLanguage\":\"pt-BR\",\"@id\":\"https:\/\/www.blogsoestado.com\/danielmatos\/#\/schema\/person\/image\/\",\"url\":\"https:\/\/secure.gravatar.com\/avatar\/2f26c36ee355da19a257f0dfef43952a2588b324ca35d6719e859fe338ac0392?s=96&d=mm&r=g\",\"contentUrl\":\"https:\/\/secure.gravatar.com\/avatar\/2f26c36ee355da19a257f0dfef43952a2588b324ca35d6719e859fe338ac0392?s=96&d=mm&r=g\",\"caption\":\"Daniel Matos\"},\"url\":\"https:\/\/www.blogsoestado.com\/danielmatos\/author\/danielmatos\/\"}]}<\/script>\n<!-- \/ Yoast SEO plugin. -->","yoast_head_json":{"title":"Inscri\u00e7\u00f5es abertas: Pr\u00eamio Sebrae de Jornalismo recebe trabalhos at\u00e9 o dia 8 de junho - Daniel Matos","robots":{"index":"index","follow":"follow","max-snippet":"max-snippet:-1","max-image-preview":"max-image-preview:large","max-video-preview":"max-video-preview:-1"},"canonical":"https:\/\/www.blogsoestado.com\/danielmatos\/inscricoes-abertas-premio-sebrae-de-jornalismo-recebe-trabalhos-ate-o-dia-8-de-junho\/","og_locale":"pt_BR","og_type":"article","og_title":"Inscri\u00e7\u00f5es abertas: Pr\u00eamio Sebrae de Jornalismo recebe trabalhos at\u00e9 o dia 8 de junho - Daniel Matos","og_description":"Jornalistas e estudantes podem inscrever trabalhos que retratem inova\u00e7\u00e3o, inclus\u00e3o produtiva e desenvolvimento com foco nos pequenos neg\u00f3cios Contar boas [&hellip;]","og_url":"https:\/\/www.blogsoestado.com\/danielmatos\/inscricoes-abertas-premio-sebrae-de-jornalismo-recebe-trabalhos-ate-o-dia-8-de-junho\/","og_site_name":"Daniel Matos","article_published_time":"2026-05-01T04:02:35+00:00","article_modified_time":"2026-05-01T04:02:38+00:00","og_image":[{"width":1599,"height":1066,"url":"https:\/\/www.blogsoestado.com\/danielmatos\/wp-content\/uploads\/sites\/2\/2026\/05\/1005520315-1.jpg","type":"image\/jpeg"}],"author":"Daniel Matos","twitter_card":"summary_large_image","twitter_misc":{"Escrito por":"Daniel Matos","Est. tempo de leitura":"6 minutos"},"schema":{"@context":"https:\/\/schema.org","@graph":[{"@type":"WebPage","@id":"https:\/\/www.blogsoestado.com\/danielmatos\/inscricoes-abertas-premio-sebrae-de-jornalismo-recebe-trabalhos-ate-o-dia-8-de-junho\/","url":"https:\/\/www.blogsoestado.com\/danielmatos\/inscricoes-abertas-premio-sebrae-de-jornalismo-recebe-trabalhos-ate-o-dia-8-de-junho\/","name":"Inscri\u00e7\u00f5es abertas: Pr\u00eamio Sebrae de Jornalismo recebe trabalhos at\u00e9 o dia 8 de junho - Daniel Matos","isPartOf":{"@id":"https:\/\/www.blogsoestado.com\/danielmatos\/#website"},"primaryImageOfPage":{"@id":"https:\/\/www.blogsoestado.com\/danielmatos\/inscricoes-abertas-premio-sebrae-de-jornalismo-recebe-trabalhos-ate-o-dia-8-de-junho\/#primaryimage"},"image":{"@id":"https:\/\/www.blogsoestado.com\/danielmatos\/inscricoes-abertas-premio-sebrae-de-jornalismo-recebe-trabalhos-ate-o-dia-8-de-junho\/#primaryimage"},"thumbnailUrl":"https:\/\/www.blogsoestado.com\/danielmatos\/wp-content\/uploads\/sites\/2\/2026\/05\/1005520315-1-1024x683.jpg","datePublished":"2026-05-01T04:02:35+00:00","dateModified":"2026-05-01T04:02:38+00:00","author":{"@id":"https:\/\/www.blogsoestado.com\/danielmatos\/#\/schema\/person\/9a209d407cd45631f131e1285b661bb0"},"breadcrumb":{"@id":"https:\/\/www.blogsoestado.com\/danielmatos\/inscricoes-abertas-premio-sebrae-de-jornalismo-recebe-trabalhos-ate-o-dia-8-de-junho\/#breadcrumb"},"inLanguage":"pt-BR","potentialAction":[{"@type":"ReadAction","target":["https:\/\/www.blogsoestado.com\/danielmatos\/inscricoes-abertas-premio-sebrae-de-jornalismo-recebe-trabalhos-ate-o-dia-8-de-junho\/"]}]},{"@type":"ImageObject","inLanguage":"pt-BR","@id":"https:\/\/www.blogsoestado.com\/danielmatos\/inscricoes-abertas-premio-sebrae-de-jornalismo-recebe-trabalhos-ate-o-dia-8-de-junho\/#primaryimage","url":"https:\/\/www.blogsoestado.com\/danielmatos\/wp-content\/uploads\/sites\/2\/2026\/05\/1005520315-1.jpg","contentUrl":"https:\/\/www.blogsoestado.com\/danielmatos\/wp-content\/uploads\/sites\/2\/2026\/05\/1005520315-1.jpg","width":1599,"height":1066},{"@type":"BreadcrumbList","@id":"https:\/\/www.blogsoestado.com\/danielmatos\/inscricoes-abertas-premio-sebrae-de-jornalismo-recebe-trabalhos-ate-o-dia-8-de-junho\/#breadcrumb","itemListElement":[{"@type":"ListItem","position":1,"name":"In\u00edcio","item":"https:\/\/www.blogsoestado.com\/danielmatos\/"},{"@type":"ListItem","position":2,"name":"Inscri\u00e7\u00f5es abertas: Pr\u00eamio Sebrae de Jornalismo recebe trabalhos at\u00e9 o dia 8 de junho"}]},{"@type":"WebSite","@id":"https:\/\/www.blogsoestado.com\/danielmatos\/#website","url":"https:\/\/www.blogsoestado.com\/danielmatos\/","name":"Daniel Matos","description":"","potentialAction":[{"@type":"SearchAction","target":{"@type":"EntryPoint","urlTemplate":"https:\/\/www.blogsoestado.com\/danielmatos\/?s={search_term_string}"},"query-input":{"@type":"PropertyValueSpecification","valueRequired":true,"valueName":"search_term_string"}}],"inLanguage":"pt-BR"},{"@type":"Person","@id":"https:\/\/www.blogsoestado.com\/danielmatos\/#\/schema\/person\/9a209d407cd45631f131e1285b661bb0","name":"Daniel Matos","image":{"@type":"ImageObject","inLanguage":"pt-BR","@id":"https:\/\/www.blogsoestado.com\/danielmatos\/#\/schema\/person\/image\/","url":"https:\/\/secure.gravatar.com\/avatar\/2f26c36ee355da19a257f0dfef43952a2588b324ca35d6719e859fe338ac0392?s=96&d=mm&r=g","contentUrl":"https:\/\/secure.gravatar.com\/avatar\/2f26c36ee355da19a257f0dfef43952a2588b324ca35d6719e859fe338ac0392?s=96&d=mm&r=g","caption":"Daniel Matos"},"url":"https:\/\/www.blogsoestado.com\/danielmatos\/author\/danielmatos\/"}]}},"jetpack_featured_media_url":"","_links":{"self":[{"href":"https:\/\/www.blogsoestado.com\/danielmatos\/wp-json\/wp\/v2\/posts\/157539","targetHints":{"allow":["GET"]}}],"collection":[{"href":"https:\/\/www.blogsoestado.com\/danielmatos\/wp-json\/wp\/v2\/posts"}],"about":[{"href":"https:\/\/www.blogsoestado.com\/danielmatos\/wp-json\/wp\/v2\/types\/post"}],"author":[{"embeddable":true,"href":"https:\/\/www.blogsoestado.com\/danielmatos\/wp-json\/wp\/v2\/users\/2"}],"replies":[{"embeddable":true,"href":"https:\/\/www.blogsoestado.com\/danielmatos\/wp-json\/wp\/v2\/comments?post=157539"}],"version-history":[{"count":1,"href":"https:\/\/www.blogsoestado.com\/danielmatos\/wp-json\/wp\/v2\/posts\/157539\/revisions"}],"predecessor-version":[{"id":157544,"href":"https:\/\/www.blogsoestado.com\/danielmatos\/wp-json\/wp\/v2\/posts\/157539\/revisions\/157544"}],"wp:attachment":[{"href":"https:\/\/www.blogsoestado.com\/danielmatos\/wp-json\/wp\/v2\/media?parent=157539"}],"wp:term":[{"taxonomy":"category","embeddable":true,"href":"https:\/\/www.blogsoestado.com\/danielmatos\/wp-json\/wp\/v2\/categories?post=157539"},{"taxonomy":"post_tag","embeddable":true,"href":"https:\/\/www.blogsoestado.com\/danielmatos\/wp-json\/wp\/v2\/tags?post=157539"}],"curies":[{"name":"wp","href":"https:\/\/api.w.org\/{rel}","templated":true}]}}