{"id":157557,"date":"2026-05-01T09:28:23","date_gmt":"2026-05-01T12:28:23","guid":{"rendered":"https:\/\/www.blogsoestado.com\/danielmatos\/?p=157557"},"modified":"2026-05-01T09:28:26","modified_gmt":"2026-05-01T12:28:26","slug":"em-sao-raimundo-do-doca-bezerra-orleans-brandao-defende-ampliacao-da-geracao-de-emprego-e-renda","status":"publish","type":"post","link":"https:\/\/www.blogsoestado.com\/danielmatos\/em-sao-raimundo-do-doca-bezerra-orleans-brandao-defende-ampliacao-da-geracao-de-emprego-e-renda\/","title":{"rendered":"Em S\u00e3o Raimundo do Doca Bezerra, Orleans Brand\u00e3o defende amplia\u00e7\u00e3o da gera\u00e7\u00e3o de emprego e renda"},"content":{"rendered":"\n<figure class=\"wp-block-image aligncenter size-large\"><img fetchpriority=\"high\" decoding=\"async\" width=\"1024\" height=\"683\" src=\"https:\/\/www.blogsoestado.com\/danielmatos\/wp-content\/uploads\/sites\/2\/2026\/05\/1005522125-1024x683.jpg\" alt=\"\" class=\"wp-image-157558\" srcset=\"https:\/\/www.blogsoestado.com\/danielmatos\/wp-content\/uploads\/sites\/2\/2026\/05\/1005522125-1024x683.jpg 1024w, https:\/\/www.blogsoestado.com\/danielmatos\/wp-content\/uploads\/sites\/2\/2026\/05\/1005522125-300x200.jpg 300w, https:\/\/www.blogsoestado.com\/danielmatos\/wp-content\/uploads\/sites\/2\/2026\/05\/1005522125-768x512.jpg 768w, https:\/\/www.blogsoestado.com\/danielmatos\/wp-content\/uploads\/sites\/2\/2026\/05\/1005522125-1536x1024.jpg 1536w, https:\/\/www.blogsoestado.com\/danielmatos\/wp-content\/uploads\/sites\/2\/2026\/05\/1005522125-2048x1366.jpg 2048w\" sizes=\"(max-width: 1024px) 100vw, 1024px\" \/><\/figure>\n\n\n\n<p>O pr\u00e9-candidato a governador Orleans Brand\u00e3o assumiu o compromisso de priorizar a gera\u00e7\u00e3o de emprego e renda no Maranh\u00e3o ao receber o apoio de l\u00edderes pol\u00edticos de S\u00e3o Raimundo do Doca Bezerra, onde foi recebido pelo prefeito Jacinto Neto e todos os vereadores, em encontro que contou com a presen\u00e7a do prefeito de Barra do Corda, Rigo Teles, e dos deputados Abigail Cunha e Pedro Lucas Fernandes. Ele voltou a destacar, nesta quinta-feira (30), os avan\u00e7os conquistados nos \u00faltimos tr\u00eas anos por um governo de di\u00e1logo que cuida das pessoas.<\/p>\n\n\n\n<p>\u201cH\u00e1 mais de tr\u00eas anos estamos indo a todos os munic\u00edpios, e n\u00e3o cansamos de andar pelo Maranh\u00e3o, porque nada substitui o contato olho no olho, para ouvir, entender os problemas e buscar solu\u00e7\u00f5es, mostrando o que j\u00e1 fizemos e, principalmente, para falar de futuro. Nunca se fez tanto em t\u00e3o pouco tempo, mas temos a convic\u00e7\u00e3o de que poderemos fazer muito mais, principalmente na gera\u00e7\u00e3o de emprego e renda\u201d, afirmou Orleans Brand\u00e3o, na conversa com as lideran\u00e7as de S\u00e3o Raimundo do Doca Bezerra.<\/p>\n\n\n\n<figure class=\"wp-block-image aligncenter size-large\"><img decoding=\"async\" width=\"1024\" height=\"683\" src=\"https:\/\/www.blogsoestado.com\/danielmatos\/wp-content\/uploads\/sites\/2\/2026\/05\/1005522126-1024x683.jpg\" alt=\"\" class=\"wp-image-157559\" srcset=\"https:\/\/www.blogsoestado.com\/danielmatos\/wp-content\/uploads\/sites\/2\/2026\/05\/1005522126-1024x683.jpg 1024w, https:\/\/www.blogsoestado.com\/danielmatos\/wp-content\/uploads\/sites\/2\/2026\/05\/1005522126-300x200.jpg 300w, https:\/\/www.blogsoestado.com\/danielmatos\/wp-content\/uploads\/sites\/2\/2026\/05\/1005522126-768x512.jpg 768w, https:\/\/www.blogsoestado.com\/danielmatos\/wp-content\/uploads\/sites\/2\/2026\/05\/1005522126-1536x1024.jpg 1536w, https:\/\/www.blogsoestado.com\/danielmatos\/wp-content\/uploads\/sites\/2\/2026\/05\/1005522126-2048x1366.jpg 2048w\" sizes=\"(max-width: 1024px) 100vw, 1024px\" \/><\/figure>\n\n\n\n<p>O pr\u00e9-candidato a governador lembrou que em apenas tr\u00eas anos a rede de Restaurantes Populares aumentou de 94 para 220 unidades, que triplicou o n\u00famero de Viva Procons e de cadeiras de hemodi\u00e1lises, que passou de 200 para 600. \u201cNo pr\u00f3ximo dia 8 ser\u00e1 inaugurado o Centro de Hemodi\u00e1lise de Barra do Corda, um servi\u00e7o de sa\u00fade important\u00edssimo para os pacientes que hoje t\u00eam que percorrer longa dist\u00e2ncia toda semana para fazer esse tratamento. Essa expans\u00e3o j\u00e1 come\u00e7ou e assumo o compromisso de levar a todas as regi\u00f5es do Maranh\u00e3o\u201d, declarou.<\/p>\n\n\n\n<p>Orleans Brand\u00e3o acrescentou ainda que o Governo do Estado tem obras em todos os 217 munic\u00edpios e tem cuidado das pessoas com programas sociais importantes, mas precisa avan\u00e7ar na gera\u00e7\u00e3o de emprego e renda, desenvolver o turismo, a produ\u00e7\u00e3o agr\u00edcola e a pecu\u00e1ria, valorizando o potencial de cada regi\u00e3o: \u201cJ\u00e1 alcan\u00e7amos muitos resultados positivos, com crescimento recorde do PIB, o aumento no n\u00famero de pessoas empregadas. Temos um porto com grande volume de exporta\u00e7\u00f5es e precisamos mostrar esse potencial do Maranh\u00e3o para o mundo. Sabemos que \u00e9 poss\u00edvel e vamos avan\u00e7ar ainda mais\u201d.<\/p>\n\n\n\n<figure class=\"wp-block-image aligncenter size-large\"><img decoding=\"async\" width=\"1024\" height=\"683\" src=\"https:\/\/www.blogsoestado.com\/danielmatos\/wp-content\/uploads\/sites\/2\/2026\/05\/1005522127-1024x683.jpg\" alt=\"\" class=\"wp-image-157560\" srcset=\"https:\/\/www.blogsoestado.com\/danielmatos\/wp-content\/uploads\/sites\/2\/2026\/05\/1005522127-1024x683.jpg 1024w, https:\/\/www.blogsoestado.com\/danielmatos\/wp-content\/uploads\/sites\/2\/2026\/05\/1005522127-300x200.jpg 300w, https:\/\/www.blogsoestado.com\/danielmatos\/wp-content\/uploads\/sites\/2\/2026\/05\/1005522127-768x512.jpg 768w, https:\/\/www.blogsoestado.com\/danielmatos\/wp-content\/uploads\/sites\/2\/2026\/05\/1005522127-1536x1024.jpg 1536w, https:\/\/www.blogsoestado.com\/danielmatos\/wp-content\/uploads\/sites\/2\/2026\/05\/1005522127-2048x1366.jpg 2048w\" sizes=\"(max-width: 1024px) 100vw, 1024px\" \/><\/figure>\n\n\n\n<p>\u201cEstamos muito felizes em receber nosso pr\u00e9-candidato a governador, ouvir suas propostas e reafirmar que todo o nosso grupo pol\u00edtico acredita e caminhar\u00e1 junto com Orleans Brand\u00e3o\u201d, afirmou o prefeito Jacinto Neto.<\/p>\n","protected":false},"excerpt":{"rendered":"<p>O pr\u00e9-candidato a governador Orleans Brand\u00e3o assumiu o compromisso de priorizar a gera\u00e7\u00e3o de emprego e renda no Maranh\u00e3o ao [&hellip;]<\/p>\n","protected":false},"author":2,"featured_media":0,"comment_status":"open","ping_status":"open","sticky":false,"template":"","format":"standard","meta":{"site-sidebar-layout":"default","site-content-layout":"","ast-site-content-layout":"default","site-content-style":"default","site-sidebar-style":"default","ast-global-header-display":"","ast-banner-title-visibility":"","ast-main-header-display":"","ast-hfb-above-header-display":"","ast-hfb-below-header-display":"","ast-hfb-mobile-header-display":"","site-post-title":"","ast-breadcrumbs-content":"","ast-featured-img":"","footer-sml-layout":"","ast-disable-related-posts":"","theme-transparent-header-meta":"","adv-header-id-meta":"","stick-header-meta":"","header-above-stick-meta":"","header-main-stick-meta":"","header-below-stick-meta":"","astra-migrate-meta-layouts":"default","ast-page-background-enabled":"default","ast-page-background-meta":{"desktop":{"background-color":"var(--ast-global-color-5)","background-image":"","background-repeat":"repeat","background-position":"center center","background-size":"auto","background-attachment":"scroll","background-type":"","background-media":"","overlay-type":"","overlay-color":"","overlay-opacity":"","overlay-gradient":""},"tablet":{"background-color":"","background-image":"","background-repeat":"repeat","background-position":"center center","background-size":"auto","background-attachment":"scroll","background-type":"","background-media":"","overlay-type":"","overlay-color":"","overlay-opacity":"","overlay-gradient":""},"mobile":{"background-color":"","background-image":"","background-repeat":"repeat","background-position":"center center","background-size":"auto","background-attachment":"scroll","background-type":"","background-media":"","overlay-type":"","overlay-color":"","overlay-opacity":"","overlay-gradient":""}},"ast-content-background-meta":{"desktop":{"background-color":"var(--ast-global-color-4)","background-image":"","background-repeat":"repeat","background-position":"center center","background-size":"auto","background-attachment":"scroll","background-type":"","background-media":"","overlay-type":"","overlay-color":"","overlay-opacity":"","overlay-gradient":""},"tablet":{"background-color":"var(--ast-global-color-4)","background-image":"","background-repeat":"repeat","background-position":"center center","background-size":"auto","background-attachment":"scroll","background-type":"","background-media":"","overlay-type":"","overlay-color":"","overlay-opacity":"","overlay-gradient":""},"mobile":{"background-color":"var(--ast-global-color-4)","background-image":"","background-repeat":"repeat","background-position":"center center","background-size":"auto","background-attachment":"scroll","background-type":"","background-media":"","overlay-type":"","overlay-color":"","overlay-opacity":"","overlay-gradient":""}},"footnotes":""},"categories":[1],"tags":[],"class_list":["post-157557","post","type-post","status-publish","format-standard","hentry","category-sem-categoria"],"yoast_head":"<!-- This site is optimized with the Yoast SEO plugin v26.6 - https:\/\/yoast.com\/wordpress\/plugins\/seo\/ -->\n<title>Em S\u00e3o Raimundo do Doca Bezerra, Orleans Brand\u00e3o defende amplia\u00e7\u00e3o da gera\u00e7\u00e3o de emprego e renda - Daniel Matos<\/title>\n<meta name=\"robots\" content=\"index, follow, max-snippet:-1, max-image-preview:large, max-video-preview:-1\" \/>\n<link rel=\"canonical\" href=\"https:\/\/www.blogsoestado.com\/danielmatos\/em-sao-raimundo-do-doca-bezerra-orleans-brandao-defende-ampliacao-da-geracao-de-emprego-e-renda\/\" \/>\n<meta property=\"og:locale\" content=\"pt_BR\" \/>\n<meta property=\"og:type\" content=\"article\" \/>\n<meta property=\"og:title\" content=\"Em S\u00e3o Raimundo do Doca Bezerra, Orleans Brand\u00e3o defende amplia\u00e7\u00e3o da gera\u00e7\u00e3o de emprego e renda - Daniel Matos\" \/>\n<meta property=\"og:description\" content=\"O pr\u00e9-candidato a governador Orleans Brand\u00e3o assumiu o compromisso de priorizar a gera\u00e7\u00e3o de emprego e renda no Maranh\u00e3o ao [&hellip;]\" \/>\n<meta property=\"og:url\" content=\"https:\/\/www.blogsoestado.com\/danielmatos\/em-sao-raimundo-do-doca-bezerra-orleans-brandao-defende-ampliacao-da-geracao-de-emprego-e-renda\/\" \/>\n<meta property=\"og:site_name\" content=\"Daniel Matos\" \/>\n<meta property=\"article:published_time\" content=\"2026-05-01T12:28:23+00:00\" \/>\n<meta property=\"article:modified_time\" content=\"2026-05-01T12:28:26+00:00\" \/>\n<meta property=\"og:image\" content=\"https:\/\/www.blogsoestado.com\/danielmatos\/wp-content\/uploads\/sites\/2\/2026\/05\/1005522125.jpg\" \/>\n\t<meta property=\"og:image:width\" content=\"2560\" \/>\n\t<meta property=\"og:image:height\" content=\"1707\" \/>\n\t<meta property=\"og:image:type\" content=\"image\/jpeg\" \/>\n<meta name=\"author\" content=\"Daniel Matos\" \/>\n<meta name=\"twitter:card\" content=\"summary_large_image\" \/>\n<meta name=\"twitter:label1\" content=\"Escrito por\" \/>\n\t<meta name=\"twitter:data1\" content=\"Daniel Matos\" \/>\n\t<meta name=\"twitter:label2\" content=\"Est. tempo de leitura\" \/>\n\t<meta name=\"twitter:data2\" content=\"3 minutos\" \/>\n<script type=\"application\/ld+json\" class=\"yoast-schema-graph\">{\"@context\":\"https:\/\/schema.org\",\"@graph\":[{\"@type\":\"WebPage\",\"@id\":\"https:\/\/www.blogsoestado.com\/danielmatos\/em-sao-raimundo-do-doca-bezerra-orleans-brandao-defende-ampliacao-da-geracao-de-emprego-e-renda\/\",\"url\":\"https:\/\/www.blogsoestado.com\/danielmatos\/em-sao-raimundo-do-doca-bezerra-orleans-brandao-defende-ampliacao-da-geracao-de-emprego-e-renda\/\",\"name\":\"Em S\u00e3o Raimundo do Doca Bezerra, Orleans Brand\u00e3o defende amplia\u00e7\u00e3o da gera\u00e7\u00e3o de emprego e renda - Daniel Matos\",\"isPartOf\":{\"@id\":\"https:\/\/www.blogsoestado.com\/danielmatos\/#website\"},\"primaryImageOfPage\":{\"@id\":\"https:\/\/www.blogsoestado.com\/danielmatos\/em-sao-raimundo-do-doca-bezerra-orleans-brandao-defende-ampliacao-da-geracao-de-emprego-e-renda\/#primaryimage\"},\"image\":{\"@id\":\"https:\/\/www.blogsoestado.com\/danielmatos\/em-sao-raimundo-do-doca-bezerra-orleans-brandao-defende-ampliacao-da-geracao-de-emprego-e-renda\/#primaryimage\"},\"thumbnailUrl\":\"https:\/\/www.blogsoestado.com\/danielmatos\/wp-content\/uploads\/sites\/2\/2026\/05\/1005522125-1024x683.jpg\",\"datePublished\":\"2026-05-01T12:28:23+00:00\",\"dateModified\":\"2026-05-01T12:28:26+00:00\",\"author\":{\"@id\":\"https:\/\/www.blogsoestado.com\/danielmatos\/#\/schema\/person\/9a209d407cd45631f131e1285b661bb0\"},\"breadcrumb\":{\"@id\":\"https:\/\/www.blogsoestado.com\/danielmatos\/em-sao-raimundo-do-doca-bezerra-orleans-brandao-defende-ampliacao-da-geracao-de-emprego-e-renda\/#breadcrumb\"},\"inLanguage\":\"pt-BR\",\"potentialAction\":[{\"@type\":\"ReadAction\",\"target\":[\"https:\/\/www.blogsoestado.com\/danielmatos\/em-sao-raimundo-do-doca-bezerra-orleans-brandao-defende-ampliacao-da-geracao-de-emprego-e-renda\/\"]}]},{\"@type\":\"ImageObject\",\"inLanguage\":\"pt-BR\",\"@id\":\"https:\/\/www.blogsoestado.com\/danielmatos\/em-sao-raimundo-do-doca-bezerra-orleans-brandao-defende-ampliacao-da-geracao-de-emprego-e-renda\/#primaryimage\",\"url\":\"https:\/\/www.blogsoestado.com\/danielmatos\/wp-content\/uploads\/sites\/2\/2026\/05\/1005522125.jpg\",\"contentUrl\":\"https:\/\/www.blogsoestado.com\/danielmatos\/wp-content\/uploads\/sites\/2\/2026\/05\/1005522125.jpg\",\"width\":2560,\"height\":1707},{\"@type\":\"BreadcrumbList\",\"@id\":\"https:\/\/www.blogsoestado.com\/danielmatos\/em-sao-raimundo-do-doca-bezerra-orleans-brandao-defende-ampliacao-da-geracao-de-emprego-e-renda\/#breadcrumb\",\"itemListElement\":[{\"@type\":\"ListItem\",\"position\":1,\"name\":\"In\u00edcio\",\"item\":\"https:\/\/www.blogsoestado.com\/danielmatos\/\"},{\"@type\":\"ListItem\",\"position\":2,\"name\":\"Em S\u00e3o Raimundo do Doca Bezerra, Orleans Brand\u00e3o defende amplia\u00e7\u00e3o da gera\u00e7\u00e3o de emprego e renda\"}]},{\"@type\":\"WebSite\",\"@id\":\"https:\/\/www.blogsoestado.com\/danielmatos\/#website\",\"url\":\"https:\/\/www.blogsoestado.com\/danielmatos\/\",\"name\":\"Daniel Matos\",\"description\":\"\",\"potentialAction\":[{\"@type\":\"SearchAction\",\"target\":{\"@type\":\"EntryPoint\",\"urlTemplate\":\"https:\/\/www.blogsoestado.com\/danielmatos\/?s={search_term_string}\"},\"query-input\":{\"@type\":\"PropertyValueSpecification\",\"valueRequired\":true,\"valueName\":\"search_term_string\"}}],\"inLanguage\":\"pt-BR\"},{\"@type\":\"Person\",\"@id\":\"https:\/\/www.blogsoestado.com\/danielmatos\/#\/schema\/person\/9a209d407cd45631f131e1285b661bb0\",\"name\":\"Daniel Matos\",\"image\":{\"@type\":\"ImageObject\",\"inLanguage\":\"pt-BR\",\"@id\":\"https:\/\/www.blogsoestado.com\/danielmatos\/#\/schema\/person\/image\/\",\"url\":\"https:\/\/secure.gravatar.com\/avatar\/2f26c36ee355da19a257f0dfef43952a2588b324ca35d6719e859fe338ac0392?s=96&d=mm&r=g\",\"contentUrl\":\"https:\/\/secure.gravatar.com\/avatar\/2f26c36ee355da19a257f0dfef43952a2588b324ca35d6719e859fe338ac0392?s=96&d=mm&r=g\",\"caption\":\"Daniel Matos\"},\"url\":\"https:\/\/www.blogsoestado.com\/danielmatos\/author\/danielmatos\/\"}]}<\/script>\n<!-- \/ Yoast SEO plugin. -->","yoast_head_json":{"title":"Em S\u00e3o Raimundo do Doca Bezerra, Orleans Brand\u00e3o defende amplia\u00e7\u00e3o da gera\u00e7\u00e3o de emprego e renda - Daniel Matos","robots":{"index":"index","follow":"follow","max-snippet":"max-snippet:-1","max-image-preview":"max-image-preview:large","max-video-preview":"max-video-preview:-1"},"canonical":"https:\/\/www.blogsoestado.com\/danielmatos\/em-sao-raimundo-do-doca-bezerra-orleans-brandao-defende-ampliacao-da-geracao-de-emprego-e-renda\/","og_locale":"pt_BR","og_type":"article","og_title":"Em S\u00e3o Raimundo do Doca Bezerra, Orleans Brand\u00e3o defende amplia\u00e7\u00e3o da gera\u00e7\u00e3o de emprego e renda - Daniel Matos","og_description":"O pr\u00e9-candidato a governador Orleans Brand\u00e3o assumiu o compromisso de priorizar a gera\u00e7\u00e3o de emprego e renda no Maranh\u00e3o ao [&hellip;]","og_url":"https:\/\/www.blogsoestado.com\/danielmatos\/em-sao-raimundo-do-doca-bezerra-orleans-brandao-defende-ampliacao-da-geracao-de-emprego-e-renda\/","og_site_name":"Daniel Matos","article_published_time":"2026-05-01T12:28:23+00:00","article_modified_time":"2026-05-01T12:28:26+00:00","og_image":[{"width":2560,"height":1707,"url":"https:\/\/www.blogsoestado.com\/danielmatos\/wp-content\/uploads\/sites\/2\/2026\/05\/1005522125.jpg","type":"image\/jpeg"}],"author":"Daniel Matos","twitter_card":"summary_large_image","twitter_misc":{"Escrito por":"Daniel Matos","Est. tempo de leitura":"3 minutos"},"schema":{"@context":"https:\/\/schema.org","@graph":[{"@type":"WebPage","@id":"https:\/\/www.blogsoestado.com\/danielmatos\/em-sao-raimundo-do-doca-bezerra-orleans-brandao-defende-ampliacao-da-geracao-de-emprego-e-renda\/","url":"https:\/\/www.blogsoestado.com\/danielmatos\/em-sao-raimundo-do-doca-bezerra-orleans-brandao-defende-ampliacao-da-geracao-de-emprego-e-renda\/","name":"Em S\u00e3o Raimundo do Doca Bezerra, Orleans Brand\u00e3o defende amplia\u00e7\u00e3o da gera\u00e7\u00e3o de emprego e renda - Daniel Matos","isPartOf":{"@id":"https:\/\/www.blogsoestado.com\/danielmatos\/#website"},"primaryImageOfPage":{"@id":"https:\/\/www.blogsoestado.com\/danielmatos\/em-sao-raimundo-do-doca-bezerra-orleans-brandao-defende-ampliacao-da-geracao-de-emprego-e-renda\/#primaryimage"},"image":{"@id":"https:\/\/www.blogsoestado.com\/danielmatos\/em-sao-raimundo-do-doca-bezerra-orleans-brandao-defende-ampliacao-da-geracao-de-emprego-e-renda\/#primaryimage"},"thumbnailUrl":"https:\/\/www.blogsoestado.com\/danielmatos\/wp-content\/uploads\/sites\/2\/2026\/05\/1005522125-1024x683.jpg","datePublished":"2026-05-01T12:28:23+00:00","dateModified":"2026-05-01T12:28:26+00:00","author":{"@id":"https:\/\/www.blogsoestado.com\/danielmatos\/#\/schema\/person\/9a209d407cd45631f131e1285b661bb0"},"breadcrumb":{"@id":"https:\/\/www.blogsoestado.com\/danielmatos\/em-sao-raimundo-do-doca-bezerra-orleans-brandao-defende-ampliacao-da-geracao-de-emprego-e-renda\/#breadcrumb"},"inLanguage":"pt-BR","potentialAction":[{"@type":"ReadAction","target":["https:\/\/www.blogsoestado.com\/danielmatos\/em-sao-raimundo-do-doca-bezerra-orleans-brandao-defende-ampliacao-da-geracao-de-emprego-e-renda\/"]}]},{"@type":"ImageObject","inLanguage":"pt-BR","@id":"https:\/\/www.blogsoestado.com\/danielmatos\/em-sao-raimundo-do-doca-bezerra-orleans-brandao-defende-ampliacao-da-geracao-de-emprego-e-renda\/#primaryimage","url":"https:\/\/www.blogsoestado.com\/danielmatos\/wp-content\/uploads\/sites\/2\/2026\/05\/1005522125.jpg","contentUrl":"https:\/\/www.blogsoestado.com\/danielmatos\/wp-content\/uploads\/sites\/2\/2026\/05\/1005522125.jpg","width":2560,"height":1707},{"@type":"BreadcrumbList","@id":"https:\/\/www.blogsoestado.com\/danielmatos\/em-sao-raimundo-do-doca-bezerra-orleans-brandao-defende-ampliacao-da-geracao-de-emprego-e-renda\/#breadcrumb","itemListElement":[{"@type":"ListItem","position":1,"name":"In\u00edcio","item":"https:\/\/www.blogsoestado.com\/danielmatos\/"},{"@type":"ListItem","position":2,"name":"Em S\u00e3o Raimundo do Doca Bezerra, Orleans Brand\u00e3o defende amplia\u00e7\u00e3o da gera\u00e7\u00e3o de emprego e renda"}]},{"@type":"WebSite","@id":"https:\/\/www.blogsoestado.com\/danielmatos\/#website","url":"https:\/\/www.blogsoestado.com\/danielmatos\/","name":"Daniel Matos","description":"","potentialAction":[{"@type":"SearchAction","target":{"@type":"EntryPoint","urlTemplate":"https:\/\/www.blogsoestado.com\/danielmatos\/?s={search_term_string}"},"query-input":{"@type":"PropertyValueSpecification","valueRequired":true,"valueName":"search_term_string"}}],"inLanguage":"pt-BR"},{"@type":"Person","@id":"https:\/\/www.blogsoestado.com\/danielmatos\/#\/schema\/person\/9a209d407cd45631f131e1285b661bb0","name":"Daniel Matos","image":{"@type":"ImageObject","inLanguage":"pt-BR","@id":"https:\/\/www.blogsoestado.com\/danielmatos\/#\/schema\/person\/image\/","url":"https:\/\/secure.gravatar.com\/avatar\/2f26c36ee355da19a257f0dfef43952a2588b324ca35d6719e859fe338ac0392?s=96&d=mm&r=g","contentUrl":"https:\/\/secure.gravatar.com\/avatar\/2f26c36ee355da19a257f0dfef43952a2588b324ca35d6719e859fe338ac0392?s=96&d=mm&r=g","caption":"Daniel Matos"},"url":"https:\/\/www.blogsoestado.com\/danielmatos\/author\/danielmatos\/"}]}},"jetpack_featured_media_url":"","_links":{"self":[{"href":"https:\/\/www.blogsoestado.com\/danielmatos\/wp-json\/wp\/v2\/posts\/157557","targetHints":{"allow":["GET"]}}],"collection":[{"href":"https:\/\/www.blogsoestado.com\/danielmatos\/wp-json\/wp\/v2\/posts"}],"about":[{"href":"https:\/\/www.blogsoestado.com\/danielmatos\/wp-json\/wp\/v2\/types\/post"}],"author":[{"embeddable":true,"href":"https:\/\/www.blogsoestado.com\/danielmatos\/wp-json\/wp\/v2\/users\/2"}],"replies":[{"embeddable":true,"href":"https:\/\/www.blogsoestado.com\/danielmatos\/wp-json\/wp\/v2\/comments?post=157557"}],"version-history":[{"count":1,"href":"https:\/\/www.blogsoestado.com\/danielmatos\/wp-json\/wp\/v2\/posts\/157557\/revisions"}],"predecessor-version":[{"id":157561,"href":"https:\/\/www.blogsoestado.com\/danielmatos\/wp-json\/wp\/v2\/posts\/157557\/revisions\/157561"}],"wp:attachment":[{"href":"https:\/\/www.blogsoestado.com\/danielmatos\/wp-json\/wp\/v2\/media?parent=157557"}],"wp:term":[{"taxonomy":"category","embeddable":true,"href":"https:\/\/www.blogsoestado.com\/danielmatos\/wp-json\/wp\/v2\/categories?post=157557"},{"taxonomy":"post_tag","embeddable":true,"href":"https:\/\/www.blogsoestado.com\/danielmatos\/wp-json\/wp\/v2\/tags?post=157557"}],"curies":[{"name":"wp","href":"https:\/\/api.w.org\/{rel}","templated":true}]}}