{"id":157564,"date":"2026-05-01T09:49:18","date_gmt":"2026-05-01T12:49:18","guid":{"rendered":"https:\/\/www.blogsoestado.com\/danielmatos\/?p=157564"},"modified":"2026-05-01T09:49:20","modified_gmt":"2026-05-01T12:49:20","slug":"instituto-alcoa-abre-inscricoes-para-o-edital-do-programa-de-apoio-a-projetos-locais-2026-ate-29-de-maio","status":"publish","type":"post","link":"https:\/\/www.blogsoestado.com\/danielmatos\/instituto-alcoa-abre-inscricoes-para-o-edital-do-programa-de-apoio-a-projetos-locais-2026-ate-29-de-maio\/","title":{"rendered":"Instituto Alcoa abre inscri\u00e7\u00f5es para o Edital do Programa de Apoio a Projetos Locais 2026 at\u00e9 29 de maio"},"content":{"rendered":"\n<figure class=\"wp-block-image aligncenter size-large\"><img fetchpriority=\"high\" decoding=\"async\" width=\"1024\" height=\"588\" src=\"https:\/\/www.blogsoestado.com\/danielmatos\/wp-content\/uploads\/sites\/2\/2026\/05\/1005522166-1024x588.jpg\" alt=\"\" class=\"wp-image-157565\" srcset=\"https:\/\/www.blogsoestado.com\/danielmatos\/wp-content\/uploads\/sites\/2\/2026\/05\/1005522166-1024x588.jpg 1024w, https:\/\/www.blogsoestado.com\/danielmatos\/wp-content\/uploads\/sites\/2\/2026\/05\/1005522166-300x172.jpg 300w, https:\/\/www.blogsoestado.com\/danielmatos\/wp-content\/uploads\/sites\/2\/2026\/05\/1005522166-768x441.jpg 768w, https:\/\/www.blogsoestado.com\/danielmatos\/wp-content\/uploads\/sites\/2\/2026\/05\/1005522166-1536x882.jpg 1536w, https:\/\/www.blogsoestado.com\/danielmatos\/wp-content\/uploads\/sites\/2\/2026\/05\/1005522166.jpg 1599w\" sizes=\"(max-width: 1024px) 100vw, 1024px\" \/><\/figure>\n\n\n\n<p>Realizado anualmente, o edital apoia iniciativas relacionadas \u00e0s \u00e1reas de atua\u00e7\u00e3o priorit\u00e1rias do Instituto Alcoa: educa\u00e7\u00e3o e gera\u00e7\u00e3o de trabalho e renda, incluindo empreendedorismo e capacita\u00e7\u00e3o para o mundo do trabalho.O Programa de Apoio a Projetos Locais, uma realiza\u00e7\u00e3o anual do Instituto Alcoa para contribuir com sua miss\u00e3o de promover coletivamente a educa\u00e7\u00e3o e o desenvolvimento dos territ\u00f3rios nos quais atua, receber\u00e1 inscri\u00e7\u00f5es de projetos para o Edital 2026 no per\u00edodo de 30 de abril a 29 de maio de 2026.<\/p>\n\n\n\n<p>A iniciativa apoiar\u00e1 projetos locais desenvolvidos por organiza\u00e7\u00f5es da sociedade civil nas \u00e1reas priorit\u00e1rias para o Instituto: educa\u00e7\u00e3o \u2013 com foco em Ensino Fundamental \u2013 e gera\u00e7\u00e3o de trabalho e renda \u2013 incluindo empreendedorismo e capacita\u00e7\u00e3o para o mundo do trabalho \u2013 causas estruturantes para o desenvolvimento de uma sociedade mais justa. <\/p>\n\n\n\n<p>Al\u00e9m disso, como parte do compromisso de contribuir para a redu\u00e7\u00e3o das desigualdades e promover, cada vez mais, espa\u00e7os inclusivos e diversos para todas as pessoas, o Programa de Apoio a Projetos Locais tamb\u00e9m incentiva o desenvolvimento de iniciativas que auxiliem e estimulem a inclus\u00e3o de mulheres, grupos \u00e9tnico-raciais, pessoas com defici\u00eancia e p\u00fablico LGBTQIAPN+.<\/p>\n\n\n\n<p>\u201cAcreditamos que o fortalecimento das iniciativas da sociedade civil \u00e9 fundamental para promover transforma\u00e7\u00f5es duradouras nos territ\u00f3rios onde atuamos. Por meio do Programa de Apoio a Projetos Locais, buscamos caminhar lado a lado com as comunidades, apoiando solu\u00e7\u00f5es constru\u00eddas a partir de suas pr\u00f3prias realidades e reafirmando nosso compromisso com um desenvolvimento mais justo e inclusivo\u201d, explica Dihego Pansini, Diretor Executivo do Instituto Alcoa.<\/p>\n\n\n\n<p>O Edital 2026 foi lan\u00e7ado no dia 30 de abril com uma apresenta\u00e7\u00e3o on-line, via plataforma Teams.<\/p>\n\n\n\n<p><strong>Crit\u00e9rios para participa\u00e7\u00e3o<\/strong><\/p>\n\n\n\n<p>Ser\u00e3o priorizados projetos nas regi\u00f5es de atua\u00e7\u00e3o do Instituto Alcoa: Juruti (PA); Caldas (MG); Divinol\u00e2ndia (SP); Po\u00e7os de Caldas (MG); S\u00e3o Sebasti\u00e3o da Grama (SP); e S\u00e3o Lu\u00eds (MA).Organiza\u00e7\u00f5es com no m\u00ednimo dois anos de exist\u00eancia, projetos realizados nas localidades eleg\u00edveis e iniciativas com dura\u00e7\u00e3o m\u00e1xima de dois anos s\u00e3o alguns dos crit\u00e9rios para participar do edital.Os projetos devem conter: <\/p>\n\n\n\n<p>1) foco nas \u00e1reas priorit\u00e1rias do Instituto Alcoa (Educa\u00e7\u00e3o, com foco no Ensino Fundamental) e Gera\u00e7\u00e3o de Trabalho e Renda (incluindo Empreendedorismo e Capacita\u00e7\u00e3o para o Mundo do Trabalho); <\/p>\n\n\n\n<p>2) objetivo de implementa\u00e7\u00e3o, expans\u00e3o, aperfei\u00e7oamento ou dissemina\u00e7\u00e3o de propostas j\u00e1 existentes; <\/p>\n\n\n\n<p>3) valor solicitado ao Instituto Alcoa entre R$ 50 mil e R$ 200 mil; <\/p>\n\n\n\n<p>4) perspectiva de continuidade e sustentabilidade das a\u00e7\u00f5es ap\u00f3s o encerramento do apoio; e <\/p>\n\n\n\n<p>5) estrat\u00e9gias de avalia\u00e7\u00e3o e plano de divulga\u00e7\u00e3o, incluindo a\u00e7\u00f5es e resultados.<\/p>\n\n\n\n<p>A documenta\u00e7\u00e3o a ser enviada pelas organiza\u00e7\u00f5es participantes ser\u00e1 dividida em tr\u00eas etapas, sendo: <\/p>\n\n\n\n<p>Etapa 1: Na inscri\u00e7\u00e3o do projeto; Etapa 2: Ap\u00f3s avalia\u00e7\u00e3o t\u00e9cnica dos projetos segundo os crit\u00e9rios de participa\u00e7\u00e3o e de an\u00e1lise e Etapa 3: Posteriormente, caso o projeto seja priorizado pelo Conselho Consultivo de Rela\u00e7\u00f5es Comunit\u00e1rias da localidade.<\/p>\n\n\n\n<p>As inscri\u00e7\u00f5es ser\u00e3o recebidas de 30 de abril a 29 de maio pelo sistema de gest\u00e3o de projetos. No ato da inscri\u00e7\u00e3o, as organiza\u00e7\u00f5es devem enviar todos os documentos descritos no edital. Os projetos selecionados ser\u00e3o divulgados at\u00e9 o m\u00eas de novembro.<\/p>\n\n\n\n<p><strong>Apresenta\u00e7\u00e3o do Edital<\/strong><\/p>\n\n\n\n<p>As regras do Edital 2026 e o processo de avalia\u00e7\u00e3o ser\u00e3o apresentadas pelo Instituto Alcoa em formato on-line pela plataforma Teams:<\/p>\n\n\n\n<p>Data: 30 de abrilHor\u00e1rio: das 14h \u00e0s 15h<\/p>\n\n\n\n<p>Local: Plataforma Teams \u2013 acesso por este link.<\/p>\n\n\n\n<p><strong>Oficina de Elabora\u00e7\u00e3o de Projetos<\/strong><\/p>\n\n\n\n<p>Para apoiar as organiza\u00e7\u00f5es na elabora\u00e7\u00e3o e envio dos projetos, o Instituto Alcoa promover\u00e1 oficinas em parceria com o Fundo Internacional Socioambiental (Ficas), organiza\u00e7\u00e3o que acompanha todas as etapas do Programa de Apoio a Projetos Locais. <\/p>\n\n\n\n<p>Conhe\u00e7a o calend\u00e1rio de acordo com a localiza\u00e7\u00e3o das organiza\u00e7\u00f5es participantes:<\/p>\n\n\n\n<p>Juruti: 5 a 7 de maio<\/p>\n\n\n\n<p>S\u00e3o Lu\u00eds: 5 e 6 de maio<\/p>\n\n\n\n<p>Po\u00e7os de Caldas e regi\u00e3o: 8 de maio<\/p>\n\n\n\n<p>A partir de 30 de abril, todas as informa\u00e7\u00f5es sobre o Programa de Apoio a Projetos Locais 2026 estar\u00e3o dispon\u00edveis no site do Instituto Alcoa.<\/p>\n\n\n\n<p>D\u00favidas podem ser esclarecidas pelo e-mail <a href=\"avaliacao@ficas.org.br\">avaliacao@ficas.org.br<\/a> ou pelo telefone 0800 722 0715 (liga\u00e7\u00e3o gratuita de segunda a sexta-feira, das 9h \u00e0s 17h).<\/p>\n\n\n\n<p><strong>Sobre o Instituto Alcoa<\/strong><\/p>\n\n\n\n<p>Fundado em 1990, no Brasil, o Instituto Alcoa \u00e9 uma entidade sem fins lucrativos, que tem o prop\u00f3sito de transformar coletivamente os territ\u00f3rios em que a Alcoa est\u00e1 presente \u2013 Po\u00e7os de Caldas (MG), S\u00e3o Lu\u00eds (MA) e Juruti (PA) \u2013 a fim de torn\u00e1-los mais inclusivos e menos desiguais.<\/p>\n\n\n\n<p>Para isso, o Instituto Alcoa promove iniciativas em educa\u00e7\u00e3o e gera\u00e7\u00e3o de trabalho e renda, causas estruturantes para o desenvolvimento de uma sociedade mais justa, al\u00e9m de incentivar a participa\u00e7\u00e3o social e o di\u00e1logo em torno das causas como forma de mobiliza\u00e7\u00e3o para o engajamento. Sua atua\u00e7\u00e3o se conecta \u00e0s pol\u00edticas p\u00fablicas e agendas de interesses globais, como os Objetivos de Desenvolvimento Sustent\u00e1vel (ODS).<\/p>\n\n\n\n<p><div dir=\"auto\"><\/div><\/p>\n","protected":false},"excerpt":{"rendered":"<p>Realizado anualmente, o edital apoia iniciativas relacionadas \u00e0s \u00e1reas de atua\u00e7\u00e3o priorit\u00e1rias do Instituto Alcoa: educa\u00e7\u00e3o e gera\u00e7\u00e3o de trabalho [&hellip;]<\/p>\n","protected":false},"author":2,"featured_media":0,"comment_status":"open","ping_status":"open","sticky":false,"template":"","format":"standard","meta":{"site-sidebar-layout":"default","site-content-layout":"","ast-site-content-layout":"default","site-content-style":"default","site-sidebar-style":"default","ast-global-header-display":"","ast-banner-title-visibility":"","ast-main-header-display":"","ast-hfb-above-header-display":"","ast-hfb-below-header-display":"","ast-hfb-mobile-header-display":"","site-post-title":"","ast-breadcrumbs-content":"","ast-featured-img":"","footer-sml-layout":"","ast-disable-related-posts":"","theme-transparent-header-meta":"","adv-header-id-meta":"","stick-header-meta":"","header-above-stick-meta":"","header-main-stick-meta":"","header-below-stick-meta":"","astra-migrate-meta-layouts":"default","ast-page-background-enabled":"default","ast-page-background-meta":{"desktop":{"background-color":"var(--ast-global-color-5)","background-image":"","background-repeat":"repeat","background-position":"center center","background-size":"auto","background-attachment":"scroll","background-type":"","background-media":"","overlay-type":"","overlay-color":"","overlay-opacity":"","overlay-gradient":""},"tablet":{"background-color":"","background-image":"","background-repeat":"repeat","background-position":"center center","background-size":"auto","background-attachment":"scroll","background-type":"","background-media":"","overlay-type":"","overlay-color":"","overlay-opacity":"","overlay-gradient":""},"mobile":{"background-color":"","background-image":"","background-repeat":"repeat","background-position":"center center","background-size":"auto","background-attachment":"scroll","background-type":"","background-media":"","overlay-type":"","overlay-color":"","overlay-opacity":"","overlay-gradient":""}},"ast-content-background-meta":{"desktop":{"background-color":"var(--ast-global-color-4)","background-image":"","background-repeat":"repeat","background-position":"center center","background-size":"auto","background-attachment":"scroll","background-type":"","background-media":"","overlay-type":"","overlay-color":"","overlay-opacity":"","overlay-gradient":""},"tablet":{"background-color":"var(--ast-global-color-4)","background-image":"","background-repeat":"repeat","background-position":"center center","background-size":"auto","background-attachment":"scroll","background-type":"","background-media":"","overlay-type":"","overlay-color":"","overlay-opacity":"","overlay-gradient":""},"mobile":{"background-color":"var(--ast-global-color-4)","background-image":"","background-repeat":"repeat","background-position":"center center","background-size":"auto","background-attachment":"scroll","background-type":"","background-media":"","overlay-type":"","overlay-color":"","overlay-opacity":"","overlay-gradient":""}},"footnotes":""},"categories":[1],"tags":[],"class_list":["post-157564","post","type-post","status-publish","format-standard","hentry","category-sem-categoria"],"yoast_head":"<!-- This site is optimized with the Yoast SEO plugin v26.6 - https:\/\/yoast.com\/wordpress\/plugins\/seo\/ -->\n<title>Instituto Alcoa abre inscri\u00e7\u00f5es para o Edital do Programa de Apoio a Projetos Locais 2026 at\u00e9 29 de maio - Daniel Matos<\/title>\n<meta name=\"robots\" content=\"index, follow, max-snippet:-1, max-image-preview:large, max-video-preview:-1\" \/>\n<link rel=\"canonical\" href=\"https:\/\/www.blogsoestado.com\/danielmatos\/instituto-alcoa-abre-inscricoes-para-o-edital-do-programa-de-apoio-a-projetos-locais-2026-ate-29-de-maio\/\" \/>\n<meta property=\"og:locale\" content=\"pt_BR\" \/>\n<meta property=\"og:type\" content=\"article\" \/>\n<meta property=\"og:title\" content=\"Instituto Alcoa abre inscri\u00e7\u00f5es para o Edital do Programa de Apoio a Projetos Locais 2026 at\u00e9 29 de maio - Daniel Matos\" \/>\n<meta property=\"og:description\" content=\"Realizado anualmente, o edital apoia iniciativas relacionadas \u00e0s \u00e1reas de atua\u00e7\u00e3o priorit\u00e1rias do Instituto Alcoa: educa\u00e7\u00e3o e gera\u00e7\u00e3o de trabalho [&hellip;]\" \/>\n<meta property=\"og:url\" content=\"https:\/\/www.blogsoestado.com\/danielmatos\/instituto-alcoa-abre-inscricoes-para-o-edital-do-programa-de-apoio-a-projetos-locais-2026-ate-29-de-maio\/\" \/>\n<meta property=\"og:site_name\" content=\"Daniel Matos\" \/>\n<meta property=\"article:published_time\" content=\"2026-05-01T12:49:18+00:00\" \/>\n<meta property=\"article:modified_time\" content=\"2026-05-01T12:49:20+00:00\" \/>\n<meta property=\"og:image\" content=\"https:\/\/www.blogsoestado.com\/danielmatos\/wp-content\/uploads\/sites\/2\/2026\/05\/1005522166.jpg\" \/>\n\t<meta property=\"og:image:width\" content=\"1599\" \/>\n\t<meta property=\"og:image:height\" content=\"918\" \/>\n\t<meta property=\"og:image:type\" content=\"image\/jpeg\" \/>\n<meta name=\"author\" content=\"Daniel Matos\" \/>\n<meta name=\"twitter:card\" content=\"summary_large_image\" \/>\n<meta name=\"twitter:label1\" content=\"Escrito por\" \/>\n\t<meta name=\"twitter:data1\" content=\"Daniel Matos\" \/>\n\t<meta name=\"twitter:label2\" content=\"Est. tempo de leitura\" \/>\n\t<meta name=\"twitter:data2\" content=\"5 minutos\" \/>\n<script type=\"application\/ld+json\" class=\"yoast-schema-graph\">{\"@context\":\"https:\/\/schema.org\",\"@graph\":[{\"@type\":\"WebPage\",\"@id\":\"https:\/\/www.blogsoestado.com\/danielmatos\/instituto-alcoa-abre-inscricoes-para-o-edital-do-programa-de-apoio-a-projetos-locais-2026-ate-29-de-maio\/\",\"url\":\"https:\/\/www.blogsoestado.com\/danielmatos\/instituto-alcoa-abre-inscricoes-para-o-edital-do-programa-de-apoio-a-projetos-locais-2026-ate-29-de-maio\/\",\"name\":\"Instituto Alcoa abre inscri\u00e7\u00f5es para o Edital do Programa de Apoio a Projetos Locais 2026 at\u00e9 29 de maio - Daniel Matos\",\"isPartOf\":{\"@id\":\"https:\/\/www.blogsoestado.com\/danielmatos\/#website\"},\"primaryImageOfPage\":{\"@id\":\"https:\/\/www.blogsoestado.com\/danielmatos\/instituto-alcoa-abre-inscricoes-para-o-edital-do-programa-de-apoio-a-projetos-locais-2026-ate-29-de-maio\/#primaryimage\"},\"image\":{\"@id\":\"https:\/\/www.blogsoestado.com\/danielmatos\/instituto-alcoa-abre-inscricoes-para-o-edital-do-programa-de-apoio-a-projetos-locais-2026-ate-29-de-maio\/#primaryimage\"},\"thumbnailUrl\":\"https:\/\/www.blogsoestado.com\/danielmatos\/wp-content\/uploads\/sites\/2\/2026\/05\/1005522166-1024x588.jpg\",\"datePublished\":\"2026-05-01T12:49:18+00:00\",\"dateModified\":\"2026-05-01T12:49:20+00:00\",\"author\":{\"@id\":\"https:\/\/www.blogsoestado.com\/danielmatos\/#\/schema\/person\/9a209d407cd45631f131e1285b661bb0\"},\"breadcrumb\":{\"@id\":\"https:\/\/www.blogsoestado.com\/danielmatos\/instituto-alcoa-abre-inscricoes-para-o-edital-do-programa-de-apoio-a-projetos-locais-2026-ate-29-de-maio\/#breadcrumb\"},\"inLanguage\":\"pt-BR\",\"potentialAction\":[{\"@type\":\"ReadAction\",\"target\":[\"https:\/\/www.blogsoestado.com\/danielmatos\/instituto-alcoa-abre-inscricoes-para-o-edital-do-programa-de-apoio-a-projetos-locais-2026-ate-29-de-maio\/\"]}]},{\"@type\":\"ImageObject\",\"inLanguage\":\"pt-BR\",\"@id\":\"https:\/\/www.blogsoestado.com\/danielmatos\/instituto-alcoa-abre-inscricoes-para-o-edital-do-programa-de-apoio-a-projetos-locais-2026-ate-29-de-maio\/#primaryimage\",\"url\":\"https:\/\/www.blogsoestado.com\/danielmatos\/wp-content\/uploads\/sites\/2\/2026\/05\/1005522166.jpg\",\"contentUrl\":\"https:\/\/www.blogsoestado.com\/danielmatos\/wp-content\/uploads\/sites\/2\/2026\/05\/1005522166.jpg\",\"width\":1599,\"height\":918},{\"@type\":\"BreadcrumbList\",\"@id\":\"https:\/\/www.blogsoestado.com\/danielmatos\/instituto-alcoa-abre-inscricoes-para-o-edital-do-programa-de-apoio-a-projetos-locais-2026-ate-29-de-maio\/#breadcrumb\",\"itemListElement\":[{\"@type\":\"ListItem\",\"position\":1,\"name\":\"In\u00edcio\",\"item\":\"https:\/\/www.blogsoestado.com\/danielmatos\/\"},{\"@type\":\"ListItem\",\"position\":2,\"name\":\"Instituto Alcoa abre inscri\u00e7\u00f5es para o Edital do Programa de Apoio a Projetos Locais 2026 at\u00e9 29 de maio\"}]},{\"@type\":\"WebSite\",\"@id\":\"https:\/\/www.blogsoestado.com\/danielmatos\/#website\",\"url\":\"https:\/\/www.blogsoestado.com\/danielmatos\/\",\"name\":\"Daniel Matos\",\"description\":\"\",\"potentialAction\":[{\"@type\":\"SearchAction\",\"target\":{\"@type\":\"EntryPoint\",\"urlTemplate\":\"https:\/\/www.blogsoestado.com\/danielmatos\/?s={search_term_string}\"},\"query-input\":{\"@type\":\"PropertyValueSpecification\",\"valueRequired\":true,\"valueName\":\"search_term_string\"}}],\"inLanguage\":\"pt-BR\"},{\"@type\":\"Person\",\"@id\":\"https:\/\/www.blogsoestado.com\/danielmatos\/#\/schema\/person\/9a209d407cd45631f131e1285b661bb0\",\"name\":\"Daniel Matos\",\"image\":{\"@type\":\"ImageObject\",\"inLanguage\":\"pt-BR\",\"@id\":\"https:\/\/www.blogsoestado.com\/danielmatos\/#\/schema\/person\/image\/\",\"url\":\"https:\/\/secure.gravatar.com\/avatar\/2f26c36ee355da19a257f0dfef43952a2588b324ca35d6719e859fe338ac0392?s=96&d=mm&r=g\",\"contentUrl\":\"https:\/\/secure.gravatar.com\/avatar\/2f26c36ee355da19a257f0dfef43952a2588b324ca35d6719e859fe338ac0392?s=96&d=mm&r=g\",\"caption\":\"Daniel Matos\"},\"url\":\"https:\/\/www.blogsoestado.com\/danielmatos\/author\/danielmatos\/\"}]}<\/script>\n<!-- \/ Yoast SEO plugin. -->","yoast_head_json":{"title":"Instituto Alcoa abre inscri\u00e7\u00f5es para o Edital do Programa de Apoio a Projetos Locais 2026 at\u00e9 29 de maio - Daniel Matos","robots":{"index":"index","follow":"follow","max-snippet":"max-snippet:-1","max-image-preview":"max-image-preview:large","max-video-preview":"max-video-preview:-1"},"canonical":"https:\/\/www.blogsoestado.com\/danielmatos\/instituto-alcoa-abre-inscricoes-para-o-edital-do-programa-de-apoio-a-projetos-locais-2026-ate-29-de-maio\/","og_locale":"pt_BR","og_type":"article","og_title":"Instituto Alcoa abre inscri\u00e7\u00f5es para o Edital do Programa de Apoio a Projetos Locais 2026 at\u00e9 29 de maio - Daniel Matos","og_description":"Realizado anualmente, o edital apoia iniciativas relacionadas \u00e0s \u00e1reas de atua\u00e7\u00e3o priorit\u00e1rias do Instituto Alcoa: educa\u00e7\u00e3o e gera\u00e7\u00e3o de trabalho [&hellip;]","og_url":"https:\/\/www.blogsoestado.com\/danielmatos\/instituto-alcoa-abre-inscricoes-para-o-edital-do-programa-de-apoio-a-projetos-locais-2026-ate-29-de-maio\/","og_site_name":"Daniel Matos","article_published_time":"2026-05-01T12:49:18+00:00","article_modified_time":"2026-05-01T12:49:20+00:00","og_image":[{"width":1599,"height":918,"url":"https:\/\/www.blogsoestado.com\/danielmatos\/wp-content\/uploads\/sites\/2\/2026\/05\/1005522166.jpg","type":"image\/jpeg"}],"author":"Daniel Matos","twitter_card":"summary_large_image","twitter_misc":{"Escrito por":"Daniel Matos","Est. tempo de leitura":"5 minutos"},"schema":{"@context":"https:\/\/schema.org","@graph":[{"@type":"WebPage","@id":"https:\/\/www.blogsoestado.com\/danielmatos\/instituto-alcoa-abre-inscricoes-para-o-edital-do-programa-de-apoio-a-projetos-locais-2026-ate-29-de-maio\/","url":"https:\/\/www.blogsoestado.com\/danielmatos\/instituto-alcoa-abre-inscricoes-para-o-edital-do-programa-de-apoio-a-projetos-locais-2026-ate-29-de-maio\/","name":"Instituto Alcoa abre inscri\u00e7\u00f5es para o Edital do Programa de Apoio a Projetos Locais 2026 at\u00e9 29 de maio - Daniel Matos","isPartOf":{"@id":"https:\/\/www.blogsoestado.com\/danielmatos\/#website"},"primaryImageOfPage":{"@id":"https:\/\/www.blogsoestado.com\/danielmatos\/instituto-alcoa-abre-inscricoes-para-o-edital-do-programa-de-apoio-a-projetos-locais-2026-ate-29-de-maio\/#primaryimage"},"image":{"@id":"https:\/\/www.blogsoestado.com\/danielmatos\/instituto-alcoa-abre-inscricoes-para-o-edital-do-programa-de-apoio-a-projetos-locais-2026-ate-29-de-maio\/#primaryimage"},"thumbnailUrl":"https:\/\/www.blogsoestado.com\/danielmatos\/wp-content\/uploads\/sites\/2\/2026\/05\/1005522166-1024x588.jpg","datePublished":"2026-05-01T12:49:18+00:00","dateModified":"2026-05-01T12:49:20+00:00","author":{"@id":"https:\/\/www.blogsoestado.com\/danielmatos\/#\/schema\/person\/9a209d407cd45631f131e1285b661bb0"},"breadcrumb":{"@id":"https:\/\/www.blogsoestado.com\/danielmatos\/instituto-alcoa-abre-inscricoes-para-o-edital-do-programa-de-apoio-a-projetos-locais-2026-ate-29-de-maio\/#breadcrumb"},"inLanguage":"pt-BR","potentialAction":[{"@type":"ReadAction","target":["https:\/\/www.blogsoestado.com\/danielmatos\/instituto-alcoa-abre-inscricoes-para-o-edital-do-programa-de-apoio-a-projetos-locais-2026-ate-29-de-maio\/"]}]},{"@type":"ImageObject","inLanguage":"pt-BR","@id":"https:\/\/www.blogsoestado.com\/danielmatos\/instituto-alcoa-abre-inscricoes-para-o-edital-do-programa-de-apoio-a-projetos-locais-2026-ate-29-de-maio\/#primaryimage","url":"https:\/\/www.blogsoestado.com\/danielmatos\/wp-content\/uploads\/sites\/2\/2026\/05\/1005522166.jpg","contentUrl":"https:\/\/www.blogsoestado.com\/danielmatos\/wp-content\/uploads\/sites\/2\/2026\/05\/1005522166.jpg","width":1599,"height":918},{"@type":"BreadcrumbList","@id":"https:\/\/www.blogsoestado.com\/danielmatos\/instituto-alcoa-abre-inscricoes-para-o-edital-do-programa-de-apoio-a-projetos-locais-2026-ate-29-de-maio\/#breadcrumb","itemListElement":[{"@type":"ListItem","position":1,"name":"In\u00edcio","item":"https:\/\/www.blogsoestado.com\/danielmatos\/"},{"@type":"ListItem","position":2,"name":"Instituto Alcoa abre inscri\u00e7\u00f5es para o Edital do Programa de Apoio a Projetos Locais 2026 at\u00e9 29 de maio"}]},{"@type":"WebSite","@id":"https:\/\/www.blogsoestado.com\/danielmatos\/#website","url":"https:\/\/www.blogsoestado.com\/danielmatos\/","name":"Daniel Matos","description":"","potentialAction":[{"@type":"SearchAction","target":{"@type":"EntryPoint","urlTemplate":"https:\/\/www.blogsoestado.com\/danielmatos\/?s={search_term_string}"},"query-input":{"@type":"PropertyValueSpecification","valueRequired":true,"valueName":"search_term_string"}}],"inLanguage":"pt-BR"},{"@type":"Person","@id":"https:\/\/www.blogsoestado.com\/danielmatos\/#\/schema\/person\/9a209d407cd45631f131e1285b661bb0","name":"Daniel Matos","image":{"@type":"ImageObject","inLanguage":"pt-BR","@id":"https:\/\/www.blogsoestado.com\/danielmatos\/#\/schema\/person\/image\/","url":"https:\/\/secure.gravatar.com\/avatar\/2f26c36ee355da19a257f0dfef43952a2588b324ca35d6719e859fe338ac0392?s=96&d=mm&r=g","contentUrl":"https:\/\/secure.gravatar.com\/avatar\/2f26c36ee355da19a257f0dfef43952a2588b324ca35d6719e859fe338ac0392?s=96&d=mm&r=g","caption":"Daniel Matos"},"url":"https:\/\/www.blogsoestado.com\/danielmatos\/author\/danielmatos\/"}]}},"jetpack_featured_media_url":"","_links":{"self":[{"href":"https:\/\/www.blogsoestado.com\/danielmatos\/wp-json\/wp\/v2\/posts\/157564","targetHints":{"allow":["GET"]}}],"collection":[{"href":"https:\/\/www.blogsoestado.com\/danielmatos\/wp-json\/wp\/v2\/posts"}],"about":[{"href":"https:\/\/www.blogsoestado.com\/danielmatos\/wp-json\/wp\/v2\/types\/post"}],"author":[{"embeddable":true,"href":"https:\/\/www.blogsoestado.com\/danielmatos\/wp-json\/wp\/v2\/users\/2"}],"replies":[{"embeddable":true,"href":"https:\/\/www.blogsoestado.com\/danielmatos\/wp-json\/wp\/v2\/comments?post=157564"}],"version-history":[{"count":1,"href":"https:\/\/www.blogsoestado.com\/danielmatos\/wp-json\/wp\/v2\/posts\/157564\/revisions"}],"predecessor-version":[{"id":157566,"href":"https:\/\/www.blogsoestado.com\/danielmatos\/wp-json\/wp\/v2\/posts\/157564\/revisions\/157566"}],"wp:attachment":[{"href":"https:\/\/www.blogsoestado.com\/danielmatos\/wp-json\/wp\/v2\/media?parent=157564"}],"wp:term":[{"taxonomy":"category","embeddable":true,"href":"https:\/\/www.blogsoestado.com\/danielmatos\/wp-json\/wp\/v2\/categories?post=157564"},{"taxonomy":"post_tag","embeddable":true,"href":"https:\/\/www.blogsoestado.com\/danielmatos\/wp-json\/wp\/v2\/tags?post=157564"}],"curies":[{"name":"wp","href":"https:\/\/api.w.org\/{rel}","templated":true}]}}