{"id":157567,"date":"2026-05-01T13:51:33","date_gmt":"2026-05-01T16:51:33","guid":{"rendered":"https:\/\/www.blogsoestado.com\/danielmatos\/?p=157567"},"modified":"2026-05-01T13:51:35","modified_gmt":"2026-05-01T16:51:35","slug":"gentil-neto-faz-historia-com-maior-festival-do-trabalhador-ja-realizado-em-caxias","status":"publish","type":"post","link":"https:\/\/www.blogsoestado.com\/danielmatos\/gentil-neto-faz-historia-com-maior-festival-do-trabalhador-ja-realizado-em-caxias\/","title":{"rendered":"Gentil Neto faz hist\u00f3ria com maior Festival do Trabalhador j\u00e1 realizado em Caxias"},"content":{"rendered":"\n<figure class=\"wp-block-image aligncenter size-large\"><img fetchpriority=\"high\" decoding=\"async\" width=\"1024\" height=\"681\" src=\"https:\/\/www.blogsoestado.com\/danielmatos\/wp-content\/uploads\/sites\/2\/2026\/05\/1005524624-1024x681.jpg\" alt=\"\" class=\"wp-image-157569\" srcset=\"https:\/\/www.blogsoestado.com\/danielmatos\/wp-content\/uploads\/sites\/2\/2026\/05\/1005524624-1024x681.jpg 1024w, https:\/\/www.blogsoestado.com\/danielmatos\/wp-content\/uploads\/sites\/2\/2026\/05\/1005524624-300x199.jpg 300w, https:\/\/www.blogsoestado.com\/danielmatos\/wp-content\/uploads\/sites\/2\/2026\/05\/1005524624-768x511.jpg 768w, https:\/\/www.blogsoestado.com\/danielmatos\/wp-content\/uploads\/sites\/2\/2026\/05\/1005524624.jpg 1280w\" sizes=\"(max-width: 1024px) 100vw, 1024px\" \/><\/figure>\n\n\n\n<p>Caxias viveu um momento marcante com a realiza\u00e7\u00e3o do maior Festival de Pr\u00eamios do Trabalhador j\u00e1 promovido no munic\u00edpio. A iniciativa, organizada pela Prefeitura de Caxias por meio da Secretaria de Trabalho, Secretaria de Cultura e Patrim\u00f4nio Hist\u00f3rico, Secretaria de Turismo e Secretaria de Comunica\u00e7\u00e3o, atraiu uma grande multid\u00e3o e transformou a celebra\u00e7\u00e3o em um evento hist\u00f3rico de valoriza\u00e7\u00e3o da classe trabalhadora.<\/p>\n\n\n\n<p>O evento, liderado pelo prefeito Gentil Neto, foi marcado pela forte participa\u00e7\u00e3o popular e pela entrega de mais de 40 pr\u00eamios, garantindo um clima de expectativa e entusiasmo durante toda a programa\u00e7\u00e3o.<\/p>\n\n\n\n<p>Entre os pr\u00eamios sorteados estavam moto, geladeiras, fog\u00f5es, bicicletas, notebooks, celulares, televisores, caixas de som, ventiladores, air fryers, al\u00e9m de diversos outros itens que contemplaram trabalhadores de diferentes regi\u00f5es da cidade.<\/p>\n\n\n\n<p>Al\u00e9m da premia\u00e7\u00e3o, a organiza\u00e7\u00e3o do evento tamb\u00e9m foi destaque. A Prefeitura estruturou um espa\u00e7o planejado para oferecer conforto, praticidade e seguran\u00e7a ao p\u00fablico presente. Um mapa oficial foi divulgado para orientar a popula\u00e7\u00e3o, identificando cada \u00e1rea do evento de forma clara e acess\u00edvel.<\/p>\n\n\n\n<figure class=\"wp-block-image aligncenter size-large\"><img decoding=\"async\" width=\"1024\" height=\"681\" src=\"https:\/\/www.blogsoestado.com\/danielmatos\/wp-content\/uploads\/sites\/2\/2026\/05\/1005524619-1024x681.jpg\" alt=\"\" class=\"wp-image-157568\" srcset=\"https:\/\/www.blogsoestado.com\/danielmatos\/wp-content\/uploads\/sites\/2\/2026\/05\/1005524619-1024x681.jpg 1024w, https:\/\/www.blogsoestado.com\/danielmatos\/wp-content\/uploads\/sites\/2\/2026\/05\/1005524619-300x199.jpg 300w, https:\/\/www.blogsoestado.com\/danielmatos\/wp-content\/uploads\/sites\/2\/2026\/05\/1005524619-768x511.jpg 768w, https:\/\/www.blogsoestado.com\/danielmatos\/wp-content\/uploads\/sites\/2\/2026\/05\/1005524619.jpg 1280w\" sizes=\"(max-width: 1024px) 100vw, 1024px\" \/><\/figure>\n\n\n\n<p>O espa\u00e7o contou com controle de acesso e seguran\u00e7a em pontos estrat\u00e9gicos, al\u00e9m de \u00e1reas espec\u00edficas como o Espa\u00e7o Kids, montado em frente \u00e0 UEMA, garantindo lazer para as crian\u00e7as. A tradicional feirinha gastron\u00f4mica foi instalada na Rua das Sombrinhas, oferecendo diversas op\u00e7\u00f5es de alimenta\u00e7\u00e3o para o p\u00fablico.<\/p>\n\n\n\n<p>Tamb\u00e9m foram disponibilizados stands de parceiros, ampliando os servi\u00e7os e intera\u00e7\u00f5es durante o evento. A seguran\u00e7a contou com o apoio da Pol\u00edcia Militar, Corpo de Bombeiros e SAMU, refor\u00e7ando o cuidado com a popula\u00e7\u00e3o.<\/p>\n\n\n\n<p>Outro destaque foi o espa\u00e7o instagram\u00e1vel e a \u00e1rea destinada aos pr\u00eamios, que atra\u00edram grande movimenta\u00e7\u00e3o e intera\u00e7\u00e3o do p\u00fablico. Al\u00e9m disso, pontos de interdi\u00e7\u00e3o foram organizados para garantir a fluidez e a seguran\u00e7a no tr\u00e2nsito durante a realiza\u00e7\u00e3o do festival.<\/p>\n\n\n\n<p>Tamb\u00e9m foi celebrado o anivers\u00e1rio de 8 anos do Mirante da Balaiada, destaque nacional e premiado entre as cinco melhores atra\u00e7\u00f5es tur\u00edsticas do Brasil no Pr\u00eamio Nacional de Turismo 2019. O espa\u00e7o impulsiona a visita\u00e7\u00e3o, atraindo mais de 70 mil pessoas ao Memorial da Balaiada e difundindo a hist\u00f3ria da cidade.<\/p>\n\n\n\n<figure class=\"wp-block-image aligncenter size-large\"><img decoding=\"async\" width=\"1024\" height=\"681\" src=\"https:\/\/www.blogsoestado.com\/danielmatos\/wp-content\/uploads\/sites\/2\/2026\/05\/1005524627-1024x681.jpg\" alt=\"\" class=\"wp-image-157571\" srcset=\"https:\/\/www.blogsoestado.com\/danielmatos\/wp-content\/uploads\/sites\/2\/2026\/05\/1005524627-1024x681.jpg 1024w, https:\/\/www.blogsoestado.com\/danielmatos\/wp-content\/uploads\/sites\/2\/2026\/05\/1005524627-300x199.jpg 300w, https:\/\/www.blogsoestado.com\/danielmatos\/wp-content\/uploads\/sites\/2\/2026\/05\/1005524627-768x511.jpg 768w, https:\/\/www.blogsoestado.com\/danielmatos\/wp-content\/uploads\/sites\/2\/2026\/05\/1005524627.jpg 1280w\" sizes=\"(max-width: 1024px) 100vw, 1024px\" \/><\/figure>\n\n\n\n<p>Durante o evento, o prefeito destacou a import\u00e2ncia de valorizar os trabalhadores que contribuem diariamente para o desenvolvimento do munic\u00edpio, refor\u00e7ando o compromisso da gest\u00e3o com a\u00e7\u00f5es que promovam reconhecimento e inclus\u00e3o social.<\/p>\n\n\n\n<p>A realiza\u00e7\u00e3o do Festival do Trabalhador consolida mais uma iniciativa de grande alcance popular, fortalecendo o v\u00ednculo entre a gest\u00e3o municipal e a popula\u00e7\u00e3o. O evento j\u00e1 entra para a hist\u00f3ria de Caxias como uma das maiores celebra\u00e7\u00f5es voltadas aos trabalhadores, unindo organiza\u00e7\u00e3o, participa\u00e7\u00e3o popular e valoriza\u00e7\u00e3o de quem move a cidade todos os dias.<\/p>\n\n\n\n<p><\/p>\n","protected":false},"excerpt":{"rendered":"<p>Caxias viveu um momento marcante com a realiza\u00e7\u00e3o do maior Festival de Pr\u00eamios do Trabalhador j\u00e1 promovido no munic\u00edpio. A [&hellip;]<\/p>\n","protected":false},"author":2,"featured_media":0,"comment_status":"open","ping_status":"open","sticky":false,"template":"","format":"standard","meta":{"site-sidebar-layout":"default","site-content-layout":"","ast-site-content-layout":"default","site-content-style":"default","site-sidebar-style":"default","ast-global-header-display":"","ast-banner-title-visibility":"","ast-main-header-display":"","ast-hfb-above-header-display":"","ast-hfb-below-header-display":"","ast-hfb-mobile-header-display":"","site-post-title":"","ast-breadcrumbs-content":"","ast-featured-img":"","footer-sml-layout":"","ast-disable-related-posts":"","theme-transparent-header-meta":"","adv-header-id-meta":"","stick-header-meta":"","header-above-stick-meta":"","header-main-stick-meta":"","header-below-stick-meta":"","astra-migrate-meta-layouts":"default","ast-page-background-enabled":"default","ast-page-background-meta":{"desktop":{"background-color":"var(--ast-global-color-5)","background-image":"","background-repeat":"repeat","background-position":"center center","background-size":"auto","background-attachment":"scroll","background-type":"","background-media":"","overlay-type":"","overlay-color":"","overlay-opacity":"","overlay-gradient":""},"tablet":{"background-color":"","background-image":"","background-repeat":"repeat","background-position":"center center","background-size":"auto","background-attachment":"scroll","background-type":"","background-media":"","overlay-type":"","overlay-color":"","overlay-opacity":"","overlay-gradient":""},"mobile":{"background-color":"","background-image":"","background-repeat":"repeat","background-position":"center center","background-size":"auto","background-attachment":"scroll","background-type":"","background-media":"","overlay-type":"","overlay-color":"","overlay-opacity":"","overlay-gradient":""}},"ast-content-background-meta":{"desktop":{"background-color":"var(--ast-global-color-4)","background-image":"","background-repeat":"repeat","background-position":"center center","background-size":"auto","background-attachment":"scroll","background-type":"","background-media":"","overlay-type":"","overlay-color":"","overlay-opacity":"","overlay-gradient":""},"tablet":{"background-color":"var(--ast-global-color-4)","background-image":"","background-repeat":"repeat","background-position":"center center","background-size":"auto","background-attachment":"scroll","background-type":"","background-media":"","overlay-type":"","overlay-color":"","overlay-opacity":"","overlay-gradient":""},"mobile":{"background-color":"var(--ast-global-color-4)","background-image":"","background-repeat":"repeat","background-position":"center center","background-size":"auto","background-attachment":"scroll","background-type":"","background-media":"","overlay-type":"","overlay-color":"","overlay-opacity":"","overlay-gradient":""}},"footnotes":""},"categories":[1],"tags":[],"class_list":["post-157567","post","type-post","status-publish","format-standard","hentry","category-sem-categoria"],"yoast_head":"<!-- This site is optimized with the Yoast SEO plugin v26.6 - https:\/\/yoast.com\/wordpress\/plugins\/seo\/ -->\n<title>Gentil Neto faz hist\u00f3ria com maior Festival do Trabalhador j\u00e1 realizado em Caxias - Daniel Matos<\/title>\n<meta name=\"robots\" content=\"index, follow, max-snippet:-1, max-image-preview:large, max-video-preview:-1\" \/>\n<link rel=\"canonical\" href=\"https:\/\/www.blogsoestado.com\/danielmatos\/gentil-neto-faz-historia-com-maior-festival-do-trabalhador-ja-realizado-em-caxias\/\" \/>\n<meta property=\"og:locale\" content=\"pt_BR\" \/>\n<meta property=\"og:type\" content=\"article\" \/>\n<meta property=\"og:title\" content=\"Gentil Neto faz hist\u00f3ria com maior Festival do Trabalhador j\u00e1 realizado em Caxias - Daniel Matos\" \/>\n<meta property=\"og:description\" content=\"Caxias viveu um momento marcante com a realiza\u00e7\u00e3o do maior Festival de Pr\u00eamios do Trabalhador j\u00e1 promovido no munic\u00edpio. A [&hellip;]\" \/>\n<meta property=\"og:url\" content=\"https:\/\/www.blogsoestado.com\/danielmatos\/gentil-neto-faz-historia-com-maior-festival-do-trabalhador-ja-realizado-em-caxias\/\" \/>\n<meta property=\"og:site_name\" content=\"Daniel Matos\" \/>\n<meta property=\"article:published_time\" content=\"2026-05-01T16:51:33+00:00\" \/>\n<meta property=\"article:modified_time\" content=\"2026-05-01T16:51:35+00:00\" \/>\n<meta property=\"og:image\" content=\"https:\/\/www.blogsoestado.com\/danielmatos\/wp-content\/uploads\/sites\/2\/2026\/05\/1005524624.jpg\" \/>\n\t<meta property=\"og:image:width\" content=\"1280\" \/>\n\t<meta property=\"og:image:height\" content=\"851\" \/>\n\t<meta property=\"og:image:type\" content=\"image\/jpeg\" \/>\n<meta name=\"author\" content=\"Daniel Matos\" \/>\n<meta name=\"twitter:card\" content=\"summary_large_image\" \/>\n<meta name=\"twitter:label1\" content=\"Escrito por\" \/>\n\t<meta name=\"twitter:data1\" content=\"Daniel Matos\" \/>\n\t<meta name=\"twitter:label2\" content=\"Est. tempo de leitura\" \/>\n\t<meta name=\"twitter:data2\" content=\"3 minutos\" \/>\n<script type=\"application\/ld+json\" class=\"yoast-schema-graph\">{\"@context\":\"https:\/\/schema.org\",\"@graph\":[{\"@type\":\"WebPage\",\"@id\":\"https:\/\/www.blogsoestado.com\/danielmatos\/gentil-neto-faz-historia-com-maior-festival-do-trabalhador-ja-realizado-em-caxias\/\",\"url\":\"https:\/\/www.blogsoestado.com\/danielmatos\/gentil-neto-faz-historia-com-maior-festival-do-trabalhador-ja-realizado-em-caxias\/\",\"name\":\"Gentil Neto faz hist\u00f3ria com maior Festival do Trabalhador j\u00e1 realizado em Caxias - Daniel Matos\",\"isPartOf\":{\"@id\":\"https:\/\/www.blogsoestado.com\/danielmatos\/#website\"},\"primaryImageOfPage\":{\"@id\":\"https:\/\/www.blogsoestado.com\/danielmatos\/gentil-neto-faz-historia-com-maior-festival-do-trabalhador-ja-realizado-em-caxias\/#primaryimage\"},\"image\":{\"@id\":\"https:\/\/www.blogsoestado.com\/danielmatos\/gentil-neto-faz-historia-com-maior-festival-do-trabalhador-ja-realizado-em-caxias\/#primaryimage\"},\"thumbnailUrl\":\"https:\/\/www.blogsoestado.com\/danielmatos\/wp-content\/uploads\/sites\/2\/2026\/05\/1005524624-1024x681.jpg\",\"datePublished\":\"2026-05-01T16:51:33+00:00\",\"dateModified\":\"2026-05-01T16:51:35+00:00\",\"author\":{\"@id\":\"https:\/\/www.blogsoestado.com\/danielmatos\/#\/schema\/person\/9a209d407cd45631f131e1285b661bb0\"},\"breadcrumb\":{\"@id\":\"https:\/\/www.blogsoestado.com\/danielmatos\/gentil-neto-faz-historia-com-maior-festival-do-trabalhador-ja-realizado-em-caxias\/#breadcrumb\"},\"inLanguage\":\"pt-BR\",\"potentialAction\":[{\"@type\":\"ReadAction\",\"target\":[\"https:\/\/www.blogsoestado.com\/danielmatos\/gentil-neto-faz-historia-com-maior-festival-do-trabalhador-ja-realizado-em-caxias\/\"]}]},{\"@type\":\"ImageObject\",\"inLanguage\":\"pt-BR\",\"@id\":\"https:\/\/www.blogsoestado.com\/danielmatos\/gentil-neto-faz-historia-com-maior-festival-do-trabalhador-ja-realizado-em-caxias\/#primaryimage\",\"url\":\"https:\/\/www.blogsoestado.com\/danielmatos\/wp-content\/uploads\/sites\/2\/2026\/05\/1005524624.jpg\",\"contentUrl\":\"https:\/\/www.blogsoestado.com\/danielmatos\/wp-content\/uploads\/sites\/2\/2026\/05\/1005524624.jpg\",\"width\":1280,\"height\":851},{\"@type\":\"BreadcrumbList\",\"@id\":\"https:\/\/www.blogsoestado.com\/danielmatos\/gentil-neto-faz-historia-com-maior-festival-do-trabalhador-ja-realizado-em-caxias\/#breadcrumb\",\"itemListElement\":[{\"@type\":\"ListItem\",\"position\":1,\"name\":\"In\u00edcio\",\"item\":\"https:\/\/www.blogsoestado.com\/danielmatos\/\"},{\"@type\":\"ListItem\",\"position\":2,\"name\":\"Gentil Neto faz hist\u00f3ria com maior Festival do Trabalhador j\u00e1 realizado em Caxias\"}]},{\"@type\":\"WebSite\",\"@id\":\"https:\/\/www.blogsoestado.com\/danielmatos\/#website\",\"url\":\"https:\/\/www.blogsoestado.com\/danielmatos\/\",\"name\":\"Daniel Matos\",\"description\":\"\",\"potentialAction\":[{\"@type\":\"SearchAction\",\"target\":{\"@type\":\"EntryPoint\",\"urlTemplate\":\"https:\/\/www.blogsoestado.com\/danielmatos\/?s={search_term_string}\"},\"query-input\":{\"@type\":\"PropertyValueSpecification\",\"valueRequired\":true,\"valueName\":\"search_term_string\"}}],\"inLanguage\":\"pt-BR\"},{\"@type\":\"Person\",\"@id\":\"https:\/\/www.blogsoestado.com\/danielmatos\/#\/schema\/person\/9a209d407cd45631f131e1285b661bb0\",\"name\":\"Daniel Matos\",\"image\":{\"@type\":\"ImageObject\",\"inLanguage\":\"pt-BR\",\"@id\":\"https:\/\/www.blogsoestado.com\/danielmatos\/#\/schema\/person\/image\/\",\"url\":\"https:\/\/secure.gravatar.com\/avatar\/2f26c36ee355da19a257f0dfef43952a2588b324ca35d6719e859fe338ac0392?s=96&d=mm&r=g\",\"contentUrl\":\"https:\/\/secure.gravatar.com\/avatar\/2f26c36ee355da19a257f0dfef43952a2588b324ca35d6719e859fe338ac0392?s=96&d=mm&r=g\",\"caption\":\"Daniel Matos\"},\"url\":\"https:\/\/www.blogsoestado.com\/danielmatos\/author\/danielmatos\/\"}]}<\/script>\n<!-- \/ Yoast SEO plugin. -->","yoast_head_json":{"title":"Gentil Neto faz hist\u00f3ria com maior Festival do Trabalhador j\u00e1 realizado em Caxias - Daniel Matos","robots":{"index":"index","follow":"follow","max-snippet":"max-snippet:-1","max-image-preview":"max-image-preview:large","max-video-preview":"max-video-preview:-1"},"canonical":"https:\/\/www.blogsoestado.com\/danielmatos\/gentil-neto-faz-historia-com-maior-festival-do-trabalhador-ja-realizado-em-caxias\/","og_locale":"pt_BR","og_type":"article","og_title":"Gentil Neto faz hist\u00f3ria com maior Festival do Trabalhador j\u00e1 realizado em Caxias - Daniel Matos","og_description":"Caxias viveu um momento marcante com a realiza\u00e7\u00e3o do maior Festival de Pr\u00eamios do Trabalhador j\u00e1 promovido no munic\u00edpio. A [&hellip;]","og_url":"https:\/\/www.blogsoestado.com\/danielmatos\/gentil-neto-faz-historia-com-maior-festival-do-trabalhador-ja-realizado-em-caxias\/","og_site_name":"Daniel Matos","article_published_time":"2026-05-01T16:51:33+00:00","article_modified_time":"2026-05-01T16:51:35+00:00","og_image":[{"width":1280,"height":851,"url":"https:\/\/www.blogsoestado.com\/danielmatos\/wp-content\/uploads\/sites\/2\/2026\/05\/1005524624.jpg","type":"image\/jpeg"}],"author":"Daniel Matos","twitter_card":"summary_large_image","twitter_misc":{"Escrito por":"Daniel Matos","Est. tempo de leitura":"3 minutos"},"schema":{"@context":"https:\/\/schema.org","@graph":[{"@type":"WebPage","@id":"https:\/\/www.blogsoestado.com\/danielmatos\/gentil-neto-faz-historia-com-maior-festival-do-trabalhador-ja-realizado-em-caxias\/","url":"https:\/\/www.blogsoestado.com\/danielmatos\/gentil-neto-faz-historia-com-maior-festival-do-trabalhador-ja-realizado-em-caxias\/","name":"Gentil Neto faz hist\u00f3ria com maior Festival do Trabalhador j\u00e1 realizado em Caxias - Daniel Matos","isPartOf":{"@id":"https:\/\/www.blogsoestado.com\/danielmatos\/#website"},"primaryImageOfPage":{"@id":"https:\/\/www.blogsoestado.com\/danielmatos\/gentil-neto-faz-historia-com-maior-festival-do-trabalhador-ja-realizado-em-caxias\/#primaryimage"},"image":{"@id":"https:\/\/www.blogsoestado.com\/danielmatos\/gentil-neto-faz-historia-com-maior-festival-do-trabalhador-ja-realizado-em-caxias\/#primaryimage"},"thumbnailUrl":"https:\/\/www.blogsoestado.com\/danielmatos\/wp-content\/uploads\/sites\/2\/2026\/05\/1005524624-1024x681.jpg","datePublished":"2026-05-01T16:51:33+00:00","dateModified":"2026-05-01T16:51:35+00:00","author":{"@id":"https:\/\/www.blogsoestado.com\/danielmatos\/#\/schema\/person\/9a209d407cd45631f131e1285b661bb0"},"breadcrumb":{"@id":"https:\/\/www.blogsoestado.com\/danielmatos\/gentil-neto-faz-historia-com-maior-festival-do-trabalhador-ja-realizado-em-caxias\/#breadcrumb"},"inLanguage":"pt-BR","potentialAction":[{"@type":"ReadAction","target":["https:\/\/www.blogsoestado.com\/danielmatos\/gentil-neto-faz-historia-com-maior-festival-do-trabalhador-ja-realizado-em-caxias\/"]}]},{"@type":"ImageObject","inLanguage":"pt-BR","@id":"https:\/\/www.blogsoestado.com\/danielmatos\/gentil-neto-faz-historia-com-maior-festival-do-trabalhador-ja-realizado-em-caxias\/#primaryimage","url":"https:\/\/www.blogsoestado.com\/danielmatos\/wp-content\/uploads\/sites\/2\/2026\/05\/1005524624.jpg","contentUrl":"https:\/\/www.blogsoestado.com\/danielmatos\/wp-content\/uploads\/sites\/2\/2026\/05\/1005524624.jpg","width":1280,"height":851},{"@type":"BreadcrumbList","@id":"https:\/\/www.blogsoestado.com\/danielmatos\/gentil-neto-faz-historia-com-maior-festival-do-trabalhador-ja-realizado-em-caxias\/#breadcrumb","itemListElement":[{"@type":"ListItem","position":1,"name":"In\u00edcio","item":"https:\/\/www.blogsoestado.com\/danielmatos\/"},{"@type":"ListItem","position":2,"name":"Gentil Neto faz hist\u00f3ria com maior Festival do Trabalhador j\u00e1 realizado em Caxias"}]},{"@type":"WebSite","@id":"https:\/\/www.blogsoestado.com\/danielmatos\/#website","url":"https:\/\/www.blogsoestado.com\/danielmatos\/","name":"Daniel Matos","description":"","potentialAction":[{"@type":"SearchAction","target":{"@type":"EntryPoint","urlTemplate":"https:\/\/www.blogsoestado.com\/danielmatos\/?s={search_term_string}"},"query-input":{"@type":"PropertyValueSpecification","valueRequired":true,"valueName":"search_term_string"}}],"inLanguage":"pt-BR"},{"@type":"Person","@id":"https:\/\/www.blogsoestado.com\/danielmatos\/#\/schema\/person\/9a209d407cd45631f131e1285b661bb0","name":"Daniel Matos","image":{"@type":"ImageObject","inLanguage":"pt-BR","@id":"https:\/\/www.blogsoestado.com\/danielmatos\/#\/schema\/person\/image\/","url":"https:\/\/secure.gravatar.com\/avatar\/2f26c36ee355da19a257f0dfef43952a2588b324ca35d6719e859fe338ac0392?s=96&d=mm&r=g","contentUrl":"https:\/\/secure.gravatar.com\/avatar\/2f26c36ee355da19a257f0dfef43952a2588b324ca35d6719e859fe338ac0392?s=96&d=mm&r=g","caption":"Daniel Matos"},"url":"https:\/\/www.blogsoestado.com\/danielmatos\/author\/danielmatos\/"}]}},"jetpack_featured_media_url":"","_links":{"self":[{"href":"https:\/\/www.blogsoestado.com\/danielmatos\/wp-json\/wp\/v2\/posts\/157567","targetHints":{"allow":["GET"]}}],"collection":[{"href":"https:\/\/www.blogsoestado.com\/danielmatos\/wp-json\/wp\/v2\/posts"}],"about":[{"href":"https:\/\/www.blogsoestado.com\/danielmatos\/wp-json\/wp\/v2\/types\/post"}],"author":[{"embeddable":true,"href":"https:\/\/www.blogsoestado.com\/danielmatos\/wp-json\/wp\/v2\/users\/2"}],"replies":[{"embeddable":true,"href":"https:\/\/www.blogsoestado.com\/danielmatos\/wp-json\/wp\/v2\/comments?post=157567"}],"version-history":[{"count":1,"href":"https:\/\/www.blogsoestado.com\/danielmatos\/wp-json\/wp\/v2\/posts\/157567\/revisions"}],"predecessor-version":[{"id":157572,"href":"https:\/\/www.blogsoestado.com\/danielmatos\/wp-json\/wp\/v2\/posts\/157567\/revisions\/157572"}],"wp:attachment":[{"href":"https:\/\/www.blogsoestado.com\/danielmatos\/wp-json\/wp\/v2\/media?parent=157567"}],"wp:term":[{"taxonomy":"category","embeddable":true,"href":"https:\/\/www.blogsoestado.com\/danielmatos\/wp-json\/wp\/v2\/categories?post=157567"},{"taxonomy":"post_tag","embeddable":true,"href":"https:\/\/www.blogsoestado.com\/danielmatos\/wp-json\/wp\/v2\/tags?post=157567"}],"curies":[{"name":"wp","href":"https:\/\/api.w.org\/{rel}","templated":true}]}}