{"id":157573,"date":"2026-05-01T14:44:00","date_gmt":"2026-05-01T17:44:00","guid":{"rendered":"https:\/\/www.blogsoestado.com\/danielmatos\/?p=157573"},"modified":"2026-05-01T14:44:02","modified_gmt":"2026-05-01T17:44:02","slug":"em-ato-com-marcelo-poeta-e-apoiadores-orleans-brandao-assume-compromisso-de-melhorar-o-transporte-e-esporte-na-regiao-do-grande-anil","status":"publish","type":"post","link":"https:\/\/www.blogsoestado.com\/danielmatos\/em-ato-com-marcelo-poeta-e-apoiadores-orleans-brandao-assume-compromisso-de-melhorar-o-transporte-e-esporte-na-regiao-do-grande-anil\/","title":{"rendered":"Em ato com Marcelo Poeta e apoiadores, Orleans Brand\u00e3o assume compromisso de melhorar o transporte e esporte na regi\u00e3o do Grande Anil"},"content":{"rendered":"\n<figure class=\"wp-block-image aligncenter size-large\"><img fetchpriority=\"high\" decoding=\"async\" width=\"1024\" height=\"683\" src=\"https:\/\/www.blogsoestado.com\/danielmatos\/wp-content\/uploads\/sites\/2\/2026\/05\/1005525184-1024x683.jpg\" alt=\"\" class=\"wp-image-157575\" srcset=\"https:\/\/www.blogsoestado.com\/danielmatos\/wp-content\/uploads\/sites\/2\/2026\/05\/1005525184-1024x683.jpg 1024w, https:\/\/www.blogsoestado.com\/danielmatos\/wp-content\/uploads\/sites\/2\/2026\/05\/1005525184-300x200.jpg 300w, https:\/\/www.blogsoestado.com\/danielmatos\/wp-content\/uploads\/sites\/2\/2026\/05\/1005525184-768x512.jpg 768w, https:\/\/www.blogsoestado.com\/danielmatos\/wp-content\/uploads\/sites\/2\/2026\/05\/1005525184-1536x1024.jpg 1536w, https:\/\/www.blogsoestado.com\/danielmatos\/wp-content\/uploads\/sites\/2\/2026\/05\/1005525184-2048x1366.jpg 2048w\" sizes=\"(max-width: 1024px) 100vw, 1024px\" \/><\/figure>\n\n\n\n<p>Em franca expans\u00e3o de sua base de apoio na capital maranhense, o pr\u00e9-candidato ao Governo do Maranh\u00e3o, Orleans Brand\u00e3o, segue ampliando de forma consistente o n\u00famero de ades\u00f5es ao seu projeto pol\u00edtico em S\u00e3o Lu\u00eds, demonstrando crescente capilaridade pol\u00edtica em diversas regi\u00f5es da Ilha.<\/p>\n\n\n\n<p>Nesta quinta-feira (30), ele participou de mais uma reuni\u00e3o com expressiva participa\u00e7\u00e3o popular, desta vez com o vereador Marcelo Poeta e apoiadores, na sede do Botafogo, fortalecendo sua pr\u00e9-candidatura na regi\u00e3o do Grande Anil.<\/p>\n\n\n\n<p>Na ocasi\u00e3o, os moradores puderam fazer perguntas a Orleans, que agradeceu pelo momento de escuta e di\u00e1logo diretamente com as comunidades do Grande Anil para compreender as principais demandas da regi\u00e3o. Segundo ele, \u00e1reas essenciais como transporte, infraestrutura urbana e esporte precisam de aten\u00e7\u00e3o urgente, j\u00e1 que foram apontadas pelos pr\u00f3prios moradores como prec\u00e1rias.<\/p>\n\n\n\n<figure class=\"wp-block-image aligncenter size-large\"><img decoding=\"async\" width=\"1024\" height=\"683\" src=\"https:\/\/www.blogsoestado.com\/danielmatos\/wp-content\/uploads\/sites\/2\/2026\/05\/1005525182-1024x683.jpg\" alt=\"\" class=\"wp-image-157574\" srcset=\"https:\/\/www.blogsoestado.com\/danielmatos\/wp-content\/uploads\/sites\/2\/2026\/05\/1005525182-1024x683.jpg 1024w, https:\/\/www.blogsoestado.com\/danielmatos\/wp-content\/uploads\/sites\/2\/2026\/05\/1005525182-300x200.jpg 300w, https:\/\/www.blogsoestado.com\/danielmatos\/wp-content\/uploads\/sites\/2\/2026\/05\/1005525182-768x512.jpg 768w, https:\/\/www.blogsoestado.com\/danielmatos\/wp-content\/uploads\/sites\/2\/2026\/05\/1005525182-1536x1024.jpg 1536w, https:\/\/www.blogsoestado.com\/danielmatos\/wp-content\/uploads\/sites\/2\/2026\/05\/1005525182-2048x1366.jpg 2048w\" sizes=\"(max-width: 1024px) 100vw, 1024px\" \/><\/figure>\n\n\n\n<p>\u201cAssumo aqui compromissos muito claros com a regi\u00e3o do Grande Anil, principalmente no que diz respeito ao transporte p\u00fablico, ao sistema de drenagem e ao incentivo ao esporte. Sabemos que o transporte \u00e9 uma responsabilidade do munic\u00edpio, mas isso n\u00e3o impede que possamos buscar parcerias, como j\u00e1 foi feito com outros munic\u00edpios da Regi\u00e3o Metropolitana de S\u00e3o Lu\u00eds, para melhorar esse servi\u00e7o t\u00e3o essencial. Al\u00e9m disso, \u00e9 imposs\u00edvel ignorar a situa\u00e7\u00e3o do esporte no bairro do Anil. O que j\u00e1 foi um verdadeiro celeiro de grandes talentos, hoje se encontra totalmente desassistido. E isso precisa mudar&#8221;, assegurou.<\/p>\n\n\n\n<p>O vereador Marcelo Poeta, reconhecido por sua atua\u00e7\u00e3o firme nas comunidades, desempenha importante papel no fortalecimento da pr\u00e9-candidatura de Orleans Brand\u00e3o naquela \u00e1rea. Com grande capacidade de mobiliza\u00e7\u00e3o e forte conex\u00e3o com a popula\u00e7\u00e3o de S\u00e3o Lu\u00eds, ele se destaca como uma das principais lideran\u00e7as nesse processo.<\/p>\n\n\n\n<p>\u201cHoje reunimos nosso grupo para mostrar nosso apoio \u00e0 pr\u00e9-candidatura de Orleans, pois vemos nele uma esperan\u00e7a de termos algu\u00e9m que realmente olhe para a nossa S\u00e3o Lu\u00eds, que enxergue tanto a \u00e1rvore quanto a floresta. Sabemos que ele \u00e9 um jovem realmente comprometido e vai fazer acontecer\u201d, disse. Poeta.<\/p>\n\n\n\n<figure class=\"wp-block-image aligncenter size-large\"><img decoding=\"async\" width=\"1024\" height=\"683\" src=\"https:\/\/www.blogsoestado.com\/danielmatos\/wp-content\/uploads\/sites\/2\/2026\/05\/1005525183-1024x683.jpg\" alt=\"\" class=\"wp-image-157576\" srcset=\"https:\/\/www.blogsoestado.com\/danielmatos\/wp-content\/uploads\/sites\/2\/2026\/05\/1005525183-1024x683.jpg 1024w, https:\/\/www.blogsoestado.com\/danielmatos\/wp-content\/uploads\/sites\/2\/2026\/05\/1005525183-300x200.jpg 300w, https:\/\/www.blogsoestado.com\/danielmatos\/wp-content\/uploads\/sites\/2\/2026\/05\/1005525183-768x512.jpg 768w, https:\/\/www.blogsoestado.com\/danielmatos\/wp-content\/uploads\/sites\/2\/2026\/05\/1005525183-1536x1024.jpg 1536w, https:\/\/www.blogsoestado.com\/danielmatos\/wp-content\/uploads\/sites\/2\/2026\/05\/1005525183-2048x1366.jpg 2048w\" sizes=\"(max-width: 1024px) 100vw, 1024px\" \/><\/figure>\n\n\n\n<p>Com presen\u00e7a constante nos bairros e comunidades da zona rural de S\u00e3o Luis, Orleans avan\u00e7a e consolida apoios a seu projeto pol\u00edtico em redutos fundamentais da cidade. Apoios como o do casal Raimundo Neto e M\u00e1rcia Cristina, moradores do Aurora\/Anil, que relataram no evento problemas de infraestrutura e car\u00eancia de \u00e1reas para a pr\u00e1tica esportiva em seu bairro.<\/p>\n\n\n\n<p>&#8220;Confiamos que Orleans dar\u00e1 a aten\u00e7\u00e3o que merecemos. Temos tantos terrenos baldios em nossa area, que poderiam ser utilizados para espa\u00e7os de esporte, mas, apesar das nossas reivindica\u00e7\u00f5es ao munic\u00edpio, nunca tivemos aten\u00e7\u00e3o devida&#8221;, disse Neto.<\/p>\n","protected":false},"excerpt":{"rendered":"<p>Em franca expans\u00e3o de sua base de apoio na capital maranhense, o pr\u00e9-candidato ao Governo do Maranh\u00e3o, Orleans Brand\u00e3o, segue [&hellip;]<\/p>\n","protected":false},"author":2,"featured_media":0,"comment_status":"open","ping_status":"open","sticky":false,"template":"","format":"standard","meta":{"site-sidebar-layout":"default","site-content-layout":"","ast-site-content-layout":"default","site-content-style":"default","site-sidebar-style":"default","ast-global-header-display":"","ast-banner-title-visibility":"","ast-main-header-display":"","ast-hfb-above-header-display":"","ast-hfb-below-header-display":"","ast-hfb-mobile-header-display":"","site-post-title":"","ast-breadcrumbs-content":"","ast-featured-img":"","footer-sml-layout":"","ast-disable-related-posts":"","theme-transparent-header-meta":"","adv-header-id-meta":"","stick-header-meta":"","header-above-stick-meta":"","header-main-stick-meta":"","header-below-stick-meta":"","astra-migrate-meta-layouts":"default","ast-page-background-enabled":"default","ast-page-background-meta":{"desktop":{"background-color":"var(--ast-global-color-5)","background-image":"","background-repeat":"repeat","background-position":"center center","background-size":"auto","background-attachment":"scroll","background-type":"","background-media":"","overlay-type":"","overlay-color":"","overlay-opacity":"","overlay-gradient":""},"tablet":{"background-color":"","background-image":"","background-repeat":"repeat","background-position":"center center","background-size":"auto","background-attachment":"scroll","background-type":"","background-media":"","overlay-type":"","overlay-color":"","overlay-opacity":"","overlay-gradient":""},"mobile":{"background-color":"","background-image":"","background-repeat":"repeat","background-position":"center center","background-size":"auto","background-attachment":"scroll","background-type":"","background-media":"","overlay-type":"","overlay-color":"","overlay-opacity":"","overlay-gradient":""}},"ast-content-background-meta":{"desktop":{"background-color":"var(--ast-global-color-4)","background-image":"","background-repeat":"repeat","background-position":"center center","background-size":"auto","background-attachment":"scroll","background-type":"","background-media":"","overlay-type":"","overlay-color":"","overlay-opacity":"","overlay-gradient":""},"tablet":{"background-color":"var(--ast-global-color-4)","background-image":"","background-repeat":"repeat","background-position":"center center","background-size":"auto","background-attachment":"scroll","background-type":"","background-media":"","overlay-type":"","overlay-color":"","overlay-opacity":"","overlay-gradient":""},"mobile":{"background-color":"var(--ast-global-color-4)","background-image":"","background-repeat":"repeat","background-position":"center center","background-size":"auto","background-attachment":"scroll","background-type":"","background-media":"","overlay-type":"","overlay-color":"","overlay-opacity":"","overlay-gradient":""}},"footnotes":""},"categories":[1],"tags":[],"class_list":["post-157573","post","type-post","status-publish","format-standard","hentry","category-sem-categoria"],"yoast_head":"<!-- This site is optimized with the Yoast SEO plugin v26.6 - https:\/\/yoast.com\/wordpress\/plugins\/seo\/ -->\n<title>Em ato com Marcelo Poeta e apoiadores, Orleans Brand\u00e3o assume compromisso de melhorar o transporte e esporte na regi\u00e3o do Grande Anil - Daniel Matos<\/title>\n<meta name=\"robots\" content=\"index, follow, max-snippet:-1, max-image-preview:large, max-video-preview:-1\" \/>\n<link rel=\"canonical\" href=\"https:\/\/www.blogsoestado.com\/danielmatos\/em-ato-com-marcelo-poeta-e-apoiadores-orleans-brandao-assume-compromisso-de-melhorar-o-transporte-e-esporte-na-regiao-do-grande-anil\/\" \/>\n<meta property=\"og:locale\" content=\"pt_BR\" \/>\n<meta property=\"og:type\" content=\"article\" \/>\n<meta property=\"og:title\" content=\"Em ato com Marcelo Poeta e apoiadores, Orleans Brand\u00e3o assume compromisso de melhorar o transporte e esporte na regi\u00e3o do Grande Anil - Daniel Matos\" \/>\n<meta property=\"og:description\" content=\"Em franca expans\u00e3o de sua base de apoio na capital maranhense, o pr\u00e9-candidato ao Governo do Maranh\u00e3o, Orleans Brand\u00e3o, segue [&hellip;]\" \/>\n<meta property=\"og:url\" content=\"https:\/\/www.blogsoestado.com\/danielmatos\/em-ato-com-marcelo-poeta-e-apoiadores-orleans-brandao-assume-compromisso-de-melhorar-o-transporte-e-esporte-na-regiao-do-grande-anil\/\" \/>\n<meta property=\"og:site_name\" content=\"Daniel Matos\" \/>\n<meta property=\"article:published_time\" content=\"2026-05-01T17:44:00+00:00\" \/>\n<meta property=\"article:modified_time\" content=\"2026-05-01T17:44:02+00:00\" \/>\n<meta property=\"og:image\" content=\"https:\/\/www.blogsoestado.com\/danielmatos\/wp-content\/uploads\/sites\/2\/2026\/05\/1005525184.jpg\" \/>\n\t<meta property=\"og:image:width\" content=\"2560\" \/>\n\t<meta property=\"og:image:height\" content=\"1707\" \/>\n\t<meta property=\"og:image:type\" content=\"image\/jpeg\" \/>\n<meta name=\"author\" content=\"Daniel Matos\" \/>\n<meta name=\"twitter:card\" content=\"summary_large_image\" \/>\n<meta name=\"twitter:label1\" content=\"Escrito por\" \/>\n\t<meta name=\"twitter:data1\" content=\"Daniel Matos\" \/>\n\t<meta name=\"twitter:label2\" content=\"Est. tempo de leitura\" \/>\n\t<meta name=\"twitter:data2\" content=\"3 minutos\" \/>\n<script type=\"application\/ld+json\" class=\"yoast-schema-graph\">{\"@context\":\"https:\/\/schema.org\",\"@graph\":[{\"@type\":\"WebPage\",\"@id\":\"https:\/\/www.blogsoestado.com\/danielmatos\/em-ato-com-marcelo-poeta-e-apoiadores-orleans-brandao-assume-compromisso-de-melhorar-o-transporte-e-esporte-na-regiao-do-grande-anil\/\",\"url\":\"https:\/\/www.blogsoestado.com\/danielmatos\/em-ato-com-marcelo-poeta-e-apoiadores-orleans-brandao-assume-compromisso-de-melhorar-o-transporte-e-esporte-na-regiao-do-grande-anil\/\",\"name\":\"Em ato com Marcelo Poeta e apoiadores, Orleans Brand\u00e3o assume compromisso de melhorar o transporte e esporte na regi\u00e3o do Grande Anil - Daniel Matos\",\"isPartOf\":{\"@id\":\"https:\/\/www.blogsoestado.com\/danielmatos\/#website\"},\"primaryImageOfPage\":{\"@id\":\"https:\/\/www.blogsoestado.com\/danielmatos\/em-ato-com-marcelo-poeta-e-apoiadores-orleans-brandao-assume-compromisso-de-melhorar-o-transporte-e-esporte-na-regiao-do-grande-anil\/#primaryimage\"},\"image\":{\"@id\":\"https:\/\/www.blogsoestado.com\/danielmatos\/em-ato-com-marcelo-poeta-e-apoiadores-orleans-brandao-assume-compromisso-de-melhorar-o-transporte-e-esporte-na-regiao-do-grande-anil\/#primaryimage\"},\"thumbnailUrl\":\"https:\/\/www.blogsoestado.com\/danielmatos\/wp-content\/uploads\/sites\/2\/2026\/05\/1005525184-1024x683.jpg\",\"datePublished\":\"2026-05-01T17:44:00+00:00\",\"dateModified\":\"2026-05-01T17:44:02+00:00\",\"author\":{\"@id\":\"https:\/\/www.blogsoestado.com\/danielmatos\/#\/schema\/person\/9a209d407cd45631f131e1285b661bb0\"},\"breadcrumb\":{\"@id\":\"https:\/\/www.blogsoestado.com\/danielmatos\/em-ato-com-marcelo-poeta-e-apoiadores-orleans-brandao-assume-compromisso-de-melhorar-o-transporte-e-esporte-na-regiao-do-grande-anil\/#breadcrumb\"},\"inLanguage\":\"pt-BR\",\"potentialAction\":[{\"@type\":\"ReadAction\",\"target\":[\"https:\/\/www.blogsoestado.com\/danielmatos\/em-ato-com-marcelo-poeta-e-apoiadores-orleans-brandao-assume-compromisso-de-melhorar-o-transporte-e-esporte-na-regiao-do-grande-anil\/\"]}]},{\"@type\":\"ImageObject\",\"inLanguage\":\"pt-BR\",\"@id\":\"https:\/\/www.blogsoestado.com\/danielmatos\/em-ato-com-marcelo-poeta-e-apoiadores-orleans-brandao-assume-compromisso-de-melhorar-o-transporte-e-esporte-na-regiao-do-grande-anil\/#primaryimage\",\"url\":\"https:\/\/www.blogsoestado.com\/danielmatos\/wp-content\/uploads\/sites\/2\/2026\/05\/1005525184.jpg\",\"contentUrl\":\"https:\/\/www.blogsoestado.com\/danielmatos\/wp-content\/uploads\/sites\/2\/2026\/05\/1005525184.jpg\",\"width\":2560,\"height\":1707},{\"@type\":\"BreadcrumbList\",\"@id\":\"https:\/\/www.blogsoestado.com\/danielmatos\/em-ato-com-marcelo-poeta-e-apoiadores-orleans-brandao-assume-compromisso-de-melhorar-o-transporte-e-esporte-na-regiao-do-grande-anil\/#breadcrumb\",\"itemListElement\":[{\"@type\":\"ListItem\",\"position\":1,\"name\":\"In\u00edcio\",\"item\":\"https:\/\/www.blogsoestado.com\/danielmatos\/\"},{\"@type\":\"ListItem\",\"position\":2,\"name\":\"Em ato com Marcelo Poeta e apoiadores, Orleans Brand\u00e3o assume compromisso de melhorar o transporte e esporte na regi\u00e3o do Grande Anil\"}]},{\"@type\":\"WebSite\",\"@id\":\"https:\/\/www.blogsoestado.com\/danielmatos\/#website\",\"url\":\"https:\/\/www.blogsoestado.com\/danielmatos\/\",\"name\":\"Daniel Matos\",\"description\":\"\",\"potentialAction\":[{\"@type\":\"SearchAction\",\"target\":{\"@type\":\"EntryPoint\",\"urlTemplate\":\"https:\/\/www.blogsoestado.com\/danielmatos\/?s={search_term_string}\"},\"query-input\":{\"@type\":\"PropertyValueSpecification\",\"valueRequired\":true,\"valueName\":\"search_term_string\"}}],\"inLanguage\":\"pt-BR\"},{\"@type\":\"Person\",\"@id\":\"https:\/\/www.blogsoestado.com\/danielmatos\/#\/schema\/person\/9a209d407cd45631f131e1285b661bb0\",\"name\":\"Daniel Matos\",\"image\":{\"@type\":\"ImageObject\",\"inLanguage\":\"pt-BR\",\"@id\":\"https:\/\/www.blogsoestado.com\/danielmatos\/#\/schema\/person\/image\/\",\"url\":\"https:\/\/secure.gravatar.com\/avatar\/2f26c36ee355da19a257f0dfef43952a2588b324ca35d6719e859fe338ac0392?s=96&d=mm&r=g\",\"contentUrl\":\"https:\/\/secure.gravatar.com\/avatar\/2f26c36ee355da19a257f0dfef43952a2588b324ca35d6719e859fe338ac0392?s=96&d=mm&r=g\",\"caption\":\"Daniel Matos\"},\"url\":\"https:\/\/www.blogsoestado.com\/danielmatos\/author\/danielmatos\/\"}]}<\/script>\n<!-- \/ Yoast SEO plugin. -->","yoast_head_json":{"title":"Em ato com Marcelo Poeta e apoiadores, Orleans Brand\u00e3o assume compromisso de melhorar o transporte e esporte na regi\u00e3o do Grande Anil - Daniel Matos","robots":{"index":"index","follow":"follow","max-snippet":"max-snippet:-1","max-image-preview":"max-image-preview:large","max-video-preview":"max-video-preview:-1"},"canonical":"https:\/\/www.blogsoestado.com\/danielmatos\/em-ato-com-marcelo-poeta-e-apoiadores-orleans-brandao-assume-compromisso-de-melhorar-o-transporte-e-esporte-na-regiao-do-grande-anil\/","og_locale":"pt_BR","og_type":"article","og_title":"Em ato com Marcelo Poeta e apoiadores, Orleans Brand\u00e3o assume compromisso de melhorar o transporte e esporte na regi\u00e3o do Grande Anil - Daniel Matos","og_description":"Em franca expans\u00e3o de sua base de apoio na capital maranhense, o pr\u00e9-candidato ao Governo do Maranh\u00e3o, Orleans Brand\u00e3o, segue [&hellip;]","og_url":"https:\/\/www.blogsoestado.com\/danielmatos\/em-ato-com-marcelo-poeta-e-apoiadores-orleans-brandao-assume-compromisso-de-melhorar-o-transporte-e-esporte-na-regiao-do-grande-anil\/","og_site_name":"Daniel Matos","article_published_time":"2026-05-01T17:44:00+00:00","article_modified_time":"2026-05-01T17:44:02+00:00","og_image":[{"width":2560,"height":1707,"url":"https:\/\/www.blogsoestado.com\/danielmatos\/wp-content\/uploads\/sites\/2\/2026\/05\/1005525184.jpg","type":"image\/jpeg"}],"author":"Daniel Matos","twitter_card":"summary_large_image","twitter_misc":{"Escrito por":"Daniel Matos","Est. tempo de leitura":"3 minutos"},"schema":{"@context":"https:\/\/schema.org","@graph":[{"@type":"WebPage","@id":"https:\/\/www.blogsoestado.com\/danielmatos\/em-ato-com-marcelo-poeta-e-apoiadores-orleans-brandao-assume-compromisso-de-melhorar-o-transporte-e-esporte-na-regiao-do-grande-anil\/","url":"https:\/\/www.blogsoestado.com\/danielmatos\/em-ato-com-marcelo-poeta-e-apoiadores-orleans-brandao-assume-compromisso-de-melhorar-o-transporte-e-esporte-na-regiao-do-grande-anil\/","name":"Em ato com Marcelo Poeta e apoiadores, Orleans Brand\u00e3o assume compromisso de melhorar o transporte e esporte na regi\u00e3o do Grande Anil - Daniel Matos","isPartOf":{"@id":"https:\/\/www.blogsoestado.com\/danielmatos\/#website"},"primaryImageOfPage":{"@id":"https:\/\/www.blogsoestado.com\/danielmatos\/em-ato-com-marcelo-poeta-e-apoiadores-orleans-brandao-assume-compromisso-de-melhorar-o-transporte-e-esporte-na-regiao-do-grande-anil\/#primaryimage"},"image":{"@id":"https:\/\/www.blogsoestado.com\/danielmatos\/em-ato-com-marcelo-poeta-e-apoiadores-orleans-brandao-assume-compromisso-de-melhorar-o-transporte-e-esporte-na-regiao-do-grande-anil\/#primaryimage"},"thumbnailUrl":"https:\/\/www.blogsoestado.com\/danielmatos\/wp-content\/uploads\/sites\/2\/2026\/05\/1005525184-1024x683.jpg","datePublished":"2026-05-01T17:44:00+00:00","dateModified":"2026-05-01T17:44:02+00:00","author":{"@id":"https:\/\/www.blogsoestado.com\/danielmatos\/#\/schema\/person\/9a209d407cd45631f131e1285b661bb0"},"breadcrumb":{"@id":"https:\/\/www.blogsoestado.com\/danielmatos\/em-ato-com-marcelo-poeta-e-apoiadores-orleans-brandao-assume-compromisso-de-melhorar-o-transporte-e-esporte-na-regiao-do-grande-anil\/#breadcrumb"},"inLanguage":"pt-BR","potentialAction":[{"@type":"ReadAction","target":["https:\/\/www.blogsoestado.com\/danielmatos\/em-ato-com-marcelo-poeta-e-apoiadores-orleans-brandao-assume-compromisso-de-melhorar-o-transporte-e-esporte-na-regiao-do-grande-anil\/"]}]},{"@type":"ImageObject","inLanguage":"pt-BR","@id":"https:\/\/www.blogsoestado.com\/danielmatos\/em-ato-com-marcelo-poeta-e-apoiadores-orleans-brandao-assume-compromisso-de-melhorar-o-transporte-e-esporte-na-regiao-do-grande-anil\/#primaryimage","url":"https:\/\/www.blogsoestado.com\/danielmatos\/wp-content\/uploads\/sites\/2\/2026\/05\/1005525184.jpg","contentUrl":"https:\/\/www.blogsoestado.com\/danielmatos\/wp-content\/uploads\/sites\/2\/2026\/05\/1005525184.jpg","width":2560,"height":1707},{"@type":"BreadcrumbList","@id":"https:\/\/www.blogsoestado.com\/danielmatos\/em-ato-com-marcelo-poeta-e-apoiadores-orleans-brandao-assume-compromisso-de-melhorar-o-transporte-e-esporte-na-regiao-do-grande-anil\/#breadcrumb","itemListElement":[{"@type":"ListItem","position":1,"name":"In\u00edcio","item":"https:\/\/www.blogsoestado.com\/danielmatos\/"},{"@type":"ListItem","position":2,"name":"Em ato com Marcelo Poeta e apoiadores, Orleans Brand\u00e3o assume compromisso de melhorar o transporte e esporte na regi\u00e3o do Grande Anil"}]},{"@type":"WebSite","@id":"https:\/\/www.blogsoestado.com\/danielmatos\/#website","url":"https:\/\/www.blogsoestado.com\/danielmatos\/","name":"Daniel Matos","description":"","potentialAction":[{"@type":"SearchAction","target":{"@type":"EntryPoint","urlTemplate":"https:\/\/www.blogsoestado.com\/danielmatos\/?s={search_term_string}"},"query-input":{"@type":"PropertyValueSpecification","valueRequired":true,"valueName":"search_term_string"}}],"inLanguage":"pt-BR"},{"@type":"Person","@id":"https:\/\/www.blogsoestado.com\/danielmatos\/#\/schema\/person\/9a209d407cd45631f131e1285b661bb0","name":"Daniel Matos","image":{"@type":"ImageObject","inLanguage":"pt-BR","@id":"https:\/\/www.blogsoestado.com\/danielmatos\/#\/schema\/person\/image\/","url":"https:\/\/secure.gravatar.com\/avatar\/2f26c36ee355da19a257f0dfef43952a2588b324ca35d6719e859fe338ac0392?s=96&d=mm&r=g","contentUrl":"https:\/\/secure.gravatar.com\/avatar\/2f26c36ee355da19a257f0dfef43952a2588b324ca35d6719e859fe338ac0392?s=96&d=mm&r=g","caption":"Daniel Matos"},"url":"https:\/\/www.blogsoestado.com\/danielmatos\/author\/danielmatos\/"}]}},"jetpack_featured_media_url":"","_links":{"self":[{"href":"https:\/\/www.blogsoestado.com\/danielmatos\/wp-json\/wp\/v2\/posts\/157573","targetHints":{"allow":["GET"]}}],"collection":[{"href":"https:\/\/www.blogsoestado.com\/danielmatos\/wp-json\/wp\/v2\/posts"}],"about":[{"href":"https:\/\/www.blogsoestado.com\/danielmatos\/wp-json\/wp\/v2\/types\/post"}],"author":[{"embeddable":true,"href":"https:\/\/www.blogsoestado.com\/danielmatos\/wp-json\/wp\/v2\/users\/2"}],"replies":[{"embeddable":true,"href":"https:\/\/www.blogsoestado.com\/danielmatos\/wp-json\/wp\/v2\/comments?post=157573"}],"version-history":[{"count":1,"href":"https:\/\/www.blogsoestado.com\/danielmatos\/wp-json\/wp\/v2\/posts\/157573\/revisions"}],"predecessor-version":[{"id":157577,"href":"https:\/\/www.blogsoestado.com\/danielmatos\/wp-json\/wp\/v2\/posts\/157573\/revisions\/157577"}],"wp:attachment":[{"href":"https:\/\/www.blogsoestado.com\/danielmatos\/wp-json\/wp\/v2\/media?parent=157573"}],"wp:term":[{"taxonomy":"category","embeddable":true,"href":"https:\/\/www.blogsoestado.com\/danielmatos\/wp-json\/wp\/v2\/categories?post=157573"},{"taxonomy":"post_tag","embeddable":true,"href":"https:\/\/www.blogsoestado.com\/danielmatos\/wp-json\/wp\/v2\/tags?post=157573"}],"curies":[{"name":"wp","href":"https:\/\/api.w.org\/{rel}","templated":true}]}}