{"id":157619,"date":"2026-05-03T11:22:37","date_gmt":"2026-05-03T14:22:37","guid":{"rendered":"https:\/\/www.blogsoestado.com\/danielmatos\/?p=157619"},"modified":"2026-05-03T11:22:39","modified_gmt":"2026-05-03T14:22:39","slug":"a-historia-do-chef-maranhense-rafael-bruno-amor-ao-trabalho-e-o-sonho-de-levar-o-maranhao-ao-mundo","status":"publish","type":"post","link":"https:\/\/www.blogsoestado.com\/danielmatos\/a-historia-do-chef-maranhense-rafael-bruno-amor-ao-trabalho-e-o-sonho-de-levar-o-maranhao-ao-mundo\/","title":{"rendered":"A hist\u00f3ria do Chef maranhense Rafael Bruno: amor ao trabalho e o sonho de levar o Maranh\u00e3o ao mundo"},"content":{"rendered":"\n<p><strong><mark style=\"color:#cf2e2e\" class=\"has-inline-color\">Ele \u00e9 finalista da etapa nacional do ICC, considerado a \u201cCopa do Mundo dos Chefs\u201d<\/mark><\/strong><\/p>\n\n\n\n<figure class=\"wp-block-image aligncenter size-large\"><img fetchpriority=\"high\" decoding=\"async\" width=\"718\" height=\"1024\" src=\"https:\/\/www.blogsoestado.com\/danielmatos\/wp-content\/uploads\/sites\/2\/2026\/05\/1005539692-718x1024.jpg\" alt=\"\" class=\"wp-image-157620\" srcset=\"https:\/\/www.blogsoestado.com\/danielmatos\/wp-content\/uploads\/sites\/2\/2026\/05\/1005539692-718x1024.jpg 718w, https:\/\/www.blogsoestado.com\/danielmatos\/wp-content\/uploads\/sites\/2\/2026\/05\/1005539692-210x300.jpg 210w, https:\/\/www.blogsoestado.com\/danielmatos\/wp-content\/uploads\/sites\/2\/2026\/05\/1005539692-768x1096.jpg 768w, https:\/\/www.blogsoestado.com\/danielmatos\/wp-content\/uploads\/sites\/2\/2026\/05\/1005539692.jpg 897w\" sizes=\"(max-width: 718px) 100vw, 718px\" \/><figcaption class=\"wp-element-caption\">Os Chefs Rafael Bruno e Marcelo Rios, s\u00f3cios na rede de restaurantes Ponto X. Rafael est\u00e1 na final do concurso internacional de Chefs, o ICC<\/figcaption><\/figure>\n\n\n\n<p>Rafael Bruno nasceu em Imperatriz, sul do Maranh\u00e3o, estudou gastronomia e sonhava em montar seu pr\u00f3prio restaurante com o parceiro e s\u00f3cio Marcelo Rios, que tamb\u00e9m \u00e9 Chef e com o qual deu os primeiros passos na cozinha.<\/p>\n\n\n\n<p>Jovens e sonhadores, os dois tinham talento de sobra, mas faltava capital suficiente parar montar um neg\u00f3cio em S\u00e3o Lu\u00eds. Foram passar um final de semana em Pedreiras (MA) para visitar uma amiga e acabaram ficando e construindo e uma hist\u00f3ria de empreendedorismo e muito sucesso.<\/p>\n\n\n\n<p>Tudo come\u00e7ou h\u00e1 23 anos (2003) quando decidiram abrir seu neg\u00f3cio em um ponto comercial de Pedreiras que estava fechado. Al\u00e9m do endere\u00e7o, eles herdaram o nome e abriram o restaurante Ponto X, superando limita\u00e7\u00f5es e com poucos recursos. O pouco capital que tinham n\u00e3o daria para fazer nada em S\u00e3o Lu\u00eds, mas em Pedreiras, e ajudados pela amiga, conseguiram investir todas as economias e arriscaram tudo no neg\u00f3cio. \u201cEu sempre digo que foi o Ponto X que nos escolheu e n\u00e3o o contr\u00e1rio\u201d diz Rafael Bruno.<\/p>\n\n\n\n<p>Sobre as dificuldades em empreender, ele admite que s\u00e3o muitas, e que n\u00e3o se deve romantizar um neg\u00f3cio. O trabalho, a consist\u00eancia e a busca pela excel\u00eancia devem sempre nortear a gest\u00e3o: \u201cEstar no interior n\u00e3o \u00e9 algo para se vitimizar, mas sim, sobre buscar como novas possibilidades. Enquanto muitos reclamam que no interior n\u00e3o h\u00e1 m\u00e3o de obra qualificada para trabalhar, n\u00f3s no Ponto X optamos por qualificar. Pegamos as pessoas cruas, e as transformamos em grandes profissionais. Na gastronomia n\u00e3o h\u00e1 meio termo nem \u201cmais ou menos\u201d. Ou \u00e9 excelente ou \u00e9 ruim. Nosso cuidado vai desde o atendimento \u00e0 comida, tudo precisa ter excel\u00eancia, \u00e9 assim que qualificamos nossos colaboradores. Pra n\u00f3s, a gastronomia \u00e9 uma ci\u00eancia exata, que re\u00fane t\u00e9cnica + hist\u00f3ria + cultura\u201d revela o Chef.<\/p>\n\n\n\n<p>E com muito afinco, estudo e dedica\u00e7\u00e3o, Marcelo Rios e Rafael Bruno capricharam no sabor do Ponto X e fidelizaram clientes, o que os levou a expandir o neg\u00f3cio. Hoje o Ponto X j\u00e1 tem duas unidades em Pedreiras e uma em Lago da Pedra. Em breve, ter\u00e3o um novo restaurante na cidade de Barreirinhas, visando atender a exigente clientela de turistas dos Len\u00e7\u00f3is Maranhenses. \u201cQueremos levar o melhor da gastronomia maranhense e brasileira ao mundo, e faremos isso a partir de Barreirinhas e dos turistas, que queremos encantar com nosso sabor diferenciado\u201d revela Rafel Bruno.<\/p>\n\n\n\n<p>Mas nem s\u00f3 na cozinha aconteceu a evolu\u00e7\u00e3o de Rafael Bruno. Ele estuda muito, e sempre apoiado pelo s\u00f3cio, evoluiu de cozinheiro intuitivo para um profissional mais completo de Gastronomia, \u00e1rea em que se formou e tamb\u00e9m leciona em faculdades: \u201cQuando eu resolvi me aprofundar na gastronomia e fui para S\u00e3o Paulo, conheci chefes de cozinha e vi a necessidade de buscar mais educa\u00e7\u00e3o. E estudar gastronomia a fundo fez toda a diferen\u00e7a. Voc\u00ea cozinhar com dom \u00e9 muito bom, mas entender a t\u00e9cnica, entender realmente o processo \u00e9 outro n\u00edvel\u201d.<\/p>\n\n\n\n<p>Formado em artes culin\u00e1rias pelo Le Cordon Bleu (RJ), \u00e9 graduado de Tecnologia em Gastronomia, com P\u00f3s \u2013 Gradua\u00e7\u00e3o em Gastronomia e Cozinha Autoral; al\u00e9m de ter especializa\u00e7\u00e3o em Doc\u00eancia do Ensino Superior e Mestrado em Educa\u00e7\u00e3o.<\/p>\n\n\n\n<p><strong>Muito al\u00e9m do Sabor, Gastronomia \u00e9 Cultura<\/strong><\/p>\n\n\n\n<p>\u201cA gastronomia \u00e9 uma ci\u00eancia e tem uma parte hist\u00f3rica, que fala muito da nossa gente, do nosso povo, da nossa cultura, e quando n\u00f3s pensamos em gastronomia, vai muito al\u00e9m das panelas, ela conta a nossa hist\u00f3ria e revela a nossa identidade\u201d. \u00c9 com essa vis\u00e3o diferenciada sobre a gastronomia que Rafael Bruno foi ampliando as atividades profissionais. Para ele, trabalho \u00e9 vida, \u00e9 o que o move. E o que o leva cada vez mais longe.<\/p>\n\n\n\n<p><strong>Visibilidade Nacional e Vit\u00f3rias Importantes<\/strong><\/p>\n\n\n\n<p>A visibilidade nacional como Chef surgiu em 2012 quando Rafael Bruno participou e venceu o concurso &#8220;Melhor PRF do Brasil&#8221; (2012), o que ajudou a refor\u00e7ar sua autoridade e impulsionar a carreira.<\/p>\n\n\n\n<p>\u201cVencer o concurso de \u201cMelhor PRF do Brasil\u201d em 2012 foi um divisor de \u00e1guas, pois ali o Brasil come\u00e7ou a conhecer o Ponto X, e n\u00f3s come\u00e7amos a receber clientes que iam para Pedreiras para conhecer o restaurante\u201d.<\/p>\n\n\n\n<p>Ele foi tamb\u00e9m vencedor do Pr\u00eamio Dolm\u00e3 como melhor chef do Maranh\u00e3o (2018) e melhor chef do Nordeste (2022). Eleito quatro vezes como o melhor PF (prato feito) do Brasil, e eleito pela ABBTur como o Melhor Chef do Turismo no Brasil (2021).<\/p>\n\n\n\n<p><strong>Um Chef Maranhense na final do ICC : Todos na torcida<\/strong><\/p>\n\n\n\n<p>Nesse feriado do Dia do Trabalho (1) Rafael Bruno foi puro foco e concentra\u00e7\u00e3o. Ele est\u00e1 no Rio de Janeiro, participando como \u00fanico maranhense finalista, da etapa decisiva da seletiva nacional do International Catering Cup (ICC), considerada a \u201cCopa do Mundo dos Chefs\u201d.<\/p>\n\n\n\n<p>Ao lado do chef fluminense Jo\u00e3o Vieira (RJ), Rafael Bruno forma uma das quatro duplas finalistas dessa seletiva. A grande final ser\u00e1 nesse domingo (03), uma disputa que vai exigir muito talento, t\u00e9cnica, resist\u00eancia e excel\u00eancia. Promovido pelo Circuito Gourmet Internacional de Chefs, o concurso vai levar o vencedor para o mundial do ICC em Lyon &#8211; templo da alta gastronomia francesa.<\/p>\n\n\n\n<p>A presen\u00e7a de um chef maranhense na final do ICC n\u00e3o \u00e9 apenas in\u00e9dita, mas decisiva, para refor\u00e7ar a qualidade da gastronomia maranhense e do Chef Rafael Bruno como uma estrela em ascens\u00e3o na gastronomia contempor\u00e2nea. Independente do resultado, ele j\u00e1 \u00e9 um vencedor.<\/p>\n\n\n\n<p>\u201cPassa um filme na cabe\u00e7a, de onde eu sa\u00ed, n\u00e9? Do interior do Maranh\u00e3o, onde os sonhos e as possibilidades de vencer parecem \u00e0s vezes limitados. Mas de repente aparecem as oportunidades e a gente precisa estar pronto. E agora, chegar na final desse concurso de n\u00edvel internacional de alto padr\u00e3o dentro da gastronomia \u00e9 algo surreal para mim. S\u00e3o anos de muita batalha e de luta, que valeram super a pena e me trouzeram at\u00e9 aqui\u201d resume Rafael Bruno.<\/p>\n","protected":false},"excerpt":{"rendered":"<p>Ele \u00e9 finalista da etapa nacional do ICC, considerado a \u201cCopa do Mundo dos Chefs\u201d Rafael Bruno nasceu em Imperatriz, [&hellip;]<\/p>\n","protected":false},"author":2,"featured_media":0,"comment_status":"open","ping_status":"open","sticky":false,"template":"","format":"standard","meta":{"site-sidebar-layout":"default","site-content-layout":"","ast-site-content-layout":"default","site-content-style":"default","site-sidebar-style":"default","ast-global-header-display":"","ast-banner-title-visibility":"","ast-main-header-display":"","ast-hfb-above-header-display":"","ast-hfb-below-header-display":"","ast-hfb-mobile-header-display":"","site-post-title":"","ast-breadcrumbs-content":"","ast-featured-img":"","footer-sml-layout":"","ast-disable-related-posts":"","theme-transparent-header-meta":"","adv-header-id-meta":"","stick-header-meta":"","header-above-stick-meta":"","header-main-stick-meta":"","header-below-stick-meta":"","astra-migrate-meta-layouts":"default","ast-page-background-enabled":"default","ast-page-background-meta":{"desktop":{"background-color":"var(--ast-global-color-5)","background-image":"","background-repeat":"repeat","background-position":"center center","background-size":"auto","background-attachment":"scroll","background-type":"","background-media":"","overlay-type":"","overlay-color":"","overlay-opacity":"","overlay-gradient":""},"tablet":{"background-color":"","background-image":"","background-repeat":"repeat","background-position":"center center","background-size":"auto","background-attachment":"scroll","background-type":"","background-media":"","overlay-type":"","overlay-color":"","overlay-opacity":"","overlay-gradient":""},"mobile":{"background-color":"","background-image":"","background-repeat":"repeat","background-position":"center center","background-size":"auto","background-attachment":"scroll","background-type":"","background-media":"","overlay-type":"","overlay-color":"","overlay-opacity":"","overlay-gradient":""}},"ast-content-background-meta":{"desktop":{"background-color":"var(--ast-global-color-4)","background-image":"","background-repeat":"repeat","background-position":"center center","background-size":"auto","background-attachment":"scroll","background-type":"","background-media":"","overlay-type":"","overlay-color":"","overlay-opacity":"","overlay-gradient":""},"tablet":{"background-color":"var(--ast-global-color-4)","background-image":"","background-repeat":"repeat","background-position":"center center","background-size":"auto","background-attachment":"scroll","background-type":"","background-media":"","overlay-type":"","overlay-color":"","overlay-opacity":"","overlay-gradient":""},"mobile":{"background-color":"var(--ast-global-color-4)","background-image":"","background-repeat":"repeat","background-position":"center center","background-size":"auto","background-attachment":"scroll","background-type":"","background-media":"","overlay-type":"","overlay-color":"","overlay-opacity":"","overlay-gradient":""}},"footnotes":""},"categories":[1],"tags":[],"class_list":["post-157619","post","type-post","status-publish","format-standard","hentry","category-sem-categoria"],"yoast_head":"<!-- This site is optimized with the Yoast SEO plugin v26.6 - https:\/\/yoast.com\/wordpress\/plugins\/seo\/ -->\n<title>A hist\u00f3ria do Chef maranhense Rafael Bruno: amor ao trabalho e o sonho de levar o Maranh\u00e3o ao mundo - Daniel Matos<\/title>\n<meta name=\"robots\" content=\"index, follow, max-snippet:-1, max-image-preview:large, max-video-preview:-1\" \/>\n<link rel=\"canonical\" href=\"https:\/\/www.blogsoestado.com\/danielmatos\/a-historia-do-chef-maranhense-rafael-bruno-amor-ao-trabalho-e-o-sonho-de-levar-o-maranhao-ao-mundo\/\" \/>\n<meta property=\"og:locale\" content=\"pt_BR\" \/>\n<meta property=\"og:type\" content=\"article\" \/>\n<meta property=\"og:title\" content=\"A hist\u00f3ria do Chef maranhense Rafael Bruno: amor ao trabalho e o sonho de levar o Maranh\u00e3o ao mundo - Daniel Matos\" \/>\n<meta property=\"og:description\" content=\"Ele \u00e9 finalista da etapa nacional do ICC, considerado a \u201cCopa do Mundo dos Chefs\u201d Rafael Bruno nasceu em Imperatriz, [&hellip;]\" \/>\n<meta property=\"og:url\" content=\"https:\/\/www.blogsoestado.com\/danielmatos\/a-historia-do-chef-maranhense-rafael-bruno-amor-ao-trabalho-e-o-sonho-de-levar-o-maranhao-ao-mundo\/\" \/>\n<meta property=\"og:site_name\" content=\"Daniel Matos\" \/>\n<meta property=\"article:published_time\" content=\"2026-05-03T14:22:37+00:00\" \/>\n<meta property=\"article:modified_time\" content=\"2026-05-03T14:22:39+00:00\" \/>\n<meta property=\"og:image\" content=\"https:\/\/www.blogsoestado.com\/danielmatos\/wp-content\/uploads\/sites\/2\/2026\/05\/1005539692.jpg\" \/>\n\t<meta property=\"og:image:width\" content=\"897\" \/>\n\t<meta property=\"og:image:height\" content=\"1280\" \/>\n\t<meta property=\"og:image:type\" content=\"image\/jpeg\" \/>\n<meta name=\"author\" content=\"Daniel Matos\" \/>\n<meta name=\"twitter:card\" content=\"summary_large_image\" \/>\n<meta name=\"twitter:label1\" content=\"Escrito por\" \/>\n\t<meta name=\"twitter:data1\" content=\"Daniel Matos\" \/>\n\t<meta name=\"twitter:label2\" content=\"Est. tempo de leitura\" \/>\n\t<meta name=\"twitter:data2\" content=\"6 minutos\" \/>\n<script type=\"application\/ld+json\" class=\"yoast-schema-graph\">{\"@context\":\"https:\/\/schema.org\",\"@graph\":[{\"@type\":\"WebPage\",\"@id\":\"https:\/\/www.blogsoestado.com\/danielmatos\/a-historia-do-chef-maranhense-rafael-bruno-amor-ao-trabalho-e-o-sonho-de-levar-o-maranhao-ao-mundo\/\",\"url\":\"https:\/\/www.blogsoestado.com\/danielmatos\/a-historia-do-chef-maranhense-rafael-bruno-amor-ao-trabalho-e-o-sonho-de-levar-o-maranhao-ao-mundo\/\",\"name\":\"A hist\u00f3ria do Chef maranhense Rafael Bruno: amor ao trabalho e o sonho de levar o Maranh\u00e3o ao mundo - Daniel Matos\",\"isPartOf\":{\"@id\":\"https:\/\/www.blogsoestado.com\/danielmatos\/#website\"},\"primaryImageOfPage\":{\"@id\":\"https:\/\/www.blogsoestado.com\/danielmatos\/a-historia-do-chef-maranhense-rafael-bruno-amor-ao-trabalho-e-o-sonho-de-levar-o-maranhao-ao-mundo\/#primaryimage\"},\"image\":{\"@id\":\"https:\/\/www.blogsoestado.com\/danielmatos\/a-historia-do-chef-maranhense-rafael-bruno-amor-ao-trabalho-e-o-sonho-de-levar-o-maranhao-ao-mundo\/#primaryimage\"},\"thumbnailUrl\":\"https:\/\/www.blogsoestado.com\/danielmatos\/wp-content\/uploads\/sites\/2\/2026\/05\/1005539692-718x1024.jpg\",\"datePublished\":\"2026-05-03T14:22:37+00:00\",\"dateModified\":\"2026-05-03T14:22:39+00:00\",\"author\":{\"@id\":\"https:\/\/www.blogsoestado.com\/danielmatos\/#\/schema\/person\/9a209d407cd45631f131e1285b661bb0\"},\"breadcrumb\":{\"@id\":\"https:\/\/www.blogsoestado.com\/danielmatos\/a-historia-do-chef-maranhense-rafael-bruno-amor-ao-trabalho-e-o-sonho-de-levar-o-maranhao-ao-mundo\/#breadcrumb\"},\"inLanguage\":\"pt-BR\",\"potentialAction\":[{\"@type\":\"ReadAction\",\"target\":[\"https:\/\/www.blogsoestado.com\/danielmatos\/a-historia-do-chef-maranhense-rafael-bruno-amor-ao-trabalho-e-o-sonho-de-levar-o-maranhao-ao-mundo\/\"]}]},{\"@type\":\"ImageObject\",\"inLanguage\":\"pt-BR\",\"@id\":\"https:\/\/www.blogsoestado.com\/danielmatos\/a-historia-do-chef-maranhense-rafael-bruno-amor-ao-trabalho-e-o-sonho-de-levar-o-maranhao-ao-mundo\/#primaryimage\",\"url\":\"https:\/\/www.blogsoestado.com\/danielmatos\/wp-content\/uploads\/sites\/2\/2026\/05\/1005539692.jpg\",\"contentUrl\":\"https:\/\/www.blogsoestado.com\/danielmatos\/wp-content\/uploads\/sites\/2\/2026\/05\/1005539692.jpg\",\"width\":897,\"height\":1280},{\"@type\":\"BreadcrumbList\",\"@id\":\"https:\/\/www.blogsoestado.com\/danielmatos\/a-historia-do-chef-maranhense-rafael-bruno-amor-ao-trabalho-e-o-sonho-de-levar-o-maranhao-ao-mundo\/#breadcrumb\",\"itemListElement\":[{\"@type\":\"ListItem\",\"position\":1,\"name\":\"In\u00edcio\",\"item\":\"https:\/\/www.blogsoestado.com\/danielmatos\/\"},{\"@type\":\"ListItem\",\"position\":2,\"name\":\"A hist\u00f3ria do Chef maranhense Rafael Bruno: amor ao trabalho e o sonho de levar o Maranh\u00e3o ao mundo\"}]},{\"@type\":\"WebSite\",\"@id\":\"https:\/\/www.blogsoestado.com\/danielmatos\/#website\",\"url\":\"https:\/\/www.blogsoestado.com\/danielmatos\/\",\"name\":\"Daniel Matos\",\"description\":\"\",\"potentialAction\":[{\"@type\":\"SearchAction\",\"target\":{\"@type\":\"EntryPoint\",\"urlTemplate\":\"https:\/\/www.blogsoestado.com\/danielmatos\/?s={search_term_string}\"},\"query-input\":{\"@type\":\"PropertyValueSpecification\",\"valueRequired\":true,\"valueName\":\"search_term_string\"}}],\"inLanguage\":\"pt-BR\"},{\"@type\":\"Person\",\"@id\":\"https:\/\/www.blogsoestado.com\/danielmatos\/#\/schema\/person\/9a209d407cd45631f131e1285b661bb0\",\"name\":\"Daniel Matos\",\"image\":{\"@type\":\"ImageObject\",\"inLanguage\":\"pt-BR\",\"@id\":\"https:\/\/www.blogsoestado.com\/danielmatos\/#\/schema\/person\/image\/\",\"url\":\"https:\/\/secure.gravatar.com\/avatar\/2f26c36ee355da19a257f0dfef43952a2588b324ca35d6719e859fe338ac0392?s=96&d=mm&r=g\",\"contentUrl\":\"https:\/\/secure.gravatar.com\/avatar\/2f26c36ee355da19a257f0dfef43952a2588b324ca35d6719e859fe338ac0392?s=96&d=mm&r=g\",\"caption\":\"Daniel Matos\"},\"url\":\"https:\/\/www.blogsoestado.com\/danielmatos\/author\/danielmatos\/\"}]}<\/script>\n<!-- \/ Yoast SEO plugin. -->","yoast_head_json":{"title":"A hist\u00f3ria do Chef maranhense Rafael Bruno: amor ao trabalho e o sonho de levar o Maranh\u00e3o ao mundo - Daniel Matos","robots":{"index":"index","follow":"follow","max-snippet":"max-snippet:-1","max-image-preview":"max-image-preview:large","max-video-preview":"max-video-preview:-1"},"canonical":"https:\/\/www.blogsoestado.com\/danielmatos\/a-historia-do-chef-maranhense-rafael-bruno-amor-ao-trabalho-e-o-sonho-de-levar-o-maranhao-ao-mundo\/","og_locale":"pt_BR","og_type":"article","og_title":"A hist\u00f3ria do Chef maranhense Rafael Bruno: amor ao trabalho e o sonho de levar o Maranh\u00e3o ao mundo - Daniel Matos","og_description":"Ele \u00e9 finalista da etapa nacional do ICC, considerado a \u201cCopa do Mundo dos Chefs\u201d Rafael Bruno nasceu em Imperatriz, [&hellip;]","og_url":"https:\/\/www.blogsoestado.com\/danielmatos\/a-historia-do-chef-maranhense-rafael-bruno-amor-ao-trabalho-e-o-sonho-de-levar-o-maranhao-ao-mundo\/","og_site_name":"Daniel Matos","article_published_time":"2026-05-03T14:22:37+00:00","article_modified_time":"2026-05-03T14:22:39+00:00","og_image":[{"width":897,"height":1280,"url":"https:\/\/www.blogsoestado.com\/danielmatos\/wp-content\/uploads\/sites\/2\/2026\/05\/1005539692.jpg","type":"image\/jpeg"}],"author":"Daniel Matos","twitter_card":"summary_large_image","twitter_misc":{"Escrito por":"Daniel Matos","Est. tempo de leitura":"6 minutos"},"schema":{"@context":"https:\/\/schema.org","@graph":[{"@type":"WebPage","@id":"https:\/\/www.blogsoestado.com\/danielmatos\/a-historia-do-chef-maranhense-rafael-bruno-amor-ao-trabalho-e-o-sonho-de-levar-o-maranhao-ao-mundo\/","url":"https:\/\/www.blogsoestado.com\/danielmatos\/a-historia-do-chef-maranhense-rafael-bruno-amor-ao-trabalho-e-o-sonho-de-levar-o-maranhao-ao-mundo\/","name":"A hist\u00f3ria do Chef maranhense Rafael Bruno: amor ao trabalho e o sonho de levar o Maranh\u00e3o ao mundo - Daniel Matos","isPartOf":{"@id":"https:\/\/www.blogsoestado.com\/danielmatos\/#website"},"primaryImageOfPage":{"@id":"https:\/\/www.blogsoestado.com\/danielmatos\/a-historia-do-chef-maranhense-rafael-bruno-amor-ao-trabalho-e-o-sonho-de-levar-o-maranhao-ao-mundo\/#primaryimage"},"image":{"@id":"https:\/\/www.blogsoestado.com\/danielmatos\/a-historia-do-chef-maranhense-rafael-bruno-amor-ao-trabalho-e-o-sonho-de-levar-o-maranhao-ao-mundo\/#primaryimage"},"thumbnailUrl":"https:\/\/www.blogsoestado.com\/danielmatos\/wp-content\/uploads\/sites\/2\/2026\/05\/1005539692-718x1024.jpg","datePublished":"2026-05-03T14:22:37+00:00","dateModified":"2026-05-03T14:22:39+00:00","author":{"@id":"https:\/\/www.blogsoestado.com\/danielmatos\/#\/schema\/person\/9a209d407cd45631f131e1285b661bb0"},"breadcrumb":{"@id":"https:\/\/www.blogsoestado.com\/danielmatos\/a-historia-do-chef-maranhense-rafael-bruno-amor-ao-trabalho-e-o-sonho-de-levar-o-maranhao-ao-mundo\/#breadcrumb"},"inLanguage":"pt-BR","potentialAction":[{"@type":"ReadAction","target":["https:\/\/www.blogsoestado.com\/danielmatos\/a-historia-do-chef-maranhense-rafael-bruno-amor-ao-trabalho-e-o-sonho-de-levar-o-maranhao-ao-mundo\/"]}]},{"@type":"ImageObject","inLanguage":"pt-BR","@id":"https:\/\/www.blogsoestado.com\/danielmatos\/a-historia-do-chef-maranhense-rafael-bruno-amor-ao-trabalho-e-o-sonho-de-levar-o-maranhao-ao-mundo\/#primaryimage","url":"https:\/\/www.blogsoestado.com\/danielmatos\/wp-content\/uploads\/sites\/2\/2026\/05\/1005539692.jpg","contentUrl":"https:\/\/www.blogsoestado.com\/danielmatos\/wp-content\/uploads\/sites\/2\/2026\/05\/1005539692.jpg","width":897,"height":1280},{"@type":"BreadcrumbList","@id":"https:\/\/www.blogsoestado.com\/danielmatos\/a-historia-do-chef-maranhense-rafael-bruno-amor-ao-trabalho-e-o-sonho-de-levar-o-maranhao-ao-mundo\/#breadcrumb","itemListElement":[{"@type":"ListItem","position":1,"name":"In\u00edcio","item":"https:\/\/www.blogsoestado.com\/danielmatos\/"},{"@type":"ListItem","position":2,"name":"A hist\u00f3ria do Chef maranhense Rafael Bruno: amor ao trabalho e o sonho de levar o Maranh\u00e3o ao mundo"}]},{"@type":"WebSite","@id":"https:\/\/www.blogsoestado.com\/danielmatos\/#website","url":"https:\/\/www.blogsoestado.com\/danielmatos\/","name":"Daniel Matos","description":"","potentialAction":[{"@type":"SearchAction","target":{"@type":"EntryPoint","urlTemplate":"https:\/\/www.blogsoestado.com\/danielmatos\/?s={search_term_string}"},"query-input":{"@type":"PropertyValueSpecification","valueRequired":true,"valueName":"search_term_string"}}],"inLanguage":"pt-BR"},{"@type":"Person","@id":"https:\/\/www.blogsoestado.com\/danielmatos\/#\/schema\/person\/9a209d407cd45631f131e1285b661bb0","name":"Daniel Matos","image":{"@type":"ImageObject","inLanguage":"pt-BR","@id":"https:\/\/www.blogsoestado.com\/danielmatos\/#\/schema\/person\/image\/","url":"https:\/\/secure.gravatar.com\/avatar\/2f26c36ee355da19a257f0dfef43952a2588b324ca35d6719e859fe338ac0392?s=96&d=mm&r=g","contentUrl":"https:\/\/secure.gravatar.com\/avatar\/2f26c36ee355da19a257f0dfef43952a2588b324ca35d6719e859fe338ac0392?s=96&d=mm&r=g","caption":"Daniel Matos"},"url":"https:\/\/www.blogsoestado.com\/danielmatos\/author\/danielmatos\/"}]}},"jetpack_featured_media_url":"","_links":{"self":[{"href":"https:\/\/www.blogsoestado.com\/danielmatos\/wp-json\/wp\/v2\/posts\/157619","targetHints":{"allow":["GET"]}}],"collection":[{"href":"https:\/\/www.blogsoestado.com\/danielmatos\/wp-json\/wp\/v2\/posts"}],"about":[{"href":"https:\/\/www.blogsoestado.com\/danielmatos\/wp-json\/wp\/v2\/types\/post"}],"author":[{"embeddable":true,"href":"https:\/\/www.blogsoestado.com\/danielmatos\/wp-json\/wp\/v2\/users\/2"}],"replies":[{"embeddable":true,"href":"https:\/\/www.blogsoestado.com\/danielmatos\/wp-json\/wp\/v2\/comments?post=157619"}],"version-history":[{"count":1,"href":"https:\/\/www.blogsoestado.com\/danielmatos\/wp-json\/wp\/v2\/posts\/157619\/revisions"}],"predecessor-version":[{"id":157621,"href":"https:\/\/www.blogsoestado.com\/danielmatos\/wp-json\/wp\/v2\/posts\/157619\/revisions\/157621"}],"wp:attachment":[{"href":"https:\/\/www.blogsoestado.com\/danielmatos\/wp-json\/wp\/v2\/media?parent=157619"}],"wp:term":[{"taxonomy":"category","embeddable":true,"href":"https:\/\/www.blogsoestado.com\/danielmatos\/wp-json\/wp\/v2\/categories?post=157619"},{"taxonomy":"post_tag","embeddable":true,"href":"https:\/\/www.blogsoestado.com\/danielmatos\/wp-json\/wp\/v2\/tags?post=157619"}],"curies":[{"name":"wp","href":"https:\/\/api.w.org\/{rel}","templated":true}]}}