{"id":1580,"date":"2009-11-13T11:31:56","date_gmt":"2009-11-13T13:31:56","guid":{"rendered":"https:\/\/www.blogsoestado.com\/danielmatos\/?p=1580"},"modified":"2009-11-13T11:31:56","modified_gmt":"2009-11-13T13:31:56","slug":"agentes-de-transito-e-guardas-municipais-vao-parar-dia-19","status":"publish","type":"post","link":"https:\/\/www.blogsoestado.com\/danielmatos\/agentes-de-transito-e-guardas-municipais-vao-parar-dia-19\/","title":{"rendered":"Agentes de tr\u00e2nsito e guardas municipais v\u00e3o parar dia 19"},"content":{"rendered":"<p><img fetchpriority=\"high\" decoding=\"async\" class=\"alignright size-full wp-image-1581\" src=\"https:\/\/www.blogsoestado.com\/danielmatos\/files\/2009\/11\/bra\u00e7os-cruzados.jpg\" alt=\"bra\u00e7os cruzados\" width=\"397\" height=\"450\" \/>Agentes de tr\u00e2nsito da Prefeitura de S\u00e3o Lu\u00eds e guardas municipais decidiram, ontem \u00e0 noite, em assembl\u00e9ia geral, fazer uma paralisa\u00e7\u00e3o de 48 horas, a partir do pr\u00f3ximo dia 19, para pressionar o prefeito Jo\u00e3o Castelo (PSDB) a conceder benef\u00edcios aprovados em requerimento pela C\u00e2mara de Vereadores. A mobiliza\u00e7\u00e3o acontecer\u00e1 dois dias depois de a Secretaria Municipal de Tr\u00e2nsito e Transpostes (SMTT) apresentar investimentos em melhorias no tr\u00e1fego da capital.<\/p>\n<p>As duas categorias cobram do prefeito a concess\u00e3o de vantagens salariais por risco de vida, insalubridade e exerc\u00edcio de atividades de tr\u00e2nsito aprovadas em requerimentos pela C\u00e2mara Municipal. Os profissionais dizem j\u00e1 ter procurado abrir di\u00e1logo com Castelo e reclamam que ele os vem ignorando.<\/p>\n<p>Os manifestantes sair\u00e3o em passeata, \u00e0s 7h, da sede da SMTT, no Ipase, em dire\u00e7\u00e3o \u00e0 Prefeitura. No percurso, far\u00e3o alguns atos com a inten\u00e7\u00e3o de parar o tr\u00e2nsito nas avenidas Daniel de La Touche, dos Franceses, Get\u00falio Vargas e Centro.<\/p>\n","protected":false},"excerpt":{"rendered":"<p>Agentes de tr\u00e2nsito da Prefeitura de S\u00e3o Lu\u00eds e guardas municipais decidiram, ontem \u00e0 noite, em assembl\u00e9ia geral, fazer uma [&hellip;]<\/p>\n","protected":false},"author":0,"featured_media":0,"comment_status":"open","ping_status":"open","sticky":false,"template":"","format":"standard","meta":{"site-sidebar-layout":"default","site-content-layout":"","ast-site-content-layout":"default","site-content-style":"default","site-sidebar-style":"default","ast-global-header-display":"","ast-banner-title-visibility":"","ast-main-header-display":"","ast-hfb-above-header-display":"","ast-hfb-below-header-display":"","ast-hfb-mobile-header-display":"","site-post-title":"","ast-breadcrumbs-content":"","ast-featured-img":"","footer-sml-layout":"","ast-disable-related-posts":"","theme-transparent-header-meta":"","adv-header-id-meta":"","stick-header-meta":"","header-above-stick-meta":"","header-main-stick-meta":"","header-below-stick-meta":"","astra-migrate-meta-layouts":"default","ast-page-background-enabled":"default","ast-page-background-meta":{"desktop":{"background-color":"var(--ast-global-color-5)","background-image":"","background-repeat":"repeat","background-position":"center center","background-size":"auto","background-attachment":"scroll","background-type":"","background-media":"","overlay-type":"","overlay-color":"","overlay-opacity":"","overlay-gradient":""},"tablet":{"background-color":"","background-image":"","background-repeat":"repeat","background-position":"center center","background-size":"auto","background-attachment":"scroll","background-type":"","background-media":"","overlay-type":"","overlay-color":"","overlay-opacity":"","overlay-gradient":""},"mobile":{"background-color":"","background-image":"","background-repeat":"repeat","background-position":"center center","background-size":"auto","background-attachment":"scroll","background-type":"","background-media":"","overlay-type":"","overlay-color":"","overlay-opacity":"","overlay-gradient":""}},"ast-content-background-meta":{"desktop":{"background-color":"var(--ast-global-color-4)","background-image":"","background-repeat":"repeat","background-position":"center center","background-size":"auto","background-attachment":"scroll","background-type":"","background-media":"","overlay-type":"","overlay-color":"","overlay-opacity":"","overlay-gradient":""},"tablet":{"background-color":"var(--ast-global-color-4)","background-image":"","background-repeat":"repeat","background-position":"center center","background-size":"auto","background-attachment":"scroll","background-type":"","background-media":"","overlay-type":"","overlay-color":"","overlay-opacity":"","overlay-gradient":""},"mobile":{"background-color":"var(--ast-global-color-4)","background-image":"","background-repeat":"repeat","background-position":"center center","background-size":"auto","background-attachment":"scroll","background-type":"","background-media":"","overlay-type":"","overlay-color":"","overlay-opacity":"","overlay-gradient":""}},"footnotes":""},"categories":[1],"tags":[],"class_list":["post-1580","post","type-post","status-publish","format-standard","hentry","category-sem-categoria"],"yoast_head":"<!-- This site is optimized with the Yoast SEO plugin v26.6 - https:\/\/yoast.com\/wordpress\/plugins\/seo\/ -->\n<title>Agentes de tr\u00e2nsito e guardas municipais v\u00e3o parar dia 19 - Daniel Matos<\/title>\n<meta name=\"robots\" content=\"index, follow, max-snippet:-1, max-image-preview:large, max-video-preview:-1\" \/>\n<link rel=\"canonical\" href=\"https:\/\/www.blogsoestado.com\/danielmatos\/agentes-de-transito-e-guardas-municipais-vao-parar-dia-19\/\" \/>\n<meta property=\"og:locale\" content=\"pt_BR\" \/>\n<meta property=\"og:type\" content=\"article\" \/>\n<meta property=\"og:title\" content=\"Agentes de tr\u00e2nsito e guardas municipais v\u00e3o parar dia 19 - Daniel Matos\" \/>\n<meta property=\"og:description\" content=\"Agentes de tr\u00e2nsito da Prefeitura de S\u00e3o Lu\u00eds e guardas municipais decidiram, ontem \u00e0 noite, em assembl\u00e9ia geral, fazer uma [&hellip;]\" \/>\n<meta property=\"og:url\" content=\"https:\/\/www.blogsoestado.com\/danielmatos\/agentes-de-transito-e-guardas-municipais-vao-parar-dia-19\/\" \/>\n<meta property=\"og:site_name\" content=\"Daniel Matos\" \/>\n<meta property=\"article:published_time\" content=\"2009-11-13T13:31:56+00:00\" \/>\n<meta name=\"twitter:card\" content=\"summary_large_image\" \/>\n<meta name=\"twitter:label1\" content=\"Est. tempo de leitura\" \/>\n\t<meta name=\"twitter:data1\" content=\"1 minuto\" \/>\n<script type=\"application\/ld+json\" class=\"yoast-schema-graph\">{\"@context\":\"https:\/\/schema.org\",\"@graph\":[{\"@type\":\"WebPage\",\"@id\":\"https:\/\/www.blogsoestado.com\/danielmatos\/agentes-de-transito-e-guardas-municipais-vao-parar-dia-19\/\",\"url\":\"https:\/\/www.blogsoestado.com\/danielmatos\/agentes-de-transito-e-guardas-municipais-vao-parar-dia-19\/\",\"name\":\"Agentes de tr\u00e2nsito e guardas municipais v\u00e3o parar dia 19 - Daniel Matos\",\"isPartOf\":{\"@id\":\"https:\/\/www.blogsoestado.com\/danielmatos\/#website\"},\"datePublished\":\"2009-11-13T13:31:56+00:00\",\"author\":{\"@id\":\"\"},\"breadcrumb\":{\"@id\":\"https:\/\/www.blogsoestado.com\/danielmatos\/agentes-de-transito-e-guardas-municipais-vao-parar-dia-19\/#breadcrumb\"},\"inLanguage\":\"pt-BR\",\"potentialAction\":[{\"@type\":\"ReadAction\",\"target\":[\"https:\/\/www.blogsoestado.com\/danielmatos\/agentes-de-transito-e-guardas-municipais-vao-parar-dia-19\/\"]}]},{\"@type\":\"BreadcrumbList\",\"@id\":\"https:\/\/www.blogsoestado.com\/danielmatos\/agentes-de-transito-e-guardas-municipais-vao-parar-dia-19\/#breadcrumb\",\"itemListElement\":[{\"@type\":\"ListItem\",\"position\":1,\"name\":\"In\u00edcio\",\"item\":\"https:\/\/www.blogsoestado.com\/danielmatos\/\"},{\"@type\":\"ListItem\",\"position\":2,\"name\":\"Agentes de tr\u00e2nsito e guardas municipais v\u00e3o parar dia 19\"}]},{\"@type\":\"WebSite\",\"@id\":\"https:\/\/www.blogsoestado.com\/danielmatos\/#website\",\"url\":\"https:\/\/www.blogsoestado.com\/danielmatos\/\",\"name\":\"Daniel Matos\",\"description\":\"\",\"potentialAction\":[{\"@type\":\"SearchAction\",\"target\":{\"@type\":\"EntryPoint\",\"urlTemplate\":\"https:\/\/www.blogsoestado.com\/danielmatos\/?s={search_term_string}\"},\"query-input\":{\"@type\":\"PropertyValueSpecification\",\"valueRequired\":true,\"valueName\":\"search_term_string\"}}],\"inLanguage\":\"pt-BR\"}]}<\/script>\n<!-- \/ Yoast SEO plugin. -->","yoast_head_json":{"title":"Agentes de tr\u00e2nsito e guardas municipais v\u00e3o parar dia 19 - Daniel Matos","robots":{"index":"index","follow":"follow","max-snippet":"max-snippet:-1","max-image-preview":"max-image-preview:large","max-video-preview":"max-video-preview:-1"},"canonical":"https:\/\/www.blogsoestado.com\/danielmatos\/agentes-de-transito-e-guardas-municipais-vao-parar-dia-19\/","og_locale":"pt_BR","og_type":"article","og_title":"Agentes de tr\u00e2nsito e guardas municipais v\u00e3o parar dia 19 - Daniel Matos","og_description":"Agentes de tr\u00e2nsito da Prefeitura de S\u00e3o Lu\u00eds e guardas municipais decidiram, ontem \u00e0 noite, em assembl\u00e9ia geral, fazer uma [&hellip;]","og_url":"https:\/\/www.blogsoestado.com\/danielmatos\/agentes-de-transito-e-guardas-municipais-vao-parar-dia-19\/","og_site_name":"Daniel Matos","article_published_time":"2009-11-13T13:31:56+00:00","twitter_card":"summary_large_image","twitter_misc":{"Est. tempo de leitura":"1 minuto"},"schema":{"@context":"https:\/\/schema.org","@graph":[{"@type":"WebPage","@id":"https:\/\/www.blogsoestado.com\/danielmatos\/agentes-de-transito-e-guardas-municipais-vao-parar-dia-19\/","url":"https:\/\/www.blogsoestado.com\/danielmatos\/agentes-de-transito-e-guardas-municipais-vao-parar-dia-19\/","name":"Agentes de tr\u00e2nsito e guardas municipais v\u00e3o parar dia 19 - Daniel Matos","isPartOf":{"@id":"https:\/\/www.blogsoestado.com\/danielmatos\/#website"},"datePublished":"2009-11-13T13:31:56+00:00","author":{"@id":""},"breadcrumb":{"@id":"https:\/\/www.blogsoestado.com\/danielmatos\/agentes-de-transito-e-guardas-municipais-vao-parar-dia-19\/#breadcrumb"},"inLanguage":"pt-BR","potentialAction":[{"@type":"ReadAction","target":["https:\/\/www.blogsoestado.com\/danielmatos\/agentes-de-transito-e-guardas-municipais-vao-parar-dia-19\/"]}]},{"@type":"BreadcrumbList","@id":"https:\/\/www.blogsoestado.com\/danielmatos\/agentes-de-transito-e-guardas-municipais-vao-parar-dia-19\/#breadcrumb","itemListElement":[{"@type":"ListItem","position":1,"name":"In\u00edcio","item":"https:\/\/www.blogsoestado.com\/danielmatos\/"},{"@type":"ListItem","position":2,"name":"Agentes de tr\u00e2nsito e guardas municipais v\u00e3o parar dia 19"}]},{"@type":"WebSite","@id":"https:\/\/www.blogsoestado.com\/danielmatos\/#website","url":"https:\/\/www.blogsoestado.com\/danielmatos\/","name":"Daniel Matos","description":"","potentialAction":[{"@type":"SearchAction","target":{"@type":"EntryPoint","urlTemplate":"https:\/\/www.blogsoestado.com\/danielmatos\/?s={search_term_string}"},"query-input":{"@type":"PropertyValueSpecification","valueRequired":true,"valueName":"search_term_string"}}],"inLanguage":"pt-BR"}]}},"jetpack_featured_media_url":"","_links":{"self":[{"href":"https:\/\/www.blogsoestado.com\/danielmatos\/wp-json\/wp\/v2\/posts\/1580","targetHints":{"allow":["GET"]}}],"collection":[{"href":"https:\/\/www.blogsoestado.com\/danielmatos\/wp-json\/wp\/v2\/posts"}],"about":[{"href":"https:\/\/www.blogsoestado.com\/danielmatos\/wp-json\/wp\/v2\/types\/post"}],"replies":[{"embeddable":true,"href":"https:\/\/www.blogsoestado.com\/danielmatos\/wp-json\/wp\/v2\/comments?post=1580"}],"version-history":[{"count":0,"href":"https:\/\/www.blogsoestado.com\/danielmatos\/wp-json\/wp\/v2\/posts\/1580\/revisions"}],"wp:attachment":[{"href":"https:\/\/www.blogsoestado.com\/danielmatos\/wp-json\/wp\/v2\/media?parent=1580"}],"wp:term":[{"taxonomy":"category","embeddable":true,"href":"https:\/\/www.blogsoestado.com\/danielmatos\/wp-json\/wp\/v2\/categories?post=1580"},{"taxonomy":"post_tag","embeddable":true,"href":"https:\/\/www.blogsoestado.com\/danielmatos\/wp-json\/wp\/v2\/tags?post=1580"}],"curies":[{"name":"wp","href":"https:\/\/api.w.org\/{rel}","templated":true}]}}