{"id":1584,"date":"2009-11-13T15:43:34","date_gmt":"2009-11-13T17:43:34","guid":{"rendered":"https:\/\/www.blogsoestado.com\/danielmatos\/?p=1584"},"modified":"2009-11-13T15:43:34","modified_gmt":"2009-11-13T17:43:34","slug":"em-sessao-extraordinaria-tj-elegera-nova-mesa-diretora","status":"publish","type":"post","link":"https:\/\/www.blogsoestado.com\/danielmatos\/em-sessao-extraordinaria-tj-elegera-nova-mesa-diretora\/","title":{"rendered":"Em sess\u00e3o extraordin\u00e1ria, TJ eleger\u00e1 nova mesa diretora"},"content":{"rendered":"<p>O presidente do Tribunal de Justi\u00e7a, desembargador Raimundo Freire Cutrim, convocou sess\u00e3o plen\u00e1ria administrativa extraordin\u00e1ria para a pr\u00f3xima sexta-feira, 20, \u00e0s 9h, quando haver\u00e1 a elei\u00e7\u00e3o da nova mesa diretora da corte.<\/p>\n<p>De acordo com o artigo 21 do C\u00f3digo de Divis\u00e3o e Organiza\u00e7\u00e3o Judici\u00e1rias do Maranh\u00e3o, \u201cpor maioria dos seus membros efetivos e por vota\u00e7\u00e3o secreta, o Plen\u00e1rio eleger\u00e1 o presidente, o vice-presidente e o corregedor-geral da Justi\u00e7a\u201d.<\/p>\n<p>O quorum exigido para a elei\u00e7\u00e3o \u00e9 de dois ter\u00e7os (16) do total de membros efetivos do Tribunal (24). Os eleitos para os cargos de dire\u00e7\u00e3o ter\u00e3o mandato de dois anos. \u00c9 proibida a reelei\u00e7\u00e3o.<\/p>\n<p>Este ano, a elei\u00e7\u00e3o foi marcada para a primeira sexta-feira seguinte ao dia 15 de novembro, como prev\u00ea a nova reda\u00e7\u00e3o do artigo 89 do Regimento Interno do TJMA.<\/p>\n<p>O par\u00e1grafo 1\u00ba do artigo que trata das elei\u00e7\u00f5es determina a convoca\u00e7\u00e3o da sess\u00e3o com pelo menos 72 horas de anteced\u00eancia. O of\u00edcio-circular foi encaminhado a todos os desembargadores no dia 11.<\/p>\n","protected":false},"excerpt":{"rendered":"<p>O presidente do Tribunal de Justi\u00e7a, desembargador Raimundo Freire Cutrim, convocou sess\u00e3o plen\u00e1ria administrativa extraordin\u00e1ria para a pr\u00f3xima sexta-feira, 20, [&hellip;]<\/p>\n","protected":false},"author":0,"featured_media":0,"comment_status":"open","ping_status":"open","sticky":false,"template":"","format":"standard","meta":{"site-sidebar-layout":"default","site-content-layout":"","ast-site-content-layout":"default","site-content-style":"default","site-sidebar-style":"default","ast-global-header-display":"","ast-banner-title-visibility":"","ast-main-header-display":"","ast-hfb-above-header-display":"","ast-hfb-below-header-display":"","ast-hfb-mobile-header-display":"","site-post-title":"","ast-breadcrumbs-content":"","ast-featured-img":"","footer-sml-layout":"","ast-disable-related-posts":"","theme-transparent-header-meta":"","adv-header-id-meta":"","stick-header-meta":"","header-above-stick-meta":"","header-main-stick-meta":"","header-below-stick-meta":"","astra-migrate-meta-layouts":"default","ast-page-background-enabled":"default","ast-page-background-meta":{"desktop":{"background-color":"var(--ast-global-color-5)","background-image":"","background-repeat":"repeat","background-position":"center center","background-size":"auto","background-attachment":"scroll","background-type":"","background-media":"","overlay-type":"","overlay-color":"","overlay-opacity":"","overlay-gradient":""},"tablet":{"background-color":"","background-image":"","background-repeat":"repeat","background-position":"center center","background-size":"auto","background-attachment":"scroll","background-type":"","background-media":"","overlay-type":"","overlay-color":"","overlay-opacity":"","overlay-gradient":""},"mobile":{"background-color":"","background-image":"","background-repeat":"repeat","background-position":"center center","background-size":"auto","background-attachment":"scroll","background-type":"","background-media":"","overlay-type":"","overlay-color":"","overlay-opacity":"","overlay-gradient":""}},"ast-content-background-meta":{"desktop":{"background-color":"var(--ast-global-color-4)","background-image":"","background-repeat":"repeat","background-position":"center center","background-size":"auto","background-attachment":"scroll","background-type":"","background-media":"","overlay-type":"","overlay-color":"","overlay-opacity":"","overlay-gradient":""},"tablet":{"background-color":"var(--ast-global-color-4)","background-image":"","background-repeat":"repeat","background-position":"center center","background-size":"auto","background-attachment":"scroll","background-type":"","background-media":"","overlay-type":"","overlay-color":"","overlay-opacity":"","overlay-gradient":""},"mobile":{"background-color":"var(--ast-global-color-4)","background-image":"","background-repeat":"repeat","background-position":"center center","background-size":"auto","background-attachment":"scroll","background-type":"","background-media":"","overlay-type":"","overlay-color":"","overlay-opacity":"","overlay-gradient":""}},"footnotes":""},"categories":[1],"tags":[],"class_list":["post-1584","post","type-post","status-publish","format-standard","hentry","category-sem-categoria"],"yoast_head":"<!-- This site is optimized with the Yoast SEO plugin v26.6 - https:\/\/yoast.com\/wordpress\/plugins\/seo\/ -->\n<title>Em sess\u00e3o extraordin\u00e1ria, TJ eleger\u00e1 nova mesa diretora - Daniel Matos<\/title>\n<meta name=\"robots\" content=\"index, follow, max-snippet:-1, max-image-preview:large, max-video-preview:-1\" \/>\n<link rel=\"canonical\" href=\"https:\/\/www.blogsoestado.com\/danielmatos\/em-sessao-extraordinaria-tj-elegera-nova-mesa-diretora\/\" \/>\n<meta property=\"og:locale\" content=\"pt_BR\" \/>\n<meta property=\"og:type\" content=\"article\" \/>\n<meta property=\"og:title\" content=\"Em sess\u00e3o extraordin\u00e1ria, TJ eleger\u00e1 nova mesa diretora - Daniel Matos\" \/>\n<meta property=\"og:description\" content=\"O presidente do Tribunal de Justi\u00e7a, desembargador Raimundo Freire Cutrim, convocou sess\u00e3o plen\u00e1ria administrativa extraordin\u00e1ria para a pr\u00f3xima sexta-feira, 20, [&hellip;]\" \/>\n<meta property=\"og:url\" content=\"https:\/\/www.blogsoestado.com\/danielmatos\/em-sessao-extraordinaria-tj-elegera-nova-mesa-diretora\/\" \/>\n<meta property=\"og:site_name\" content=\"Daniel Matos\" \/>\n<meta property=\"article:published_time\" content=\"2009-11-13T17:43:34+00:00\" \/>\n<meta name=\"twitter:card\" content=\"summary_large_image\" \/>\n<meta name=\"twitter:label1\" content=\"Est. tempo de leitura\" \/>\n\t<meta name=\"twitter:data1\" content=\"1 minuto\" \/>\n<script type=\"application\/ld+json\" class=\"yoast-schema-graph\">{\"@context\":\"https:\/\/schema.org\",\"@graph\":[{\"@type\":\"WebPage\",\"@id\":\"https:\/\/www.blogsoestado.com\/danielmatos\/em-sessao-extraordinaria-tj-elegera-nova-mesa-diretora\/\",\"url\":\"https:\/\/www.blogsoestado.com\/danielmatos\/em-sessao-extraordinaria-tj-elegera-nova-mesa-diretora\/\",\"name\":\"Em sess\u00e3o extraordin\u00e1ria, TJ eleger\u00e1 nova mesa diretora - Daniel Matos\",\"isPartOf\":{\"@id\":\"https:\/\/www.blogsoestado.com\/danielmatos\/#website\"},\"datePublished\":\"2009-11-13T17:43:34+00:00\",\"author\":{\"@id\":\"\"},\"breadcrumb\":{\"@id\":\"https:\/\/www.blogsoestado.com\/danielmatos\/em-sessao-extraordinaria-tj-elegera-nova-mesa-diretora\/#breadcrumb\"},\"inLanguage\":\"pt-BR\",\"potentialAction\":[{\"@type\":\"ReadAction\",\"target\":[\"https:\/\/www.blogsoestado.com\/danielmatos\/em-sessao-extraordinaria-tj-elegera-nova-mesa-diretora\/\"]}]},{\"@type\":\"BreadcrumbList\",\"@id\":\"https:\/\/www.blogsoestado.com\/danielmatos\/em-sessao-extraordinaria-tj-elegera-nova-mesa-diretora\/#breadcrumb\",\"itemListElement\":[{\"@type\":\"ListItem\",\"position\":1,\"name\":\"In\u00edcio\",\"item\":\"https:\/\/www.blogsoestado.com\/danielmatos\/\"},{\"@type\":\"ListItem\",\"position\":2,\"name\":\"Em sess\u00e3o extraordin\u00e1ria, TJ eleger\u00e1 nova mesa diretora\"}]},{\"@type\":\"WebSite\",\"@id\":\"https:\/\/www.blogsoestado.com\/danielmatos\/#website\",\"url\":\"https:\/\/www.blogsoestado.com\/danielmatos\/\",\"name\":\"Daniel Matos\",\"description\":\"\",\"potentialAction\":[{\"@type\":\"SearchAction\",\"target\":{\"@type\":\"EntryPoint\",\"urlTemplate\":\"https:\/\/www.blogsoestado.com\/danielmatos\/?s={search_term_string}\"},\"query-input\":{\"@type\":\"PropertyValueSpecification\",\"valueRequired\":true,\"valueName\":\"search_term_string\"}}],\"inLanguage\":\"pt-BR\"}]}<\/script>\n<!-- \/ Yoast SEO plugin. -->","yoast_head_json":{"title":"Em sess\u00e3o extraordin\u00e1ria, TJ eleger\u00e1 nova mesa diretora - Daniel Matos","robots":{"index":"index","follow":"follow","max-snippet":"max-snippet:-1","max-image-preview":"max-image-preview:large","max-video-preview":"max-video-preview:-1"},"canonical":"https:\/\/www.blogsoestado.com\/danielmatos\/em-sessao-extraordinaria-tj-elegera-nova-mesa-diretora\/","og_locale":"pt_BR","og_type":"article","og_title":"Em sess\u00e3o extraordin\u00e1ria, TJ eleger\u00e1 nova mesa diretora - Daniel Matos","og_description":"O presidente do Tribunal de Justi\u00e7a, desembargador Raimundo Freire Cutrim, convocou sess\u00e3o plen\u00e1ria administrativa extraordin\u00e1ria para a pr\u00f3xima sexta-feira, 20, [&hellip;]","og_url":"https:\/\/www.blogsoestado.com\/danielmatos\/em-sessao-extraordinaria-tj-elegera-nova-mesa-diretora\/","og_site_name":"Daniel Matos","article_published_time":"2009-11-13T17:43:34+00:00","twitter_card":"summary_large_image","twitter_misc":{"Est. tempo de leitura":"1 minuto"},"schema":{"@context":"https:\/\/schema.org","@graph":[{"@type":"WebPage","@id":"https:\/\/www.blogsoestado.com\/danielmatos\/em-sessao-extraordinaria-tj-elegera-nova-mesa-diretora\/","url":"https:\/\/www.blogsoestado.com\/danielmatos\/em-sessao-extraordinaria-tj-elegera-nova-mesa-diretora\/","name":"Em sess\u00e3o extraordin\u00e1ria, TJ eleger\u00e1 nova mesa diretora - Daniel Matos","isPartOf":{"@id":"https:\/\/www.blogsoestado.com\/danielmatos\/#website"},"datePublished":"2009-11-13T17:43:34+00:00","author":{"@id":""},"breadcrumb":{"@id":"https:\/\/www.blogsoestado.com\/danielmatos\/em-sessao-extraordinaria-tj-elegera-nova-mesa-diretora\/#breadcrumb"},"inLanguage":"pt-BR","potentialAction":[{"@type":"ReadAction","target":["https:\/\/www.blogsoestado.com\/danielmatos\/em-sessao-extraordinaria-tj-elegera-nova-mesa-diretora\/"]}]},{"@type":"BreadcrumbList","@id":"https:\/\/www.blogsoestado.com\/danielmatos\/em-sessao-extraordinaria-tj-elegera-nova-mesa-diretora\/#breadcrumb","itemListElement":[{"@type":"ListItem","position":1,"name":"In\u00edcio","item":"https:\/\/www.blogsoestado.com\/danielmatos\/"},{"@type":"ListItem","position":2,"name":"Em sess\u00e3o extraordin\u00e1ria, TJ eleger\u00e1 nova mesa diretora"}]},{"@type":"WebSite","@id":"https:\/\/www.blogsoestado.com\/danielmatos\/#website","url":"https:\/\/www.blogsoestado.com\/danielmatos\/","name":"Daniel Matos","description":"","potentialAction":[{"@type":"SearchAction","target":{"@type":"EntryPoint","urlTemplate":"https:\/\/www.blogsoestado.com\/danielmatos\/?s={search_term_string}"},"query-input":{"@type":"PropertyValueSpecification","valueRequired":true,"valueName":"search_term_string"}}],"inLanguage":"pt-BR"}]}},"jetpack_featured_media_url":"","_links":{"self":[{"href":"https:\/\/www.blogsoestado.com\/danielmatos\/wp-json\/wp\/v2\/posts\/1584","targetHints":{"allow":["GET"]}}],"collection":[{"href":"https:\/\/www.blogsoestado.com\/danielmatos\/wp-json\/wp\/v2\/posts"}],"about":[{"href":"https:\/\/www.blogsoestado.com\/danielmatos\/wp-json\/wp\/v2\/types\/post"}],"replies":[{"embeddable":true,"href":"https:\/\/www.blogsoestado.com\/danielmatos\/wp-json\/wp\/v2\/comments?post=1584"}],"version-history":[{"count":0,"href":"https:\/\/www.blogsoestado.com\/danielmatos\/wp-json\/wp\/v2\/posts\/1584\/revisions"}],"wp:attachment":[{"href":"https:\/\/www.blogsoestado.com\/danielmatos\/wp-json\/wp\/v2\/media?parent=1584"}],"wp:term":[{"taxonomy":"category","embeddable":true,"href":"https:\/\/www.blogsoestado.com\/danielmatos\/wp-json\/wp\/v2\/categories?post=1584"},{"taxonomy":"post_tag","embeddable":true,"href":"https:\/\/www.blogsoestado.com\/danielmatos\/wp-json\/wp\/v2\/tags?post=1584"}],"curies":[{"name":"wp","href":"https:\/\/api.w.org\/{rel}","templated":true}]}}