{"id":1586,"date":"2009-11-13T16:34:51","date_gmt":"2009-11-13T18:34:51","guid":{"rendered":"https:\/\/www.blogsoestado.com\/danielmatos\/?p=1586"},"modified":"2009-11-13T16:34:51","modified_gmt":"2009-11-13T18:34:51","slug":"mario-macieira-fara-carreata-neste-domingo","status":"publish","type":"post","link":"https:\/\/www.blogsoestado.com\/danielmatos\/mario-macieira-fara-carreata-neste-domingo\/","title":{"rendered":"M\u00e1rio Macieira far\u00e1 carreata neste domingo"},"content":{"rendered":"<p><img fetchpriority=\"high\" decoding=\"async\" class=\"alignleft size-full wp-image-1587\" src=\"https:\/\/www.blogsoestado.com\/danielmatos\/files\/2009\/11\/macieira2.jpg\" alt=\"macieira2\" width=\"448\" height=\"299\" \/>Com o pensamento de que \u00e9 preciso buscar o engrandecimento da categoria, a chapa \u201cAvan\u00e7ar Sempre\u201d, encabe\u00e7ada por M\u00e1rio Macieira, convida advogados e juristas a participar, no pr\u00f3ximo domingo, \u00e0s 10h, de uma grande carreata, com concentra\u00e7\u00e3o na pra\u00e7a Maria Arag\u00e3o.<\/p>\n<p>O local de partida do cortejo carrega um simbolismo peculiar. Batizada com o nome da m\u00e9dica e militante pol\u00edtica Maria Arag\u00e3o, a pra\u00e7a \u00e9 refer\u00eancia de luta para as novas gera\u00e7\u00f5es, que t\u00eam em M\u00e1rio Macieira um de seus mais aguerridos representantes. Na corrida para a presid\u00eancia da OAB-MA, o candidato tem mostrado grande empenho e suas id\u00e9ias arregimentam, a cada dia, n\u00famero maior de adeptos.<\/p>\n<p>A agenda de M\u00e1rio Macieira para o pr\u00f3ximo domingo inclui a carreata, seguida de feijoada, onde todos poder\u00e3o se reunir e trocar id\u00e9ias. Tamb\u00e9m est\u00e1 confirmada uma apresenta\u00e7\u00e3o da banda Reprise, no Class Hall, na avenida dos Holandeses, no Calhau.<\/p>\n<p>\u201cTenho orgulho de guiar meus passos como profissional e como cidad\u00e3o na defesa dos mesmos direitos humanos aos quais, t\u00e3o generosamente, Maria Arag\u00e3o dedicou sua vida. Considero que meu engajamento na defesa dos direitos dos trabalhadores, como advogado de sindicatos, dos direitos humanos, da democracia e da dignidade humana, como valores universais, minha atua\u00e7\u00e3o como conselheiro da OAB-MA e minha cr\u00edtica cotidiana \u00e0s desigualdades perturbadoras, que brutalizam a sociedade brasileira, representam a influ\u00eancia de Maria Arag\u00e3o em minha vis\u00e3o de mundo, \u00e0 qual se aliam meus princ\u00edpios, constru\u00eddos num ambiente familiar ao mesmo tempo plural e \u00e9tico\u201d, destaca o candidato.<\/p>\n<p>Na opini\u00e3o de Macieira, Maria Arag\u00e3o representa, at\u00e9 hoje, a certeza de que os revolucion\u00e1rios de todos os tempos t\u00eam em comum um forte sentimento de indigna\u00e7\u00e3o quanto ao presente, uma grande esperan\u00e7a nos seres humanos e uma firme cren\u00e7a em um futuro melhor. Ao dedicar sua vida em defesa da justi\u00e7a social e dos direitos humanos. \u201cMaria Arag\u00e3o lutou tamb\u00e9m pelos direitos da mulher. Da lembran\u00e7a emocionada desta hist\u00f3ria de coragem fa\u00e7o a minha homenagem a todas as mulheres do Maranh\u00e3o\u201d, finalizou.<\/p>\n","protected":false},"excerpt":{"rendered":"<p>Com o pensamento de que \u00e9 preciso buscar o engrandecimento da categoria, a chapa \u201cAvan\u00e7ar Sempre\u201d, encabe\u00e7ada por M\u00e1rio Macieira, [&hellip;]<\/p>\n","protected":false},"author":0,"featured_media":0,"comment_status":"open","ping_status":"open","sticky":false,"template":"","format":"standard","meta":{"site-sidebar-layout":"default","site-content-layout":"","ast-site-content-layout":"default","site-content-style":"default","site-sidebar-style":"default","ast-global-header-display":"","ast-banner-title-visibility":"","ast-main-header-display":"","ast-hfb-above-header-display":"","ast-hfb-below-header-display":"","ast-hfb-mobile-header-display":"","site-post-title":"","ast-breadcrumbs-content":"","ast-featured-img":"","footer-sml-layout":"","ast-disable-related-posts":"","theme-transparent-header-meta":"","adv-header-id-meta":"","stick-header-meta":"","header-above-stick-meta":"","header-main-stick-meta":"","header-below-stick-meta":"","astra-migrate-meta-layouts":"default","ast-page-background-enabled":"default","ast-page-background-meta":{"desktop":{"background-color":"var(--ast-global-color-5)","background-image":"","background-repeat":"repeat","background-position":"center center","background-size":"auto","background-attachment":"scroll","background-type":"","background-media":"","overlay-type":"","overlay-color":"","overlay-opacity":"","overlay-gradient":""},"tablet":{"background-color":"","background-image":"","background-repeat":"repeat","background-position":"center center","background-size":"auto","background-attachment":"scroll","background-type":"","background-media":"","overlay-type":"","overlay-color":"","overlay-opacity":"","overlay-gradient":""},"mobile":{"background-color":"","background-image":"","background-repeat":"repeat","background-position":"center center","background-size":"auto","background-attachment":"scroll","background-type":"","background-media":"","overlay-type":"","overlay-color":"","overlay-opacity":"","overlay-gradient":""}},"ast-content-background-meta":{"desktop":{"background-color":"var(--ast-global-color-4)","background-image":"","background-repeat":"repeat","background-position":"center center","background-size":"auto","background-attachment":"scroll","background-type":"","background-media":"","overlay-type":"","overlay-color":"","overlay-opacity":"","overlay-gradient":""},"tablet":{"background-color":"var(--ast-global-color-4)","background-image":"","background-repeat":"repeat","background-position":"center center","background-size":"auto","background-attachment":"scroll","background-type":"","background-media":"","overlay-type":"","overlay-color":"","overlay-opacity":"","overlay-gradient":""},"mobile":{"background-color":"var(--ast-global-color-4)","background-image":"","background-repeat":"repeat","background-position":"center center","background-size":"auto","background-attachment":"scroll","background-type":"","background-media":"","overlay-type":"","overlay-color":"","overlay-opacity":"","overlay-gradient":""}},"footnotes":""},"categories":[1],"tags":[],"class_list":["post-1586","post","type-post","status-publish","format-standard","hentry","category-sem-categoria"],"yoast_head":"<!-- This site is optimized with the Yoast SEO plugin v26.6 - https:\/\/yoast.com\/wordpress\/plugins\/seo\/ -->\n<title>M\u00e1rio Macieira far\u00e1 carreata neste domingo - Daniel Matos<\/title>\n<meta name=\"robots\" content=\"index, follow, max-snippet:-1, max-image-preview:large, max-video-preview:-1\" \/>\n<link rel=\"canonical\" href=\"https:\/\/www.blogsoestado.com\/danielmatos\/mario-macieira-fara-carreata-neste-domingo\/\" \/>\n<meta property=\"og:locale\" content=\"pt_BR\" \/>\n<meta property=\"og:type\" content=\"article\" \/>\n<meta property=\"og:title\" content=\"M\u00e1rio Macieira far\u00e1 carreata neste domingo - Daniel Matos\" \/>\n<meta property=\"og:description\" content=\"Com o pensamento de que \u00e9 preciso buscar o engrandecimento da categoria, a chapa \u201cAvan\u00e7ar Sempre\u201d, encabe\u00e7ada por M\u00e1rio Macieira, [&hellip;]\" \/>\n<meta property=\"og:url\" content=\"https:\/\/www.blogsoestado.com\/danielmatos\/mario-macieira-fara-carreata-neste-domingo\/\" \/>\n<meta property=\"og:site_name\" content=\"Daniel Matos\" \/>\n<meta property=\"article:published_time\" content=\"2009-11-13T18:34:51+00:00\" \/>\n<meta property=\"og:image\" content=\"https:\/\/www.blogsoestado.com\/danielmatos\/files\/2009\/11\/macieira2.jpg\" \/>\n<meta name=\"twitter:card\" content=\"summary_large_image\" \/>\n<meta name=\"twitter:label1\" content=\"Est. tempo de leitura\" \/>\n\t<meta name=\"twitter:data1\" content=\"2 minutos\" \/>\n<script type=\"application\/ld+json\" class=\"yoast-schema-graph\">{\"@context\":\"https:\/\/schema.org\",\"@graph\":[{\"@type\":\"WebPage\",\"@id\":\"https:\/\/www.blogsoestado.com\/danielmatos\/mario-macieira-fara-carreata-neste-domingo\/\",\"url\":\"https:\/\/www.blogsoestado.com\/danielmatos\/mario-macieira-fara-carreata-neste-domingo\/\",\"name\":\"M\u00e1rio Macieira far\u00e1 carreata neste domingo - Daniel Matos\",\"isPartOf\":{\"@id\":\"https:\/\/www.blogsoestado.com\/danielmatos\/#website\"},\"primaryImageOfPage\":{\"@id\":\"https:\/\/www.blogsoestado.com\/danielmatos\/mario-macieira-fara-carreata-neste-domingo\/#primaryimage\"},\"image\":{\"@id\":\"https:\/\/www.blogsoestado.com\/danielmatos\/mario-macieira-fara-carreata-neste-domingo\/#primaryimage\"},\"thumbnailUrl\":\"https:\/\/www.blogsoestado.com\/danielmatos\/files\/2009\/11\/macieira2.jpg\",\"datePublished\":\"2009-11-13T18:34:51+00:00\",\"author\":{\"@id\":\"\"},\"breadcrumb\":{\"@id\":\"https:\/\/www.blogsoestado.com\/danielmatos\/mario-macieira-fara-carreata-neste-domingo\/#breadcrumb\"},\"inLanguage\":\"pt-BR\",\"potentialAction\":[{\"@type\":\"ReadAction\",\"target\":[\"https:\/\/www.blogsoestado.com\/danielmatos\/mario-macieira-fara-carreata-neste-domingo\/\"]}]},{\"@type\":\"ImageObject\",\"inLanguage\":\"pt-BR\",\"@id\":\"https:\/\/www.blogsoestado.com\/danielmatos\/mario-macieira-fara-carreata-neste-domingo\/#primaryimage\",\"url\":\"https:\/\/www.blogsoestado.com\/danielmatos\/files\/2009\/11\/macieira2.jpg\",\"contentUrl\":\"https:\/\/www.blogsoestado.com\/danielmatos\/files\/2009\/11\/macieira2.jpg\"},{\"@type\":\"BreadcrumbList\",\"@id\":\"https:\/\/www.blogsoestado.com\/danielmatos\/mario-macieira-fara-carreata-neste-domingo\/#breadcrumb\",\"itemListElement\":[{\"@type\":\"ListItem\",\"position\":1,\"name\":\"In\u00edcio\",\"item\":\"https:\/\/www.blogsoestado.com\/danielmatos\/\"},{\"@type\":\"ListItem\",\"position\":2,\"name\":\"M\u00e1rio Macieira far\u00e1 carreata neste domingo\"}]},{\"@type\":\"WebSite\",\"@id\":\"https:\/\/www.blogsoestado.com\/danielmatos\/#website\",\"url\":\"https:\/\/www.blogsoestado.com\/danielmatos\/\",\"name\":\"Daniel Matos\",\"description\":\"\",\"potentialAction\":[{\"@type\":\"SearchAction\",\"target\":{\"@type\":\"EntryPoint\",\"urlTemplate\":\"https:\/\/www.blogsoestado.com\/danielmatos\/?s={search_term_string}\"},\"query-input\":{\"@type\":\"PropertyValueSpecification\",\"valueRequired\":true,\"valueName\":\"search_term_string\"}}],\"inLanguage\":\"pt-BR\"}]}<\/script>\n<!-- \/ Yoast SEO plugin. -->","yoast_head_json":{"title":"M\u00e1rio Macieira far\u00e1 carreata neste domingo - Daniel Matos","robots":{"index":"index","follow":"follow","max-snippet":"max-snippet:-1","max-image-preview":"max-image-preview:large","max-video-preview":"max-video-preview:-1"},"canonical":"https:\/\/www.blogsoestado.com\/danielmatos\/mario-macieira-fara-carreata-neste-domingo\/","og_locale":"pt_BR","og_type":"article","og_title":"M\u00e1rio Macieira far\u00e1 carreata neste domingo - Daniel Matos","og_description":"Com o pensamento de que \u00e9 preciso buscar o engrandecimento da categoria, a chapa \u201cAvan\u00e7ar Sempre\u201d, encabe\u00e7ada por M\u00e1rio Macieira, [&hellip;]","og_url":"https:\/\/www.blogsoestado.com\/danielmatos\/mario-macieira-fara-carreata-neste-domingo\/","og_site_name":"Daniel Matos","article_published_time":"2009-11-13T18:34:51+00:00","og_image":[{"url":"https:\/\/www.blogsoestado.com\/danielmatos\/files\/2009\/11\/macieira2.jpg","type":"","width":"","height":""}],"twitter_card":"summary_large_image","twitter_misc":{"Est. tempo de leitura":"2 minutos"},"schema":{"@context":"https:\/\/schema.org","@graph":[{"@type":"WebPage","@id":"https:\/\/www.blogsoestado.com\/danielmatos\/mario-macieira-fara-carreata-neste-domingo\/","url":"https:\/\/www.blogsoestado.com\/danielmatos\/mario-macieira-fara-carreata-neste-domingo\/","name":"M\u00e1rio Macieira far\u00e1 carreata neste domingo - Daniel Matos","isPartOf":{"@id":"https:\/\/www.blogsoestado.com\/danielmatos\/#website"},"primaryImageOfPage":{"@id":"https:\/\/www.blogsoestado.com\/danielmatos\/mario-macieira-fara-carreata-neste-domingo\/#primaryimage"},"image":{"@id":"https:\/\/www.blogsoestado.com\/danielmatos\/mario-macieira-fara-carreata-neste-domingo\/#primaryimage"},"thumbnailUrl":"https:\/\/www.blogsoestado.com\/danielmatos\/files\/2009\/11\/macieira2.jpg","datePublished":"2009-11-13T18:34:51+00:00","author":{"@id":""},"breadcrumb":{"@id":"https:\/\/www.blogsoestado.com\/danielmatos\/mario-macieira-fara-carreata-neste-domingo\/#breadcrumb"},"inLanguage":"pt-BR","potentialAction":[{"@type":"ReadAction","target":["https:\/\/www.blogsoestado.com\/danielmatos\/mario-macieira-fara-carreata-neste-domingo\/"]}]},{"@type":"ImageObject","inLanguage":"pt-BR","@id":"https:\/\/www.blogsoestado.com\/danielmatos\/mario-macieira-fara-carreata-neste-domingo\/#primaryimage","url":"https:\/\/www.blogsoestado.com\/danielmatos\/files\/2009\/11\/macieira2.jpg","contentUrl":"https:\/\/www.blogsoestado.com\/danielmatos\/files\/2009\/11\/macieira2.jpg"},{"@type":"BreadcrumbList","@id":"https:\/\/www.blogsoestado.com\/danielmatos\/mario-macieira-fara-carreata-neste-domingo\/#breadcrumb","itemListElement":[{"@type":"ListItem","position":1,"name":"In\u00edcio","item":"https:\/\/www.blogsoestado.com\/danielmatos\/"},{"@type":"ListItem","position":2,"name":"M\u00e1rio Macieira far\u00e1 carreata neste domingo"}]},{"@type":"WebSite","@id":"https:\/\/www.blogsoestado.com\/danielmatos\/#website","url":"https:\/\/www.blogsoestado.com\/danielmatos\/","name":"Daniel Matos","description":"","potentialAction":[{"@type":"SearchAction","target":{"@type":"EntryPoint","urlTemplate":"https:\/\/www.blogsoestado.com\/danielmatos\/?s={search_term_string}"},"query-input":{"@type":"PropertyValueSpecification","valueRequired":true,"valueName":"search_term_string"}}],"inLanguage":"pt-BR"}]}},"jetpack_featured_media_url":"","_links":{"self":[{"href":"https:\/\/www.blogsoestado.com\/danielmatos\/wp-json\/wp\/v2\/posts\/1586","targetHints":{"allow":["GET"]}}],"collection":[{"href":"https:\/\/www.blogsoestado.com\/danielmatos\/wp-json\/wp\/v2\/posts"}],"about":[{"href":"https:\/\/www.blogsoestado.com\/danielmatos\/wp-json\/wp\/v2\/types\/post"}],"replies":[{"embeddable":true,"href":"https:\/\/www.blogsoestado.com\/danielmatos\/wp-json\/wp\/v2\/comments?post=1586"}],"version-history":[{"count":0,"href":"https:\/\/www.blogsoestado.com\/danielmatos\/wp-json\/wp\/v2\/posts\/1586\/revisions"}],"wp:attachment":[{"href":"https:\/\/www.blogsoestado.com\/danielmatos\/wp-json\/wp\/v2\/media?parent=1586"}],"wp:term":[{"taxonomy":"category","embeddable":true,"href":"https:\/\/www.blogsoestado.com\/danielmatos\/wp-json\/wp\/v2\/categories?post=1586"},{"taxonomy":"post_tag","embeddable":true,"href":"https:\/\/www.blogsoestado.com\/danielmatos\/wp-json\/wp\/v2\/tags?post=1586"}],"curies":[{"name":"wp","href":"https:\/\/api.w.org\/{rel}","templated":true}]}}