{"id":1648,"date":"2009-12-01T18:56:56","date_gmt":"2009-12-01T20:56:56","guid":{"rendered":"https:\/\/www.blogsoestado.com\/danielmatos\/?p=1648"},"modified":"2009-12-01T18:56:56","modified_gmt":"2009-12-01T20:56:56","slug":"governo-e-prefeitura-fecham-acordo-sobre-terreno-para-hospital","status":"publish","type":"post","link":"https:\/\/www.blogsoestado.com\/danielmatos\/governo-e-prefeitura-fecham-acordo-sobre-terreno-para-hospital\/","title":{"rendered":"Governo e Prefeitura fecham acordo sobre terreno para hospital"},"content":{"rendered":"<p><img fetchpriority=\"high\" decoding=\"async\" class=\"alignleft size-full wp-image-1649\" src=\"https:\/\/www.blogsoestado.com\/danielmatos\/files\/2009\/12\/luciano.JPG\" alt=\"luciano\" width=\"448\" height=\"298\" \/>O secret\u00e1rio de Administra\u00e7\u00e3o e Previd\u00eancia Social (Seaps), Luciano Moreira, recebeu of\u00edcio da Secretaria Municipal de Urbanismo e Habita\u00e7\u00e3o (Semurh) informando que Prefeitura de S\u00e3o Lu\u00eds aceitou a troca de \u00e1rea, do Angelim para a Avenida dos Franceses, no Sacav\u00e9m, sugerida pelo Governo do Estado, para a constru\u00e7\u00e3o do Hospital Central de Emerg\u00eancia.<\/p>\n<p>No documento, o secret\u00e1rio municipal de Urbanismo e Habita\u00e7\u00e3o, Domingos Brito, confirma a troca da \u00e1rea anteriormente solicitada no Angelim, de 124 mil metros quadrados, de propriedade do Fundo Estadual de Pens\u00e3o e Aposentadoria do Maranh\u00e3o (Fepa), pelo terreno no Sacav\u00e9m, pr\u00f3ximo ao Terminal Rodovi\u00e1rio de S\u00e3o Lu\u00eds, de posse da Companhia de \u00c1guas e Saneamento (Caema).<\/p>\n<p>Domingos Brito ressaltou no of\u00edcio que o terreno atende aos pr\u00e9-requisitos necess\u00e1rios para a constru\u00e7\u00e3o do hospital. A nova \u00e1rea tem 280,5 mil metros quadrados e abrigar\u00e1 tamb\u00e9m um espa\u00e7o verde denominado no projeto do hospital de Parque da Sa\u00fade.<\/p>\n<p>A substitui\u00e7\u00e3o do terreno ocorreu ap\u00f3s entendimentos entre o Governo do Estado, por meio da Seaps e da Caema, e a Prefeitura de S\u00e3o Lu\u00eds, por meio da Secretaria Municipal de Urbanismo e Habita\u00e7\u00e3o. O motivo foi a destina\u00e7\u00e3o da \u00e1rea no Angelim para a constru\u00e7\u00e3o de dois mil apartamentos para os servidores p\u00fablicos estaduais, pelo Governo do Estado, dentro do programa Viva Habitar. No mesmo terreno a Prefeitura planejava construir o hospital p\u00fablico municipal.<\/p>\n<p>Segundo o secret\u00e1rio Luciano Moreira, desde o in\u00edcio houve a preocupa\u00e7\u00e3o e boa vontade da governadora Roseana Sarney em encontrar uma solu\u00e7\u00e3o negociada que atendesse aos interesses da sociedade.\u00a0<\/p>\n<p>\u201cA Prefeitura poder\u00e1 utilizar uma \u00e1rea grande, bem localizada, cujas vias de acesso t\u00eam maior fluidez de tr\u00e2nsito do que as pr\u00f3ximas \u00e0 \u00e1rea do Angelim, e o Governo do Estado, que j\u00e1 estava com o projeto dos apartamentos para os servidores aprovado na Caixa Econ\u00f4mica, poder\u00e1 tocar adiante, sem atrasos, o cronograma de execu\u00e7\u00e3o de seu programa habitacional\u201d, afirmou.<\/p>\n<p>Luciano Moreira destacou que a localiza\u00e7\u00e3o no Sacav\u00e9m permitir\u00e1 acesso mais f\u00e1cil ao hospital municipal, um aspecto que \u00e9 de extrema import\u00e2ncia por causa das ambul\u00e2ncias e outros ve\u00edculos que levar\u00e3o pacientes \u00e0 unidade de emerg\u00eancia.\u00a0<br \/>\n\u00a0<br \/>\n<strong>Entenda o Caso<\/strong><\/p>\n<p>A \u00e1rea do Angelim, onde o Governo do Estado tem projeto para construir mais de dois mil apartamentos, era pretendido pela Prefeitura de S\u00e3o Lu\u00eds para instalar um hospital de emerg\u00eancia, prometido pelo ent\u00e3o candidato, hoje prefeito.<\/p>\n<p>A \u2018disputa\u2019 pelo terreno foi objeto, inclusive de Audi\u00eancia P\u00fablica, realizada na Assembleia Legislativa, proposta pela deputada Gard\u00eania Castelo.<\/p>\n<p>Foi nesta audi\u00eancia que prevaleceu o entendimento, quando o secret\u00e1rio de Estado de Administra\u00e7\u00e3o e Previd\u00eancia Social, Luciano Moreira, sugeriu a troca da \u00e1rea do Angelim por uma outra pr\u00f3ximo ao Terminal Rodovi\u00e1rio de S\u00e3o Lu\u00eds, na Avenida dos Franceses, para que a prefeitura constru\u00edsse o hospital.<\/p>\n<p><strong>Fonte:<\/strong> Secom\/<strong>Governo do Estado<\/strong><\/p>\n","protected":false},"excerpt":{"rendered":"<p>O secret\u00e1rio de Administra\u00e7\u00e3o e Previd\u00eancia Social (Seaps), Luciano Moreira, recebeu of\u00edcio da Secretaria Municipal de Urbanismo e Habita\u00e7\u00e3o (Semurh) [&hellip;]<\/p>\n","protected":false},"author":0,"featured_media":0,"comment_status":"open","ping_status":"open","sticky":false,"template":"","format":"standard","meta":{"site-sidebar-layout":"default","site-content-layout":"","ast-site-content-layout":"default","site-content-style":"default","site-sidebar-style":"default","ast-global-header-display":"","ast-banner-title-visibility":"","ast-main-header-display":"","ast-hfb-above-header-display":"","ast-hfb-below-header-display":"","ast-hfb-mobile-header-display":"","site-post-title":"","ast-breadcrumbs-content":"","ast-featured-img":"","footer-sml-layout":"","ast-disable-related-posts":"","theme-transparent-header-meta":"","adv-header-id-meta":"","stick-header-meta":"","header-above-stick-meta":"","header-main-stick-meta":"","header-below-stick-meta":"","astra-migrate-meta-layouts":"default","ast-page-background-enabled":"default","ast-page-background-meta":{"desktop":{"background-color":"var(--ast-global-color-5)","background-image":"","background-repeat":"repeat","background-position":"center center","background-size":"auto","background-attachment":"scroll","background-type":"","background-media":"","overlay-type":"","overlay-color":"","overlay-opacity":"","overlay-gradient":""},"tablet":{"background-color":"","background-image":"","background-repeat":"repeat","background-position":"center center","background-size":"auto","background-attachment":"scroll","background-type":"","background-media":"","overlay-type":"","overlay-color":"","overlay-opacity":"","overlay-gradient":""},"mobile":{"background-color":"","background-image":"","background-repeat":"repeat","background-position":"center center","background-size":"auto","background-attachment":"scroll","background-type":"","background-media":"","overlay-type":"","overlay-color":"","overlay-opacity":"","overlay-gradient":""}},"ast-content-background-meta":{"desktop":{"background-color":"var(--ast-global-color-4)","background-image":"","background-repeat":"repeat","background-position":"center center","background-size":"auto","background-attachment":"scroll","background-type":"","background-media":"","overlay-type":"","overlay-color":"","overlay-opacity":"","overlay-gradient":""},"tablet":{"background-color":"var(--ast-global-color-4)","background-image":"","background-repeat":"repeat","background-position":"center center","background-size":"auto","background-attachment":"scroll","background-type":"","background-media":"","overlay-type":"","overlay-color":"","overlay-opacity":"","overlay-gradient":""},"mobile":{"background-color":"var(--ast-global-color-4)","background-image":"","background-repeat":"repeat","background-position":"center center","background-size":"auto","background-attachment":"scroll","background-type":"","background-media":"","overlay-type":"","overlay-color":"","overlay-opacity":"","overlay-gradient":""}},"footnotes":""},"categories":[1],"tags":[],"class_list":["post-1648","post","type-post","status-publish","format-standard","hentry","category-sem-categoria"],"yoast_head":"<!-- This site is optimized with the Yoast SEO plugin v26.6 - https:\/\/yoast.com\/wordpress\/plugins\/seo\/ -->\n<title>Governo e Prefeitura fecham acordo sobre terreno para hospital - Daniel Matos<\/title>\n<meta name=\"robots\" content=\"index, follow, max-snippet:-1, max-image-preview:large, max-video-preview:-1\" \/>\n<link rel=\"canonical\" href=\"https:\/\/www.blogsoestado.com\/danielmatos\/governo-e-prefeitura-fecham-acordo-sobre-terreno-para-hospital\/\" \/>\n<meta property=\"og:locale\" content=\"pt_BR\" \/>\n<meta property=\"og:type\" content=\"article\" \/>\n<meta property=\"og:title\" content=\"Governo e Prefeitura fecham acordo sobre terreno para hospital - Daniel Matos\" \/>\n<meta property=\"og:description\" content=\"O secret\u00e1rio de Administra\u00e7\u00e3o e Previd\u00eancia Social (Seaps), Luciano Moreira, recebeu of\u00edcio da Secretaria Municipal de Urbanismo e Habita\u00e7\u00e3o (Semurh) [&hellip;]\" \/>\n<meta property=\"og:url\" content=\"https:\/\/www.blogsoestado.com\/danielmatos\/governo-e-prefeitura-fecham-acordo-sobre-terreno-para-hospital\/\" \/>\n<meta property=\"og:site_name\" content=\"Daniel Matos\" \/>\n<meta property=\"article:published_time\" content=\"2009-12-01T20:56:56+00:00\" \/>\n<meta property=\"og:image\" content=\"https:\/\/www.blogsoestado.com\/danielmatos\/files\/2009\/12\/luciano.JPG\" \/>\n<meta name=\"twitter:card\" content=\"summary_large_image\" \/>\n<meta name=\"twitter:label1\" content=\"Est. tempo de leitura\" \/>\n\t<meta name=\"twitter:data1\" content=\"3 minutos\" \/>\n<script type=\"application\/ld+json\" class=\"yoast-schema-graph\">{\"@context\":\"https:\/\/schema.org\",\"@graph\":[{\"@type\":\"WebPage\",\"@id\":\"https:\/\/www.blogsoestado.com\/danielmatos\/governo-e-prefeitura-fecham-acordo-sobre-terreno-para-hospital\/\",\"url\":\"https:\/\/www.blogsoestado.com\/danielmatos\/governo-e-prefeitura-fecham-acordo-sobre-terreno-para-hospital\/\",\"name\":\"Governo e Prefeitura fecham acordo sobre terreno para hospital - Daniel Matos\",\"isPartOf\":{\"@id\":\"https:\/\/www.blogsoestado.com\/danielmatos\/#website\"},\"primaryImageOfPage\":{\"@id\":\"https:\/\/www.blogsoestado.com\/danielmatos\/governo-e-prefeitura-fecham-acordo-sobre-terreno-para-hospital\/#primaryimage\"},\"image\":{\"@id\":\"https:\/\/www.blogsoestado.com\/danielmatos\/governo-e-prefeitura-fecham-acordo-sobre-terreno-para-hospital\/#primaryimage\"},\"thumbnailUrl\":\"https:\/\/www.blogsoestado.com\/danielmatos\/files\/2009\/12\/luciano.JPG\",\"datePublished\":\"2009-12-01T20:56:56+00:00\",\"author\":{\"@id\":\"\"},\"breadcrumb\":{\"@id\":\"https:\/\/www.blogsoestado.com\/danielmatos\/governo-e-prefeitura-fecham-acordo-sobre-terreno-para-hospital\/#breadcrumb\"},\"inLanguage\":\"pt-BR\",\"potentialAction\":[{\"@type\":\"ReadAction\",\"target\":[\"https:\/\/www.blogsoestado.com\/danielmatos\/governo-e-prefeitura-fecham-acordo-sobre-terreno-para-hospital\/\"]}]},{\"@type\":\"ImageObject\",\"inLanguage\":\"pt-BR\",\"@id\":\"https:\/\/www.blogsoestado.com\/danielmatos\/governo-e-prefeitura-fecham-acordo-sobre-terreno-para-hospital\/#primaryimage\",\"url\":\"https:\/\/www.blogsoestado.com\/danielmatos\/files\/2009\/12\/luciano.JPG\",\"contentUrl\":\"https:\/\/www.blogsoestado.com\/danielmatos\/files\/2009\/12\/luciano.JPG\"},{\"@type\":\"BreadcrumbList\",\"@id\":\"https:\/\/www.blogsoestado.com\/danielmatos\/governo-e-prefeitura-fecham-acordo-sobre-terreno-para-hospital\/#breadcrumb\",\"itemListElement\":[{\"@type\":\"ListItem\",\"position\":1,\"name\":\"In\u00edcio\",\"item\":\"https:\/\/www.blogsoestado.com\/danielmatos\/\"},{\"@type\":\"ListItem\",\"position\":2,\"name\":\"Governo e Prefeitura fecham acordo sobre terreno para hospital\"}]},{\"@type\":\"WebSite\",\"@id\":\"https:\/\/www.blogsoestado.com\/danielmatos\/#website\",\"url\":\"https:\/\/www.blogsoestado.com\/danielmatos\/\",\"name\":\"Daniel Matos\",\"description\":\"\",\"potentialAction\":[{\"@type\":\"SearchAction\",\"target\":{\"@type\":\"EntryPoint\",\"urlTemplate\":\"https:\/\/www.blogsoestado.com\/danielmatos\/?s={search_term_string}\"},\"query-input\":{\"@type\":\"PropertyValueSpecification\",\"valueRequired\":true,\"valueName\":\"search_term_string\"}}],\"inLanguage\":\"pt-BR\"}]}<\/script>\n<!-- \/ Yoast SEO plugin. -->","yoast_head_json":{"title":"Governo e Prefeitura fecham acordo sobre terreno para hospital - Daniel Matos","robots":{"index":"index","follow":"follow","max-snippet":"max-snippet:-1","max-image-preview":"max-image-preview:large","max-video-preview":"max-video-preview:-1"},"canonical":"https:\/\/www.blogsoestado.com\/danielmatos\/governo-e-prefeitura-fecham-acordo-sobre-terreno-para-hospital\/","og_locale":"pt_BR","og_type":"article","og_title":"Governo e Prefeitura fecham acordo sobre terreno para hospital - Daniel Matos","og_description":"O secret\u00e1rio de Administra\u00e7\u00e3o e Previd\u00eancia Social (Seaps), Luciano Moreira, recebeu of\u00edcio da Secretaria Municipal de Urbanismo e Habita\u00e7\u00e3o (Semurh) [&hellip;]","og_url":"https:\/\/www.blogsoestado.com\/danielmatos\/governo-e-prefeitura-fecham-acordo-sobre-terreno-para-hospital\/","og_site_name":"Daniel Matos","article_published_time":"2009-12-01T20:56:56+00:00","og_image":[{"url":"https:\/\/www.blogsoestado.com\/danielmatos\/files\/2009\/12\/luciano.JPG","type":"","width":"","height":""}],"twitter_card":"summary_large_image","twitter_misc":{"Est. tempo de leitura":"3 minutos"},"schema":{"@context":"https:\/\/schema.org","@graph":[{"@type":"WebPage","@id":"https:\/\/www.blogsoestado.com\/danielmatos\/governo-e-prefeitura-fecham-acordo-sobre-terreno-para-hospital\/","url":"https:\/\/www.blogsoestado.com\/danielmatos\/governo-e-prefeitura-fecham-acordo-sobre-terreno-para-hospital\/","name":"Governo e Prefeitura fecham acordo sobre terreno para hospital - Daniel Matos","isPartOf":{"@id":"https:\/\/www.blogsoestado.com\/danielmatos\/#website"},"primaryImageOfPage":{"@id":"https:\/\/www.blogsoestado.com\/danielmatos\/governo-e-prefeitura-fecham-acordo-sobre-terreno-para-hospital\/#primaryimage"},"image":{"@id":"https:\/\/www.blogsoestado.com\/danielmatos\/governo-e-prefeitura-fecham-acordo-sobre-terreno-para-hospital\/#primaryimage"},"thumbnailUrl":"https:\/\/www.blogsoestado.com\/danielmatos\/files\/2009\/12\/luciano.JPG","datePublished":"2009-12-01T20:56:56+00:00","author":{"@id":""},"breadcrumb":{"@id":"https:\/\/www.blogsoestado.com\/danielmatos\/governo-e-prefeitura-fecham-acordo-sobre-terreno-para-hospital\/#breadcrumb"},"inLanguage":"pt-BR","potentialAction":[{"@type":"ReadAction","target":["https:\/\/www.blogsoestado.com\/danielmatos\/governo-e-prefeitura-fecham-acordo-sobre-terreno-para-hospital\/"]}]},{"@type":"ImageObject","inLanguage":"pt-BR","@id":"https:\/\/www.blogsoestado.com\/danielmatos\/governo-e-prefeitura-fecham-acordo-sobre-terreno-para-hospital\/#primaryimage","url":"https:\/\/www.blogsoestado.com\/danielmatos\/files\/2009\/12\/luciano.JPG","contentUrl":"https:\/\/www.blogsoestado.com\/danielmatos\/files\/2009\/12\/luciano.JPG"},{"@type":"BreadcrumbList","@id":"https:\/\/www.blogsoestado.com\/danielmatos\/governo-e-prefeitura-fecham-acordo-sobre-terreno-para-hospital\/#breadcrumb","itemListElement":[{"@type":"ListItem","position":1,"name":"In\u00edcio","item":"https:\/\/www.blogsoestado.com\/danielmatos\/"},{"@type":"ListItem","position":2,"name":"Governo e Prefeitura fecham acordo sobre terreno para hospital"}]},{"@type":"WebSite","@id":"https:\/\/www.blogsoestado.com\/danielmatos\/#website","url":"https:\/\/www.blogsoestado.com\/danielmatos\/","name":"Daniel Matos","description":"","potentialAction":[{"@type":"SearchAction","target":{"@type":"EntryPoint","urlTemplate":"https:\/\/www.blogsoestado.com\/danielmatos\/?s={search_term_string}"},"query-input":{"@type":"PropertyValueSpecification","valueRequired":true,"valueName":"search_term_string"}}],"inLanguage":"pt-BR"}]}},"jetpack_featured_media_url":"","_links":{"self":[{"href":"https:\/\/www.blogsoestado.com\/danielmatos\/wp-json\/wp\/v2\/posts\/1648","targetHints":{"allow":["GET"]}}],"collection":[{"href":"https:\/\/www.blogsoestado.com\/danielmatos\/wp-json\/wp\/v2\/posts"}],"about":[{"href":"https:\/\/www.blogsoestado.com\/danielmatos\/wp-json\/wp\/v2\/types\/post"}],"replies":[{"embeddable":true,"href":"https:\/\/www.blogsoestado.com\/danielmatos\/wp-json\/wp\/v2\/comments?post=1648"}],"version-history":[{"count":0,"href":"https:\/\/www.blogsoestado.com\/danielmatos\/wp-json\/wp\/v2\/posts\/1648\/revisions"}],"wp:attachment":[{"href":"https:\/\/www.blogsoestado.com\/danielmatos\/wp-json\/wp\/v2\/media?parent=1648"}],"wp:term":[{"taxonomy":"category","embeddable":true,"href":"https:\/\/www.blogsoestado.com\/danielmatos\/wp-json\/wp\/v2\/categories?post=1648"},{"taxonomy":"post_tag","embeddable":true,"href":"https:\/\/www.blogsoestado.com\/danielmatos\/wp-json\/wp\/v2\/tags?post=1648"}],"curies":[{"name":"wp","href":"https:\/\/api.w.org\/{rel}","templated":true}]}}