{"id":1673,"date":"2009-12-15T09:40:50","date_gmt":"2009-12-15T11:40:50","guid":{"rendered":"https:\/\/www.blogsoestado.com\/danielmatos\/?p=1673"},"modified":"2009-12-15T09:40:50","modified_gmt":"2009-12-15T11:40:50","slug":"prenuncio-do-caos","status":"publish","type":"post","link":"https:\/\/www.blogsoestado.com\/danielmatos\/prenuncio-do-caos\/","title":{"rendered":"Pren\u00fancio do caos"},"content":{"rendered":"<p><img fetchpriority=\"high\" decoding=\"async\" class=\"alignright size-full wp-image-1674\" src=\"https:\/\/www.blogsoestado.com\/danielmatos\/files\/2009\/12\/greve-motoras.jpg\" alt=\"greve motoras\" width=\"448\" height=\"299\" \/>S\u00e3o Lu\u00eds vive a expectativa de mais um dia de caos por causa do an\u00fancio de outra greve de motoristas e cobradores de \u00f4nibus, com in\u00edcio marcado para amanh\u00e3. Desta vez, o sindicato da categoria protestar\u00e1 contra a demiss\u00e3o de centenas de trabalhadores devido a uma crise financeira alegada pelas empresas que operam no setor. O pior \u00e9 que os grevistas pretendem radicalizar e parar toda a frota de \u00f4nibus que circulam na Ilha.<\/p>\n<p>Como sempre, os maiores prejudicados pela paralisa\u00e7\u00e3o ser\u00e3o os usu\u00e1rios. Mais uma vez, dezenas de milhares de passageiros ser\u00e3o privados do direito de ir e vir, por causa de um conflito interno entre patr\u00f5es e empregados. N\u00e3o que a motiva\u00e7\u00e3o da greve seja injusta, mas os trabalhadores poderiam optar, com base nos transtornos causados por manifesta\u00e7\u00f5es anteriores, por uma estrat\u00e9gia mais civilizada e que cause menos danos \u00e0 popula\u00e7\u00e3o.<\/p>\n<p>Segundo alardeiam as empresas, a crise que atinge o sistema j\u00e1 se tornou insustent\u00e1vel. Representantes do setor atribuem a queda de qualidade do servi\u00e7o \u00e0 diminui\u00e7\u00e3o dos lucros. As demiss\u00f5es, portanto, seriam uma forma de amenizar o d\u00e9ficit nas finan\u00e7as e oferecer um transporte condizente com as necessidades dos usu\u00e1rios.<\/p>\n<p>Com a maioria das companhias operando supostamente no vermelho, segundo alegam, o sindicato que defende os interesses dos empres\u00e1rios aponta o reajuste da tarifa, congelada h\u00e1 cinco anos, como a solu\u00e7\u00e3o para a queda de receita. Para atingir seu objetivo, a entidade j\u00e1 recorreu at\u00e9 \u00e0 Justi\u00e7a e aguarda com expectativa uma senten\u00e7a favor\u00e1vel e definitiva.<\/p>\n<p>A Prefeitura de S\u00e3o Lu\u00eds pode ter participa\u00e7\u00e3o decisiva para o fim da pol\u00eamica ou para o seu agravamento. Com a prerrogativa de autorizar o reajuste tarif\u00e1rio, o Munic\u00edpio vem resistindo bravamente \u00e0s investidas das empresas desde a gest\u00e3o anterior. Desde o \u00faltimo aumento, j\u00e1 ocorreram v\u00e1rias greves e em todas as mobiliza\u00e7\u00f5es patr\u00f5es e empregados do setor de transporte coletivo alegaram dificuldades financeiras para fechar acordo. Todas as negocia\u00e7\u00f5es foram pontuadas por insinua\u00e7\u00f5es e cobran\u00e7as ostensivas de aumento do valor da passagem.<\/p>\n<p>Em entrevistas recentes, representantes da administra\u00e7\u00e3o municipal e o pr\u00f3prio prefeito Jo\u00e3o Castelo (PSDB) mantiveram o discurso de que a tarifa permanecer\u00e1 inalterada. Mas a cada declara\u00e7\u00e3o p\u00fablica, o tom da afirma\u00e7\u00e3o parece mais fr\u00e1gil. Semana passada, durante o lan\u00e7amento da programa\u00e7\u00e3o natalina da cidade, o prefeito externou sensibilidade com o d\u00e9ficit financeiro das empresas, um forte ind\u00edcio de que a popula\u00e7\u00e3o, al\u00e9m do tormento causado pela greve, poder\u00e1 ser surpreendida com a not\u00edcia de que s\u00f3 o reajuste da tarifa salvar\u00e1 o sistema.<\/p>\n<p><strong>Foto:<\/strong> arquivo\/<strong>O Estado do Maranh\u00e3o<\/strong><\/p>\n<p><strong>Reproduzido de O Estado do Maranh\u00e3o<\/strong><\/p>\n","protected":false},"excerpt":{"rendered":"<p>S\u00e3o Lu\u00eds vive a expectativa de mais um dia de caos por causa do an\u00fancio de outra greve de motoristas [&hellip;]<\/p>\n","protected":false},"author":0,"featured_media":0,"comment_status":"open","ping_status":"open","sticky":false,"template":"","format":"standard","meta":{"site-sidebar-layout":"default","site-content-layout":"","ast-site-content-layout":"default","site-content-style":"default","site-sidebar-style":"default","ast-global-header-display":"","ast-banner-title-visibility":"","ast-main-header-display":"","ast-hfb-above-header-display":"","ast-hfb-below-header-display":"","ast-hfb-mobile-header-display":"","site-post-title":"","ast-breadcrumbs-content":"","ast-featured-img":"","footer-sml-layout":"","ast-disable-related-posts":"","theme-transparent-header-meta":"","adv-header-id-meta":"","stick-header-meta":"","header-above-stick-meta":"","header-main-stick-meta":"","header-below-stick-meta":"","astra-migrate-meta-layouts":"default","ast-page-background-enabled":"default","ast-page-background-meta":{"desktop":{"background-color":"var(--ast-global-color-5)","background-image":"","background-repeat":"repeat","background-position":"center center","background-size":"auto","background-attachment":"scroll","background-type":"","background-media":"","overlay-type":"","overlay-color":"","overlay-opacity":"","overlay-gradient":""},"tablet":{"background-color":"","background-image":"","background-repeat":"repeat","background-position":"center center","background-size":"auto","background-attachment":"scroll","background-type":"","background-media":"","overlay-type":"","overlay-color":"","overlay-opacity":"","overlay-gradient":""},"mobile":{"background-color":"","background-image":"","background-repeat":"repeat","background-position":"center center","background-size":"auto","background-attachment":"scroll","background-type":"","background-media":"","overlay-type":"","overlay-color":"","overlay-opacity":"","overlay-gradient":""}},"ast-content-background-meta":{"desktop":{"background-color":"var(--ast-global-color-4)","background-image":"","background-repeat":"repeat","background-position":"center center","background-size":"auto","background-attachment":"scroll","background-type":"","background-media":"","overlay-type":"","overlay-color":"","overlay-opacity":"","overlay-gradient":""},"tablet":{"background-color":"var(--ast-global-color-4)","background-image":"","background-repeat":"repeat","background-position":"center center","background-size":"auto","background-attachment":"scroll","background-type":"","background-media":"","overlay-type":"","overlay-color":"","overlay-opacity":"","overlay-gradient":""},"mobile":{"background-color":"var(--ast-global-color-4)","background-image":"","background-repeat":"repeat","background-position":"center center","background-size":"auto","background-attachment":"scroll","background-type":"","background-media":"","overlay-type":"","overlay-color":"","overlay-opacity":"","overlay-gradient":""}},"footnotes":""},"categories":[1],"tags":[],"class_list":["post-1673","post","type-post","status-publish","format-standard","hentry","category-sem-categoria"],"yoast_head":"<!-- This site is optimized with the Yoast SEO plugin v26.6 - https:\/\/yoast.com\/wordpress\/plugins\/seo\/ -->\n<title>Pren\u00fancio do caos - Daniel Matos<\/title>\n<meta name=\"robots\" content=\"index, follow, max-snippet:-1, max-image-preview:large, max-video-preview:-1\" \/>\n<link rel=\"canonical\" href=\"https:\/\/www.blogsoestado.com\/danielmatos\/prenuncio-do-caos\/\" \/>\n<meta property=\"og:locale\" content=\"pt_BR\" \/>\n<meta property=\"og:type\" content=\"article\" \/>\n<meta property=\"og:title\" content=\"Pren\u00fancio do caos - Daniel Matos\" \/>\n<meta property=\"og:description\" content=\"S\u00e3o Lu\u00eds vive a expectativa de mais um dia de caos por causa do an\u00fancio de outra greve de motoristas [&hellip;]\" \/>\n<meta property=\"og:url\" content=\"https:\/\/www.blogsoestado.com\/danielmatos\/prenuncio-do-caos\/\" \/>\n<meta property=\"og:site_name\" content=\"Daniel Matos\" \/>\n<meta property=\"article:published_time\" content=\"2009-12-15T11:40:50+00:00\" \/>\n<meta property=\"og:image\" content=\"https:\/\/www.blogsoestado.com\/danielmatos\/files\/2009\/12\/greve-motoras.jpg\" \/>\n<meta name=\"twitter:card\" content=\"summary_large_image\" \/>\n<meta name=\"twitter:label1\" content=\"Est. tempo de leitura\" \/>\n\t<meta name=\"twitter:data1\" content=\"2 minutos\" \/>\n<script type=\"application\/ld+json\" class=\"yoast-schema-graph\">{\"@context\":\"https:\/\/schema.org\",\"@graph\":[{\"@type\":\"WebPage\",\"@id\":\"https:\/\/www.blogsoestado.com\/danielmatos\/prenuncio-do-caos\/\",\"url\":\"https:\/\/www.blogsoestado.com\/danielmatos\/prenuncio-do-caos\/\",\"name\":\"Pren\u00fancio do caos - Daniel Matos\",\"isPartOf\":{\"@id\":\"https:\/\/www.blogsoestado.com\/danielmatos\/#website\"},\"primaryImageOfPage\":{\"@id\":\"https:\/\/www.blogsoestado.com\/danielmatos\/prenuncio-do-caos\/#primaryimage\"},\"image\":{\"@id\":\"https:\/\/www.blogsoestado.com\/danielmatos\/prenuncio-do-caos\/#primaryimage\"},\"thumbnailUrl\":\"https:\/\/www.blogsoestado.com\/danielmatos\/files\/2009\/12\/greve-motoras.jpg\",\"datePublished\":\"2009-12-15T11:40:50+00:00\",\"author\":{\"@id\":\"\"},\"breadcrumb\":{\"@id\":\"https:\/\/www.blogsoestado.com\/danielmatos\/prenuncio-do-caos\/#breadcrumb\"},\"inLanguage\":\"pt-BR\",\"potentialAction\":[{\"@type\":\"ReadAction\",\"target\":[\"https:\/\/www.blogsoestado.com\/danielmatos\/prenuncio-do-caos\/\"]}]},{\"@type\":\"ImageObject\",\"inLanguage\":\"pt-BR\",\"@id\":\"https:\/\/www.blogsoestado.com\/danielmatos\/prenuncio-do-caos\/#primaryimage\",\"url\":\"https:\/\/www.blogsoestado.com\/danielmatos\/files\/2009\/12\/greve-motoras.jpg\",\"contentUrl\":\"https:\/\/www.blogsoestado.com\/danielmatos\/files\/2009\/12\/greve-motoras.jpg\"},{\"@type\":\"BreadcrumbList\",\"@id\":\"https:\/\/www.blogsoestado.com\/danielmatos\/prenuncio-do-caos\/#breadcrumb\",\"itemListElement\":[{\"@type\":\"ListItem\",\"position\":1,\"name\":\"In\u00edcio\",\"item\":\"https:\/\/www.blogsoestado.com\/danielmatos\/\"},{\"@type\":\"ListItem\",\"position\":2,\"name\":\"Pren\u00fancio do caos\"}]},{\"@type\":\"WebSite\",\"@id\":\"https:\/\/www.blogsoestado.com\/danielmatos\/#website\",\"url\":\"https:\/\/www.blogsoestado.com\/danielmatos\/\",\"name\":\"Daniel Matos\",\"description\":\"\",\"potentialAction\":[{\"@type\":\"SearchAction\",\"target\":{\"@type\":\"EntryPoint\",\"urlTemplate\":\"https:\/\/www.blogsoestado.com\/danielmatos\/?s={search_term_string}\"},\"query-input\":{\"@type\":\"PropertyValueSpecification\",\"valueRequired\":true,\"valueName\":\"search_term_string\"}}],\"inLanguage\":\"pt-BR\"}]}<\/script>\n<!-- \/ Yoast SEO plugin. -->","yoast_head_json":{"title":"Pren\u00fancio do caos - Daniel Matos","robots":{"index":"index","follow":"follow","max-snippet":"max-snippet:-1","max-image-preview":"max-image-preview:large","max-video-preview":"max-video-preview:-1"},"canonical":"https:\/\/www.blogsoestado.com\/danielmatos\/prenuncio-do-caos\/","og_locale":"pt_BR","og_type":"article","og_title":"Pren\u00fancio do caos - Daniel Matos","og_description":"S\u00e3o Lu\u00eds vive a expectativa de mais um dia de caos por causa do an\u00fancio de outra greve de motoristas [&hellip;]","og_url":"https:\/\/www.blogsoestado.com\/danielmatos\/prenuncio-do-caos\/","og_site_name":"Daniel Matos","article_published_time":"2009-12-15T11:40:50+00:00","og_image":[{"url":"https:\/\/www.blogsoestado.com\/danielmatos\/files\/2009\/12\/greve-motoras.jpg","type":"","width":"","height":""}],"twitter_card":"summary_large_image","twitter_misc":{"Est. tempo de leitura":"2 minutos"},"schema":{"@context":"https:\/\/schema.org","@graph":[{"@type":"WebPage","@id":"https:\/\/www.blogsoestado.com\/danielmatos\/prenuncio-do-caos\/","url":"https:\/\/www.blogsoestado.com\/danielmatos\/prenuncio-do-caos\/","name":"Pren\u00fancio do caos - Daniel Matos","isPartOf":{"@id":"https:\/\/www.blogsoestado.com\/danielmatos\/#website"},"primaryImageOfPage":{"@id":"https:\/\/www.blogsoestado.com\/danielmatos\/prenuncio-do-caos\/#primaryimage"},"image":{"@id":"https:\/\/www.blogsoestado.com\/danielmatos\/prenuncio-do-caos\/#primaryimage"},"thumbnailUrl":"https:\/\/www.blogsoestado.com\/danielmatos\/files\/2009\/12\/greve-motoras.jpg","datePublished":"2009-12-15T11:40:50+00:00","author":{"@id":""},"breadcrumb":{"@id":"https:\/\/www.blogsoestado.com\/danielmatos\/prenuncio-do-caos\/#breadcrumb"},"inLanguage":"pt-BR","potentialAction":[{"@type":"ReadAction","target":["https:\/\/www.blogsoestado.com\/danielmatos\/prenuncio-do-caos\/"]}]},{"@type":"ImageObject","inLanguage":"pt-BR","@id":"https:\/\/www.blogsoestado.com\/danielmatos\/prenuncio-do-caos\/#primaryimage","url":"https:\/\/www.blogsoestado.com\/danielmatos\/files\/2009\/12\/greve-motoras.jpg","contentUrl":"https:\/\/www.blogsoestado.com\/danielmatos\/files\/2009\/12\/greve-motoras.jpg"},{"@type":"BreadcrumbList","@id":"https:\/\/www.blogsoestado.com\/danielmatos\/prenuncio-do-caos\/#breadcrumb","itemListElement":[{"@type":"ListItem","position":1,"name":"In\u00edcio","item":"https:\/\/www.blogsoestado.com\/danielmatos\/"},{"@type":"ListItem","position":2,"name":"Pren\u00fancio do caos"}]},{"@type":"WebSite","@id":"https:\/\/www.blogsoestado.com\/danielmatos\/#website","url":"https:\/\/www.blogsoestado.com\/danielmatos\/","name":"Daniel Matos","description":"","potentialAction":[{"@type":"SearchAction","target":{"@type":"EntryPoint","urlTemplate":"https:\/\/www.blogsoestado.com\/danielmatos\/?s={search_term_string}"},"query-input":{"@type":"PropertyValueSpecification","valueRequired":true,"valueName":"search_term_string"}}],"inLanguage":"pt-BR"}]}},"jetpack_featured_media_url":"","_links":{"self":[{"href":"https:\/\/www.blogsoestado.com\/danielmatos\/wp-json\/wp\/v2\/posts\/1673","targetHints":{"allow":["GET"]}}],"collection":[{"href":"https:\/\/www.blogsoestado.com\/danielmatos\/wp-json\/wp\/v2\/posts"}],"about":[{"href":"https:\/\/www.blogsoestado.com\/danielmatos\/wp-json\/wp\/v2\/types\/post"}],"replies":[{"embeddable":true,"href":"https:\/\/www.blogsoestado.com\/danielmatos\/wp-json\/wp\/v2\/comments?post=1673"}],"version-history":[{"count":0,"href":"https:\/\/www.blogsoestado.com\/danielmatos\/wp-json\/wp\/v2\/posts\/1673\/revisions"}],"wp:attachment":[{"href":"https:\/\/www.blogsoestado.com\/danielmatos\/wp-json\/wp\/v2\/media?parent=1673"}],"wp:term":[{"taxonomy":"category","embeddable":true,"href":"https:\/\/www.blogsoestado.com\/danielmatos\/wp-json\/wp\/v2\/categories?post=1673"},{"taxonomy":"post_tag","embeddable":true,"href":"https:\/\/www.blogsoestado.com\/danielmatos\/wp-json\/wp\/v2\/tags?post=1673"}],"curies":[{"name":"wp","href":"https:\/\/api.w.org\/{rel}","templated":true}]}}